{"id":12912,"date":"2018-02-03T12:58:59","date_gmt":"2018-02-03T12:58:59","guid":{"rendered":"https:\/\/termix.net\/?p=12912"},"modified":"2019-12-05T14:45:44","modified_gmt":"2019-12-05T13:45:44","slug":"ganadores-concurso-espejo-espejito-ii-termix","status":"publish","type":"post","link":"https:\/\/termix.net\/blog\/es\/ganadores-concurso-espejo-espejito-ii-termix\/","title":{"rendered":"Ganadores concurso \u00abEspejo, espejito II\u00bb de Termix"},"content":{"rendered":"<h1>Ganadores concurso \u00abEspejo, espejito II\u00bb de Termix<\/h1>\n<div class=\"g-ytsubscribe\"><\/div>\n<p>&nbsp;<\/p>\n<p><strong>Ya tenemos la noticia que todos los fans de Termix estabais esperando: \u00a1Los ganadores del concurso photocall celebrado durante la <\/strong><span style=\"text-decoration: underline;\">CosmoBeauty 2018<\/span><strong>! Atentos a los resultados que llegan con mucha energ\u00eda.<\/strong><\/p>\n<p>&nbsp;<\/p>\n<h2>GANADORA D\u00cdA 20\/01<\/h2>\n<p>\u00a1Felicidades a <span style=\"text-decoration: underline;\"><strong>Katherine Romero<\/strong> <\/span>por esta fant\u00e1stica fotograf\u00eda! Con ella, has ganado una <span style=\"text-decoration: underline;\"><strong>plancha Pink Velvet<\/strong> <\/span>y un <span style=\"text-decoration: underline;\"><strong>pack de 5 C\u00b7Ramic Rose<\/strong><\/span>.<\/p>\n<p><img decoding=\"async\" class=\"alignnone size-full wp-image-12913\" src=\"https:\/\/termix.net\/blog\/wp-content\/uploads\/2018\/02\/katherineweb.jpg\" alt=\"\" width=\"1160\" height=\"660\" \/><\/p>\n<h2><\/h2>\n<h2>GANADOR D\u00cdA 21\/01<\/h2>\n<p>El segundo ganador ha sido <span style=\"text-decoration: underline;\"><strong>Jos\u00e9 Manuel Masero<\/strong><\/span> que podr\u00e1 disfrutar de un pack de <span style=\"text-decoration: underline;\"><strong>C\u00b7Ramic Colors Purple<\/strong><\/span> y un cepillo el\u00e9ctrico <span style=\"text-decoration: underline;\"><strong>Pro Styling Brush<\/strong><\/span>.<\/p>\n<p>&nbsp;<\/p>\n<p><img decoding=\"async\" class=\"alignnone size-full wp-image-12915\" src=\"https:\/\/termix.net\/blog\/wp-content\/uploads\/2018\/02\/jose-manuelweb.jpg\" alt=\"\" width=\"1160\" height=\"660\" \/><\/p>\n<p>&nbsp;<\/p>\n<h2>GANADORA D\u00cdA 22\/01<\/h2>\n<p>Y, por \u00faltimo, la tercera ganadora del concurso Espejo, espejito ha sido <span style=\"text-decoration: underline;\"><strong>M\u00f3nica Posadas Corrales<\/strong><\/span> llev\u00e1ndose un set compuesto por el <span style=\"text-decoration: underline;\"><strong>C\u00b7Ramic Colors Lime<\/strong><\/span> y un <span style=\"text-decoration: underline;\"><strong>Kit Barber<\/strong><\/span>. \u00a1Que lo disfrutes!<\/p>\n<p><img decoding=\"async\" class=\"alignnone size-full wp-image-12916\" src=\"https:\/\/termix.net\/blog\/wp-content\/uploads\/2018\/02\/monica-posada.jpg\" alt=\"\" width=\"1160\" height=\"660\" \/><\/p>\n<p>&nbsp;<\/p>\n<p>&nbsp;<\/p>\n<h2>CONOCE LOS LANZAMIENTOS TERMIX<\/h2>\n<h3>PINK VELVET<\/h3>\n<p>La plancha efecto terciopelo de Termix se ha te\u00f1ido del color m\u00e1s chic de la temporada, el rosa favorito de las consumidoras para llenar de optimismo y energ\u00eda tu momento beauty. La <span style=\"text-decoration: underline;\"><strong>plancha de pelo Pink Velvet<\/strong> <\/span>no solo destaca por su dise\u00f1o, sino que tambi\u00e9n incluye tecnolog\u00eda de \u00faltima generaci\u00f3n: <strong>placas Perfect Glide<\/strong> de cer\u00e1mica y turmalina que potencian al m\u00e1ximo el brillo del cabello, un regulador de temperatura inteligente que abarca de los <strong>130\u00ba a los 230\u00ba<\/strong> y <strong>tecnolog\u00eda i\u00f3nica<\/strong> para evitar el encrespamiento, para que consigas un alisado perfecto y duradero.<\/p>\n<p>&nbsp;<\/p>\n<p>&nbsp;<\/p>\n<h3>C\u00b7RAMIC COLORS 2018<\/h3>\n<p><strong>Rose, Lime, Purple<\/strong>. Termix, siempre pendiente de las tendencias en moda, nos sorprende de nuevo con una edici\u00f3n limitada de su <span style=\"text-decoration: underline;\"><strong>cepillo C\u00b7Ramic<\/strong><\/span> en los tres colores que \u00a0ha fijado Pantone para este 2018: el Lime Punch, el Rapture Rose y el Ultra Violet. Con la misma\u00a0<strong>tecnolog\u00eda\u00a0de sus fibras<\/strong>, el <strong>recubrimiento cer\u00e1mico<\/strong> y con el sello de calidad \u201c<strong>Made In Spain<\/strong>\u201d, los\u00a0cepillos profesionales\u00a0C\u00b7Ramic Colors de Termix han vuelto para que disfrutes\u00a0cuidando de tu cabello\u00a0con estilo.<\/p>\n<p>&nbsp;<\/p>\n<h3>KIT BARBER<\/h3>\n<p>Todo lo necesario para el cuidado del cabello y la barba masculinos, ahora es posible con este completo<span style=\"text-decoration: underline;\">\u00a0<strong>Kit Barber de Termix<\/strong><\/span>. El kit est\u00e1 compuesto por una m\u00e1quina de corte con cable, 6 peines de alzada, un set de mantenimiento y limpieza, y un cepillo especial para degradados. La m\u00e1quina de corte con cable tiene motor oscilante con una\u00a0<strong>potencia de 10W<\/strong>\u00a0y que trabaja a\u00a0<strong>6000 rpm<\/strong>. La cuchilla cromada es altamente resistente y es posible regularla en 5 alturas intermedias perfectas para degradados. Adem\u00e1s, el cepillo especial degradados facilita el trabajo ya que elimina el resto de cabello mientras se est\u00e1 realizando el corte.<\/p>\n<p><strong>\u00a0<\/strong><\/p>\n<p><strong>Muchas gracias a todos los que hab\u00e9is participado en este concurso, <\/strong><\/p>\n<p><strong>\u00a1Esperamos que disfrut\u00e9is al m\u00e1ximo de vuestro regalo Termix!<\/strong><\/p>\n","protected":false},"excerpt":{"rendered":"<p>\t\t\t\t\u00a1Ya tenemos los ganadores del concurso Espejo, espejito II celebrado durante la CosmoBeauty de Barcelona 2018! Conoce los resultados.\t\t<\/p>\n","protected":false},"author":2,"featured_media":22189,"comment_status":"open","ping_status":"open","sticky":false,"template":"","format":"standard","meta":[],"categories":[6],"tags":[],"yoast_head":"<!-- This site is optimized with the Yoast SEO plugin v20.0 - https:\/\/yoast.com\/wordpress\/plugins\/seo\/ -->\n<title>Ganadores concurso &quot;Espejo, espejito II&quot; de Termix - Blog Termix Spain<\/title>\n<meta name=\"description\" content=\"Blog Termix Spain - Ganadores concurso &quot;Espejo, espejito II&quot; de Termix -\" \/>\n<meta name=\"robots\" content=\"index, follow, max-snippet:-1, max-image-preview:large, max-video-preview:-1\" \/>\n<link rel=\"canonical\" href=\"https:\/\/termix.net\/blog\/es\/ganadores-concurso-espejo-espejito-ii-termix\/\" \/>\n<meta property=\"og:locale\" content=\"es_ES\" \/>\n<meta property=\"og:type\" content=\"article\" \/>\n<meta property=\"og:title\" content=\"Ganadores concurso &quot;Espejo, espejito II&quot; de Termix - Blog Termix Spain\" \/>\n<meta property=\"og:description\" content=\"Blog Termix Spain - Ganadores concurso &quot;Espejo, espejito II&quot; de Termix -\" \/>\n<meta property=\"og:url\" content=\"https:\/\/termix.net\/blog\/es\/ganadores-concurso-espejo-espejito-ii-termix\/\" \/>\n<meta property=\"og:site_name\" content=\"Blog Termix Spain\" \/>\n<meta property=\"article:published_time\" content=\"2018-02-03T12:58:59+00:00\" \/>\n<meta property=\"article:modified_time\" content=\"2019-12-05T13:45:44+00:00\" \/>\n<meta property=\"og:image\" content=\"https:\/\/termix.net\/blog\/wp-content\/uploads\/2018\/02\/jose-manuelweb.jpg\" \/>\n\t<meta property=\"og:image:width\" content=\"1160\" \/>\n\t<meta property=\"og:image:height\" content=\"660\" \/>\n\t<meta property=\"og:image:type\" content=\"image\/jpeg\" \/>\n<meta name=\"author\" content=\"TermixTeam\" \/>\n<meta name=\"twitter:card\" content=\"summary_large_image\" \/>\n<meta name=\"twitter:label1\" content=\"Escrito por\" \/>\n\t<meta name=\"twitter:data1\" content=\"TermixTeam\" \/>\n\t<meta name=\"twitter:label2\" content=\"Tiempo de lectura\" \/>\n\t<meta name=\"twitter:data2\" content=\"2 minutos\" \/>\n<script type=\"application\/ld+json\" class=\"yoast-schema-graph\">{\"@context\":\"https:\/\/schema.org\",\"@graph\":[{\"@type\":\"Article\",\"@id\":\"https:\/\/termix.net\/blog\/es\/ganadores-concurso-espejo-espejito-ii-termix\/#article\",\"isPartOf\":{\"@id\":\"https:\/\/termix.net\/blog\/es\/ganadores-concurso-espejo-espejito-ii-termix\/\"},\"author\":{\"name\":\"TermixTeam\",\"@id\":\"https:\/\/termix.net\/blog\/es\/#\/schema\/person\/9096c98bdf03c8ddf91ad7172f254f40\"},\"headline\":\"Ganadores concurso \u00abEspejo, espejito II\u00bb de Termix\",\"datePublished\":\"2018-02-03T12:58:59+00:00\",\"dateModified\":\"2019-12-05T13:45:44+00:00\",\"mainEntityOfPage\":{\"@id\":\"https:\/\/termix.net\/blog\/es\/ganadores-concurso-espejo-espejito-ii-termix\/\"},\"wordCount\":478,\"commentCount\":0,\"publisher\":{\"@id\":\"https:\/\/termix.net\/blog\/es\/#organization\"},\"articleSection\":[\"NOTICIAS\"],\"inLanguage\":\"es\",\"potentialAction\":[{\"@type\":\"CommentAction\",\"name\":\"Comment\",\"target\":[\"https:\/\/termix.net\/blog\/es\/ganadores-concurso-espejo-espejito-ii-termix\/#respond\"]}]},{\"@type\":\"WebPage\",\"@id\":\"https:\/\/termix.net\/blog\/es\/ganadores-concurso-espejo-espejito-ii-termix\/\",\"url\":\"https:\/\/termix.net\/blog\/es\/ganadores-concurso-espejo-espejito-ii-termix\/\",\"name\":\"Ganadores concurso \\\"Espejo, espejito II\\\" de Termix - Blog Termix Spain\",\"isPartOf\":{\"@id\":\"https:\/\/termix.net\/blog\/es\/#website\"},\"datePublished\":\"2018-02-03T12:58:59+00:00\",\"dateModified\":\"2019-12-05T13:45:44+00:00\",\"description\":\"Blog Termix Spain - Ganadores concurso \\\"Espejo, espejito II\\\" de Termix -\",\"breadcrumb\":{\"@id\":\"https:\/\/termix.net\/blog\/es\/ganadores-concurso-espejo-espejito-ii-termix\/#breadcrumb\"},\"inLanguage\":\"es\",\"potentialAction\":[{\"@type\":\"ReadAction\",\"target\":[\"https:\/\/termix.net\/blog\/es\/ganadores-concurso-espejo-espejito-ii-termix\/\"]}]},{\"@type\":\"BreadcrumbList\",\"@id\":\"https:\/\/termix.net\/blog\/es\/ganadores-concurso-espejo-espejito-ii-termix\/#breadcrumb\",\"itemListElement\":[{\"@type\":\"ListItem\",\"position\":1,\"name\":\"Home\",\"item\":\"https:\/\/termix.net\/blog\/es\/\"},{\"@type\":\"ListItem\",\"position\":2,\"name\":\"Ganadores concurso \u00abEspejo, espejito II\u00bb de Termix\"}]},{\"@type\":\"WebSite\",\"@id\":\"https:\/\/termix.net\/blog\/es\/#website\",\"url\":\"https:\/\/termix.net\/blog\/es\/\",\"name\":\"Blog Termix Spain\",\"description\":\"Blog de tendencias y productos de peluquer\u00eda profesional.\",\"publisher\":{\"@id\":\"https:\/\/termix.net\/blog\/es\/#organization\"},\"potentialAction\":[{\"@type\":\"SearchAction\",\"target\":{\"@type\":\"EntryPoint\",\"urlTemplate\":\"https:\/\/termix.net\/blog\/es\/?s={search_term_string}\"},\"query-input\":\"required name=search_term_string\"}],\"inLanguage\":\"es\"},{\"@type\":\"Organization\",\"@id\":\"https:\/\/termix.net\/blog\/es\/#organization\",\"name\":\"Dols Industrial de Peluquer\u00eda SA\",\"url\":\"https:\/\/termix.net\/blog\/es\/\",\"logo\":{\"@type\":\"ImageObject\",\"inLanguage\":\"es\",\"@id\":\"https:\/\/termix.net\/blog\/es\/#\/schema\/logo\/image\/\",\"url\":\"https:\/\/termix.net\/blog\/wp-content\/uploads\/2020\/10\/OGbDAeng.jpeg\",\"contentUrl\":\"https:\/\/termix.net\/blog\/wp-content\/uploads\/2020\/10\/OGbDAeng.jpeg\",\"width\":800,\"height\":800,\"caption\":\"Dols Industrial de Peluquer\u00eda SA\"},\"image\":{\"@id\":\"https:\/\/termix.net\/blog\/es\/#\/schema\/logo\/image\/\"}},{\"@type\":\"Person\",\"@id\":\"https:\/\/termix.net\/blog\/es\/#\/schema\/person\/9096c98bdf03c8ddf91ad7172f254f40\",\"name\":\"TermixTeam\",\"image\":{\"@type\":\"ImageObject\",\"inLanguage\":\"es\",\"@id\":\"https:\/\/termix.net\/blog\/es\/#\/schema\/person\/image\/\",\"url\":\"https:\/\/secure.gravatar.com\/avatar\/d89f61f6bd1c29a4acb231736d1c74b3?s=96&d=mm&r=g\",\"contentUrl\":\"https:\/\/secure.gravatar.com\/avatar\/d89f61f6bd1c29a4acb231736d1c74b3?s=96&d=mm&r=g\",\"caption\":\"TermixTeam\"},\"url\":\"https:\/\/termix.net\/blog\/es\/author\/termixteam\/\"}]}<\/script>\n<!-- \/ Yoast SEO plugin. -->","yoast_head_json":{"title":"Ganadores concurso \"Espejo, espejito II\" de Termix - Blog Termix Spain","description":"Blog Termix Spain - Ganadores concurso \"Espejo, espejito II\" de Termix -","robots":{"index":"index","follow":"follow","max-snippet":"max-snippet:-1","max-image-preview":"max-image-preview:large","max-video-preview":"max-video-preview:-1"},"canonical":"https:\/\/termix.net\/blog\/es\/ganadores-concurso-espejo-espejito-ii-termix\/","og_locale":"es_ES","og_type":"article","og_title":"Ganadores concurso \"Espejo, espejito II\" de Termix - Blog Termix Spain","og_description":"Blog Termix Spain - Ganadores concurso \"Espejo, espejito II\" de Termix -","og_url":"https:\/\/termix.net\/blog\/es\/ganadores-concurso-espejo-espejito-ii-termix\/","og_site_name":"Blog Termix Spain","article_published_time":"2018-02-03T12:58:59+00:00","article_modified_time":"2019-12-05T13:45:44+00:00","og_image":[{"width":1160,"height":660,"url":"https:\/\/termix.net\/blog\/wp-content\/uploads\/2018\/02\/jose-manuelweb.jpg","type":"image\/jpeg"}],"author":"TermixTeam","twitter_card":"summary_large_image","twitter_misc":{"Escrito por":"TermixTeam","Tiempo de lectura":"2 minutos"},"schema":{"@context":"https:\/\/schema.org","@graph":[{"@type":"Article","@id":"https:\/\/termix.net\/blog\/es\/ganadores-concurso-espejo-espejito-ii-termix\/#article","isPartOf":{"@id":"https:\/\/termix.net\/blog\/es\/ganadores-concurso-espejo-espejito-ii-termix\/"},"author":{"name":"TermixTeam","@id":"https:\/\/termix.net\/blog\/es\/#\/schema\/person\/9096c98bdf03c8ddf91ad7172f254f40"},"headline":"Ganadores concurso \u00abEspejo, espejito II\u00bb de Termix","datePublished":"2018-02-03T12:58:59+00:00","dateModified":"2019-12-05T13:45:44+00:00","mainEntityOfPage":{"@id":"https:\/\/termix.net\/blog\/es\/ganadores-concurso-espejo-espejito-ii-termix\/"},"wordCount":478,"commentCount":0,"publisher":{"@id":"https:\/\/termix.net\/blog\/es\/#organization"},"articleSection":["NOTICIAS"],"inLanguage":"es","potentialAction":[{"@type":"CommentAction","name":"Comment","target":["https:\/\/termix.net\/blog\/es\/ganadores-concurso-espejo-espejito-ii-termix\/#respond"]}]},{"@type":"WebPage","@id":"https:\/\/termix.net\/blog\/es\/ganadores-concurso-espejo-espejito-ii-termix\/","url":"https:\/\/termix.net\/blog\/es\/ganadores-concurso-espejo-espejito-ii-termix\/","name":"Ganadores concurso \"Espejo, espejito II\" de Termix - Blog Termix Spain","isPartOf":{"@id":"https:\/\/termix.net\/blog\/es\/#website"},"datePublished":"2018-02-03T12:58:59+00:00","dateModified":"2019-12-05T13:45:44+00:00","description":"Blog Termix Spain - Ganadores concurso \"Espejo, espejito II\" de Termix -","breadcrumb":{"@id":"https:\/\/termix.net\/blog\/es\/ganadores-concurso-espejo-espejito-ii-termix\/#breadcrumb"},"inLanguage":"es","potentialAction":[{"@type":"ReadAction","target":["https:\/\/termix.net\/blog\/es\/ganadores-concurso-espejo-espejito-ii-termix\/"]}]},{"@type":"BreadcrumbList","@id":"https:\/\/termix.net\/blog\/es\/ganadores-concurso-espejo-espejito-ii-termix\/#breadcrumb","itemListElement":[{"@type":"ListItem","position":1,"name":"Home","item":"https:\/\/termix.net\/blog\/es\/"},{"@type":"ListItem","position":2,"name":"Ganadores concurso \u00abEspejo, espejito II\u00bb de Termix"}]},{"@type":"WebSite","@id":"https:\/\/termix.net\/blog\/es\/#website","url":"https:\/\/termix.net\/blog\/es\/","name":"Blog Termix Spain","description":"Blog de tendencias y productos de peluquer\u00eda profesional.","publisher":{"@id":"https:\/\/termix.net\/blog\/es\/#organization"},"potentialAction":[{"@type":"SearchAction","target":{"@type":"EntryPoint","urlTemplate":"https:\/\/termix.net\/blog\/es\/?s={search_term_string}"},"query-input":"required name=search_term_string"}],"inLanguage":"es"},{"@type":"Organization","@id":"https:\/\/termix.net\/blog\/es\/#organization","name":"Dols Industrial de Peluquer\u00eda SA","url":"https:\/\/termix.net\/blog\/es\/","logo":{"@type":"ImageObject","inLanguage":"es","@id":"https:\/\/termix.net\/blog\/es\/#\/schema\/logo\/image\/","url":"https:\/\/termix.net\/blog\/wp-content\/uploads\/2020\/10\/OGbDAeng.jpeg","contentUrl":"https:\/\/termix.net\/blog\/wp-content\/uploads\/2020\/10\/OGbDAeng.jpeg","width":800,"height":800,"caption":"Dols Industrial de Peluquer\u00eda SA"},"image":{"@id":"https:\/\/termix.net\/blog\/es\/#\/schema\/logo\/image\/"}},{"@type":"Person","@id":"https:\/\/termix.net\/blog\/es\/#\/schema\/person\/9096c98bdf03c8ddf91ad7172f254f40","name":"TermixTeam","image":{"@type":"ImageObject","inLanguage":"es","@id":"https:\/\/termix.net\/blog\/es\/#\/schema\/person\/image\/","url":"https:\/\/secure.gravatar.com\/avatar\/d89f61f6bd1c29a4acb231736d1c74b3?s=96&d=mm&r=g","contentUrl":"https:\/\/secure.gravatar.com\/avatar\/d89f61f6bd1c29a4acb231736d1c74b3?s=96&d=mm&r=g","caption":"TermixTeam"},"url":"https:\/\/termix.net\/blog\/es\/author\/termixteam\/"}]}},"_links":{"self":[{"href":"https:\/\/termix.net\/blog\/es\/wp-json\/wp\/v2\/posts\/12912"}],"collection":[{"href":"https:\/\/termix.net\/blog\/es\/wp-json\/wp\/v2\/posts"}],"about":[{"href":"https:\/\/termix.net\/blog\/es\/wp-json\/wp\/v2\/types\/post"}],"author":[{"embeddable":true,"href":"https:\/\/termix.net\/blog\/es\/wp-json\/wp\/v2\/users\/2"}],"replies":[{"embeddable":true,"href":"https:\/\/termix.net\/blog\/es\/wp-json\/wp\/v2\/comments?post=12912"}],"version-history":[{"count":2,"href":"https:\/\/termix.net\/blog\/es\/wp-json\/wp\/v2\/posts\/12912\/revisions"}],"predecessor-version":[{"id":22191,"href":"https:\/\/termix.net\/blog\/es\/wp-json\/wp\/v2\/posts\/12912\/revisions\/22191"}],"wp:featuredmedia":[{"embeddable":true,"href":"https:\/\/termix.net\/blog\/es\/wp-json\/wp\/v2\/media\/22189"}],"wp:attachment":[{"href":"https:\/\/termix.net\/blog\/es\/wp-json\/wp\/v2\/media?parent=12912"}],"wp:term":[{"taxonomy":"category","embeddable":true,"href":"https:\/\/termix.net\/blog\/es\/wp-json\/wp\/v2\/categories?post=12912"},{"taxonomy":"post_tag","embeddable":true,"href":"https:\/\/termix.net\/blog\/es\/wp-json\/wp\/v2\/tags?post=12912"}],"curies":[{"name":"wp","href":"https:\/\/api.w.org\/{rel}","templated":true}]}}