{"id":12901,"date":"2018-10-20T09:44:08","date_gmt":"2018-10-20T07:44:08","guid":{"rendered":"http:\/\/termix.net\/?p=12901"},"modified":"2019-12-17T16:30:02","modified_gmt":"2019-12-17T15:30:02","slug":"termix-junto-al-cine-espanol-backstage-pelicula","status":"publish","type":"post","link":"https:\/\/termix.net\/blog\/es\/termix-junto-al-cine-espanol-backstage-pelicula\/","title":{"rendered":"Termix junto al cine espa\u00f1ol en un backstage de pel\u00edcula"},"content":{"rendered":"<p><div class=\"fusion-fullwidth fullwidth-box fusion-builder-row-1 faded-background fusion-parallax-none nonhundred-percent-fullwidth non-hundred-percent-height-scrolling fusion-no-small-visibility fusion-no-medium-visibility\" style=\"--awb-border-radius-top-left:0px;--awb-border-radius-top-right:0px;--awb-border-radius-bottom-right:0px;--awb-border-radius-bottom-left:0px;--awb-padding-top:24%;--awb-padding-right:3%;--awb-padding-left:3%;--awb-background-size:cover;\" ><div class=\"fullwidth-faded\" style=\"--awb-background-color:#181818;--awb-background-image:url(https:\/\/termix.net\/blog\/wp-content\/uploads\/2018\/10\/cartelprimera.jpg);--awb-background-size:cover;\" ><\/div><div class=\"fusion-builder-row fusion-row\"><div class=\"fusion-layout-column fusion_builder_column fusion-builder-column-0 fusion_builder_column_1_1 1_1 fusion-one-full fusion-column-first fusion-column-last\" style=\"--awb-padding-top:6%;--awb-padding-right:8%;--awb-padding-bottom:6%;--awb-padding-left:8%;--awb-bg-color:rgba(255,255,255,0.7);--awb-bg-size:cover;--awb-margin-top:0px;--awb-margin-bottom:0px;\"><div class=\"fusion-column-wrapper fusion-column-has-shadow fusion-flex-column-wrapper-legacy\"><div class=\"fusion-text fusion-text-1 caption\"><p style=\"text-align: center;\">Novedades \u2014 3 min de lectura<\/p>\n<\/div><div class=\"fusion-title title fusion-title-1 fusion-sep-none fusion-title-center fusion-title-text fusion-title-size-two\" style=\"--awb-margin-top:30px;--awb-margin-bottom:20px;\"><h2 class=\"title-heading-center fusion-responsive-typography-calculated\" style=\"margin:0;--fontSize:50;line-height:1.28;\">Termix junto al cine espa\u00f1ol en un backstage de pel\u00edcula<\/h2><\/div><div class=\"fusion-clearfix\"><\/div><\/div><\/div><\/div><\/div><div class=\"fusion-fullwidth fullwidth-box fusion-builder-row-2 fusion-parallax-none nonhundred-percent-fullwidth non-hundred-percent-height-scrolling fusion-no-large-visibility\" style=\"--awb-border-radius-top-left:0px;--awb-border-radius-top-right:0px;--awb-border-radius-bottom-right:0px;--awb-border-radius-bottom-left:0px;--awb-background-image:url(&quot;https:\/\/termix.net\/blog\/wp-content\/uploads\/2019\/11\/con-el-secador-compacto-profesioanl-4300-de-termix-damos-volumen-al-cabello-1.jpg&quot;);--awb-background-size:cover;\" ><div class=\"fusion-builder-row fusion-row\"><div class=\"fusion-layout-column fusion_builder_column fusion-builder-column-1 fusion_builder_column_1_1 1_1 fusion-one-full fusion-column-first fusion-column-last fusion-column-inner-bg-wrapper\" style=\"--awb-padding-top:10%;--awb-padding-bottom:10%;--awb-inner-bg-image:url(&#039;http:\/\/termix.net\/blog\/wp-content\/uploads\/2019\/03\/single-blog-post-feat.jpg&#039;);--awb-inner-bg-position:center center;--awb-inner-bg-size:cover;\"><span class=\"fusion-column-inner-bg hover-type-zoomout\"><span class=\"fusion-column-anchor\"><span class=\"fusion-column-inner-bg-image\"><\/span><\/span><\/span><div class=\"fusion-column-wrapper fusion-flex-column-wrapper-legacy\" data-bg-url=\"http:\/\/termix.net\/blog\/wp-content\/uploads\/2019\/03\/single-blog-post-feat.jpg\"><div class=\"fusion-sep-clear\"><\/div><div class=\"fusion-separator fusion-no-large-visibility fusion-full-width-sep\" style=\"margin-left: auto;margin-right: auto;margin-top:200px;width:100%;\"><\/div><div class=\"fusion-sep-clear\"><\/div><div class=\"fusion-clearfix\"><\/div><\/div><\/div><div class=\"fusion-layout-column fusion_builder_column fusion-builder-column-2 fusion_builder_column_1_1 1_1 fusion-one-full fusion-column-first fusion-column-last\" style=\"--awb-padding-top:6%;--awb-bg-color:#ffffff;--awb-bg-size:cover;--awb-margin-top:0px;--awb-margin-bottom:0px;\"><div class=\"fusion-column-wrapper fusion-flex-column-wrapper-legacy\"><div class=\"fusion-text fusion-text-2 caption\"><p style=\"text-align: center;\">Novedades \u2014 3 min de lectura<\/p>\n<\/div><div class=\"fusion-title title fusion-title-2 fusion-sep-none fusion-title-center fusion-title-text fusion-title-size-two\" style=\"--awb-margin-top:30px;--awb-margin-bottom:20px;\"><h2 class=\"title-heading-center fusion-responsive-typography-calculated\" style=\"margin:0;--fontSize:50;line-height:1.28;\">Termix junto al cine espa\u00f1ol en un backstage de pel\u00edcula<\/h2><\/div><div class=\"fusion-clearfix\"><\/div><\/div><\/div><\/div><\/div><div class=\"fusion-fullwidth fullwidth-box fusion-builder-row-3 nonhundred-percent-fullwidth non-hundred-percent-height-scrolling\" style=\"--awb-border-radius-top-left:0px;--awb-border-radius-top-right:0px;--awb-border-radius-bottom-right:0px;--awb-border-radius-bottom-left:0px;--awb-padding-top:10px;--awb-padding-bottom:4%;\" ><div class=\"fusion-builder-row fusion-row\"><div class=\"fusion-layout-column fusion_builder_column fusion-builder-column-3 fusion_builder_column_1_6 1_6 fusion-one-sixth fusion-column-first fusion-no-small-visibility fusion-no-medium-visibility\" style=\"--awb-bg-size:cover;width:16.666666666667%;width:calc(16.666666666667% - ( ( 0 ) * 0.16666666666667 ) );margin-right: 0px;\"><div class=\"fusion-column-wrapper fusion-flex-column-wrapper-legacy\"><div class=\"fusion-clearfix\"><\/div><\/div><\/div><div class=\"fusion-layout-column fusion_builder_column fusion-builder-column-4 fusion_builder_column_2_3 2_3 fusion-two-third fusion-column-last\" style=\"--awb-bg-size:cover;width:66.666666666667%;width:calc(66.666666666667% - ( ( 0 ) * 0.66666666666667 ) );\"><div class=\"fusion-column-wrapper fusion-flex-column-wrapper-legacy\"><div class=\"fusion-sep-clear\"><\/div><div class=\"fusion-separator fusion-full-width-sep\" style=\"margin-left: auto;margin-right: auto;margin-top:30px;width:100%;\"><\/div><div class=\"fusion-sep-clear\"><\/div><div class=\"fusion-text fusion-text-3\"><p style=\"text-align: center;\"><span style=\"font-size: 22px; line-height: 1.5em;\"> Termix dedica un espacio al cine Espa\u00f1ol. Como ya llevamos haciendo en innumerables ocasiones, las herramientas de peluquer\u00eda profesional de la marca <strong>se vuelven a colar en un backstage,<\/strong> esta vez en el de la nueva pel\u00edcula del d\u00fao de directores Laura Alvea y Jos\u00e9 Ortu\u00f1o, <strong>\u00c1nimas<\/strong>. Conocemos en primera persona el centro neur\u00e1lgico d\u00f3nde cobran alma los personajes de este nuevo thriller. Adem\u00e1s, tambi\u00e9n participamos en el backstage de un gran estreno, la pel\u00edcula Qui\u00e9n te cantar\u00e1 de Carlos Vermut <\/span><\/p>\n<p style=\"text-align: center;\"><strong><span style=\"font-size: 22px; line-height: 1.5em;\">\u00a1Acomp\u00e1\u00f1anos!<\/span><\/strong><\/p>\n<\/div><div class=\"fusion-sep-clear\"><\/div><div class=\"fusion-separator fusion-full-width-sep\" style=\"margin-left: auto;margin-right: auto;margin-top:30px;width:100%;\"><\/div><div class=\"fusion-sep-clear\"><\/div><div class=\"fusion-text fusion-text-4\"><h2>El <strong>peluquero y maquillador Rafael Mora<\/strong><\/h2>\n<p style=\"text-align: justify;\">En este caso, el peluquero y maquillador Rafael Mora se ha <strong>encargado de dirigir un equipo de estilistas<\/strong> espectacular para recrear unos personajes oscuros y en decadencia. Como el reconocido estilista nos explica \u201c<em>se trata de una pel\u00edcula muy compleja, porque hay muchas persecuciones, oscuridad y sangre<\/em>\u201d. As\u00ed pues, el filme se declara como todo un reto estil\u00edstico, que plantea c\u00f3mo mantener la esencia del personaje entre las secuencias de acci\u00f3n y terror y aqu\u00e9llas m\u00e1s pausadas pero llenas de misterio.<\/p>\n<p style=\"text-align: justify;\"><strong>Termix<\/strong> ha podido colaborar en este constructivo reto, aportando las <strong>herramientas de peluquer\u00eda profesional<\/strong> m\u00e1s demandadas de la temporada. Por un lado, el <span style=\"text-decoration: underline;\"><strong>Kit Barber<\/strong><\/span>, que incluye todos los indispensables para el <strong>cuidado de la barba<\/strong> y cabello masculinos, pieza clave que ha servido para dotar de realismo al personaje de Abraham. Por otro lado, la <span style=\"text-decoration: underline;\"><strong>plancha de pelo 230 Black Edition<\/strong><\/span>, ha sido la perfecta anfitriona del backstage de <em>\u00c1nimas<\/em>, logrando moldear y potenciar el brillo del cabello de las actrices de forma perfecta. Adem\u00e1s, los <span style=\"text-decoration: underline;\"><strong>cepillos profesionales<\/strong>\u00a0<\/span>de la marca y la <span style=\"text-decoration: underline;\"><strong>raqueta profesional<\/strong><\/span> tambi\u00e9n han colaborado en la <strong>caracterizaci\u00f3n<\/strong>, cuidando cada detalle del cabello de los participantes en <em>\u00c1nimas<\/em>.<\/p>\n<p><img decoding=\"async\" class=\"alignnone size-full wp-image-12903\" src=\"http:\/\/termix.net\/wp-content\/uploads\/2018\/02\/animaspelicula.jpg\" alt=\"\u00c1ngela Molina y Lu\u00eds Bermejo en la nueva pel\u00edcula de terror \u00c1nimas junto a Termix\" width=\"1160\" height=\"660\" \/><\/p>\n<h2><strong>Descubriendo \u00c1nimas\u00a0<\/strong><\/h2>\n<p style=\"text-align: justify;\">Despu\u00e9s de presentar la exitosa <strong><em>The Extraordinary Tale<\/em><\/strong>, un film galardonado con el premio a la <strong>mejor pel\u00edcula extranjera<\/strong> en el <strong>Atlanta Horror Film Festival<\/strong>, Laura Alvea y Jos\u00e9 Ordu\u00f1o vuelven a lanzar otra obra maestra. Una historia entre los <strong>celos y el terror<\/strong>, que narra el descenso precipitado hacia la psicopat\u00eda. <strong>\u00c1lex<\/strong> es un personaje que se ver\u00e1 <strong>anulado por los celos<\/strong> que siente ante la relaci\u00f3n que surge entre su mejor amigo <strong>Abraham y Anchi<\/strong>, una chica muy especial. Desde ese momento, todo ir\u00e1 cuesta abajo para \u00c1lex, que no soportar\u00e1 esta situaci\u00f3n y se ver\u00e1 arrojado hacia un\u00a0 laberinto de pesadillas e ilusiones, poniendo en peligro incluso su vida en constantes ocasiones.<\/p>\n<p style=\"text-align: justify;\">Un largometraje magistral protagonizado por actores de la talla de <strong>\u00c1ngela Molina<\/strong> o <strong>Lu\u00eds Bermejo<\/strong> y <strong>producido por Ancheron Films<\/strong>, que sin duda nos dejar\u00e1 a todos con la piel de gallina. Una sensaci\u00f3n que no tan s\u00f3lo se consigue a trav\u00e9s de la interpretaci\u00f3n, sino que la <strong>caracterizaci\u00f3n<\/strong> se eleva como uno de los pilares m\u00e1s importantes para conseguir <strong>realismo<\/strong> y lograr transmitir por completo la esencia del terror m\u00e1s humano.<\/p>\n<p style=\"text-align: justify;\">Si os declar\u00e1is <strong>fans incondicionales del cine de terror<\/strong>, os animamos a ver <em>\u00c1nimas<\/em>, una pel\u00edcula que descubre la complejidad de las relaciones humanas llevadas al extremo. Esperamos con fervor la fecha de su estreno pero, por el momento, deberemos contentarnos con la <strong>gala de los Goya de ma\u00f1ana<\/strong>. \u00a1No os la perd\u00e1is que estamos a tan s\u00f3lo dos d\u00edas del estreno! Pr\u00e9parate para Halloween con la pel\u00edcula que ha conquistado los festivales de Toronto y San Sebasti\u00e1n.<\/p>\n<h2>Adem\u00e1s&#8230; \u00a1Termix participa en &#8216;Qui\u00e9 te cantar\u00e1&#8217;!<\/h2>\n<p style=\"text-align: justify;\">El peluquero y <strong>maquillador Rafael Mora<\/strong> tambi\u00e9n se ha visto involucrado en otro proyecto que la revista <em>Time Out\u00a0<\/em>ha categorizado como \u00abexcelente\u00bb, con una puntuaci\u00f3n de 5 estrellas. Hablamos de la \u00faltima pel\u00edcula de <strong>Carlos Vermut,<\/strong>\u00a0<em>Qui\u00e9n te cantar\u00e1<\/em>, un thriller \u00ab<em>vamp\u00edrico y abismal<\/em>\u00bb protagonizado por la reconocida Najwa Nimri. Un film que cuenta la tr\u00e1gica historia de una reconocida cantante que, tras sufrir un terrible accidente, descender\u00e1 a un cruel anonimato. Muy recomendable.<\/p>\n<p><img decoding=\"async\" class=\"alignnone size-full wp-image-15491\" src=\"https:\/\/termix.net\/blog\/wp-content\/uploads\/2018\/10\/nwja-nimri_quien-te-cantara_-termix-en-backstage.jpg\" alt=\"nwja nimri_quien te cantara_ termix en backstage\" width=\"1160\" height=\"660\" \/><\/p>\n<\/div><div class=\"fusion-clearfix\"><\/div><\/div><\/div><\/div><div class=\"fusion-builder-row fusion-row\"><\/div><\/div><div class=\"fusion-fullwidth fullwidth-box fusion-builder-row-4 nonhundred-percent-fullwidth non-hundred-percent-height-scrolling\" style=\"--awb-border-radius-top-left:0px;--awb-border-radius-top-right:0px;--awb-border-radius-bottom-right:0px;--awb-border-radius-bottom-left:0px;\" ><\/div><\/p>\n","protected":false},"excerpt":{"rendered":"<p>\t\t\t\tEn la antesala de los premios Goya 2018, Termix dedica un espacio al cine Espa\u00f1ol. Como ya llevamos haciendo en innumerables ocasiones, las herramientas de peluquer\u00eda profesional de la marca se vuelven a colar en un backstage, esta vez en el de la nueva pel\u00edcula del d\u00fao de directores Laura Alvea y Jos\u00e9 Ortu\u00f1o, \u00c1nimas. Conocemos en primera persona el centro neur\u00e1lgico d\u00f3nde cobran alma los personajes de este nuevo thriller. \u00a1Acomp\u00e1\u00f1anos!\t\t<\/p>\n","protected":false},"author":2,"featured_media":21971,"comment_status":"open","ping_status":"open","sticky":false,"template":"","format":"standard","meta":[],"categories":[6],"tags":[],"yoast_head":"<!-- This site is optimized with the Yoast SEO plugin v20.0 - https:\/\/yoast.com\/wordpress\/plugins\/seo\/ -->\n<title>Termix junto al cine espa\u00f1ol en un backstage de pel\u00edcula<\/title>\n<meta name=\"description\" content=\"Termix acompa\u00f1a al estilista Rafael Mora en sus proyectos tras la gran pantalla. En dos pel\u00edculas que caminan entre el cine de terror y el thriller psicol\u00f3gico, Termix se adentra en &quot;\u00c1nimas&quot;, el nuevo film de Laura Alvea y Jos\u00e9 Ordu\u00f1o, y en &quot;Qui\u00e9n te cantar\u00e1&quot;, uno de los thrillers m\u00e1s esperados.\" \/>\n<meta name=\"robots\" content=\"index, follow, max-snippet:-1, max-image-preview:large, max-video-preview:-1\" \/>\n<link rel=\"canonical\" href=\"https:\/\/termix.net\/blog\/es\/termix-junto-al-cine-espanol-backstage-pelicula\/\" \/>\n<meta property=\"og:locale\" content=\"es_ES\" \/>\n<meta property=\"og:type\" content=\"article\" \/>\n<meta property=\"og:title\" content=\"Termix junto al cine espa\u00f1ol en un backstage de pel\u00edcula\" \/>\n<meta property=\"og:description\" content=\"Termix acompa\u00f1a al estilista Rafael Mora en sus proyectos tras la gran pantalla. En dos pel\u00edculas que caminan entre el cine de terror y el thriller psicol\u00f3gico, Termix se adentra en &quot;\u00c1nimas&quot;, el nuevo film de Laura Alvea y Jos\u00e9 Ordu\u00f1o, y en &quot;Qui\u00e9n te cantar\u00e1&quot;, uno de los thrillers m\u00e1s esperados.\" \/>\n<meta property=\"og:url\" content=\"https:\/\/termix.net\/blog\/es\/termix-junto-al-cine-espanol-backstage-pelicula\/\" \/>\n<meta property=\"og:site_name\" content=\"Blog Termix Spain\" \/>\n<meta property=\"article:published_time\" content=\"2018-10-20T07:44:08+00:00\" \/>\n<meta property=\"article:modified_time\" content=\"2019-12-17T15:30:02+00:00\" \/>\n<meta property=\"og:image\" content=\"https:\/\/termix.net\/blog\/wp-content\/uploads\/2018\/10\/cartelprimera.jpg\" \/>\n\t<meta property=\"og:image:width\" content=\"1160\" \/>\n\t<meta property=\"og:image:height\" content=\"660\" \/>\n\t<meta property=\"og:image:type\" content=\"image\/jpeg\" \/>\n<meta name=\"author\" content=\"TermixTeam\" \/>\n<meta name=\"twitter:card\" content=\"summary_large_image\" \/>\n<meta name=\"twitter:label1\" content=\"Escrito por\" \/>\n\t<meta name=\"twitter:data1\" content=\"TermixTeam\" \/>\n\t<meta name=\"twitter:label2\" content=\"Tiempo de lectura\" \/>\n\t<meta name=\"twitter:data2\" content=\"9 minutos\" \/>\n<script type=\"application\/ld+json\" class=\"yoast-schema-graph\">{\"@context\":\"https:\/\/schema.org\",\"@graph\":[{\"@type\":\"Article\",\"@id\":\"https:\/\/termix.net\/blog\/es\/termix-junto-al-cine-espanol-backstage-pelicula\/#article\",\"isPartOf\":{\"@id\":\"https:\/\/termix.net\/blog\/es\/termix-junto-al-cine-espanol-backstage-pelicula\/\"},\"author\":{\"name\":\"TermixTeam\",\"@id\":\"https:\/\/termix.net\/blog\/es\/#\/schema\/person\/9096c98bdf03c8ddf91ad7172f254f40\"},\"headline\":\"Termix junto al cine espa\u00f1ol en un backstage de pel\u00edcula\",\"datePublished\":\"2018-10-20T07:44:08+00:00\",\"dateModified\":\"2019-12-17T15:30:02+00:00\",\"mainEntityOfPage\":{\"@id\":\"https:\/\/termix.net\/blog\/es\/termix-junto-al-cine-espanol-backstage-pelicula\/\"},\"wordCount\":1871,\"commentCount\":0,\"publisher\":{\"@id\":\"https:\/\/termix.net\/blog\/es\/#organization\"},\"articleSection\":[\"NOTICIAS\"],\"inLanguage\":\"es\",\"potentialAction\":[{\"@type\":\"CommentAction\",\"name\":\"Comment\",\"target\":[\"https:\/\/termix.net\/blog\/es\/termix-junto-al-cine-espanol-backstage-pelicula\/#respond\"]}]},{\"@type\":\"WebPage\",\"@id\":\"https:\/\/termix.net\/blog\/es\/termix-junto-al-cine-espanol-backstage-pelicula\/\",\"url\":\"https:\/\/termix.net\/blog\/es\/termix-junto-al-cine-espanol-backstage-pelicula\/\",\"name\":\"Termix junto al cine espa\u00f1ol en un backstage de pel\u00edcula\",\"isPartOf\":{\"@id\":\"https:\/\/termix.net\/blog\/es\/#website\"},\"datePublished\":\"2018-10-20T07:44:08+00:00\",\"dateModified\":\"2019-12-17T15:30:02+00:00\",\"description\":\"Termix acompa\u00f1a al estilista Rafael Mora en sus proyectos tras la gran pantalla. En dos pel\u00edculas que caminan entre el cine de terror y el thriller psicol\u00f3gico, Termix se adentra en \\\"\u00c1nimas\\\", el nuevo film de Laura Alvea y Jos\u00e9 Ordu\u00f1o, y en \\\"Qui\u00e9n te cantar\u00e1\\\", uno de los thrillers m\u00e1s esperados.\",\"breadcrumb\":{\"@id\":\"https:\/\/termix.net\/blog\/es\/termix-junto-al-cine-espanol-backstage-pelicula\/#breadcrumb\"},\"inLanguage\":\"es\",\"potentialAction\":[{\"@type\":\"ReadAction\",\"target\":[\"https:\/\/termix.net\/blog\/es\/termix-junto-al-cine-espanol-backstage-pelicula\/\"]}]},{\"@type\":\"BreadcrumbList\",\"@id\":\"https:\/\/termix.net\/blog\/es\/termix-junto-al-cine-espanol-backstage-pelicula\/#breadcrumb\",\"itemListElement\":[{\"@type\":\"ListItem\",\"position\":1,\"name\":\"Home\",\"item\":\"https:\/\/termix.net\/blog\/es\/\"},{\"@type\":\"ListItem\",\"position\":2,\"name\":\"Termix junto al cine espa\u00f1ol en un backstage de pel\u00edcula\"}]},{\"@type\":\"WebSite\",\"@id\":\"https:\/\/termix.net\/blog\/es\/#website\",\"url\":\"https:\/\/termix.net\/blog\/es\/\",\"name\":\"Blog Termix Spain\",\"description\":\"Blog de tendencias y productos de peluquer\u00eda profesional.\",\"publisher\":{\"@id\":\"https:\/\/termix.net\/blog\/es\/#organization\"},\"potentialAction\":[{\"@type\":\"SearchAction\",\"target\":{\"@type\":\"EntryPoint\",\"urlTemplate\":\"https:\/\/termix.net\/blog\/es\/?s={search_term_string}\"},\"query-input\":\"required name=search_term_string\"}],\"inLanguage\":\"es\"},{\"@type\":\"Organization\",\"@id\":\"https:\/\/termix.net\/blog\/es\/#organization\",\"name\":\"Dols Industrial de Peluquer\u00eda SA\",\"url\":\"https:\/\/termix.net\/blog\/es\/\",\"logo\":{\"@type\":\"ImageObject\",\"inLanguage\":\"es\",\"@id\":\"https:\/\/termix.net\/blog\/es\/#\/schema\/logo\/image\/\",\"url\":\"https:\/\/termix.net\/blog\/wp-content\/uploads\/2020\/10\/OGbDAeng.jpeg\",\"contentUrl\":\"https:\/\/termix.net\/blog\/wp-content\/uploads\/2020\/10\/OGbDAeng.jpeg\",\"width\":800,\"height\":800,\"caption\":\"Dols Industrial de Peluquer\u00eda SA\"},\"image\":{\"@id\":\"https:\/\/termix.net\/blog\/es\/#\/schema\/logo\/image\/\"}},{\"@type\":\"Person\",\"@id\":\"https:\/\/termix.net\/blog\/es\/#\/schema\/person\/9096c98bdf03c8ddf91ad7172f254f40\",\"name\":\"TermixTeam\",\"image\":{\"@type\":\"ImageObject\",\"inLanguage\":\"es\",\"@id\":\"https:\/\/termix.net\/blog\/es\/#\/schema\/person\/image\/\",\"url\":\"https:\/\/secure.gravatar.com\/avatar\/d89f61f6bd1c29a4acb231736d1c74b3?s=96&d=mm&r=g\",\"contentUrl\":\"https:\/\/secure.gravatar.com\/avatar\/d89f61f6bd1c29a4acb231736d1c74b3?s=96&d=mm&r=g\",\"caption\":\"TermixTeam\"},\"url\":\"https:\/\/termix.net\/blog\/es\/author\/termixteam\/\"}]}<\/script>\n<!-- \/ Yoast SEO plugin. -->","yoast_head_json":{"title":"Termix junto al cine espa\u00f1ol en un backstage de pel\u00edcula","description":"Termix acompa\u00f1a al estilista Rafael Mora en sus proyectos tras la gran pantalla. En dos pel\u00edculas que caminan entre el cine de terror y el thriller psicol\u00f3gico, Termix se adentra en \"\u00c1nimas\", el nuevo film de Laura Alvea y Jos\u00e9 Ordu\u00f1o, y en \"Qui\u00e9n te cantar\u00e1\", uno de los thrillers m\u00e1s esperados.","robots":{"index":"index","follow":"follow","max-snippet":"max-snippet:-1","max-image-preview":"max-image-preview:large","max-video-preview":"max-video-preview:-1"},"canonical":"https:\/\/termix.net\/blog\/es\/termix-junto-al-cine-espanol-backstage-pelicula\/","og_locale":"es_ES","og_type":"article","og_title":"Termix junto al cine espa\u00f1ol en un backstage de pel\u00edcula","og_description":"Termix acompa\u00f1a al estilista Rafael Mora en sus proyectos tras la gran pantalla. En dos pel\u00edculas que caminan entre el cine de terror y el thriller psicol\u00f3gico, Termix se adentra en \"\u00c1nimas\", el nuevo film de Laura Alvea y Jos\u00e9 Ordu\u00f1o, y en \"Qui\u00e9n te cantar\u00e1\", uno de los thrillers m\u00e1s esperados.","og_url":"https:\/\/termix.net\/blog\/es\/termix-junto-al-cine-espanol-backstage-pelicula\/","og_site_name":"Blog Termix Spain","article_published_time":"2018-10-20T07:44:08+00:00","article_modified_time":"2019-12-17T15:30:02+00:00","og_image":[{"width":1160,"height":660,"url":"https:\/\/termix.net\/blog\/wp-content\/uploads\/2018\/10\/cartelprimera.jpg","type":"image\/jpeg"}],"author":"TermixTeam","twitter_card":"summary_large_image","twitter_misc":{"Escrito por":"TermixTeam","Tiempo de lectura":"9 minutos"},"schema":{"@context":"https:\/\/schema.org","@graph":[{"@type":"Article","@id":"https:\/\/termix.net\/blog\/es\/termix-junto-al-cine-espanol-backstage-pelicula\/#article","isPartOf":{"@id":"https:\/\/termix.net\/blog\/es\/termix-junto-al-cine-espanol-backstage-pelicula\/"},"author":{"name":"TermixTeam","@id":"https:\/\/termix.net\/blog\/es\/#\/schema\/person\/9096c98bdf03c8ddf91ad7172f254f40"},"headline":"Termix junto al cine espa\u00f1ol en un backstage de pel\u00edcula","datePublished":"2018-10-20T07:44:08+00:00","dateModified":"2019-12-17T15:30:02+00:00","mainEntityOfPage":{"@id":"https:\/\/termix.net\/blog\/es\/termix-junto-al-cine-espanol-backstage-pelicula\/"},"wordCount":1871,"commentCount":0,"publisher":{"@id":"https:\/\/termix.net\/blog\/es\/#organization"},"articleSection":["NOTICIAS"],"inLanguage":"es","potentialAction":[{"@type":"CommentAction","name":"Comment","target":["https:\/\/termix.net\/blog\/es\/termix-junto-al-cine-espanol-backstage-pelicula\/#respond"]}]},{"@type":"WebPage","@id":"https:\/\/termix.net\/blog\/es\/termix-junto-al-cine-espanol-backstage-pelicula\/","url":"https:\/\/termix.net\/blog\/es\/termix-junto-al-cine-espanol-backstage-pelicula\/","name":"Termix junto al cine espa\u00f1ol en un backstage de pel\u00edcula","isPartOf":{"@id":"https:\/\/termix.net\/blog\/es\/#website"},"datePublished":"2018-10-20T07:44:08+00:00","dateModified":"2019-12-17T15:30:02+00:00","description":"Termix acompa\u00f1a al estilista Rafael Mora en sus proyectos tras la gran pantalla. En dos pel\u00edculas que caminan entre el cine de terror y el thriller psicol\u00f3gico, Termix se adentra en \"\u00c1nimas\", el nuevo film de Laura Alvea y Jos\u00e9 Ordu\u00f1o, y en \"Qui\u00e9n te cantar\u00e1\", uno de los thrillers m\u00e1s esperados.","breadcrumb":{"@id":"https:\/\/termix.net\/blog\/es\/termix-junto-al-cine-espanol-backstage-pelicula\/#breadcrumb"},"inLanguage":"es","potentialAction":[{"@type":"ReadAction","target":["https:\/\/termix.net\/blog\/es\/termix-junto-al-cine-espanol-backstage-pelicula\/"]}]},{"@type":"BreadcrumbList","@id":"https:\/\/termix.net\/blog\/es\/termix-junto-al-cine-espanol-backstage-pelicula\/#breadcrumb","itemListElement":[{"@type":"ListItem","position":1,"name":"Home","item":"https:\/\/termix.net\/blog\/es\/"},{"@type":"ListItem","position":2,"name":"Termix junto al cine espa\u00f1ol en un backstage de pel\u00edcula"}]},{"@type":"WebSite","@id":"https:\/\/termix.net\/blog\/es\/#website","url":"https:\/\/termix.net\/blog\/es\/","name":"Blog Termix Spain","description":"Blog de tendencias y productos de peluquer\u00eda profesional.","publisher":{"@id":"https:\/\/termix.net\/blog\/es\/#organization"},"potentialAction":[{"@type":"SearchAction","target":{"@type":"EntryPoint","urlTemplate":"https:\/\/termix.net\/blog\/es\/?s={search_term_string}"},"query-input":"required name=search_term_string"}],"inLanguage":"es"},{"@type":"Organization","@id":"https:\/\/termix.net\/blog\/es\/#organization","name":"Dols Industrial de Peluquer\u00eda SA","url":"https:\/\/termix.net\/blog\/es\/","logo":{"@type":"ImageObject","inLanguage":"es","@id":"https:\/\/termix.net\/blog\/es\/#\/schema\/logo\/image\/","url":"https:\/\/termix.net\/blog\/wp-content\/uploads\/2020\/10\/OGbDAeng.jpeg","contentUrl":"https:\/\/termix.net\/blog\/wp-content\/uploads\/2020\/10\/OGbDAeng.jpeg","width":800,"height":800,"caption":"Dols Industrial de Peluquer\u00eda SA"},"image":{"@id":"https:\/\/termix.net\/blog\/es\/#\/schema\/logo\/image\/"}},{"@type":"Person","@id":"https:\/\/termix.net\/blog\/es\/#\/schema\/person\/9096c98bdf03c8ddf91ad7172f254f40","name":"TermixTeam","image":{"@type":"ImageObject","inLanguage":"es","@id":"https:\/\/termix.net\/blog\/es\/#\/schema\/person\/image\/","url":"https:\/\/secure.gravatar.com\/avatar\/d89f61f6bd1c29a4acb231736d1c74b3?s=96&d=mm&r=g","contentUrl":"https:\/\/secure.gravatar.com\/avatar\/d89f61f6bd1c29a4acb231736d1c74b3?s=96&d=mm&r=g","caption":"TermixTeam"},"url":"https:\/\/termix.net\/blog\/es\/author\/termixteam\/"}]}},"_links":{"self":[{"href":"https:\/\/termix.net\/blog\/es\/wp-json\/wp\/v2\/posts\/12901"}],"collection":[{"href":"https:\/\/termix.net\/blog\/es\/wp-json\/wp\/v2\/posts"}],"about":[{"href":"https:\/\/termix.net\/blog\/es\/wp-json\/wp\/v2\/types\/post"}],"author":[{"embeddable":true,"href":"https:\/\/termix.net\/blog\/es\/wp-json\/wp\/v2\/users\/2"}],"replies":[{"embeddable":true,"href":"https:\/\/termix.net\/blog\/es\/wp-json\/wp\/v2\/comments?post=12901"}],"version-history":[{"count":4,"href":"https:\/\/termix.net\/blog\/es\/wp-json\/wp\/v2\/posts\/12901\/revisions"}],"predecessor-version":[{"id":24504,"href":"https:\/\/termix.net\/blog\/es\/wp-json\/wp\/v2\/posts\/12901\/revisions\/24504"}],"wp:featuredmedia":[{"embeddable":true,"href":"https:\/\/termix.net\/blog\/es\/wp-json\/wp\/v2\/media\/21971"}],"wp:attachment":[{"href":"https:\/\/termix.net\/blog\/es\/wp-json\/wp\/v2\/media?parent=12901"}],"wp:term":[{"taxonomy":"category","embeddable":true,"href":"https:\/\/termix.net\/blog\/es\/wp-json\/wp\/v2\/categories?post=12901"},{"taxonomy":"post_tag","embeddable":true,"href":"https:\/\/termix.net\/blog\/es\/wp-json\/wp\/v2\/tags?post=12901"}],"curies":[{"name":"wp","href":"https:\/\/api.w.org\/{rel}","templated":true}]}}