{"id":12861,"date":"2018-01-29T14:24:40","date_gmt":"2018-01-29T14:24:40","guid":{"rendered":"http:\/\/termix.net\/?p=12861"},"modified":"2019-12-05T14:56:58","modified_gmt":"2019-12-05T13:56:58","slug":"cambiame-renueva-look-termix","status":"publish","type":"post","link":"https:\/\/termix.net\/blog\/es\/cambiame-renueva-look-termix\/","title":{"rendered":"C\u00e1mbiame renueva su look con Termix"},"content":{"rendered":"<p><div class=\"fusion-fullwidth fullwidth-box fusion-builder-row-1 faded-background fusion-parallax-none nonhundred-percent-fullwidth non-hundred-percent-height-scrolling fusion-no-small-visibility fusion-no-medium-visibility\" style=\"--awb-border-radius-top-left:0px;--awb-border-radius-top-right:0px;--awb-border-radius-bottom-right:0px;--awb-border-radius-bottom-left:0px;--awb-padding-top:24%;--awb-padding-right:3%;--awb-padding-left:3%;--awb-background-size:cover;\" ><div class=\"fullwidth-faded\" style=\"--awb-background-color:#181818;--awb-background-image:url(https:\/\/termix.net\/blog\/wp-content\/uploads\/2018\/01\/nuevo-formato-de-cambiame-1.jpg);--awb-background-size:cover;\" ><\/div><div class=\"fusion-builder-row fusion-row\"><div class=\"fusion-layout-column fusion_builder_column fusion-builder-column-0 fusion_builder_column_1_1 1_1 fusion-one-full fusion-column-first fusion-column-last\" style=\"--awb-padding-top:6%;--awb-padding-right:8%;--awb-padding-bottom:6%;--awb-padding-left:8%;--awb-bg-color:rgba(255,255,255,0.7);--awb-bg-size:cover;--awb-margin-top:0px;--awb-margin-bottom:0px;\"><div class=\"fusion-column-wrapper fusion-column-has-shadow fusion-flex-column-wrapper-legacy\"><div class=\"fusion-text fusion-text-1 caption\"><p style=\"text-align: center;\">Noticias \u2014 3 min de lectura<\/p>\n<\/div><div class=\"fusion-title title fusion-title-1 fusion-sep-none fusion-title-center fusion-title-text fusion-title-size-two\" style=\"--awb-margin-top:30px;--awb-margin-bottom:20px;\"><h2 class=\"title-heading-center fusion-responsive-typography-calculated\" style=\"margin:0;--fontSize:50;line-height:1.28;\">C\u00e1mbiame renueva su look con Termix<\/h2><\/div><div class=\"fusion-clearfix\"><\/div><\/div><\/div><\/div><\/div><div class=\"fusion-fullwidth fullwidth-box fusion-builder-row-2 fusion-parallax-none nonhundred-percent-fullwidth non-hundred-percent-height-scrolling fusion-no-large-visibility\" style=\"--awb-border-radius-top-left:0px;--awb-border-radius-top-right:0px;--awb-border-radius-bottom-right:0px;--awb-border-radius-bottom-left:0px;--awb-background-image:url(&quot;https:\/\/termix.net\/blog\/wp-content\/uploads\/2019\/11\/con-el-secador-compacto-profesioanl-4300-de-termix-damos-volumen-al-cabello-1.jpg&quot;);--awb-background-size:cover;\" ><div class=\"fusion-builder-row fusion-row\"><div class=\"fusion-layout-column fusion_builder_column fusion-builder-column-1 fusion_builder_column_1_1 1_1 fusion-one-full fusion-column-first fusion-column-last fusion-column-inner-bg-wrapper\" style=\"--awb-padding-top:10%;--awb-padding-bottom:10%;--awb-inner-bg-image:url(&#039;http:\/\/termix.net\/blog\/wp-content\/uploads\/2019\/03\/single-blog-post-feat.jpg&#039;);--awb-inner-bg-position:center center;--awb-inner-bg-size:cover;\"><span class=\"fusion-column-inner-bg hover-type-zoomout\"><span class=\"fusion-column-anchor\"><span class=\"fusion-column-inner-bg-image\"><\/span><\/span><\/span><div class=\"fusion-column-wrapper fusion-flex-column-wrapper-legacy\" data-bg-url=\"http:\/\/termix.net\/blog\/wp-content\/uploads\/2019\/03\/single-blog-post-feat.jpg\"><div class=\"fusion-sep-clear\"><\/div><div class=\"fusion-separator fusion-no-large-visibility fusion-full-width-sep\" style=\"margin-left: auto;margin-right: auto;margin-top:200px;width:100%;\"><\/div><div class=\"fusion-sep-clear\"><\/div><div class=\"fusion-clearfix\"><\/div><\/div><\/div><div class=\"fusion-layout-column fusion_builder_column fusion-builder-column-2 fusion_builder_column_1_1 1_1 fusion-one-full fusion-column-first fusion-column-last\" style=\"--awb-padding-top:6%;--awb-bg-color:#ffffff;--awb-bg-size:cover;--awb-margin-top:0px;--awb-margin-bottom:0px;\"><div class=\"fusion-column-wrapper fusion-flex-column-wrapper-legacy\"><div class=\"fusion-text fusion-text-2 caption\"><p style=\"text-align: center;\">Noticias \u2014 3 min de lectura<\/p>\n<\/div><div class=\"fusion-title title fusion-title-2 fusion-sep-none fusion-title-center fusion-title-text fusion-title-size-two\" style=\"--awb-margin-top:30px;--awb-margin-bottom:20px;\"><h2 class=\"title-heading-center fusion-responsive-typography-calculated\" style=\"margin:0;--fontSize:50;line-height:1.28;\">C\u00e1mbiame renueva su look con Termix<\/h2><\/div><div class=\"fusion-clearfix\"><\/div><\/div><\/div><\/div><\/div><div class=\"fusion-fullwidth fullwidth-box fusion-builder-row-3 nonhundred-percent-fullwidth non-hundred-percent-height-scrolling\" style=\"--awb-border-radius-top-left:0px;--awb-border-radius-top-right:0px;--awb-border-radius-bottom-right:0px;--awb-border-radius-bottom-left:0px;--awb-padding-top:10px;--awb-padding-bottom:4%;\" ><div class=\"fusion-builder-row fusion-row\"><div class=\"fusion-layout-column fusion_builder_column fusion-builder-column-3 fusion_builder_column_1_6 1_6 fusion-one-sixth fusion-column-first fusion-no-small-visibility fusion-no-medium-visibility\" style=\"--awb-bg-size:cover;width:16.666666666667%;width:calc(16.666666666667% - ( ( 0 ) * 0.16666666666667 ) );margin-right: 0px;\"><div class=\"fusion-column-wrapper fusion-flex-column-wrapper-legacy\"><div class=\"fusion-clearfix\"><\/div><\/div><\/div><div class=\"fusion-layout-column fusion_builder_column fusion-builder-column-4 fusion_builder_column_2_3 2_3 fusion-two-third fusion-column-last\" style=\"--awb-bg-size:cover;width:66.666666666667%;width:calc(66.666666666667% - ( ( 0 ) * 0.66666666666667 ) );\"><div class=\"fusion-column-wrapper fusion-flex-column-wrapper-legacy\"><div class=\"fusion-sep-clear\"><\/div><div class=\"fusion-separator fusion-full-width-sep\" style=\"margin-left: auto;margin-right: auto;margin-top:30px;width:100%;\"><\/div><div class=\"fusion-sep-clear\"><\/div><div class=\"fusion-text fusion-text-3\"><p style=\"text-align: center;\"><span style=\"font-size: 22px; line-height: 1.5em;\">Hoy se ha iniciado una nueva era en los probadores m\u00e1s famosos de la televisi\u00f3n. <\/span><\/p>\n<p style=\"text-align: center;\"><span style=\"font-size: 22px; line-height: 1.5em;\">Despu\u00e9s de 600 programas con el cambio y las historias con alma como protagonistas, el programa make over \u201c<strong>Cambi\u00e1me<\/strong>\u201d se ha renovado por completo. M\u00e1s estilistas, nuevos colaboradores y nuevos escenarios en un inesperado formato en directo, al m\u00e1s puro estilo reality, donde la emoci\u00f3n y las \u00faltimas tendencias atrapan por partes iguales. <strong>Termix ha estado en este C\u00e1mbiame de look renovado<\/strong>, aportando creatividad y las herramientas de peluquer\u00eda profesional que ayudan a los estilistas a conseguir los mejores resultados.<\/span><\/p>\n<p style=\"text-align: center;\"><strong><span style=\"font-size: 22px; line-height: 1.5em;\"> \u00a1Te lo explicamos todo!<\/span><\/strong><\/p>\n<\/div><div class=\"fusion-sep-clear\"><\/div><div class=\"fusion-separator fusion-full-width-sep\" style=\"margin-left: auto;margin-right: auto;margin-top:30px;width:100%;\"><\/div><div class=\"fusion-sep-clear\"><\/div><div class=\"fusion-text fusion-text-4\"><p align=\"justify\">M\u00e1s de <strong>1.000 cambios<\/strong> los que han pasado por este programa. Y despu\u00e9s de tantos <strong>cambios de look<\/strong>, ahora es el programa el que ha experimentado un cambio radical. Ha pasado de un sencillo plat\u00f3, donde ten\u00edamos la c\u00e9lebre <strong>Puerta del Cambio y la pasarela<\/strong>, a un ambiente dividido en dos zonas dedicadas por completo a los dos elegidos para someterse al genial <strong><em>make over<\/em><\/strong>. Adem\u00e1s de tener dos cambios por directo, el nuevo <strong>C\u00e1mbiame<\/strong> cuenta con un jurado de <strong>expertos en moda<\/strong> y tres equipos de estilistas que han puesto toda la carne en el asador para alzarse con la <strong>mejor valoraci\u00f3n<\/strong>.<\/p>\n<div class=\"g-ytsubscribe\" data-channelid=\"UChFy5hZhW4PLp-DYNdL9g8w\" data-layout=\"full\" data-count=\"hidden\"><\/div>\n<div data-channelid=\"UChFy5hZhW4PLp-DYNdL9g8w\" data-layout=\"full\" data-count=\"hidden\"><\/div>\n<p align=\"justify\"><iframe src=\"https:\/\/www.youtube.com\/embed\/1RQTLV6j6pk?rel=0\" width=\"100%\" height=\"480\" frameborder=\"0\" allowfullscreen=\"allowfullscreen\"><span data-mce-type=\"bookmark\" style=\"display: inline-block; width: 0px; overflow: hidden; line-height: 0;\" class=\"mce_SELRES_start\">\ufeff<\/span><span data-mce-type=\"bookmark\" style=\"display: inline-block; width: 0px; overflow: hidden; line-height: 0;\" class=\"mce_SELRES_start\">\ufeff<\/span><span data-mce-type=\"bookmark\" style=\"display: inline-block; width: 0px; overflow: hidden; line-height: 0;\" class=\"mce_SELRES_start\">\ufeff<\/span><span data-mce-type=\"bookmark\" style=\"display: inline-block; width: 0px; overflow: hidden; line-height: 0;\" class=\"mce_SELRES_start\">\ufeff<\/span><span data-mce-type=\"bookmark\" style=\"display: inline-block; width: 0px; overflow: hidden; line-height: 0;\" class=\"mce_SELRES_start\">\ufeff<\/span><span data-mce-type=\"bookmark\" style=\"display: inline-block; width: 0px; overflow: hidden; line-height: 0;\" class=\"mce_SELRES_start\">\ufeff<\/span><span data-mce-type=\"bookmark\" width:=\"\" 0px=\"\" overflow:=\"\" hidden=\"\" line-height:=\"\" 0=\"\" class=\"mce_SELRES_start\"><span data-mce-type=\"bookmark\" style=\"display: inline-block; width: 0px; overflow: hidden; line-height: 0;\" class=\"mce_SELRES_start\">\ufeff<\/span>\ufeff<\/span><\/iframe><\/p>\n<p align=\"justify\">Mucha creatividad y emotividad se han dado la mano en <strong>El Taller<\/strong>, el nuevo espacio <strong>multidisciplinar<\/strong> donde las estilistas <strong>Cristina Rodr\u00edguez, Natalia Fervi\u00fa y Paloma Gonz\u00e1lez,<\/strong> formando t\u00e1ndem con los peluqueros m\u00e1s reconocidos del panorama actual,\u00a0han dado vida a los estilismos del cambio. Y en este espacio donde fluyen las ideas y se instalan las bases del cambio, es d\u00f3nde Termix entra en juego, aportando sus <em>best-sellers<\/em> como la gama de<span style=\"text-decoration: underline;\"><strong> cepillos Evolution<\/strong><\/span> o el<span style=\"text-decoration: underline;\"><strong> cl\u00e1sico profesional de Termix,<\/strong><\/span>\u00a0repitiendo colaboraci\u00f3n junto a <span style=\"text-decoration: underline;\"><strong>Manuel Zamorano<\/strong><\/span>\u00a0<strong>o <span style=\"text-decoration: underline;\">Moncho Moreno<\/span>, <\/strong>dos de los peluqueros m\u00e1s creativos y prestigiosos de la actualidad.<\/p>\n<div data-channelid=\"UChFy5hZhW4PLp-DYNdL9g8w\" data-layout=\"full\" data-count=\"hidden\"><\/div>\n<p><iframe src=\"https:\/\/www.youtube.com\/embed\/SRim3FIBE7U?rel=0\" width=\"100%\" height=\"480\" frameborder=\"0\" allowfullscreen=\"allowfullscreen\"><\/iframe><\/p>\n<p align=\"justify\">Tambi\u00e9n se ha instalado en este nuevo camerino la <span style=\"text-decoration: underline;\"><strong>plancha de pelo Pink Velvet<\/strong><\/span>, apta para moldear todo tipo \u00a0de cabello, propiciando que los peluqueros dejaran volar su imaginaci\u00f3n para lograr los looks m\u00e1s arriesgados. Y para los cambios masculinos, <strong>Termix<\/strong> ha aportado tambi\u00e9n el<span style=\"text-decoration: underline;\"> <strong>magn\u00edfico Kit Barber<\/strong><\/span>, con todo lo esencial para lograr el <strong>perfecto corte de pelo masculino y las barbas<\/strong> m\u00e1s apuradas. Y para los cortes de cabello m\u00e1s radicales, las <span style=\"text-decoration: underline;\"><strong>tijeras profesionales CK23<\/strong><\/span> de Termix, ideales para sacar a relucir todo el potencial de un buen cambio. Sin olvidarnos de los nuevos <span style=\"text-decoration: underline;\"><strong>C\u00b7Ramic Colors<\/strong> <\/span>de la temporada, que han llenado de matices e inspiraci\u00f3n la sala del cambio con los <strong>tres Pantone<\/strong> elegidos como tonos favoritos de 2018.<\/p>\n<p align=\"justify\"><img decoding=\"async\" class=\"alignnone size-full wp-image-12863\" src=\"http:\/\/termix.net\/wp-content\/uploads\/2018\/01\/cambiame1.jpg\" alt=\"El nuevo formato de Cambi\u00e1me contar\u00e1 de nuevo con las herramientas de peluquer\u00eda profesional de Temrix\" width=\"1160\" height=\"660\" \/><\/p>\n<p align=\"justify\">Y todo esfuerzo estil\u00edstico ha sido evaluado por un jurado de altura, compuesto por<strong> Pelayo D\u00edaz y Fiona Ferrer<\/strong>, que han valorado desde una perspectiva profesional, el nuevo estilo de <strong>Olimpia<\/strong>, la primera participante del nuevo<strong> C\u00e1mbiame<\/strong>. Con unos<span style=\"text-decoration: underline;\"><strong> rizos de altura<\/strong><\/span> propuestos por el d\u00fao<strong> Kaly Kafe y Cristina Rodr\u00edguez<\/strong> y una <strong>biker<\/strong> que aportaba una energ\u00eda desbordante a Olimpia, el look ha simbolizado la antesala de una nueva actitud ante la vida para la concursante, con mucho m\u00e1s optimismo y vitalidad.<\/p>\n<p align=\"justify\">Mucha emoci\u00f3n en esta nueva etapa del programa presentado por <strong>Carlota Corredera<\/strong> y muchas ganas\u00a0 de empezar a observar los <strong>primeros cambios de look<\/strong> tras la puerta del cambio. Una vez m\u00e1s,<strong> \u00a1gracias por elegirnos!<\/strong><\/p>\n<\/div><div class=\"fusion-clearfix\"><\/div><\/div><\/div><\/div><\/div><div class=\"fusion-fullwidth fullwidth-box fusion-builder-row-4 nonhundred-percent-fullwidth non-hundred-percent-height-scrolling\" style=\"--awb-border-radius-top-left:0px;--awb-border-radius-top-right:0px;--awb-border-radius-bottom-right:0px;--awb-border-radius-bottom-left:0px;\" ><\/div><\/p>\n","protected":false},"excerpt":{"rendered":"<p>\t\t\t\tHoy se inicia una nueva era en los probadores m\u00e1s famosos de la televisi\u00f3n. Despu\u00e9s de 600 programas con el cambio y las historias con alma como protagonistas, el programa make over \u201cCambi\u00e1me\u201d se renueva por completo. M\u00e1s estilistas, nuevos colaboradores y nuevos escenarios en un inesperado formato en directo, al m\u00e1s puro estilo reality, donde la emoci\u00f3n y las \u00faltimas tendencias te atrapar\u00e1n por partes iguales. Termix estar\u00e1 en este C\u00e1mbiame de look renovado, aportando creatividad y las herramientas de peluquer\u00eda profesional que ayudar\u00e1n a los estilistas a conseguir los mejores resultados. \u00a1Te lo explicamos todo!\t\t<\/p>\n","protected":false},"author":2,"featured_media":22197,"comment_status":"open","ping_status":"open","sticky":false,"template":"","format":"standard","meta":[],"categories":[6],"tags":[],"yoast_head":"<!-- This site is optimized with the Yoast SEO plugin v20.0 - https:\/\/yoast.com\/wordpress\/plugins\/seo\/ -->\n<title>C\u00e1mbiame renueva su look con Termix - Blog Termix Spain<\/title>\n<meta name=\"description\" content=\"Blog Termix Spain - C\u00e1mbiame renueva su look con Termix -\" \/>\n<meta name=\"robots\" content=\"index, follow, max-snippet:-1, max-image-preview:large, max-video-preview:-1\" \/>\n<link rel=\"canonical\" href=\"https:\/\/termix.net\/blog\/es\/cambiame-renueva-look-termix\/\" \/>\n<meta property=\"og:locale\" content=\"es_ES\" \/>\n<meta property=\"og:type\" content=\"article\" \/>\n<meta property=\"og:title\" content=\"C\u00e1mbiame renueva su look con Termix - Blog Termix Spain\" \/>\n<meta property=\"og:description\" content=\"Blog Termix Spain - C\u00e1mbiame renueva su look con Termix -\" \/>\n<meta property=\"og:url\" content=\"https:\/\/termix.net\/blog\/es\/cambiame-renueva-look-termix\/\" \/>\n<meta property=\"og:site_name\" content=\"Blog Termix Spain\" \/>\n<meta property=\"article:published_time\" content=\"2018-01-29T14:24:40+00:00\" \/>\n<meta property=\"article:modified_time\" content=\"2019-12-05T13:56:58+00:00\" \/>\n<meta property=\"og:image\" content=\"https:\/\/termix.net\/blog\/wp-content\/uploads\/2018\/01\/nuevo-formato-de-cambiame-1.jpg\" \/>\n\t<meta property=\"og:image:width\" content=\"1160\" \/>\n\t<meta property=\"og:image:height\" content=\"660\" \/>\n\t<meta property=\"og:image:type\" content=\"image\/jpeg\" \/>\n<meta name=\"author\" content=\"TermixTeam\" \/>\n<meta name=\"twitter:card\" content=\"summary_large_image\" \/>\n<meta name=\"twitter:label1\" content=\"Escrito por\" \/>\n\t<meta name=\"twitter:data1\" content=\"TermixTeam\" \/>\n\t<meta name=\"twitter:label2\" content=\"Tiempo de lectura\" \/>\n\t<meta name=\"twitter:data2\" content=\"9 minutos\" \/>\n<script type=\"application\/ld+json\" class=\"yoast-schema-graph\">{\"@context\":\"https:\/\/schema.org\",\"@graph\":[{\"@type\":\"Article\",\"@id\":\"https:\/\/termix.net\/blog\/es\/cambiame-renueva-look-termix\/#article\",\"isPartOf\":{\"@id\":\"https:\/\/termix.net\/blog\/es\/cambiame-renueva-look-termix\/\"},\"author\":{\"name\":\"TermixTeam\",\"@id\":\"https:\/\/termix.net\/blog\/es\/#\/schema\/person\/9096c98bdf03c8ddf91ad7172f254f40\"},\"headline\":\"C\u00e1mbiame renueva su look con Termix\",\"datePublished\":\"2018-01-29T14:24:40+00:00\",\"dateModified\":\"2019-12-05T13:56:58+00:00\",\"mainEntityOfPage\":{\"@id\":\"https:\/\/termix.net\/blog\/es\/cambiame-renueva-look-termix\/\"},\"wordCount\":1749,\"commentCount\":0,\"publisher\":{\"@id\":\"https:\/\/termix.net\/blog\/es\/#organization\"},\"articleSection\":[\"NOTICIAS\"],\"inLanguage\":\"es\",\"potentialAction\":[{\"@type\":\"CommentAction\",\"name\":\"Comment\",\"target\":[\"https:\/\/termix.net\/blog\/es\/cambiame-renueva-look-termix\/#respond\"]}]},{\"@type\":\"WebPage\",\"@id\":\"https:\/\/termix.net\/blog\/es\/cambiame-renueva-look-termix\/\",\"url\":\"https:\/\/termix.net\/blog\/es\/cambiame-renueva-look-termix\/\",\"name\":\"C\u00e1mbiame renueva su look con Termix - Blog Termix Spain\",\"isPartOf\":{\"@id\":\"https:\/\/termix.net\/blog\/es\/#website\"},\"datePublished\":\"2018-01-29T14:24:40+00:00\",\"dateModified\":\"2019-12-05T13:56:58+00:00\",\"description\":\"Blog Termix Spain - C\u00e1mbiame renueva su look con Termix -\",\"breadcrumb\":{\"@id\":\"https:\/\/termix.net\/blog\/es\/cambiame-renueva-look-termix\/#breadcrumb\"},\"inLanguage\":\"es\",\"potentialAction\":[{\"@type\":\"ReadAction\",\"target\":[\"https:\/\/termix.net\/blog\/es\/cambiame-renueva-look-termix\/\"]}]},{\"@type\":\"BreadcrumbList\",\"@id\":\"https:\/\/termix.net\/blog\/es\/cambiame-renueva-look-termix\/#breadcrumb\",\"itemListElement\":[{\"@type\":\"ListItem\",\"position\":1,\"name\":\"Home\",\"item\":\"https:\/\/termix.net\/blog\/es\/\"},{\"@type\":\"ListItem\",\"position\":2,\"name\":\"C\u00e1mbiame renueva su look con Termix\"}]},{\"@type\":\"WebSite\",\"@id\":\"https:\/\/termix.net\/blog\/es\/#website\",\"url\":\"https:\/\/termix.net\/blog\/es\/\",\"name\":\"Blog Termix Spain\",\"description\":\"Blog de tendencias y productos de peluquer\u00eda profesional.\",\"publisher\":{\"@id\":\"https:\/\/termix.net\/blog\/es\/#organization\"},\"potentialAction\":[{\"@type\":\"SearchAction\",\"target\":{\"@type\":\"EntryPoint\",\"urlTemplate\":\"https:\/\/termix.net\/blog\/es\/?s={search_term_string}\"},\"query-input\":\"required name=search_term_string\"}],\"inLanguage\":\"es\"},{\"@type\":\"Organization\",\"@id\":\"https:\/\/termix.net\/blog\/es\/#organization\",\"name\":\"Dols Industrial de Peluquer\u00eda SA\",\"url\":\"https:\/\/termix.net\/blog\/es\/\",\"logo\":{\"@type\":\"ImageObject\",\"inLanguage\":\"es\",\"@id\":\"https:\/\/termix.net\/blog\/es\/#\/schema\/logo\/image\/\",\"url\":\"https:\/\/termix.net\/blog\/wp-content\/uploads\/2020\/10\/OGbDAeng.jpeg\",\"contentUrl\":\"https:\/\/termix.net\/blog\/wp-content\/uploads\/2020\/10\/OGbDAeng.jpeg\",\"width\":800,\"height\":800,\"caption\":\"Dols Industrial de Peluquer\u00eda SA\"},\"image\":{\"@id\":\"https:\/\/termix.net\/blog\/es\/#\/schema\/logo\/image\/\"}},{\"@type\":\"Person\",\"@id\":\"https:\/\/termix.net\/blog\/es\/#\/schema\/person\/9096c98bdf03c8ddf91ad7172f254f40\",\"name\":\"TermixTeam\",\"image\":{\"@type\":\"ImageObject\",\"inLanguage\":\"es\",\"@id\":\"https:\/\/termix.net\/blog\/es\/#\/schema\/person\/image\/\",\"url\":\"https:\/\/secure.gravatar.com\/avatar\/d89f61f6bd1c29a4acb231736d1c74b3?s=96&d=mm&r=g\",\"contentUrl\":\"https:\/\/secure.gravatar.com\/avatar\/d89f61f6bd1c29a4acb231736d1c74b3?s=96&d=mm&r=g\",\"caption\":\"TermixTeam\"},\"url\":\"https:\/\/termix.net\/blog\/es\/author\/termixteam\/\"}]}<\/script>\n<!-- \/ Yoast SEO plugin. -->","yoast_head_json":{"title":"C\u00e1mbiame renueva su look con Termix - Blog Termix Spain","description":"Blog Termix Spain - C\u00e1mbiame renueva su look con Termix -","robots":{"index":"index","follow":"follow","max-snippet":"max-snippet:-1","max-image-preview":"max-image-preview:large","max-video-preview":"max-video-preview:-1"},"canonical":"https:\/\/termix.net\/blog\/es\/cambiame-renueva-look-termix\/","og_locale":"es_ES","og_type":"article","og_title":"C\u00e1mbiame renueva su look con Termix - Blog Termix Spain","og_description":"Blog Termix Spain - C\u00e1mbiame renueva su look con Termix -","og_url":"https:\/\/termix.net\/blog\/es\/cambiame-renueva-look-termix\/","og_site_name":"Blog Termix Spain","article_published_time":"2018-01-29T14:24:40+00:00","article_modified_time":"2019-12-05T13:56:58+00:00","og_image":[{"width":1160,"height":660,"url":"https:\/\/termix.net\/blog\/wp-content\/uploads\/2018\/01\/nuevo-formato-de-cambiame-1.jpg","type":"image\/jpeg"}],"author":"TermixTeam","twitter_card":"summary_large_image","twitter_misc":{"Escrito por":"TermixTeam","Tiempo de lectura":"9 minutos"},"schema":{"@context":"https:\/\/schema.org","@graph":[{"@type":"Article","@id":"https:\/\/termix.net\/blog\/es\/cambiame-renueva-look-termix\/#article","isPartOf":{"@id":"https:\/\/termix.net\/blog\/es\/cambiame-renueva-look-termix\/"},"author":{"name":"TermixTeam","@id":"https:\/\/termix.net\/blog\/es\/#\/schema\/person\/9096c98bdf03c8ddf91ad7172f254f40"},"headline":"C\u00e1mbiame renueva su look con Termix","datePublished":"2018-01-29T14:24:40+00:00","dateModified":"2019-12-05T13:56:58+00:00","mainEntityOfPage":{"@id":"https:\/\/termix.net\/blog\/es\/cambiame-renueva-look-termix\/"},"wordCount":1749,"commentCount":0,"publisher":{"@id":"https:\/\/termix.net\/blog\/es\/#organization"},"articleSection":["NOTICIAS"],"inLanguage":"es","potentialAction":[{"@type":"CommentAction","name":"Comment","target":["https:\/\/termix.net\/blog\/es\/cambiame-renueva-look-termix\/#respond"]}]},{"@type":"WebPage","@id":"https:\/\/termix.net\/blog\/es\/cambiame-renueva-look-termix\/","url":"https:\/\/termix.net\/blog\/es\/cambiame-renueva-look-termix\/","name":"C\u00e1mbiame renueva su look con Termix - Blog Termix Spain","isPartOf":{"@id":"https:\/\/termix.net\/blog\/es\/#website"},"datePublished":"2018-01-29T14:24:40+00:00","dateModified":"2019-12-05T13:56:58+00:00","description":"Blog Termix Spain - C\u00e1mbiame renueva su look con Termix -","breadcrumb":{"@id":"https:\/\/termix.net\/blog\/es\/cambiame-renueva-look-termix\/#breadcrumb"},"inLanguage":"es","potentialAction":[{"@type":"ReadAction","target":["https:\/\/termix.net\/blog\/es\/cambiame-renueva-look-termix\/"]}]},{"@type":"BreadcrumbList","@id":"https:\/\/termix.net\/blog\/es\/cambiame-renueva-look-termix\/#breadcrumb","itemListElement":[{"@type":"ListItem","position":1,"name":"Home","item":"https:\/\/termix.net\/blog\/es\/"},{"@type":"ListItem","position":2,"name":"C\u00e1mbiame renueva su look con Termix"}]},{"@type":"WebSite","@id":"https:\/\/termix.net\/blog\/es\/#website","url":"https:\/\/termix.net\/blog\/es\/","name":"Blog Termix Spain","description":"Blog de tendencias y productos de peluquer\u00eda profesional.","publisher":{"@id":"https:\/\/termix.net\/blog\/es\/#organization"},"potentialAction":[{"@type":"SearchAction","target":{"@type":"EntryPoint","urlTemplate":"https:\/\/termix.net\/blog\/es\/?s={search_term_string}"},"query-input":"required name=search_term_string"}],"inLanguage":"es"},{"@type":"Organization","@id":"https:\/\/termix.net\/blog\/es\/#organization","name":"Dols Industrial de Peluquer\u00eda SA","url":"https:\/\/termix.net\/blog\/es\/","logo":{"@type":"ImageObject","inLanguage":"es","@id":"https:\/\/termix.net\/blog\/es\/#\/schema\/logo\/image\/","url":"https:\/\/termix.net\/blog\/wp-content\/uploads\/2020\/10\/OGbDAeng.jpeg","contentUrl":"https:\/\/termix.net\/blog\/wp-content\/uploads\/2020\/10\/OGbDAeng.jpeg","width":800,"height":800,"caption":"Dols Industrial de Peluquer\u00eda SA"},"image":{"@id":"https:\/\/termix.net\/blog\/es\/#\/schema\/logo\/image\/"}},{"@type":"Person","@id":"https:\/\/termix.net\/blog\/es\/#\/schema\/person\/9096c98bdf03c8ddf91ad7172f254f40","name":"TermixTeam","image":{"@type":"ImageObject","inLanguage":"es","@id":"https:\/\/termix.net\/blog\/es\/#\/schema\/person\/image\/","url":"https:\/\/secure.gravatar.com\/avatar\/d89f61f6bd1c29a4acb231736d1c74b3?s=96&d=mm&r=g","contentUrl":"https:\/\/secure.gravatar.com\/avatar\/d89f61f6bd1c29a4acb231736d1c74b3?s=96&d=mm&r=g","caption":"TermixTeam"},"url":"https:\/\/termix.net\/blog\/es\/author\/termixteam\/"}]}},"_links":{"self":[{"href":"https:\/\/termix.net\/blog\/es\/wp-json\/wp\/v2\/posts\/12861"}],"collection":[{"href":"https:\/\/termix.net\/blog\/es\/wp-json\/wp\/v2\/posts"}],"about":[{"href":"https:\/\/termix.net\/blog\/es\/wp-json\/wp\/v2\/types\/post"}],"author":[{"embeddable":true,"href":"https:\/\/termix.net\/blog\/es\/wp-json\/wp\/v2\/users\/2"}],"replies":[{"embeddable":true,"href":"https:\/\/termix.net\/blog\/es\/wp-json\/wp\/v2\/comments?post=12861"}],"version-history":[{"count":3,"href":"https:\/\/termix.net\/blog\/es\/wp-json\/wp\/v2\/posts\/12861\/revisions"}],"predecessor-version":[{"id":22202,"href":"https:\/\/termix.net\/blog\/es\/wp-json\/wp\/v2\/posts\/12861\/revisions\/22202"}],"wp:featuredmedia":[{"embeddable":true,"href":"https:\/\/termix.net\/blog\/es\/wp-json\/wp\/v2\/media\/22197"}],"wp:attachment":[{"href":"https:\/\/termix.net\/blog\/es\/wp-json\/wp\/v2\/media?parent=12861"}],"wp:term":[{"taxonomy":"category","embeddable":true,"href":"https:\/\/termix.net\/blog\/es\/wp-json\/wp\/v2\/categories?post=12861"},{"taxonomy":"post_tag","embeddable":true,"href":"https:\/\/termix.net\/blog\/es\/wp-json\/wp\/v2\/tags?post=12861"}],"curies":[{"name":"wp","href":"https:\/\/api.w.org\/{rel}","templated":true}]}}