{"id":12485,"date":"2017-12-21T10:32:34","date_gmt":"2017-12-21T10:32:34","guid":{"rendered":"http:\/\/termix.net\/?p=12485"},"modified":"2019-12-05T15:29:38","modified_gmt":"2019-12-05T14:29:38","slug":"2017-un-ano-de-exitos-gracias-a-todos-vosotros","status":"publish","type":"post","link":"https:\/\/termix.net\/blog\/es\/2017-un-ano-de-exitos-gracias-a-todos-vosotros\/","title":{"rendered":"2017: un a\u00f1o de \u00e9xitos gracias a todos vosotros"},"content":{"rendered":"<p><div class=\"fusion-fullwidth fullwidth-box fusion-builder-row-1 faded-background fusion-parallax-none nonhundred-percent-fullwidth non-hundred-percent-height-scrolling fusion-no-small-visibility fusion-no-medium-visibility\" style=\"--awb-border-radius-top-left:0px;--awb-border-radius-top-right:0px;--awb-border-radius-bottom-right:0px;--awb-border-radius-bottom-left:0px;--awb-padding-top:24%;--awb-padding-right:3%;--awb-padding-left:3%;--awb-background-size:cover;\" ><div class=\"fullwidth-faded\" style=\"--awb-background-color:#181818;--awb-background-image:url(https:\/\/termix.net\/blog\/wp-content\/uploads\/2018\/02\/jose-manuelweb.jpg);--awb-background-size:cover;\" ><\/div><div class=\"fusion-builder-row fusion-row\"><div class=\"fusion-layout-column fusion_builder_column fusion-builder-column-0 fusion_builder_column_1_1 1_1 fusion-one-full fusion-column-first fusion-column-last\" style=\"--awb-padding-top:6%;--awb-padding-right:8%;--awb-padding-bottom:6%;--awb-padding-left:8%;--awb-bg-color:rgba(255,255,255,0.7);--awb-bg-size:cover;--awb-margin-top:0px;--awb-margin-bottom:0px;\"><div class=\"fusion-column-wrapper fusion-column-has-shadow fusion-flex-column-wrapper-legacy\"><div class=\"fusion-text fusion-text-1 caption\"><p style=\"text-align: center;\">Noticias \u2014 3 min de lectura<\/p>\n<\/div><div class=\"fusion-title title fusion-title-1 fusion-sep-none fusion-title-center fusion-title-text fusion-title-size-two\" style=\"--awb-margin-top:30px;--awb-margin-bottom:20px;\"><h2 class=\"title-heading-center fusion-responsive-typography-calculated\" style=\"margin:0;--fontSize:50;line-height:1.28;\">2017: un a\u00f1o de \u00e9xitos gracias a todos vosotros<\/h2><\/div><div class=\"fusion-clearfix\"><\/div><\/div><\/div><\/div><\/div><div class=\"fusion-fullwidth fullwidth-box fusion-builder-row-2 fusion-parallax-none nonhundred-percent-fullwidth non-hundred-percent-height-scrolling fusion-no-large-visibility\" style=\"--awb-border-radius-top-left:0px;--awb-border-radius-top-right:0px;--awb-border-radius-bottom-right:0px;--awb-border-radius-bottom-left:0px;--awb-background-image:url(&quot;https:\/\/termix.net\/blog\/wp-content\/uploads\/2019\/11\/con-el-secador-compacto-profesioanl-4300-de-termix-damos-volumen-al-cabello-1.jpg&quot;);--awb-background-size:cover;\" ><div class=\"fusion-builder-row fusion-row\"><div class=\"fusion-layout-column fusion_builder_column fusion-builder-column-1 fusion_builder_column_1_1 1_1 fusion-one-full fusion-column-first fusion-column-last fusion-column-inner-bg-wrapper\" style=\"--awb-padding-top:10%;--awb-padding-bottom:10%;--awb-inner-bg-image:url(&#039;http:\/\/termix.net\/blog\/wp-content\/uploads\/2019\/03\/single-blog-post-feat.jpg&#039;);--awb-inner-bg-position:center center;--awb-inner-bg-size:cover;\"><span class=\"fusion-column-inner-bg hover-type-zoomout\"><span class=\"fusion-column-anchor\"><span class=\"fusion-column-inner-bg-image\"><\/span><\/span><\/span><div class=\"fusion-column-wrapper fusion-flex-column-wrapper-legacy\" data-bg-url=\"http:\/\/termix.net\/blog\/wp-content\/uploads\/2019\/03\/single-blog-post-feat.jpg\"><div class=\"fusion-sep-clear\"><\/div><div class=\"fusion-separator fusion-no-large-visibility fusion-full-width-sep\" style=\"margin-left: auto;margin-right: auto;margin-top:200px;width:100%;\"><\/div><div class=\"fusion-sep-clear\"><\/div><div class=\"fusion-clearfix\"><\/div><\/div><\/div><div class=\"fusion-layout-column fusion_builder_column fusion-builder-column-2 fusion_builder_column_1_1 1_1 fusion-one-full fusion-column-first fusion-column-last\" style=\"--awb-padding-top:6%;--awb-bg-color:#ffffff;--awb-bg-size:cover;--awb-margin-top:0px;--awb-margin-bottom:0px;\"><div class=\"fusion-column-wrapper fusion-flex-column-wrapper-legacy\"><div class=\"fusion-text fusion-text-2 caption\"><p style=\"text-align: center;\">Noticias \u2014 3 min de lectura<\/p>\n<\/div><div class=\"fusion-title title fusion-title-2 fusion-sep-none fusion-title-center fusion-title-text fusion-title-size-two\" style=\"--awb-margin-top:30px;--awb-margin-bottom:20px;\"><h2 class=\"title-heading-center fusion-responsive-typography-calculated\" style=\"margin:0;--fontSize:50;line-height:1.28;\">2017: un a\u00f1o de \u00e9xitos gracias a todos vosotros<\/h2><\/div><div class=\"fusion-clearfix\"><\/div><\/div><\/div><\/div><\/div><div class=\"fusion-fullwidth fullwidth-box fusion-builder-row-3 nonhundred-percent-fullwidth non-hundred-percent-height-scrolling\" style=\"--awb-border-radius-top-left:0px;--awb-border-radius-top-right:0px;--awb-border-radius-bottom-right:0px;--awb-border-radius-bottom-left:0px;--awb-padding-top:10px;--awb-padding-bottom:4%;\" ><div class=\"fusion-builder-row fusion-row\"><div class=\"fusion-layout-column fusion_builder_column fusion-builder-column-3 fusion_builder_column_1_6 1_6 fusion-one-sixth fusion-column-first fusion-no-small-visibility fusion-no-medium-visibility\" style=\"--awb-bg-size:cover;width:16.666666666667%;width:calc(16.666666666667% - ( ( 0 ) * 0.16666666666667 ) );margin-right: 0px;\"><div class=\"fusion-column-wrapper fusion-flex-column-wrapper-legacy\"><div class=\"fusion-clearfix\"><\/div><\/div><\/div><div class=\"fusion-layout-column fusion_builder_column fusion-builder-column-4 fusion_builder_column_2_3 2_3 fusion-two-third fusion-column-last\" style=\"--awb-bg-size:cover;width:66.666666666667%;width:calc(66.666666666667% - ( ( 0 ) * 0.66666666666667 ) );\"><div class=\"fusion-column-wrapper fusion-flex-column-wrapper-legacy\"><div class=\"fusion-sep-clear\"><\/div><div class=\"fusion-separator fusion-full-width-sep\" style=\"margin-left: auto;margin-right: auto;margin-top:30px;width:100%;\"><\/div><div class=\"fusion-sep-clear\"><\/div><div class=\"fusion-text fusion-text-3\"><p style=\"text-align: center;\"><strong><span style=\"font-size: 22px; line-height: 1.5em;\">Eventos, colaboraciones, lanzamientos, viajes, ferias\u2026 <\/span><\/strong><\/p>\n<p style=\"text-align: center;\"><span style=\"font-size: 22px; line-height: 1.5em;\">2017 ha sido un a\u00f1o muy especial e intenso para Termix y es que, m\u00e1s all\u00e1 de cumplir <strong>tres d\u00e9cadas en el mundo de la peluquer\u00eda profesional<\/strong>, tambi\u00e9n ha significado el contacto directo con muchos profesionales que han aportado su amplia experiencia para lograr un a\u00f1o repleto de \u00e9xitos. Y para reconocer el esfuerzo y dedicaci\u00f3n que entre todos hemos llevado a cabo para conseguir esta magn\u00edfica conclusi\u00f3n, queremos ofreceros un <strong>balance de nuestro a\u00f1o 2017,<\/strong> que se cierra de la mejor manera posible: con la necesidad de continuar creciendo y evolucionando para y por todos vosotros. <\/span><\/p>\n<p style=\"text-align: center;\"><strong><span style=\"font-size: 22px; line-height: 1.5em;\">\u00a1Bienvenidos a la review de la gran experiencia Termix del a\u00f1o 2017!<\/span><\/strong><\/p>\n<\/div><div class=\"fusion-sep-clear\"><\/div><div class=\"fusion-separator fusion-full-width-sep\" style=\"margin-left: auto;margin-right: auto;margin-top:30px;width:100%;\"><\/div><div class=\"fusion-sep-clear\"><\/div><div class=\"fusion-text fusion-text-4\"><div class=\"fusion-video fusion-youtube\" style=\"--awb-max-width:600px;--awb-max-height:360px;\"><div class=\"video-shortcode\"><div class=\"fluid-width-video-wrapper\" style=\"padding-top:60%;\" ><iframe title=\"YouTube video player 1\" src=\"https:\/\/www.youtube.com\/embed\/aCh_i1OZfRQ?wmode=transparent&autoplay=0\" width=\"600\" height=\"360\" allowfullscreen allow=\"autoplay; fullscreen\"><\/iframe><\/div><\/div><\/div>\n<h2 style=\"text-align: justify;\">30 a\u00f1os de trayectoria.<\/h2>\n<p style=\"text-align: justify;\">\u201c<em>Detr\u00e1s del cepillo profesional est\u00e1 la innovaci\u00f3n y detr\u00e1s de la innovaci\u00f3n est\u00e1n las personas<\/em>\u201d,\u00a0 de esta manera se define la <strong>filosof\u00eda Termix<\/strong>, que toma como prioridad el <strong>trabajo en equipo y la creaci\u00f3n de nuevos productos<\/strong>, respondiendo a las <strong>demandas de los profesionales y clientes<\/strong> que conf\u00edan en la calidad de las herramientas de peluquer\u00eda profesional de la marca. Precisamente, es gracias a la colaboraci\u00f3n de todo un equipo humano que se ha logrado un crecimiento exponencial a lo largo de <span style=\"text-decoration: underline;\"><strong>30 a\u00f1os de trayectoria<\/strong><\/span>. Tres d\u00e9cadas de historia bajo el lema \u201c<em>siempre es posible innovar y mejorar<\/em>\u201d que este 2017 se ganaron el galard\u00f3n <strong>Kokoro Awards a la Mejor Trayectoria<\/strong> durante la <span style=\"text-decoration: underline;\"><strong>Expo Beauty Show<\/strong><\/span> de M\u00e9xico.<\/p>\n<p><img decoding=\"async\" class=\"alignnone size-full wp-image-22218\" src=\"https:\/\/termix.net\/blog\/wp-content\/uploads\/2017\/12\/FERIAS-FOTO.jpg\" alt=\"resumen termix 2017\" width=\"1160\" height=\"660\" srcset=\"https:\/\/termix.net\/blog\/wp-content\/uploads\/2017\/12\/FERIAS-FOTO-200x114.jpg 200w, https:\/\/termix.net\/blog\/wp-content\/uploads\/2017\/12\/FERIAS-FOTO-300x171.jpg 300w, https:\/\/termix.net\/blog\/wp-content\/uploads\/2017\/12\/FERIAS-FOTO-400x228.jpg 400w, https:\/\/termix.net\/blog\/wp-content\/uploads\/2017\/12\/FERIAS-FOTO-600x341.jpg 600w, https:\/\/termix.net\/blog\/wp-content\/uploads\/2017\/12\/FERIAS-FOTO-768x437.jpg 768w, https:\/\/termix.net\/blog\/wp-content\/uploads\/2017\/12\/FERIAS-FOTO-800x455.jpg 800w, https:\/\/termix.net\/blog\/wp-content\/uploads\/2017\/12\/FERIAS-FOTO-1024x583.jpg 1024w, https:\/\/termix.net\/blog\/wp-content\/uploads\/2017\/12\/FERIAS-FOTO.jpg 1160w\" sizes=\"(max-width: 1160px) 100vw, 1160px\" \/><\/p>\n<p style=\"text-align: justify;\">Pero este no ha sido el \u00fanico \u00e9xito que Termix ha sumado a su largo recorrido. Partiendo de una explosi\u00f3n de dorado y en un stand que garantizaba la inmersi\u00f3n total en la experiencia Termix, las ferias de <span style=\"text-decoration: underline;\"><strong>Cosmoprof Bolonia<\/strong><\/span> y la\u00a0<span style=\"text-decoration: underline;\"><strong>de Barcelona CosmoBeauty<\/strong><\/span> fue la encargada de iniciar un gran<strong> tour mundial<\/strong> de ferias y eventos. Y as\u00ed, con este esp\u00edritu de mejora constante, los<span style=\"text-decoration: underline;\"><strong> 30 a\u00f1os de Termix<\/strong><\/span> fueron visitando distintos puntos clave del panorama internacional. <strong>Lisboa<\/strong>, <span style=\"text-decoration: underline;\"><strong>Las Vegas<\/strong><\/span>, <span style=\"text-decoration: underline;\"><strong>Poznan<\/strong><\/span>, <span style=\"text-decoration: underline;\"><strong>Bogot\u00e1<\/strong><\/span>, <span style=\"text-decoration: underline;\"><strong>Madrid<\/strong><\/span>, <strong>Hong Kong<\/strong>,<strong> Chile<\/strong>, <strong>M\u00e9xico<\/strong> o <strong>Par\u00eds<\/strong>, han sido los <span style=\"text-decoration: underline;\"><strong>destinos de este 2017<\/strong><\/span>, convirti\u00e9ndose en todo un desaf\u00edo para Termix que ha conseguido fortalecer su presencia a nivel mundial.<\/p>\n<h2>Los profesionales\u00a0 han decidido apostar por la confianza<\/h2>\n<p style=\"text-align: justify;\">Un logro hecho realidad gracias a la calidad de sus productos y a la colaboraci\u00f3n de todos los profesionales de la est\u00e9tica y la peluquer\u00eda que, un a\u00f1o m\u00e1s, han decidido apostar por Termix como su marca de confianza y referencia. \u201c<em>Me quedo con Termix, seguro<\/em>\u201d el estilista <strong>Juan Jos\u00e9 Guzm\u00e1n<\/strong> lo tiene muy claro, resumiendo as\u00ed la actitud de muchos profesionales que demuestran totalmente su devoci\u00f3n por la marca. Se trata de un reconocimiento avalado tambi\u00e9n por publicaciones especializadas en <strong>belleza y\/o peluquer\u00eda profesional<\/strong> mejor valoradas del panorama nacional como <strong>Est\u00e9tica, Tocado o \u00a0Coiffure \u00a0<\/strong>y algunas de alta relevancia en el <strong>mundo de la moda<\/strong> como <strong>InStyle, Esquire, Marie Claire o Vogue<\/strong>.<\/p>\n<p><img decoding=\"async\" class=\"alignnone size-full wp-image-22224\" src=\"https:\/\/termix.net\/blog\/wp-content\/uploads\/2017\/12\/FAMOSOSTERMIX.jpg\" alt=\"\" width=\"1160\" height=\"660\" srcset=\"https:\/\/termix.net\/blog\/wp-content\/uploads\/2017\/12\/FAMOSOSTERMIX-200x114.jpg 200w, https:\/\/termix.net\/blog\/wp-content\/uploads\/2017\/12\/FAMOSOSTERMIX-300x171.jpg 300w, https:\/\/termix.net\/blog\/wp-content\/uploads\/2017\/12\/FAMOSOSTERMIX-400x228.jpg 400w, https:\/\/termix.net\/blog\/wp-content\/uploads\/2017\/12\/FAMOSOSTERMIX-600x341.jpg 600w, https:\/\/termix.net\/blog\/wp-content\/uploads\/2017\/12\/FAMOSOSTERMIX-768x437.jpg 768w, https:\/\/termix.net\/blog\/wp-content\/uploads\/2017\/12\/FAMOSOSTERMIX-800x455.jpg 800w, https:\/\/termix.net\/blog\/wp-content\/uploads\/2017\/12\/FAMOSOSTERMIX-1024x583.jpg 1024w, https:\/\/termix.net\/blog\/wp-content\/uploads\/2017\/12\/FAMOSOSTERMIX.jpg 1160w\" sizes=\"(max-width: 1160px) 100vw, 1160px\" \/><\/p>\n<p style=\"text-align: justify;\">O colaboraciones junto a personajes tan conocidos como <strong>\u00c1lex Casademunt, Torito, Irene Rosales, Marco Ferri<\/strong> o el <strong>extronista Iv\u00e1n Gonz\u00e1lez<\/strong>. Una recopilaci\u00f3n de caras conocidas que han colaborado, un a\u00f1o m\u00e1s, a que Termix haya destacado como empresa l\u00edder en el sector de herramientas de peluquer\u00eda profesional.<\/p>\n<p style=\"text-align: justify;\">\u201cGracias por complementar el trabajo del peluquero aportando las herramientas de peluquer\u00eda profesional que facilitan el trabajo\u201d el peluquero Bruno Salas valora de esta manera los productos Termix y sus novedades de 2017. Hemos visto tutoriales procedentes directamente de Tenerife, a cargo de Melania Hern\u00e1ndez con inspiraci\u00f3n Boho Chic; tendencias de Hollywood adaptadas al d\u00eda a d\u00eda barcelon\u00e9s con Alexis Continente o estar alerta de la actual revoluci\u00f3n de las barber\u00edas junto a Emilio Ballester, donde grandes profesionales han sacado partido a las novedades de Termix y tambi\u00e9n a sus productos m\u00e1s emblem\u00e1ticos. Y gracias al Know How de profesionales de la est\u00e9tica y la peluquer\u00eda hemos mantenido el contacto con las nuevas tendencias de las pasarelas, promoviendo as\u00ed, el cuidado inteligente del cabello desde una perspectiva \u00a0actual y din\u00e1mica.<\/p>\n<p><img decoding=\"async\" class=\"alignnone size-full wp-image-22222\" src=\"https:\/\/termix.net\/blog\/wp-content\/uploads\/2017\/12\/ESTILISTASCONTERMIX.jpg\" alt=\"\" width=\"1160\" height=\"660\" srcset=\"https:\/\/termix.net\/blog\/wp-content\/uploads\/2017\/12\/ESTILISTASCONTERMIX-200x114.jpg 200w, https:\/\/termix.net\/blog\/wp-content\/uploads\/2017\/12\/ESTILISTASCONTERMIX-300x171.jpg 300w, https:\/\/termix.net\/blog\/wp-content\/uploads\/2017\/12\/ESTILISTASCONTERMIX-400x228.jpg 400w, https:\/\/termix.net\/blog\/wp-content\/uploads\/2017\/12\/ESTILISTASCONTERMIX-600x341.jpg 600w, https:\/\/termix.net\/blog\/wp-content\/uploads\/2017\/12\/ESTILISTASCONTERMIX-768x437.jpg 768w, https:\/\/termix.net\/blog\/wp-content\/uploads\/2017\/12\/ESTILISTASCONTERMIX-800x455.jpg 800w, https:\/\/termix.net\/blog\/wp-content\/uploads\/2017\/12\/ESTILISTASCONTERMIX-1024x583.jpg 1024w, https:\/\/termix.net\/blog\/wp-content\/uploads\/2017\/12\/ESTILISTASCONTERMIX.jpg 1160w\" sizes=\"(max-width: 1160px) 100vw, 1160px\" \/><\/p>\n<p style=\"text-align: justify;\">Por otro lado, tambi\u00e9n ha sido un a\u00f1o destinado a la cultura y el entretenimiento. Con ello nos referimos a las constantes incursiones de Termix en camerinos de series y producciones de televisi\u00f3n como<strong> Amar es para siempre, Got Talent, MasterChef, Mira lo que has hecho o Cuando los \u00c1ngeles Duermen y en programas tan exitosos como S\u00e1lvame, Cazamariposas o C\u00e1mbiame.<\/strong><\/p>\n<p><img decoding=\"async\" class=\"alignnone size-full wp-image-22197\" src=\"https:\/\/termix.net\/blog\/wp-content\/uploads\/2018\/01\/nuevo-formato-de-cambiame-1.jpg\" alt=\"nuevo-formato-de-cambiame con Termix\" width=\"1160\" height=\"660\" srcset=\"https:\/\/termix.net\/blog\/wp-content\/uploads\/2018\/01\/nuevo-formato-de-cambiame-1-200x114.jpg 200w, https:\/\/termix.net\/blog\/wp-content\/uploads\/2018\/01\/nuevo-formato-de-cambiame-1-300x171.jpg 300w, https:\/\/termix.net\/blog\/wp-content\/uploads\/2018\/01\/nuevo-formato-de-cambiame-1-400x228.jpg 400w, https:\/\/termix.net\/blog\/wp-content\/uploads\/2018\/01\/nuevo-formato-de-cambiame-1-600x341.jpg 600w, https:\/\/termix.net\/blog\/wp-content\/uploads\/2018\/01\/nuevo-formato-de-cambiame-1-768x437.jpg 768w, https:\/\/termix.net\/blog\/wp-content\/uploads\/2018\/01\/nuevo-formato-de-cambiame-1-800x455.jpg 800w, https:\/\/termix.net\/blog\/wp-content\/uploads\/2018\/01\/nuevo-formato-de-cambiame-1-1024x583.jpg 1024w, https:\/\/termix.net\/blog\/wp-content\/uploads\/2018\/01\/nuevo-formato-de-cambiame-1.jpg 1160w\" sizes=\"(max-width: 1160px) 100vw, 1160px\" \/><\/p>\n<p style=\"text-align: justify;\">Pero la innovaci\u00f3n no s\u00f3lo pasa por la incorporaci\u00f3n de mejoras eficientes en el proceso de producci\u00f3n, sino que en Termix tambi\u00e9n dedicamos esfuerzos para sumarnos a la nueva era de la comunicaci\u00f3n, donde la interacci\u00f3n con el usuario y la escucha activa ganan peso. Es por ello que 2017 se ha caracterizado por proyectos como el <strong>#TermixChallenge<\/strong> o el <strong>#CosmetikTrip9<\/strong> que han contado con la con la colaboraci\u00f3n de <strong>influencers y bloggers<\/strong> muy conocidas, apostando por las Redes Sociales como nuevo portal de expresi\u00f3n y contacto directo con el p\u00fablico. Nombres como <strong>Trendy Antonella<\/strong>, <strong>Gala Moix,\u00a0<\/strong><strong>Chabel Seijo<\/strong>\u00a0o <strong>Alba Paul Ferrer<\/strong> han sonado como embajadoras de lujo de Termix en el espacio tan din\u00e1mico de nuestro perfil de Instagram <span style=\"text-decoration: underline;\"><strong>@termixoficial<\/strong><\/span>.<\/p>\n<p><img decoding=\"async\" class=\"alignnone size-full wp-image-21765\" src=\"https:\/\/termix.net\/blog\/wp-content\/uploads\/2019\/08\/masterchef-cepillos-Termix.jpg\" alt=\"Termix se adentra en Mastercheff celebritie 4\" width=\"1160\" height=\"653\" srcset=\"https:\/\/termix.net\/blog\/wp-content\/uploads\/2019\/08\/masterchef-cepillos-Termix-200x113.jpg 200w, https:\/\/termix.net\/blog\/wp-content\/uploads\/2019\/08\/masterchef-cepillos-Termix-300x169.jpg 300w, https:\/\/termix.net\/blog\/wp-content\/uploads\/2019\/08\/masterchef-cepillos-Termix-400x225.jpg 400w, https:\/\/termix.net\/blog\/wp-content\/uploads\/2019\/08\/masterchef-cepillos-Termix-600x338.jpg 600w, https:\/\/termix.net\/blog\/wp-content\/uploads\/2019\/08\/masterchef-cepillos-Termix-768x432.jpg 768w, https:\/\/termix.net\/blog\/wp-content\/uploads\/2019\/08\/masterchef-cepillos-Termix-800x450.jpg 800w, https:\/\/termix.net\/blog\/wp-content\/uploads\/2019\/08\/masterchef-cepillos-Termix-1024x576.jpg 1024w, https:\/\/termix.net\/blog\/wp-content\/uploads\/2019\/08\/masterchef-cepillos-Termix.jpg 1160w\" sizes=\"(max-width: 1160px) 100vw, 1160px\" \/><\/p>\n<p style=\"text-align: justify;\">Termix tambi\u00e9n ha dedicado esfuerzos a la transmisi\u00f3n de conocimiento aplicado exportando formaciones y cursos junto a los profesionales m\u00e1s destacados de la actualidad. Como ejemplo, tenemos los exitosos <strong>Workshops de barber\u00eda Termix Fusion<\/strong> impartidos por el d\u00fao de barberos <strong>Arthur Heiderick<\/strong> y<strong> Danilo Alfonso<\/strong>, que se sumaron a la actual revoluci\u00f3n de la barba, apostando por la transmisi\u00f3n de conocimientos profesionales aplicados sobre las herramientas m\u00e1s punteras y t\u00e9cnicas de corte m\u00e1s vanguardistas.<\/p>\n<p><img decoding=\"async\" class=\"alignnone size-full wp-image-22220\" src=\"https:\/\/termix.net\/blog\/wp-content\/uploads\/2017\/12\/INFLUENCERS3.jpg\" alt=\"\" width=\"1160\" height=\"660\" srcset=\"https:\/\/termix.net\/blog\/wp-content\/uploads\/2017\/12\/INFLUENCERS3-200x114.jpg 200w, https:\/\/termix.net\/blog\/wp-content\/uploads\/2017\/12\/INFLUENCERS3-300x171.jpg 300w, https:\/\/termix.net\/blog\/wp-content\/uploads\/2017\/12\/INFLUENCERS3-400x228.jpg 400w, https:\/\/termix.net\/blog\/wp-content\/uploads\/2017\/12\/INFLUENCERS3-600x341.jpg 600w, https:\/\/termix.net\/blog\/wp-content\/uploads\/2017\/12\/INFLUENCERS3-768x437.jpg 768w, https:\/\/termix.net\/blog\/wp-content\/uploads\/2017\/12\/INFLUENCERS3-800x455.jpg 800w, https:\/\/termix.net\/blog\/wp-content\/uploads\/2017\/12\/INFLUENCERS3-1024x583.jpg 1024w, https:\/\/termix.net\/blog\/wp-content\/uploads\/2017\/12\/INFLUENCERS3.jpg 1160w\" sizes=\"(max-width: 1160px) 100vw, 1160px\" \/><\/p>\n<p style=\"text-align: justify;\">Y despu\u00e9s de este repaso exhaustivo a un a\u00f1o de actividad fren\u00e9tica, queremos volver a <strong>agradecer la colaboraci\u00f3n de todos y cada uno<\/strong> de los estilistas, peluqueros, profesionales de la est\u00e9tica, distribuidores, clientes, lectores, celebrities, actores\u2026 en definitiva, personas. Porque gracias a la<strong> confianza que todos vosotros deposit\u00e1is en Termix<\/strong>, \u00a0podemos continuar creciendo y apostando por ofrecer herramientas de peluquer\u00eda profesional de calidad. <strong>\u00a1Por otro a\u00f1o m\u00e1s de \u00e9xitos!\u00a0<\/strong><\/p>\n<\/div><div class=\"fusion-clearfix\"><\/div><\/div><\/div><\/div><\/div><div class=\"fusion-fullwidth fullwidth-box fusion-builder-row-4 nonhundred-percent-fullwidth non-hundred-percent-height-scrolling\" style=\"--awb-border-radius-top-left:0px;--awb-border-radius-top-right:0px;--awb-border-radius-bottom-right:0px;--awb-border-radius-bottom-left:0px;\" ><\/div><\/p>\n","protected":false},"excerpt":{"rendered":"<p>\t\t\t\tPara reconocer el esfuerzo\u00a0 y dedicaci\u00f3n que entre todos hemos llevado a cabo para conseguir esta magn\u00edfica conclusi\u00f3n, queremos ofreceros un balance de nuestro a\u00f1o 2017, que se cierra de la mejor manera posible: con la necesidad de continuar creciendo y evolucionando para y por todos vosotros. \u00a1Bienvenidos a la review de la gran experiencia Termix del a\u00f1o 2017!\t\t<\/p>\n","protected":false},"author":2,"featured_media":22218,"comment_status":"open","ping_status":"open","sticky":false,"template":"","format":"standard","meta":[],"categories":[6],"tags":[],"yoast_head":"<!-- This site is optimized with the Yoast SEO plugin v20.0 - https:\/\/yoast.com\/wordpress\/plugins\/seo\/ -->\n<title>2017: un a\u00f1o de \u00e9xitos gracias a todos vosotros - Blog Termix Spain<\/title>\n<meta name=\"description\" content=\"Blog Termix Spain - 2017: un a\u00f1o de \u00e9xitos gracias a todos vosotros -\" \/>\n<meta name=\"robots\" content=\"index, follow, max-snippet:-1, max-image-preview:large, max-video-preview:-1\" \/>\n<link rel=\"canonical\" href=\"https:\/\/termix.net\/blog\/es\/2017-un-ano-de-exitos-gracias-a-todos-vosotros\/\" \/>\n<meta property=\"og:locale\" content=\"es_ES\" \/>\n<meta property=\"og:type\" content=\"article\" \/>\n<meta property=\"og:title\" content=\"2017: un a\u00f1o de \u00e9xitos gracias a todos vosotros - Blog Termix Spain\" \/>\n<meta property=\"og:description\" content=\"Blog Termix Spain - 2017: un a\u00f1o de \u00e9xitos gracias a todos vosotros -\" \/>\n<meta property=\"og:url\" content=\"https:\/\/termix.net\/blog\/es\/2017-un-ano-de-exitos-gracias-a-todos-vosotros\/\" \/>\n<meta property=\"og:site_name\" content=\"Blog Termix Spain\" \/>\n<meta property=\"article:published_time\" content=\"2017-12-21T10:32:34+00:00\" \/>\n<meta property=\"article:modified_time\" content=\"2019-12-05T14:29:38+00:00\" \/>\n<meta property=\"og:image\" content=\"https:\/\/termix.net\/blog\/wp-content\/uploads\/2017\/12\/FERIAS-FOTO.jpg\" \/>\n\t<meta property=\"og:image:width\" content=\"1160\" \/>\n\t<meta property=\"og:image:height\" content=\"660\" \/>\n\t<meta property=\"og:image:type\" content=\"image\/jpeg\" \/>\n<meta name=\"author\" content=\"TermixTeam\" \/>\n<meta name=\"twitter:card\" content=\"summary_large_image\" \/>\n<meta name=\"twitter:label1\" content=\"Escrito por\" \/>\n\t<meta name=\"twitter:data1\" content=\"TermixTeam\" \/>\n\t<meta name=\"twitter:label2\" content=\"Tiempo de lectura\" \/>\n\t<meta name=\"twitter:data2\" content=\"11 minutos\" \/>\n<script type=\"application\/ld+json\" class=\"yoast-schema-graph\">{\"@context\":\"https:\/\/schema.org\",\"@graph\":[{\"@type\":\"Article\",\"@id\":\"https:\/\/termix.net\/blog\/es\/2017-un-ano-de-exitos-gracias-a-todos-vosotros\/#article\",\"isPartOf\":{\"@id\":\"https:\/\/termix.net\/blog\/es\/2017-un-ano-de-exitos-gracias-a-todos-vosotros\/\"},\"author\":{\"name\":\"TermixTeam\",\"@id\":\"https:\/\/termix.net\/blog\/es\/#\/schema\/person\/9096c98bdf03c8ddf91ad7172f254f40\"},\"headline\":\"2017: un a\u00f1o de \u00e9xitos gracias a todos vosotros\",\"datePublished\":\"2017-12-21T10:32:34+00:00\",\"dateModified\":\"2019-12-05T14:29:38+00:00\",\"mainEntityOfPage\":{\"@id\":\"https:\/\/termix.net\/blog\/es\/2017-un-ano-de-exitos-gracias-a-todos-vosotros\/\"},\"wordCount\":2267,\"commentCount\":0,\"publisher\":{\"@id\":\"https:\/\/termix.net\/blog\/es\/#organization\"},\"articleSection\":[\"NOTICIAS\"],\"inLanguage\":\"es\",\"potentialAction\":[{\"@type\":\"CommentAction\",\"name\":\"Comment\",\"target\":[\"https:\/\/termix.net\/blog\/es\/2017-un-ano-de-exitos-gracias-a-todos-vosotros\/#respond\"]}]},{\"@type\":\"WebPage\",\"@id\":\"https:\/\/termix.net\/blog\/es\/2017-un-ano-de-exitos-gracias-a-todos-vosotros\/\",\"url\":\"https:\/\/termix.net\/blog\/es\/2017-un-ano-de-exitos-gracias-a-todos-vosotros\/\",\"name\":\"2017: un a\u00f1o de \u00e9xitos gracias a todos vosotros - Blog Termix Spain\",\"isPartOf\":{\"@id\":\"https:\/\/termix.net\/blog\/es\/#website\"},\"datePublished\":\"2017-12-21T10:32:34+00:00\",\"dateModified\":\"2019-12-05T14:29:38+00:00\",\"description\":\"Blog Termix Spain - 2017: un a\u00f1o de \u00e9xitos gracias a todos vosotros -\",\"breadcrumb\":{\"@id\":\"https:\/\/termix.net\/blog\/es\/2017-un-ano-de-exitos-gracias-a-todos-vosotros\/#breadcrumb\"},\"inLanguage\":\"es\",\"potentialAction\":[{\"@type\":\"ReadAction\",\"target\":[\"https:\/\/termix.net\/blog\/es\/2017-un-ano-de-exitos-gracias-a-todos-vosotros\/\"]}]},{\"@type\":\"BreadcrumbList\",\"@id\":\"https:\/\/termix.net\/blog\/es\/2017-un-ano-de-exitos-gracias-a-todos-vosotros\/#breadcrumb\",\"itemListElement\":[{\"@type\":\"ListItem\",\"position\":1,\"name\":\"Home\",\"item\":\"https:\/\/termix.net\/blog\/es\/\"},{\"@type\":\"ListItem\",\"position\":2,\"name\":\"2017: un a\u00f1o de \u00e9xitos gracias a todos vosotros\"}]},{\"@type\":\"WebSite\",\"@id\":\"https:\/\/termix.net\/blog\/es\/#website\",\"url\":\"https:\/\/termix.net\/blog\/es\/\",\"name\":\"Blog Termix Spain\",\"description\":\"Blog de tendencias y productos de peluquer\u00eda profesional.\",\"publisher\":{\"@id\":\"https:\/\/termix.net\/blog\/es\/#organization\"},\"potentialAction\":[{\"@type\":\"SearchAction\",\"target\":{\"@type\":\"EntryPoint\",\"urlTemplate\":\"https:\/\/termix.net\/blog\/es\/?s={search_term_string}\"},\"query-input\":\"required name=search_term_string\"}],\"inLanguage\":\"es\"},{\"@type\":\"Organization\",\"@id\":\"https:\/\/termix.net\/blog\/es\/#organization\",\"name\":\"Dols Industrial de Peluquer\u00eda SA\",\"url\":\"https:\/\/termix.net\/blog\/es\/\",\"logo\":{\"@type\":\"ImageObject\",\"inLanguage\":\"es\",\"@id\":\"https:\/\/termix.net\/blog\/es\/#\/schema\/logo\/image\/\",\"url\":\"https:\/\/termix.net\/blog\/wp-content\/uploads\/2020\/10\/OGbDAeng.jpeg\",\"contentUrl\":\"https:\/\/termix.net\/blog\/wp-content\/uploads\/2020\/10\/OGbDAeng.jpeg\",\"width\":800,\"height\":800,\"caption\":\"Dols Industrial de Peluquer\u00eda SA\"},\"image\":{\"@id\":\"https:\/\/termix.net\/blog\/es\/#\/schema\/logo\/image\/\"}},{\"@type\":\"Person\",\"@id\":\"https:\/\/termix.net\/blog\/es\/#\/schema\/person\/9096c98bdf03c8ddf91ad7172f254f40\",\"name\":\"TermixTeam\",\"image\":{\"@type\":\"ImageObject\",\"inLanguage\":\"es\",\"@id\":\"https:\/\/termix.net\/blog\/es\/#\/schema\/person\/image\/\",\"url\":\"https:\/\/secure.gravatar.com\/avatar\/d89f61f6bd1c29a4acb231736d1c74b3?s=96&d=mm&r=g\",\"contentUrl\":\"https:\/\/secure.gravatar.com\/avatar\/d89f61f6bd1c29a4acb231736d1c74b3?s=96&d=mm&r=g\",\"caption\":\"TermixTeam\"},\"url\":\"https:\/\/termix.net\/blog\/es\/author\/termixteam\/\"}]}<\/script>\n<!-- \/ Yoast SEO plugin. -->","yoast_head_json":{"title":"2017: un a\u00f1o de \u00e9xitos gracias a todos vosotros - Blog Termix Spain","description":"Blog Termix Spain - 2017: un a\u00f1o de \u00e9xitos gracias a todos vosotros -","robots":{"index":"index","follow":"follow","max-snippet":"max-snippet:-1","max-image-preview":"max-image-preview:large","max-video-preview":"max-video-preview:-1"},"canonical":"https:\/\/termix.net\/blog\/es\/2017-un-ano-de-exitos-gracias-a-todos-vosotros\/","og_locale":"es_ES","og_type":"article","og_title":"2017: un a\u00f1o de \u00e9xitos gracias a todos vosotros - Blog Termix Spain","og_description":"Blog Termix Spain - 2017: un a\u00f1o de \u00e9xitos gracias a todos vosotros -","og_url":"https:\/\/termix.net\/blog\/es\/2017-un-ano-de-exitos-gracias-a-todos-vosotros\/","og_site_name":"Blog Termix Spain","article_published_time":"2017-12-21T10:32:34+00:00","article_modified_time":"2019-12-05T14:29:38+00:00","og_image":[{"width":1160,"height":660,"url":"https:\/\/termix.net\/blog\/wp-content\/uploads\/2017\/12\/FERIAS-FOTO.jpg","type":"image\/jpeg"}],"author":"TermixTeam","twitter_card":"summary_large_image","twitter_misc":{"Escrito por":"TermixTeam","Tiempo de lectura":"11 minutos"},"schema":{"@context":"https:\/\/schema.org","@graph":[{"@type":"Article","@id":"https:\/\/termix.net\/blog\/es\/2017-un-ano-de-exitos-gracias-a-todos-vosotros\/#article","isPartOf":{"@id":"https:\/\/termix.net\/blog\/es\/2017-un-ano-de-exitos-gracias-a-todos-vosotros\/"},"author":{"name":"TermixTeam","@id":"https:\/\/termix.net\/blog\/es\/#\/schema\/person\/9096c98bdf03c8ddf91ad7172f254f40"},"headline":"2017: un a\u00f1o de \u00e9xitos gracias a todos vosotros","datePublished":"2017-12-21T10:32:34+00:00","dateModified":"2019-12-05T14:29:38+00:00","mainEntityOfPage":{"@id":"https:\/\/termix.net\/blog\/es\/2017-un-ano-de-exitos-gracias-a-todos-vosotros\/"},"wordCount":2267,"commentCount":0,"publisher":{"@id":"https:\/\/termix.net\/blog\/es\/#organization"},"articleSection":["NOTICIAS"],"inLanguage":"es","potentialAction":[{"@type":"CommentAction","name":"Comment","target":["https:\/\/termix.net\/blog\/es\/2017-un-ano-de-exitos-gracias-a-todos-vosotros\/#respond"]}]},{"@type":"WebPage","@id":"https:\/\/termix.net\/blog\/es\/2017-un-ano-de-exitos-gracias-a-todos-vosotros\/","url":"https:\/\/termix.net\/blog\/es\/2017-un-ano-de-exitos-gracias-a-todos-vosotros\/","name":"2017: un a\u00f1o de \u00e9xitos gracias a todos vosotros - Blog Termix Spain","isPartOf":{"@id":"https:\/\/termix.net\/blog\/es\/#website"},"datePublished":"2017-12-21T10:32:34+00:00","dateModified":"2019-12-05T14:29:38+00:00","description":"Blog Termix Spain - 2017: un a\u00f1o de \u00e9xitos gracias a todos vosotros -","breadcrumb":{"@id":"https:\/\/termix.net\/blog\/es\/2017-un-ano-de-exitos-gracias-a-todos-vosotros\/#breadcrumb"},"inLanguage":"es","potentialAction":[{"@type":"ReadAction","target":["https:\/\/termix.net\/blog\/es\/2017-un-ano-de-exitos-gracias-a-todos-vosotros\/"]}]},{"@type":"BreadcrumbList","@id":"https:\/\/termix.net\/blog\/es\/2017-un-ano-de-exitos-gracias-a-todos-vosotros\/#breadcrumb","itemListElement":[{"@type":"ListItem","position":1,"name":"Home","item":"https:\/\/termix.net\/blog\/es\/"},{"@type":"ListItem","position":2,"name":"2017: un a\u00f1o de \u00e9xitos gracias a todos vosotros"}]},{"@type":"WebSite","@id":"https:\/\/termix.net\/blog\/es\/#website","url":"https:\/\/termix.net\/blog\/es\/","name":"Blog Termix Spain","description":"Blog de tendencias y productos de peluquer\u00eda profesional.","publisher":{"@id":"https:\/\/termix.net\/blog\/es\/#organization"},"potentialAction":[{"@type":"SearchAction","target":{"@type":"EntryPoint","urlTemplate":"https:\/\/termix.net\/blog\/es\/?s={search_term_string}"},"query-input":"required name=search_term_string"}],"inLanguage":"es"},{"@type":"Organization","@id":"https:\/\/termix.net\/blog\/es\/#organization","name":"Dols Industrial de Peluquer\u00eda SA","url":"https:\/\/termix.net\/blog\/es\/","logo":{"@type":"ImageObject","inLanguage":"es","@id":"https:\/\/termix.net\/blog\/es\/#\/schema\/logo\/image\/","url":"https:\/\/termix.net\/blog\/wp-content\/uploads\/2020\/10\/OGbDAeng.jpeg","contentUrl":"https:\/\/termix.net\/blog\/wp-content\/uploads\/2020\/10\/OGbDAeng.jpeg","width":800,"height":800,"caption":"Dols Industrial de Peluquer\u00eda SA"},"image":{"@id":"https:\/\/termix.net\/blog\/es\/#\/schema\/logo\/image\/"}},{"@type":"Person","@id":"https:\/\/termix.net\/blog\/es\/#\/schema\/person\/9096c98bdf03c8ddf91ad7172f254f40","name":"TermixTeam","image":{"@type":"ImageObject","inLanguage":"es","@id":"https:\/\/termix.net\/blog\/es\/#\/schema\/person\/image\/","url":"https:\/\/secure.gravatar.com\/avatar\/d89f61f6bd1c29a4acb231736d1c74b3?s=96&d=mm&r=g","contentUrl":"https:\/\/secure.gravatar.com\/avatar\/d89f61f6bd1c29a4acb231736d1c74b3?s=96&d=mm&r=g","caption":"TermixTeam"},"url":"https:\/\/termix.net\/blog\/es\/author\/termixteam\/"}]}},"_links":{"self":[{"href":"https:\/\/termix.net\/blog\/es\/wp-json\/wp\/v2\/posts\/12485"}],"collection":[{"href":"https:\/\/termix.net\/blog\/es\/wp-json\/wp\/v2\/posts"}],"about":[{"href":"https:\/\/termix.net\/blog\/es\/wp-json\/wp\/v2\/types\/post"}],"author":[{"embeddable":true,"href":"https:\/\/termix.net\/blog\/es\/wp-json\/wp\/v2\/users\/2"}],"replies":[{"embeddable":true,"href":"https:\/\/termix.net\/blog\/es\/wp-json\/wp\/v2\/comments?post=12485"}],"version-history":[{"count":4,"href":"https:\/\/termix.net\/blog\/es\/wp-json\/wp\/v2\/posts\/12485\/revisions"}],"predecessor-version":[{"id":22227,"href":"https:\/\/termix.net\/blog\/es\/wp-json\/wp\/v2\/posts\/12485\/revisions\/22227"}],"wp:featuredmedia":[{"embeddable":true,"href":"https:\/\/termix.net\/blog\/es\/wp-json\/wp\/v2\/media\/22218"}],"wp:attachment":[{"href":"https:\/\/termix.net\/blog\/es\/wp-json\/wp\/v2\/media?parent=12485"}],"wp:term":[{"taxonomy":"category","embeddable":true,"href":"https:\/\/termix.net\/blog\/es\/wp-json\/wp\/v2\/categories?post=12485"},{"taxonomy":"post_tag","embeddable":true,"href":"https:\/\/termix.net\/blog\/es\/wp-json\/wp\/v2\/tags?post=12485"}],"curies":[{"name":"wp","href":"https:\/\/api.w.org\/{rel}","templated":true}]}}