{"id":12424,"date":"2017-12-12T14:48:43","date_gmt":"2017-12-12T14:48:43","guid":{"rendered":"http:\/\/termix.net\/?p=12424"},"modified":"2019-12-05T15:35:13","modified_gmt":"2019-12-05T14:35:13","slug":"arrancamos-el-sorteo-navidadtermix","status":"publish","type":"post","link":"https:\/\/termix.net\/blog\/es\/arrancamos-el-sorteo-navidadtermix\/","title":{"rendered":"Arrancamos el sorteo #NavidadTermix"},"content":{"rendered":"<h1 style=\"text-align: center;\">Arrancamos el sorteo #NavidadTermix<\/h1>\n<p style=\"text-align: center;\"><strong>\u00bfTienes un look navide\u00f1o excepcional?<\/strong> \u00a1S\u00e1cale mucho m\u00e1s partido!<\/p>\n<p style=\"text-align: center;\">Termix te propone el sorteo #NavidadTermix\u00a0 para que muestres al mundo tu esp\u00edritu festivo. \u00bfQuieres saber c\u00f3mo funciona?<\/p>\n<p style=\"text-align: center;\">Te explicamos en\u00a03 sencillos pasos c\u00f3mo participar en el sorteo de Termix para estas Navidades.<\/p>\n<p style=\"text-align: center;\">\u00a1Haz brillar tu cabello al m\u00e1ximo!<\/p>\n<p>\u00a0\u00a0<img decoding=\"async\" class=\"alignnone size-full wp-image-22233\" src=\"https:\/\/termix.net\/blog\/wp-content\/uploads\/2017\/12\/productos-sorteos.jpg\" alt=\"\" width=\"1160\" height=\"660\" srcset=\"https:\/\/termix.net\/blog\/wp-content\/uploads\/2017\/12\/productos-sorteos-200x114.jpg 200w, https:\/\/termix.net\/blog\/wp-content\/uploads\/2017\/12\/productos-sorteos-300x171.jpg 300w, https:\/\/termix.net\/blog\/wp-content\/uploads\/2017\/12\/productos-sorteos-400x228.jpg 400w, https:\/\/termix.net\/blog\/wp-content\/uploads\/2017\/12\/productos-sorteos-600x341.jpg 600w, https:\/\/termix.net\/blog\/wp-content\/uploads\/2017\/12\/productos-sorteos-768x437.jpg 768w, https:\/\/termix.net\/blog\/wp-content\/uploads\/2017\/12\/productos-sorteos-800x455.jpg 800w, https:\/\/termix.net\/blog\/wp-content\/uploads\/2017\/12\/productos-sorteos-1024x583.jpg 1024w, https:\/\/termix.net\/blog\/wp-content\/uploads\/2017\/12\/productos-sorteos.jpg 1160w\" sizes=\"(max-width: 1160px) 100vw, 1160px\" \/><\/p>\n<h2>PASO 1<\/h2>\n<p style=\"text-align: justify;\">Hazte una <strong>fotograf\u00eda con un estilo navide\u00f1o<\/strong>, ya sea con tu <strong>cabello<\/strong> decorado, una <strong>barba<\/strong> festiva, un total look para la ocasi\u00f3n o un disfraz completo de Santa Claus. <strong>\u00a1T\u00fa decides!<\/strong><\/p>\n<h2>PASO 2<\/h2>\n<p><strong>Sube tu foto<\/strong> a Facebook, Instagram o Twitter, junto con los hashtags <strong>#NavidadTermix#LoveTermix<\/strong> y etiqu\u00e9tanos. <strong>\u00a1No te olvides de seguirnos en nuestras redes sociales!<\/strong><\/p>\n<h2>PASO 3<\/h2>\n<p>Entrar\u00e1s en el sorteo de una <span style=\"text-decoration: underline;\"><strong>plancha de pelo profesional Pink Velvet<\/strong><\/span> o un <span style=\"text-decoration: underline;\"><strong>Kit Barber de Termix<\/strong><\/span>, para que consigas brillar todav\u00eda m\u00e1s en estas fiestas. \u00a1Tienes tiempo hasta el <strong>2 de enero<\/strong> para participar!<\/p>\n<p>&nbsp;<\/p>\n<p>&nbsp;<\/p>\n<p style=\"text-align: justify;\">\u00a1Esperamos vuestros estilismos al m\u00e1s puro estilo navide\u00f1o! Y para animarte todav\u00eda m\u00e1s a participar te dejamos unos cuentos detalles sobre los regalos que sorteamos en este concurso #NavidadTermix:<\/p>\n<h2 style=\"text-align: justify;\">UN TOQUE CHIC PARA TU CABELLO: LA PLANCHA DE PELO PINK VELVET<\/h2>\n<p><img decoding=\"async\" class=\"alignnone size-full wp-image-22231\" src=\"https:\/\/termix.net\/blog\/wp-content\/uploads\/2017\/12\/pinkvelvet.jpg\" alt=\"\" width=\"1160\" height=\"660\" srcset=\"https:\/\/termix.net\/blog\/wp-content\/uploads\/2017\/12\/pinkvelvet-200x114.jpg 200w, https:\/\/termix.net\/blog\/wp-content\/uploads\/2017\/12\/pinkvelvet-300x171.jpg 300w, https:\/\/termix.net\/blog\/wp-content\/uploads\/2017\/12\/pinkvelvet-400x228.jpg 400w, https:\/\/termix.net\/blog\/wp-content\/uploads\/2017\/12\/pinkvelvet-600x341.jpg 600w, https:\/\/termix.net\/blog\/wp-content\/uploads\/2017\/12\/pinkvelvet-768x437.jpg 768w, https:\/\/termix.net\/blog\/wp-content\/uploads\/2017\/12\/pinkvelvet-800x455.jpg 800w, https:\/\/termix.net\/blog\/wp-content\/uploads\/2017\/12\/pinkvelvet-1024x583.jpg 1024w, https:\/\/termix.net\/blog\/wp-content\/uploads\/2017\/12\/pinkvelvet.jpg 1160w\" sizes=\"(max-width: 1160px) 100vw, 1160px\" \/><\/p>\n<p style=\"text-align: justify;\">Se trata de la plancha de pelo profesional m\u00e1s innovadora de Termix. Con un tacto efecto terciopelo y el color rosa m\u00e1s chic de la temporada, la <span style=\"text-decoration: underline;\"><strong>Pink Velvet<\/strong><\/span> cuidar\u00e1 de todo tipo de cabello, gracias a sus placas de cer\u00e1mica y turmalina, potenciando el brillo de este, sin dejar de lado la salud del mismo. Adem\u00e1s, incluye la <strong>tecnolog\u00eda Perfect Glide<\/strong>, que permite un deslizamiento perfecto, siendo tres veces mejor que el de otras planchas, colaborando a ahorrar tiempo en el moldeado y obteniendo <strong>resultados perfectos<\/strong>. Por otro lado, la <span style=\"text-decoration: underline;\"><strong>plancha de pelo Pink Velvet<\/strong> <\/span>proporciona una temperatura \u00f3ptima, gracias al <strong>avanzado sistema LED<\/strong> que permite mantener constante la temperatura, protegiendo el cabello de cualquier da\u00f1o.<\/p>\n<p>&nbsp;<\/p>\n<h2 style=\"text-align: justify;\">LOS FADES M\u00c1S APURADOS CON EL KIT BARBER AL COMPLETO<\/h2>\n<p><img decoding=\"async\" class=\"alignnone size-full wp-image-22229\" src=\"https:\/\/termix.net\/blog\/wp-content\/uploads\/2017\/12\/kit-barber.jpg\" alt=\"\" width=\"1160\" height=\"660\" srcset=\"https:\/\/termix.net\/blog\/wp-content\/uploads\/2017\/12\/kit-barber-200x114.jpg 200w, https:\/\/termix.net\/blog\/wp-content\/uploads\/2017\/12\/kit-barber-300x171.jpg 300w, https:\/\/termix.net\/blog\/wp-content\/uploads\/2017\/12\/kit-barber-400x228.jpg 400w, https:\/\/termix.net\/blog\/wp-content\/uploads\/2017\/12\/kit-barber-600x341.jpg 600w, https:\/\/termix.net\/blog\/wp-content\/uploads\/2017\/12\/kit-barber-768x437.jpg 768w, https:\/\/termix.net\/blog\/wp-content\/uploads\/2017\/12\/kit-barber-800x455.jpg 800w, https:\/\/termix.net\/blog\/wp-content\/uploads\/2017\/12\/kit-barber-1024x583.jpg 1024w, https:\/\/termix.net\/blog\/wp-content\/uploads\/2017\/12\/kit-barber.jpg 1160w\" sizes=\"(max-width: 1160px) 100vw, 1160px\" \/><\/p>\n<p style=\"text-align: justify;\">\u00bfQuieres una barba y cabello envidiables? Con el <span style=\"text-decoration: underline;\"><strong>Kit Barber<\/strong><\/span> tendr\u00e1s todas las herramientas profesionales indicadas para el cuidado preciso de la barba, que quedar\u00e1 impecable, al igual que tu corte de cabello. Y todo gracias al nuevo <span style=\"text-decoration: underline;\"><strong>Kit Barber de Termix<\/strong><\/span>,\u00a0un set totalmente equipado con los utensilios y complementos m\u00e1s caracter\u00edsticos y resistentes para lograr realizar los cortes masculinos de tendencia y pulir, cuidando hasta el m\u00ednimo detalle, la barba y el cabello masculino. \u00bfQu\u00e9 incluye el Kit Barber? Por un lado, encontramos la <span style=\"text-decoration: underline;\"><strong>m\u00e1quina de corte Barber<\/strong><\/span>, la\u00a0pieza estrella que est\u00e1 especialmente dise\u00f1ada\u00a0para conseguir resultados perfectos y pulidos, con el mayor confort y estabilidad. Una\u00a0<span style=\"text-decoration: underline;\"><strong>m\u00e1quina de corte con cable<\/strong><\/span>\u00a0de alta gama que, gracias a su\u00a0<strong>motor magn\u00e9tico de 6000 rpm<\/strong>, es capaz de trabajar m\u00e1s tiempo, ofreciendo m\u00e1s potencia y siendo mucho m\u00e1s silenciosa que otras m\u00e1quinas. Siguiendo con la descripci\u00f3n del set, encontramos un conjunto de peines de alzada \u00fatiles para que no le pongas l\u00edmites a tu creatividad.\u00a0 Adem\u00e1s, para que mantengas tu m\u00e1quina siempre como nueva,\u00a0 la m\u00e1quina de corte\u00a0<span style=\"text-decoration: underline;\"><strong>Kit Barber<\/strong><\/span> incluye un set de limpieza completo con un cepillo y aceite especial para limpiar las cuchillas despu\u00e9s de cada uso. Por \u00faltimo, consigue los degradados m\u00e1s apurados gracias al <span style=\"text-decoration: underline;\"><strong>cepillo especial Fades<\/strong><\/span>.<\/p>\n<p style=\"text-align: justify;\">Ya sabes&#8230; si te apetece ganar uno de estos dos productos profesionales no dudes en participar en el <strong>sorteo #NavidadTermix<\/strong>. \u00a1Tienes tiempo hasta el<strong> 2 de enero<\/strong> para publicar tu fotograf\u00eda! No te lo pienses m\u00e1s y haz que tu cabelo brille con Termix estas Navidades. <strong>\u00a1Felices fiestas!<\/strong><\/p>\n<p>&nbsp;<\/p>\n<p><strong><em>Consulta las bases legales del concurso<\/em><\/strong><\/p>\n","protected":false},"excerpt":{"rendered":"<p>\t\t\t\t\u00bfTienes un look navide\u00f1o excepcional? \u00a1S\u00e1cale mucho m\u00e1s partido! Termix te propone el concurso #NavidadTermix\u00a0 para que muestres al mundo tu esp\u00edritu festivo. \u00bfQuieres saber c\u00f3mo funciona? Te explicamos en 3 sencillos pasos c\u00f3mo participar en el sorteo de Termix para estas Navidades. \u00a1Haz brillar tu cabello al m\u00e1ximo!<\/p>\n","protected":false},"author":2,"featured_media":22233,"comment_status":"open","ping_status":"open","sticky":false,"template":"","format":"standard","meta":[],"categories":[6],"tags":[],"yoast_head":"<!-- This site is optimized with the Yoast SEO plugin v20.0 - https:\/\/yoast.com\/wordpress\/plugins\/seo\/ -->\n<title>Concurso de Belleza - Termix Herramientas de Peluquer\u00eda profesional<\/title>\n<meta name=\"description\" content=\"Concurso de Belleza navidad, Termix Herramientas de Peluquer\u00eda profesional, plancha de pelo, m\u00e1quinas de corte, cepillo profesional\" \/>\n<meta name=\"robots\" content=\"index, follow, max-snippet:-1, max-image-preview:large, max-video-preview:-1\" \/>\n<link rel=\"canonical\" href=\"https:\/\/termix.net\/blog\/es\/arrancamos-el-sorteo-navidadtermix\/\" \/>\n<meta property=\"og:locale\" content=\"es_ES\" \/>\n<meta property=\"og:type\" content=\"article\" \/>\n<meta property=\"og:title\" content=\"Arrancamos el sorteo #NavidadTermix\" \/>\n<meta property=\"og:description\" content=\"\u00bfTienes un look navide\u00f1o excepcional? \u00a1S\u00e1cale mucho m\u00e1s partido! Termix te propone el sorteo #NavidadTermix\u00a0 y funciona as\u00ed: 1) Hazte una foto con look navide\u00f1o \/ 2) S\u00fabela a tus redes sociales, etiqu\u00e9tanos e incluye los hashtags #NavidadTermix y #LoveTermix \/ 3) Puedes gaanr una Pink Velvet o un Kit Barber\" \/>\n<meta property=\"og:url\" content=\"https:\/\/termix.net\/blog\/es\/arrancamos-el-sorteo-navidadtermix\/\" \/>\n<meta property=\"og:site_name\" content=\"Blog Termix Spain\" \/>\n<meta property=\"article:published_time\" content=\"2017-12-12T14:48:43+00:00\" \/>\n<meta property=\"article:modified_time\" content=\"2019-12-05T14:35:13+00:00\" \/>\n<meta property=\"og:image\" content=\"http:\/\/termix.net\/wp-content\/uploads\/2017\/12\/concurso-termixdos.jpg\" \/>\n<meta name=\"author\" content=\"TermixTeam\" \/>\n<meta name=\"twitter:card\" content=\"summary_large_image\" \/>\n<meta name=\"twitter:title\" content=\"Arrancamos el concurso #NavidadTermix\" \/>\n<meta name=\"twitter:label1\" content=\"Escrito por\" \/>\n\t<meta name=\"twitter:data1\" content=\"TermixTeam\" \/>\n\t<meta name=\"twitter:label2\" content=\"Tiempo de lectura\" \/>\n\t<meta name=\"twitter:data2\" content=\"3 minutos\" \/>\n<script type=\"application\/ld+json\" class=\"yoast-schema-graph\">{\"@context\":\"https:\/\/schema.org\",\"@graph\":[{\"@type\":\"Article\",\"@id\":\"https:\/\/termix.net\/blog\/es\/arrancamos-el-sorteo-navidadtermix\/#article\",\"isPartOf\":{\"@id\":\"https:\/\/termix.net\/blog\/es\/arrancamos-el-sorteo-navidadtermix\/\"},\"author\":{\"name\":\"TermixTeam\",\"@id\":\"https:\/\/termix.net\/blog\/es\/#\/schema\/person\/9096c98bdf03c8ddf91ad7172f254f40\"},\"headline\":\"Arrancamos el sorteo #NavidadTermix\",\"datePublished\":\"2017-12-12T14:48:43+00:00\",\"dateModified\":\"2019-12-05T14:35:13+00:00\",\"mainEntityOfPage\":{\"@id\":\"https:\/\/termix.net\/blog\/es\/arrancamos-el-sorteo-navidadtermix\/\"},\"wordCount\":634,\"commentCount\":0,\"publisher\":{\"@id\":\"https:\/\/termix.net\/blog\/es\/#organization\"},\"articleSection\":[\"NOTICIAS\"],\"inLanguage\":\"es\",\"potentialAction\":[{\"@type\":\"CommentAction\",\"name\":\"Comment\",\"target\":[\"https:\/\/termix.net\/blog\/es\/arrancamos-el-sorteo-navidadtermix\/#respond\"]}]},{\"@type\":\"WebPage\",\"@id\":\"https:\/\/termix.net\/blog\/es\/arrancamos-el-sorteo-navidadtermix\/\",\"url\":\"https:\/\/termix.net\/blog\/es\/arrancamos-el-sorteo-navidadtermix\/\",\"name\":\"Concurso de Belleza - Termix Herramientas de Peluquer\u00eda profesional\",\"isPartOf\":{\"@id\":\"https:\/\/termix.net\/blog\/es\/#website\"},\"datePublished\":\"2017-12-12T14:48:43+00:00\",\"dateModified\":\"2019-12-05T14:35:13+00:00\",\"description\":\"Concurso de Belleza navidad, Termix Herramientas de Peluquer\u00eda profesional, plancha de pelo, m\u00e1quinas de corte, cepillo profesional\",\"breadcrumb\":{\"@id\":\"https:\/\/termix.net\/blog\/es\/arrancamos-el-sorteo-navidadtermix\/#breadcrumb\"},\"inLanguage\":\"es\",\"potentialAction\":[{\"@type\":\"ReadAction\",\"target\":[\"https:\/\/termix.net\/blog\/es\/arrancamos-el-sorteo-navidadtermix\/\"]}]},{\"@type\":\"BreadcrumbList\",\"@id\":\"https:\/\/termix.net\/blog\/es\/arrancamos-el-sorteo-navidadtermix\/#breadcrumb\",\"itemListElement\":[{\"@type\":\"ListItem\",\"position\":1,\"name\":\"Home\",\"item\":\"https:\/\/termix.net\/blog\/es\/\"},{\"@type\":\"ListItem\",\"position\":2,\"name\":\"Arrancamos el sorteo #NavidadTermix\"}]},{\"@type\":\"WebSite\",\"@id\":\"https:\/\/termix.net\/blog\/es\/#website\",\"url\":\"https:\/\/termix.net\/blog\/es\/\",\"name\":\"Blog Termix Spain\",\"description\":\"Blog de tendencias y productos de peluquer\u00eda profesional.\",\"publisher\":{\"@id\":\"https:\/\/termix.net\/blog\/es\/#organization\"},\"potentialAction\":[{\"@type\":\"SearchAction\",\"target\":{\"@type\":\"EntryPoint\",\"urlTemplate\":\"https:\/\/termix.net\/blog\/es\/?s={search_term_string}\"},\"query-input\":\"required name=search_term_string\"}],\"inLanguage\":\"es\"},{\"@type\":\"Organization\",\"@id\":\"https:\/\/termix.net\/blog\/es\/#organization\",\"name\":\"Dols Industrial de Peluquer\u00eda SA\",\"url\":\"https:\/\/termix.net\/blog\/es\/\",\"logo\":{\"@type\":\"ImageObject\",\"inLanguage\":\"es\",\"@id\":\"https:\/\/termix.net\/blog\/es\/#\/schema\/logo\/image\/\",\"url\":\"https:\/\/termix.net\/blog\/wp-content\/uploads\/2020\/10\/OGbDAeng.jpeg\",\"contentUrl\":\"https:\/\/termix.net\/blog\/wp-content\/uploads\/2020\/10\/OGbDAeng.jpeg\",\"width\":800,\"height\":800,\"caption\":\"Dols Industrial de Peluquer\u00eda SA\"},\"image\":{\"@id\":\"https:\/\/termix.net\/blog\/es\/#\/schema\/logo\/image\/\"}},{\"@type\":\"Person\",\"@id\":\"https:\/\/termix.net\/blog\/es\/#\/schema\/person\/9096c98bdf03c8ddf91ad7172f254f40\",\"name\":\"TermixTeam\",\"image\":{\"@type\":\"ImageObject\",\"inLanguage\":\"es\",\"@id\":\"https:\/\/termix.net\/blog\/es\/#\/schema\/person\/image\/\",\"url\":\"https:\/\/secure.gravatar.com\/avatar\/d89f61f6bd1c29a4acb231736d1c74b3?s=96&d=mm&r=g\",\"contentUrl\":\"https:\/\/secure.gravatar.com\/avatar\/d89f61f6bd1c29a4acb231736d1c74b3?s=96&d=mm&r=g\",\"caption\":\"TermixTeam\"},\"url\":\"https:\/\/termix.net\/blog\/es\/author\/termixteam\/\"}]}<\/script>\n<!-- \/ Yoast SEO plugin. -->","yoast_head_json":{"title":"Concurso de Belleza - Termix Herramientas de Peluquer\u00eda profesional","description":"Concurso de Belleza navidad, Termix Herramientas de Peluquer\u00eda profesional, plancha de pelo, m\u00e1quinas de corte, cepillo profesional","robots":{"index":"index","follow":"follow","max-snippet":"max-snippet:-1","max-image-preview":"max-image-preview:large","max-video-preview":"max-video-preview:-1"},"canonical":"https:\/\/termix.net\/blog\/es\/arrancamos-el-sorteo-navidadtermix\/","og_locale":"es_ES","og_type":"article","og_title":"Arrancamos el sorteo #NavidadTermix","og_description":"\u00bfTienes un look navide\u00f1o excepcional? \u00a1S\u00e1cale mucho m\u00e1s partido! Termix te propone el sorteo #NavidadTermix\u00a0 y funciona as\u00ed: 1) Hazte una foto con look navide\u00f1o \/ 2) S\u00fabela a tus redes sociales, etiqu\u00e9tanos e incluye los hashtags #NavidadTermix y #LoveTermix \/ 3) Puedes gaanr una Pink Velvet o un Kit Barber","og_url":"https:\/\/termix.net\/blog\/es\/arrancamos-el-sorteo-navidadtermix\/","og_site_name":"Blog Termix Spain","article_published_time":"2017-12-12T14:48:43+00:00","article_modified_time":"2019-12-05T14:35:13+00:00","og_image":[{"url":"http:\/\/termix.net\/wp-content\/uploads\/2017\/12\/concurso-termixdos.jpg"}],"author":"TermixTeam","twitter_card":"summary_large_image","twitter_title":"Arrancamos el concurso #NavidadTermix","twitter_misc":{"Escrito por":"TermixTeam","Tiempo de lectura":"3 minutos"},"schema":{"@context":"https:\/\/schema.org","@graph":[{"@type":"Article","@id":"https:\/\/termix.net\/blog\/es\/arrancamos-el-sorteo-navidadtermix\/#article","isPartOf":{"@id":"https:\/\/termix.net\/blog\/es\/arrancamos-el-sorteo-navidadtermix\/"},"author":{"name":"TermixTeam","@id":"https:\/\/termix.net\/blog\/es\/#\/schema\/person\/9096c98bdf03c8ddf91ad7172f254f40"},"headline":"Arrancamos el sorteo #NavidadTermix","datePublished":"2017-12-12T14:48:43+00:00","dateModified":"2019-12-05T14:35:13+00:00","mainEntityOfPage":{"@id":"https:\/\/termix.net\/blog\/es\/arrancamos-el-sorteo-navidadtermix\/"},"wordCount":634,"commentCount":0,"publisher":{"@id":"https:\/\/termix.net\/blog\/es\/#organization"},"articleSection":["NOTICIAS"],"inLanguage":"es","potentialAction":[{"@type":"CommentAction","name":"Comment","target":["https:\/\/termix.net\/blog\/es\/arrancamos-el-sorteo-navidadtermix\/#respond"]}]},{"@type":"WebPage","@id":"https:\/\/termix.net\/blog\/es\/arrancamos-el-sorteo-navidadtermix\/","url":"https:\/\/termix.net\/blog\/es\/arrancamos-el-sorteo-navidadtermix\/","name":"Concurso de Belleza - Termix Herramientas de Peluquer\u00eda profesional","isPartOf":{"@id":"https:\/\/termix.net\/blog\/es\/#website"},"datePublished":"2017-12-12T14:48:43+00:00","dateModified":"2019-12-05T14:35:13+00:00","description":"Concurso de Belleza navidad, Termix Herramientas de Peluquer\u00eda profesional, plancha de pelo, m\u00e1quinas de corte, cepillo profesional","breadcrumb":{"@id":"https:\/\/termix.net\/blog\/es\/arrancamos-el-sorteo-navidadtermix\/#breadcrumb"},"inLanguage":"es","potentialAction":[{"@type":"ReadAction","target":["https:\/\/termix.net\/blog\/es\/arrancamos-el-sorteo-navidadtermix\/"]}]},{"@type":"BreadcrumbList","@id":"https:\/\/termix.net\/blog\/es\/arrancamos-el-sorteo-navidadtermix\/#breadcrumb","itemListElement":[{"@type":"ListItem","position":1,"name":"Home","item":"https:\/\/termix.net\/blog\/es\/"},{"@type":"ListItem","position":2,"name":"Arrancamos el sorteo #NavidadTermix"}]},{"@type":"WebSite","@id":"https:\/\/termix.net\/blog\/es\/#website","url":"https:\/\/termix.net\/blog\/es\/","name":"Blog Termix Spain","description":"Blog de tendencias y productos de peluquer\u00eda profesional.","publisher":{"@id":"https:\/\/termix.net\/blog\/es\/#organization"},"potentialAction":[{"@type":"SearchAction","target":{"@type":"EntryPoint","urlTemplate":"https:\/\/termix.net\/blog\/es\/?s={search_term_string}"},"query-input":"required name=search_term_string"}],"inLanguage":"es"},{"@type":"Organization","@id":"https:\/\/termix.net\/blog\/es\/#organization","name":"Dols Industrial de Peluquer\u00eda SA","url":"https:\/\/termix.net\/blog\/es\/","logo":{"@type":"ImageObject","inLanguage":"es","@id":"https:\/\/termix.net\/blog\/es\/#\/schema\/logo\/image\/","url":"https:\/\/termix.net\/blog\/wp-content\/uploads\/2020\/10\/OGbDAeng.jpeg","contentUrl":"https:\/\/termix.net\/blog\/wp-content\/uploads\/2020\/10\/OGbDAeng.jpeg","width":800,"height":800,"caption":"Dols Industrial de Peluquer\u00eda SA"},"image":{"@id":"https:\/\/termix.net\/blog\/es\/#\/schema\/logo\/image\/"}},{"@type":"Person","@id":"https:\/\/termix.net\/blog\/es\/#\/schema\/person\/9096c98bdf03c8ddf91ad7172f254f40","name":"TermixTeam","image":{"@type":"ImageObject","inLanguage":"es","@id":"https:\/\/termix.net\/blog\/es\/#\/schema\/person\/image\/","url":"https:\/\/secure.gravatar.com\/avatar\/d89f61f6bd1c29a4acb231736d1c74b3?s=96&d=mm&r=g","contentUrl":"https:\/\/secure.gravatar.com\/avatar\/d89f61f6bd1c29a4acb231736d1c74b3?s=96&d=mm&r=g","caption":"TermixTeam"},"url":"https:\/\/termix.net\/blog\/es\/author\/termixteam\/"}]}},"_links":{"self":[{"href":"https:\/\/termix.net\/blog\/es\/wp-json\/wp\/v2\/posts\/12424"}],"collection":[{"href":"https:\/\/termix.net\/blog\/es\/wp-json\/wp\/v2\/posts"}],"about":[{"href":"https:\/\/termix.net\/blog\/es\/wp-json\/wp\/v2\/types\/post"}],"author":[{"embeddable":true,"href":"https:\/\/termix.net\/blog\/es\/wp-json\/wp\/v2\/users\/2"}],"replies":[{"embeddable":true,"href":"https:\/\/termix.net\/blog\/es\/wp-json\/wp\/v2\/comments?post=12424"}],"version-history":[{"count":2,"href":"https:\/\/termix.net\/blog\/es\/wp-json\/wp\/v2\/posts\/12424\/revisions"}],"predecessor-version":[{"id":22235,"href":"https:\/\/termix.net\/blog\/es\/wp-json\/wp\/v2\/posts\/12424\/revisions\/22235"}],"wp:featuredmedia":[{"embeddable":true,"href":"https:\/\/termix.net\/blog\/es\/wp-json\/wp\/v2\/media\/22233"}],"wp:attachment":[{"href":"https:\/\/termix.net\/blog\/es\/wp-json\/wp\/v2\/media?parent=12424"}],"wp:term":[{"taxonomy":"category","embeddable":true,"href":"https:\/\/termix.net\/blog\/es\/wp-json\/wp\/v2\/categories?post=12424"},{"taxonomy":"post_tag","embeddable":true,"href":"https:\/\/termix.net\/blog\/es\/wp-json\/wp\/v2\/tags?post=12424"}],"curies":[{"name":"wp","href":"https:\/\/api.w.org\/{rel}","templated":true}]}}