{"id":12371,"date":"2017-11-20T09:33:33","date_gmt":"2017-11-20T09:33:33","guid":{"rendered":"http:\/\/termix.net\/?p=12371"},"modified":"2019-12-05T16:45:04","modified_gmt":"2019-12-05T15:45:04","slug":"termix-colabora-la-gala-imaxe-homenaje-los-mejores","status":"publish","type":"post","link":"https:\/\/termix.net\/blog\/es\/termix-colabora-la-gala-imaxe-homenaje-los-mejores\/","title":{"rendered":"Termix colabora en la gala IMAXE, un homenaje a los mejores"},"content":{"rendered":"<p><div class=\"fusion-fullwidth fullwidth-box fusion-builder-row-1 faded-background fusion-parallax-none nonhundred-percent-fullwidth non-hundred-percent-height-scrolling fusion-no-small-visibility fusion-no-medium-visibility\" style=\"--awb-border-radius-top-left:0px;--awb-border-radius-top-right:0px;--awb-border-radius-bottom-right:0px;--awb-border-radius-bottom-left:0px;--awb-padding-top:24%;--awb-padding-right:3%;--awb-padding-left:3%;--awb-background-size:cover;\" ><div class=\"fullwidth-faded\" style=\"--awb-background-color:#181818;--awb-background-image:url(https:\/\/termix.net\/blog\/wp-content\/uploads\/2017\/11\/cosasballes.jpg);--awb-background-size:cover;\" ><\/div><div class=\"fusion-builder-row fusion-row\"><div class=\"fusion-layout-column fusion_builder_column fusion-builder-column-0 fusion_builder_column_1_1 1_1 fusion-one-full fusion-column-first fusion-column-last\" style=\"--awb-padding-top:6%;--awb-padding-right:8%;--awb-padding-bottom:6%;--awb-padding-left:8%;--awb-bg-color:rgba(255,255,255,0.7);--awb-bg-size:cover;--awb-margin-top:0px;--awb-margin-bottom:0px;\"><div class=\"fusion-column-wrapper fusion-column-has-shadow fusion-flex-column-wrapper-legacy\"><div class=\"fusion-title title fusion-title-1 fusion-sep-none fusion-title-center fusion-title-text fusion-title-size-two\" style=\"--awb-margin-top:30px;--awb-margin-bottom:20px;\"><h2 class=\"title-heading-center fusion-responsive-typography-calculated\" style=\"margin:0;--fontSize:50;line-height:1.28;\">Termix colabora en la gala IMAXE, un homenaje a los mejores<\/h2><\/div><div class=\"fusion-clearfix\"><\/div><\/div><\/div><\/div><\/div><div class=\"fusion-fullwidth fullwidth-box fusion-builder-row-2 fusion-parallax-none nonhundred-percent-fullwidth non-hundred-percent-height-scrolling fusion-no-large-visibility\" style=\"--awb-border-radius-top-left:0px;--awb-border-radius-top-right:0px;--awb-border-radius-bottom-right:0px;--awb-border-radius-bottom-left:0px;--awb-background-image:url(&quot;https:\/\/termix.net\/blog\/wp-content\/uploads\/2019\/11\/con-el-secador-compacto-profesioanl-4300-de-termix-damos-volumen-al-cabello-1.jpg&quot;);--awb-background-size:cover;\" ><div class=\"fusion-builder-row fusion-row\"><div class=\"fusion-layout-column fusion_builder_column fusion-builder-column-1 fusion_builder_column_1_1 1_1 fusion-one-full fusion-column-first fusion-column-last fusion-column-inner-bg-wrapper\" style=\"--awb-padding-top:10%;--awb-padding-bottom:10%;--awb-inner-bg-image:url(&#039;http:\/\/termix.net\/blog\/wp-content\/uploads\/2019\/03\/single-blog-post-feat.jpg&#039;);--awb-inner-bg-position:center center;--awb-inner-bg-size:cover;\"><span class=\"fusion-column-inner-bg hover-type-zoomout\"><span class=\"fusion-column-anchor\"><span class=\"fusion-column-inner-bg-image\"><\/span><\/span><\/span><div class=\"fusion-column-wrapper fusion-flex-column-wrapper-legacy\" data-bg-url=\"http:\/\/termix.net\/blog\/wp-content\/uploads\/2019\/03\/single-blog-post-feat.jpg\"><div class=\"fusion-sep-clear\"><\/div><div class=\"fusion-separator fusion-no-large-visibility fusion-full-width-sep\" style=\"margin-left: auto;margin-right: auto;margin-top:200px;width:100%;\"><\/div><div class=\"fusion-sep-clear\"><\/div><div class=\"fusion-clearfix\"><\/div><\/div><\/div><div class=\"fusion-layout-column fusion_builder_column fusion-builder-column-2 fusion_builder_column_1_1 1_1 fusion-one-full fusion-column-first fusion-column-last\" style=\"--awb-padding-top:6%;--awb-bg-color:#ffffff;--awb-bg-size:cover;--awb-margin-top:0px;--awb-margin-bottom:0px;\"><div class=\"fusion-column-wrapper fusion-flex-column-wrapper-legacy\"><div class=\"fusion-title title fusion-title-2 fusion-sep-none fusion-title-center fusion-title-text fusion-title-size-two\" style=\"--awb-margin-top:30px;--awb-margin-bottom:20px;\"><h2 class=\"title-heading-center fusion-responsive-typography-calculated\" style=\"margin:0;--fontSize:50;line-height:1.28;\">Termix colabora en la gala IMAXE, un homenaje a los mejores<\/h2><\/div><div class=\"fusion-clearfix\"><\/div><\/div><\/div><\/div><\/div><div class=\"fusion-fullwidth fullwidth-box fusion-builder-row-3 nonhundred-percent-fullwidth non-hundred-percent-height-scrolling\" style=\"--awb-border-radius-top-left:0px;--awb-border-radius-top-right:0px;--awb-border-radius-bottom-right:0px;--awb-border-radius-bottom-left:0px;--awb-padding-top:10px;--awb-padding-bottom:4%;\" ><div class=\"fusion-builder-row fusion-row\"><div class=\"fusion-layout-column fusion_builder_column fusion-builder-column-3 fusion_builder_column_1_6 1_6 fusion-one-sixth fusion-column-first fusion-no-small-visibility fusion-no-medium-visibility\" style=\"--awb-bg-size:cover;width:16.666666666667%;width:calc(16.666666666667% - ( ( 0 ) * 0.16666666666667 ) );margin-right: 0px;\"><div class=\"fusion-column-wrapper fusion-flex-column-wrapper-legacy\"><div class=\"fusion-clearfix\"><\/div><\/div><\/div><div class=\"fusion-layout-column fusion_builder_column fusion-builder-column-4 fusion_builder_column_2_3 2_3 fusion-two-third fusion-column-last\" style=\"--awb-bg-size:cover;width:66.666666666667%;width:calc(66.666666666667% - ( ( 0 ) * 0.66666666666667 ) );\"><div class=\"fusion-column-wrapper fusion-flex-column-wrapper-legacy\"><div class=\"fusion-sep-clear\"><\/div><div class=\"fusion-separator fusion-full-width-sep\" style=\"margin-left: auto;margin-right: auto;margin-top:30px;width:100%;\"><\/div><div class=\"fusion-sep-clear\"><\/div><div class=\"fusion-text fusion-text-1\"><p style=\"text-align: center;\"><span style=\"font-size: 22px; line-height: 1.5em;\">Una noche repleta de lujo junto a los estilistas m\u00e1s reconocidos del panorama nacional.<\/span><\/p>\n<p style=\"text-align: center;\"><span style=\"font-size: 22px; line-height: 1.5em;\"> La I Edici\u00f3n de los Premios Imaxe ha significado el reconocimiento de la excelencia en el sector profesional de la peluquer\u00eda y est\u00e9tica. Termix, como una de las marcas mejor valoradas del sector de la peluquer\u00eda profesional, estuvo presente en este gran evento premiando el talento con un sorteo de sus productos mejor valorados.<\/span><\/p>\n<p style=\"text-align: center;\"><strong><span style=\"font-size: 22px; line-height: 1.5em;\"> \u00bfQuieres saber m\u00e1s?<\/span><\/strong><\/p>\n<\/div><div class=\"fusion-sep-clear\"><\/div><div class=\"fusion-separator fusion-full-width-sep\" style=\"margin-left: auto;margin-right: auto;margin-top:30px;width:100%;\"><\/div><div class=\"fusion-sep-clear\"><\/div><div class=\"fusion-text fusion-text-2\"><p style=\"text-align: justify;\">\u00a0<\/p>\n<p style=\"text-align: justify;\">Muchos nervios y expectaci\u00f3n entorno a la que ha sido una gala hist\u00f3rica. Y es que el<strong> 19 de noviembre<\/strong> se celebraba en el <strong>Teatro Afundaci\u00f3n de Vigo<\/strong> \u00a0la primera convocatoria para premiar la profesionalidad de los mejores estilistas y peluqueros del panorama actual. Una gala de premios a la creatividad y a la calidad organizada por la <strong>Federaci\u00f3n de Empresas de Peluquer\u00eda y Est\u00e9tica de Galicia (FEPEGA)<\/strong>, que se iniciaba con el discurso de su presidente, <strong>Jes\u00fas Ba\u00edz<\/strong>, muy inspirador, que animaba a potenciar la creatividad de un sector en constante desarrollo. Y tras los pasos sobre el escenario de la actriz <strong>Cristina Mar\u00f3<\/strong>, encargada de transmitir positivismo y amenizar la gala con una <em>performance<\/em> muy aplaudida, se procedi\u00f3 a la tan <strong>esperada entrega de premios al talento<\/strong> para los profesionales del <strong>sector de la belleza<\/strong>. Y estos fueron los resultados:<\/p>\n<p><img decoding=\"async\" class=\"alignnone size-full wp-image-22315\" src=\"https:\/\/termix.net\/blog\/wp-content\/uploads\/2017\/11\/premiosimaxe.jpg\" alt=\"premiosimaxe\" width=\"1160\" height=\"660\" srcset=\"https:\/\/termix.net\/blog\/wp-content\/uploads\/2017\/11\/premiosimaxe-200x114.jpg 200w, https:\/\/termix.net\/blog\/wp-content\/uploads\/2017\/11\/premiosimaxe-300x171.jpg 300w, https:\/\/termix.net\/blog\/wp-content\/uploads\/2017\/11\/premiosimaxe-400x228.jpg 400w, https:\/\/termix.net\/blog\/wp-content\/uploads\/2017\/11\/premiosimaxe-600x341.jpg 600w, https:\/\/termix.net\/blog\/wp-content\/uploads\/2017\/11\/premiosimaxe-768x437.jpg 768w, https:\/\/termix.net\/blog\/wp-content\/uploads\/2017\/11\/premiosimaxe-800x455.jpg 800w, https:\/\/termix.net\/blog\/wp-content\/uploads\/2017\/11\/premiosimaxe-1024x583.jpg 1024w, https:\/\/termix.net\/blog\/wp-content\/uploads\/2017\/11\/premiosimaxe.jpg 1160w\" sizes=\"(max-width: 1160px) 100vw, 1160px\" \/><\/p>\n<p>\u00a0<\/p>\n<p style=\"text-align: justify;\">Pablo Garc\u00eda Sanmart\u00edn se llev\u00f3 el premio a <strong>Mejor Peluquero Revelaci\u00f3n<\/strong> por su Colecci\u00f3n <em>Gentleman Instinct<\/em>, una de las colecciones m\u00e1s <strong>creativas y llenas de matices<\/strong>. El premio a la <strong>Mejor Colecci\u00f3n Comercial Femenina<\/strong> fue para Antonio Calvo F\u00e9rnandez, representando a Antonio Calvo Estilistas, por el trabajo <em>Tropicalia<\/em>, donde el exotismo encontraba refugio. En su contraparte, la <strong>Mejor Colecci\u00f3n Comercial Masculina<\/strong> fue para Jes\u00fas V\u00e1zquez Cancela de Peluquer\u00eda Jes\u00fas V\u00e1zquez, por su homenaje a los or\u00edgenes por <em>Galician Lovers<\/em>. En adelante, Eva Romero, de Peluquer\u00eda Eva M\u00e9ndez, se llev\u00f3 el Premio a la Mejor Colecci\u00f3n de <strong>Vanguardia \/ Fantas\u00eda<\/strong> por <em>Belleza Salvaje<\/em>, en la que dot\u00f3 de vida a personajes de <strong>f\u00e1bula y cuentos mitol\u00f3gicos<\/strong>. La Mejor Pasarela fue para Vanesa Janeiro por <em>Tronco Movemento<\/em>, de la misma \u00a0forma que el premio al <strong>Mejor Maquillaje<\/strong>.<\/p>\n<p><img decoding=\"async\" class=\"alignnone size-full wp-image-22313\" src=\"https:\/\/termix.net\/blog\/wp-content\/uploads\/2017\/11\/premionosexista3-1.jpg\" alt=\"premionosexista\" width=\"1160\" height=\"660\" srcset=\"https:\/\/termix.net\/blog\/wp-content\/uploads\/2017\/11\/premionosexista3-1-200x114.jpg 200w, https:\/\/termix.net\/blog\/wp-content\/uploads\/2017\/11\/premionosexista3-1-300x171.jpg 300w, https:\/\/termix.net\/blog\/wp-content\/uploads\/2017\/11\/premionosexista3-1-400x228.jpg 400w, https:\/\/termix.net\/blog\/wp-content\/uploads\/2017\/11\/premionosexista3-1-600x341.jpg 600w, https:\/\/termix.net\/blog\/wp-content\/uploads\/2017\/11\/premionosexista3-1-768x437.jpg 768w, https:\/\/termix.net\/blog\/wp-content\/uploads\/2017\/11\/premionosexista3-1-800x455.jpg 800w, https:\/\/termix.net\/blog\/wp-content\/uploads\/2017\/11\/premionosexista3-1-1024x583.jpg 1024w, https:\/\/termix.net\/blog\/wp-content\/uploads\/2017\/11\/premionosexista3-1.jpg 1160w\" sizes=\"(max-width: 1160px) 100vw, 1160px\" \/><\/p>\n<p style=\"text-align: justify;\">Y entre tanto talento, no pod\u00eda faltar <strong>Termix<\/strong>, una de las compa\u00f1\u00edas mejor valoradas dentro del sector, gracias a la calidad de todos sus productos de peluquer\u00eda profesional. Para clausurar este gran evento, en el que se pudo disfrutar de shows de peluquer\u00eda y maquillaje en directo, Termix realiz\u00f3 el sorteo de un pack completo: los <span style=\"text-decoration: underline;\"><strong>cepillos profesionales especial 30 aniversario<\/strong><\/span> de edici\u00f3n limitada, el <span style=\"text-decoration: underline;\"><strong>cepillo el\u00e9ctrico Pro Styling<\/strong><\/span> y la <span style=\"text-decoration: underline;\"><strong>raqueta plateada m\u00e1s emblem\u00e1tica<\/strong><\/span> de la marca. Adem\u00e1s, todos los asistentes recibieron como obsequio un <span style=\"text-decoration: underline;\"><strong>cepillo Termix especial 30 aniversario<\/strong><\/span>.<\/p>\n<p style=\"text-align: justify;\">Un obsequio para todos los profesionales convocados en esta<strong> I Edici\u00f3n de los Premios Imax<\/strong>e con el que podr\u00e1n seguir demostrando su pasi\u00f3n por la peluquer\u00eda y crear looks profesionales m\u00e1s impactantes.<\/p>\n<h2 style=\"text-align: justify;\"><strong>\u00a1Un placer haber participado en la I Edici\u00f3n de los Premios Imaxe!<\/strong><\/h2>\n<\/div><div class=\"fusion-clearfix\"><\/div><\/div><\/div><\/div><\/div><div class=\"fusion-fullwidth fullwidth-box fusion-builder-row-4 nonhundred-percent-fullwidth non-hundred-percent-height-scrolling\" style=\"--awb-border-radius-top-left:0px;--awb-border-radius-top-right:0px;--awb-border-radius-bottom-right:0px;--awb-border-radius-bottom-left:0px;\" ><\/div><\/p>\n","protected":false},"excerpt":{"rendered":"<p>\t\t\t\tUna noche repleta de lujo junto a los estilistas m\u00e1s reconocidos del panorama nacional. La I Edici\u00f3n de los Premios Imaxe ha significado el reconocimiento de la excelencia en el sector profesional de la peluquer\u00eda y est\u00e9tica. Termix, como una de las marcas mejor valoradas del sector de la peluquer\u00eda profesional, estuvo presente en este gran evento premiando el talento con un sorteo de sus productos mejor valorados. \u00bfQuieres saber m\u00e1s?\t\t<\/p>\n","protected":false},"author":2,"featured_media":22317,"comment_status":"open","ping_status":"open","sticky":false,"template":"","format":"standard","meta":[],"categories":[6],"tags":[],"yoast_head":"<!-- This site is optimized with the Yoast SEO plugin v20.0 - https:\/\/yoast.com\/wordpress\/plugins\/seo\/ -->\n<title>Termix colabora en la gala IMAXE, un homenaje a los mejores - Blog Termix Spain<\/title>\n<meta name=\"description\" content=\"Blog Termix Spain - Termix colabora en la gala IMAXE, un homenaje a los mejores -\" \/>\n<meta name=\"robots\" content=\"index, follow, max-snippet:-1, max-image-preview:large, max-video-preview:-1\" \/>\n<link rel=\"canonical\" href=\"https:\/\/termix.net\/blog\/es\/termix-colabora-la-gala-imaxe-homenaje-los-mejores\/\" \/>\n<meta property=\"og:locale\" content=\"es_ES\" \/>\n<meta property=\"og:type\" content=\"article\" \/>\n<meta property=\"og:title\" content=\"Termix colabora en la gala IMAXE, un homenaje a los mejores - Blog Termix Spain\" \/>\n<meta property=\"og:description\" content=\"Blog Termix Spain - Termix colabora en la gala IMAXE, un homenaje a los mejores -\" \/>\n<meta property=\"og:url\" content=\"https:\/\/termix.net\/blog\/es\/termix-colabora-la-gala-imaxe-homenaje-los-mejores\/\" \/>\n<meta property=\"og:site_name\" content=\"Blog Termix Spain\" \/>\n<meta property=\"article:published_time\" content=\"2017-11-20T09:33:33+00:00\" \/>\n<meta property=\"article:modified_time\" content=\"2019-12-05T15:45:04+00:00\" \/>\n<meta property=\"og:image\" content=\"https:\/\/termix.net\/blog\/wp-content\/uploads\/2017\/11\/cosasballes.jpg\" \/>\n\t<meta property=\"og:image:width\" content=\"1160\" \/>\n\t<meta property=\"og:image:height\" content=\"660\" \/>\n\t<meta property=\"og:image:type\" content=\"image\/jpeg\" \/>\n<meta name=\"author\" content=\"TermixTeam\" \/>\n<meta name=\"twitter:card\" content=\"summary_large_image\" \/>\n<meta name=\"twitter:label1\" content=\"Escrito por\" \/>\n\t<meta name=\"twitter:data1\" content=\"TermixTeam\" \/>\n\t<meta name=\"twitter:label2\" content=\"Tiempo de lectura\" \/>\n\t<meta name=\"twitter:data2\" content=\"8 minutos\" \/>\n<script type=\"application\/ld+json\" class=\"yoast-schema-graph\">{\"@context\":\"https:\/\/schema.org\",\"@graph\":[{\"@type\":\"Article\",\"@id\":\"https:\/\/termix.net\/blog\/es\/termix-colabora-la-gala-imaxe-homenaje-los-mejores\/#article\",\"isPartOf\":{\"@id\":\"https:\/\/termix.net\/blog\/es\/termix-colabora-la-gala-imaxe-homenaje-los-mejores\/\"},\"author\":{\"name\":\"TermixTeam\",\"@id\":\"https:\/\/termix.net\/blog\/es\/#\/schema\/person\/9096c98bdf03c8ddf91ad7172f254f40\"},\"headline\":\"Termix colabora en la gala IMAXE, un homenaje a los mejores\",\"datePublished\":\"2017-11-20T09:33:33+00:00\",\"dateModified\":\"2019-12-05T15:45:04+00:00\",\"mainEntityOfPage\":{\"@id\":\"https:\/\/termix.net\/blog\/es\/termix-colabora-la-gala-imaxe-homenaje-los-mejores\/\"},\"wordCount\":1648,\"commentCount\":0,\"publisher\":{\"@id\":\"https:\/\/termix.net\/blog\/es\/#organization\"},\"articleSection\":[\"NOTICIAS\"],\"inLanguage\":\"es\",\"potentialAction\":[{\"@type\":\"CommentAction\",\"name\":\"Comment\",\"target\":[\"https:\/\/termix.net\/blog\/es\/termix-colabora-la-gala-imaxe-homenaje-los-mejores\/#respond\"]}]},{\"@type\":\"WebPage\",\"@id\":\"https:\/\/termix.net\/blog\/es\/termix-colabora-la-gala-imaxe-homenaje-los-mejores\/\",\"url\":\"https:\/\/termix.net\/blog\/es\/termix-colabora-la-gala-imaxe-homenaje-los-mejores\/\",\"name\":\"Termix colabora en la gala IMAXE, un homenaje a los mejores - Blog Termix Spain\",\"isPartOf\":{\"@id\":\"https:\/\/termix.net\/blog\/es\/#website\"},\"datePublished\":\"2017-11-20T09:33:33+00:00\",\"dateModified\":\"2019-12-05T15:45:04+00:00\",\"description\":\"Blog Termix Spain - Termix colabora en la gala IMAXE, un homenaje a los mejores -\",\"breadcrumb\":{\"@id\":\"https:\/\/termix.net\/blog\/es\/termix-colabora-la-gala-imaxe-homenaje-los-mejores\/#breadcrumb\"},\"inLanguage\":\"es\",\"potentialAction\":[{\"@type\":\"ReadAction\",\"target\":[\"https:\/\/termix.net\/blog\/es\/termix-colabora-la-gala-imaxe-homenaje-los-mejores\/\"]}]},{\"@type\":\"BreadcrumbList\",\"@id\":\"https:\/\/termix.net\/blog\/es\/termix-colabora-la-gala-imaxe-homenaje-los-mejores\/#breadcrumb\",\"itemListElement\":[{\"@type\":\"ListItem\",\"position\":1,\"name\":\"Home\",\"item\":\"https:\/\/termix.net\/blog\/es\/\"},{\"@type\":\"ListItem\",\"position\":2,\"name\":\"Termix colabora en la gala IMAXE, un homenaje a los mejores\"}]},{\"@type\":\"WebSite\",\"@id\":\"https:\/\/termix.net\/blog\/es\/#website\",\"url\":\"https:\/\/termix.net\/blog\/es\/\",\"name\":\"Blog Termix Spain\",\"description\":\"Blog de tendencias y productos de peluquer\u00eda profesional.\",\"publisher\":{\"@id\":\"https:\/\/termix.net\/blog\/es\/#organization\"},\"potentialAction\":[{\"@type\":\"SearchAction\",\"target\":{\"@type\":\"EntryPoint\",\"urlTemplate\":\"https:\/\/termix.net\/blog\/es\/?s={search_term_string}\"},\"query-input\":\"required name=search_term_string\"}],\"inLanguage\":\"es\"},{\"@type\":\"Organization\",\"@id\":\"https:\/\/termix.net\/blog\/es\/#organization\",\"name\":\"Dols Industrial de Peluquer\u00eda SA\",\"url\":\"https:\/\/termix.net\/blog\/es\/\",\"logo\":{\"@type\":\"ImageObject\",\"inLanguage\":\"es\",\"@id\":\"https:\/\/termix.net\/blog\/es\/#\/schema\/logo\/image\/\",\"url\":\"https:\/\/termix.net\/blog\/wp-content\/uploads\/2020\/10\/OGbDAeng.jpeg\",\"contentUrl\":\"https:\/\/termix.net\/blog\/wp-content\/uploads\/2020\/10\/OGbDAeng.jpeg\",\"width\":800,\"height\":800,\"caption\":\"Dols Industrial de Peluquer\u00eda SA\"},\"image\":{\"@id\":\"https:\/\/termix.net\/blog\/es\/#\/schema\/logo\/image\/\"}},{\"@type\":\"Person\",\"@id\":\"https:\/\/termix.net\/blog\/es\/#\/schema\/person\/9096c98bdf03c8ddf91ad7172f254f40\",\"name\":\"TermixTeam\",\"image\":{\"@type\":\"ImageObject\",\"inLanguage\":\"es\",\"@id\":\"https:\/\/termix.net\/blog\/es\/#\/schema\/person\/image\/\",\"url\":\"https:\/\/secure.gravatar.com\/avatar\/d89f61f6bd1c29a4acb231736d1c74b3?s=96&d=mm&r=g\",\"contentUrl\":\"https:\/\/secure.gravatar.com\/avatar\/d89f61f6bd1c29a4acb231736d1c74b3?s=96&d=mm&r=g\",\"caption\":\"TermixTeam\"},\"url\":\"https:\/\/termix.net\/blog\/es\/author\/termixteam\/\"}]}<\/script>\n<!-- \/ Yoast SEO plugin. -->","yoast_head_json":{"title":"Termix colabora en la gala IMAXE, un homenaje a los mejores - Blog Termix Spain","description":"Blog Termix Spain - Termix colabora en la gala IMAXE, un homenaje a los mejores -","robots":{"index":"index","follow":"follow","max-snippet":"max-snippet:-1","max-image-preview":"max-image-preview:large","max-video-preview":"max-video-preview:-1"},"canonical":"https:\/\/termix.net\/blog\/es\/termix-colabora-la-gala-imaxe-homenaje-los-mejores\/","og_locale":"es_ES","og_type":"article","og_title":"Termix colabora en la gala IMAXE, un homenaje a los mejores - Blog Termix Spain","og_description":"Blog Termix Spain - Termix colabora en la gala IMAXE, un homenaje a los mejores -","og_url":"https:\/\/termix.net\/blog\/es\/termix-colabora-la-gala-imaxe-homenaje-los-mejores\/","og_site_name":"Blog Termix Spain","article_published_time":"2017-11-20T09:33:33+00:00","article_modified_time":"2019-12-05T15:45:04+00:00","og_image":[{"width":1160,"height":660,"url":"https:\/\/termix.net\/blog\/wp-content\/uploads\/2017\/11\/cosasballes.jpg","type":"image\/jpeg"}],"author":"TermixTeam","twitter_card":"summary_large_image","twitter_misc":{"Escrito por":"TermixTeam","Tiempo de lectura":"8 minutos"},"schema":{"@context":"https:\/\/schema.org","@graph":[{"@type":"Article","@id":"https:\/\/termix.net\/blog\/es\/termix-colabora-la-gala-imaxe-homenaje-los-mejores\/#article","isPartOf":{"@id":"https:\/\/termix.net\/blog\/es\/termix-colabora-la-gala-imaxe-homenaje-los-mejores\/"},"author":{"name":"TermixTeam","@id":"https:\/\/termix.net\/blog\/es\/#\/schema\/person\/9096c98bdf03c8ddf91ad7172f254f40"},"headline":"Termix colabora en la gala IMAXE, un homenaje a los mejores","datePublished":"2017-11-20T09:33:33+00:00","dateModified":"2019-12-05T15:45:04+00:00","mainEntityOfPage":{"@id":"https:\/\/termix.net\/blog\/es\/termix-colabora-la-gala-imaxe-homenaje-los-mejores\/"},"wordCount":1648,"commentCount":0,"publisher":{"@id":"https:\/\/termix.net\/blog\/es\/#organization"},"articleSection":["NOTICIAS"],"inLanguage":"es","potentialAction":[{"@type":"CommentAction","name":"Comment","target":["https:\/\/termix.net\/blog\/es\/termix-colabora-la-gala-imaxe-homenaje-los-mejores\/#respond"]}]},{"@type":"WebPage","@id":"https:\/\/termix.net\/blog\/es\/termix-colabora-la-gala-imaxe-homenaje-los-mejores\/","url":"https:\/\/termix.net\/blog\/es\/termix-colabora-la-gala-imaxe-homenaje-los-mejores\/","name":"Termix colabora en la gala IMAXE, un homenaje a los mejores - Blog Termix Spain","isPartOf":{"@id":"https:\/\/termix.net\/blog\/es\/#website"},"datePublished":"2017-11-20T09:33:33+00:00","dateModified":"2019-12-05T15:45:04+00:00","description":"Blog Termix Spain - Termix colabora en la gala IMAXE, un homenaje a los mejores -","breadcrumb":{"@id":"https:\/\/termix.net\/blog\/es\/termix-colabora-la-gala-imaxe-homenaje-los-mejores\/#breadcrumb"},"inLanguage":"es","potentialAction":[{"@type":"ReadAction","target":["https:\/\/termix.net\/blog\/es\/termix-colabora-la-gala-imaxe-homenaje-los-mejores\/"]}]},{"@type":"BreadcrumbList","@id":"https:\/\/termix.net\/blog\/es\/termix-colabora-la-gala-imaxe-homenaje-los-mejores\/#breadcrumb","itemListElement":[{"@type":"ListItem","position":1,"name":"Home","item":"https:\/\/termix.net\/blog\/es\/"},{"@type":"ListItem","position":2,"name":"Termix colabora en la gala IMAXE, un homenaje a los mejores"}]},{"@type":"WebSite","@id":"https:\/\/termix.net\/blog\/es\/#website","url":"https:\/\/termix.net\/blog\/es\/","name":"Blog Termix Spain","description":"Blog de tendencias y productos de peluquer\u00eda profesional.","publisher":{"@id":"https:\/\/termix.net\/blog\/es\/#organization"},"potentialAction":[{"@type":"SearchAction","target":{"@type":"EntryPoint","urlTemplate":"https:\/\/termix.net\/blog\/es\/?s={search_term_string}"},"query-input":"required name=search_term_string"}],"inLanguage":"es"},{"@type":"Organization","@id":"https:\/\/termix.net\/blog\/es\/#organization","name":"Dols Industrial de Peluquer\u00eda SA","url":"https:\/\/termix.net\/blog\/es\/","logo":{"@type":"ImageObject","inLanguage":"es","@id":"https:\/\/termix.net\/blog\/es\/#\/schema\/logo\/image\/","url":"https:\/\/termix.net\/blog\/wp-content\/uploads\/2020\/10\/OGbDAeng.jpeg","contentUrl":"https:\/\/termix.net\/blog\/wp-content\/uploads\/2020\/10\/OGbDAeng.jpeg","width":800,"height":800,"caption":"Dols Industrial de Peluquer\u00eda SA"},"image":{"@id":"https:\/\/termix.net\/blog\/es\/#\/schema\/logo\/image\/"}},{"@type":"Person","@id":"https:\/\/termix.net\/blog\/es\/#\/schema\/person\/9096c98bdf03c8ddf91ad7172f254f40","name":"TermixTeam","image":{"@type":"ImageObject","inLanguage":"es","@id":"https:\/\/termix.net\/blog\/es\/#\/schema\/person\/image\/","url":"https:\/\/secure.gravatar.com\/avatar\/d89f61f6bd1c29a4acb231736d1c74b3?s=96&d=mm&r=g","contentUrl":"https:\/\/secure.gravatar.com\/avatar\/d89f61f6bd1c29a4acb231736d1c74b3?s=96&d=mm&r=g","caption":"TermixTeam"},"url":"https:\/\/termix.net\/blog\/es\/author\/termixteam\/"}]}},"_links":{"self":[{"href":"https:\/\/termix.net\/blog\/es\/wp-json\/wp\/v2\/posts\/12371"}],"collection":[{"href":"https:\/\/termix.net\/blog\/es\/wp-json\/wp\/v2\/posts"}],"about":[{"href":"https:\/\/termix.net\/blog\/es\/wp-json\/wp\/v2\/types\/post"}],"author":[{"embeddable":true,"href":"https:\/\/termix.net\/blog\/es\/wp-json\/wp\/v2\/users\/2"}],"replies":[{"embeddable":true,"href":"https:\/\/termix.net\/blog\/es\/wp-json\/wp\/v2\/comments?post=12371"}],"version-history":[{"count":2,"href":"https:\/\/termix.net\/blog\/es\/wp-json\/wp\/v2\/posts\/12371\/revisions"}],"predecessor-version":[{"id":22319,"href":"https:\/\/termix.net\/blog\/es\/wp-json\/wp\/v2\/posts\/12371\/revisions\/22319"}],"wp:featuredmedia":[{"embeddable":true,"href":"https:\/\/termix.net\/blog\/es\/wp-json\/wp\/v2\/media\/22317"}],"wp:attachment":[{"href":"https:\/\/termix.net\/blog\/es\/wp-json\/wp\/v2\/media?parent=12371"}],"wp:term":[{"taxonomy":"category","embeddable":true,"href":"https:\/\/termix.net\/blog\/es\/wp-json\/wp\/v2\/categories?post=12371"},{"taxonomy":"post_tag","embeddable":true,"href":"https:\/\/termix.net\/blog\/es\/wp-json\/wp\/v2\/tags?post=12371"}],"curies":[{"name":"wp","href":"https:\/\/api.w.org\/{rel}","templated":true}]}}