{"id":11953,"date":"2017-11-10T08:08:46","date_gmt":"2017-11-10T08:08:46","guid":{"rendered":"http:\/\/termix.net\/?p=11953"},"modified":"2019-12-05T16:54:06","modified_gmt":"2019-12-05T15:54:06","slug":"la-expo-beauty-show-reconoce-la-inmejorable-trayectoria-de-termix","status":"publish","type":"post","link":"https:\/\/termix.net\/blog\/es\/la-expo-beauty-show-reconoce-la-inmejorable-trayectoria-de-termix\/","title":{"rendered":"La Expo Beauty Show reconoce la inmejorable trayectoria de Termix"},"content":{"rendered":"<p><div class=\"fusion-fullwidth fullwidth-box fusion-builder-row-1 faded-background fusion-parallax-none nonhundred-percent-fullwidth non-hundred-percent-height-scrolling fusion-no-small-visibility fusion-no-medium-visibility\" style=\"--awb-border-radius-top-left:0px;--awb-border-radius-top-right:0px;--awb-border-radius-bottom-right:0px;--awb-border-radius-bottom-left:0px;--awb-padding-top:24%;--awb-padding-right:3%;--awb-padding-left:3%;--awb-background-size:cover;\" ><div class=\"fullwidth-faded\" style=\"--awb-background-color:#181818;--awb-background-image:url(https:\/\/termix.net\/blog\/wp-content\/uploads\/2017\/11\/primera-kokoro.jpg);--awb-background-size:cover;\" ><\/div><div class=\"fusion-builder-row fusion-row\"><div class=\"fusion-layout-column fusion_builder_column fusion-builder-column-0 fusion_builder_column_1_1 1_1 fusion-one-full fusion-column-first fusion-column-last\" style=\"--awb-padding-top:6%;--awb-padding-right:8%;--awb-padding-bottom:6%;--awb-padding-left:8%;--awb-bg-color:rgba(255,255,255,0.7);--awb-bg-size:cover;--awb-margin-top:0px;--awb-margin-bottom:0px;\"><div class=\"fusion-column-wrapper fusion-column-has-shadow fusion-flex-column-wrapper-legacy\"><div class=\"fusion-text fusion-text-1 caption\"><p style=\"text-align: center;\">Novedades \u2014 3 min de lectura<\/p>\n<\/div><div class=\"fusion-title title fusion-title-1 fusion-sep-none fusion-title-center fusion-title-text fusion-title-size-two\" style=\"--awb-margin-top:30px;--awb-margin-bottom:20px;\"><h2 class=\"title-heading-center fusion-responsive-typography-calculated\" style=\"margin:0;--fontSize:50;line-height:1.28;\">La Expo Beauty Show reconoce la inmejorable trayectoria de Termix<\/h2><\/div><div class=\"fusion-clearfix\"><\/div><\/div><\/div><\/div><\/div><div class=\"fusion-fullwidth fullwidth-box fusion-builder-row-2 fusion-parallax-none nonhundred-percent-fullwidth non-hundred-percent-height-scrolling fusion-no-large-visibility\" style=\"--awb-border-radius-top-left:0px;--awb-border-radius-top-right:0px;--awb-border-radius-bottom-right:0px;--awb-border-radius-bottom-left:0px;--awb-background-image:url(&quot;https:\/\/termix.net\/blog\/wp-content\/uploads\/2019\/11\/con-el-secador-compacto-profesioanl-4300-de-termix-damos-volumen-al-cabello-1.jpg&quot;);--awb-background-size:cover;\" ><div class=\"fusion-builder-row fusion-row\"><div class=\"fusion-layout-column fusion_builder_column fusion-builder-column-1 fusion_builder_column_1_1 1_1 fusion-one-full fusion-column-first fusion-column-last fusion-column-inner-bg-wrapper\" style=\"--awb-padding-top:10%;--awb-padding-bottom:10%;--awb-inner-bg-image:url(&#039;http:\/\/termix.net\/blog\/wp-content\/uploads\/2019\/03\/single-blog-post-feat.jpg&#039;);--awb-inner-bg-position:center center;--awb-inner-bg-size:cover;\"><span class=\"fusion-column-inner-bg hover-type-zoomout\"><span class=\"fusion-column-anchor\"><span class=\"fusion-column-inner-bg-image\"><\/span><\/span><\/span><div class=\"fusion-column-wrapper fusion-flex-column-wrapper-legacy\" data-bg-url=\"http:\/\/termix.net\/blog\/wp-content\/uploads\/2019\/03\/single-blog-post-feat.jpg\"><div class=\"fusion-sep-clear\"><\/div><div class=\"fusion-separator fusion-no-large-visibility fusion-full-width-sep\" style=\"margin-left: auto;margin-right: auto;margin-top:200px;width:100%;\"><\/div><div class=\"fusion-sep-clear\"><\/div><div class=\"fusion-clearfix\"><\/div><\/div><\/div><div class=\"fusion-layout-column fusion_builder_column fusion-builder-column-2 fusion_builder_column_1_1 1_1 fusion-one-full fusion-column-first fusion-column-last\" style=\"--awb-padding-top:6%;--awb-bg-color:#ffffff;--awb-bg-size:cover;--awb-margin-top:0px;--awb-margin-bottom:0px;\"><div class=\"fusion-column-wrapper fusion-flex-column-wrapper-legacy\"><div class=\"fusion-text fusion-text-2 caption\"><p style=\"text-align: center;\">Novedades \u2014 3 min de lectura<\/p>\n<\/div><div class=\"fusion-title title fusion-title-2 fusion-sep-none fusion-title-center fusion-title-text fusion-title-size-two\" style=\"--awb-margin-top:30px;--awb-margin-bottom:20px;\"><h2 class=\"title-heading-center fusion-responsive-typography-calculated\" style=\"margin:0;--fontSize:50;line-height:1.28;\">La Expo Beauty Show reconoce la inmejorable trayectoria de Termix<\/h2><\/div><div class=\"fusion-clearfix\"><\/div><\/div><\/div><\/div><\/div><div class=\"fusion-fullwidth fullwidth-box fusion-builder-row-3 nonhundred-percent-fullwidth non-hundred-percent-height-scrolling\" style=\"--awb-border-radius-top-left:0px;--awb-border-radius-top-right:0px;--awb-border-radius-bottom-right:0px;--awb-border-radius-bottom-left:0px;--awb-padding-top:10px;--awb-padding-bottom:4%;\" ><div class=\"fusion-builder-row fusion-row\"><div class=\"fusion-layout-column fusion_builder_column fusion-builder-column-3 fusion_builder_column_1_6 1_6 fusion-one-sixth fusion-column-first fusion-no-small-visibility fusion-no-medium-visibility\" style=\"--awb-bg-size:cover;width:16.666666666667%;width:calc(16.666666666667% - ( ( 0 ) * 0.16666666666667 ) );margin-right: 0px;\"><div class=\"fusion-column-wrapper fusion-flex-column-wrapper-legacy\"><div class=\"fusion-clearfix\"><\/div><\/div><\/div><div class=\"fusion-layout-column fusion_builder_column fusion-builder-column-4 fusion_builder_column_2_3 2_3 fusion-two-third fusion-column-last\" style=\"--awb-bg-size:cover;width:66.666666666667%;width:calc(66.666666666667% - ( ( 0 ) * 0.66666666666667 ) );\"><div class=\"fusion-column-wrapper fusion-flex-column-wrapper-legacy\"><div class=\"fusion-sep-clear\"><\/div><div class=\"fusion-separator fusion-full-width-sep\" style=\"margin-left: auto;margin-right: auto;margin-top:30px;width:100%;\"><\/div><div class=\"fusion-sep-clear\"><\/div><div class=\"fusion-text fusion-text-3\"><p style=\"text-align: center;\"><span style=\"font-size: 22px; line-height: 1.5em;\">La feria m\u00e1s importante de M\u00e9xico dedicada a la belleza, la est\u00e9tica y la peluquer\u00eda ha cerrado sus puertas y un a\u00f1o m\u00e1s, ha simbolizado un completo \u00e9xito para Termix. La compa\u00f1\u00eda, gracias a su distribuidor en el pa\u00eds, ha conseguido fortalecer su presencia en el sector de la peluquer\u00eda profesional, situ\u00e1ndose ya como una de las marcas mejor valoradas en el mercado norteamericano.<\/span><\/p>\n<\/div><div class=\"fusion-sep-clear\"><\/div><div class=\"fusion-separator fusion-full-width-sep\" style=\"margin-left: auto;margin-right: auto;margin-top:30px;width:100%;\"><\/div><div class=\"fusion-sep-clear\"><\/div><div class=\"fusion-text fusion-text-4\"><p style=\"text-align: justify;\">La <strong>Expo Beauty Show 2017<\/strong> arrancaba con fuerza en el Centro CitiBanamex de la Ciudad de M\u00e9xico el 29 de octubre. Termix no quiso perderse este gran evento,\u00a0 presentando de primera mano <strong>todas las novedades y productos m\u00e1s emblem\u00e1ticos<\/strong> que sorprendieron y no dejaron indiferente a nadie. Desde los cl\u00e1sicos <strong>cepillos de la gama Evolution<\/strong>, pasando por el <strong>renovado XL<\/strong> y la l\u00ednea C\u00b7Ramic, utensilios de peluquer\u00eda profesional que se presentan siempre como la apuesta ganadora gracias a la innovaci\u00f3n de todos ellos y su indicativo<strong> \u201cMade In Spain\u201d<\/strong>, sello que reconoce su alta calidad y garantiza la fiabilidad de cada uno de ellos.<\/p>\n<p><iframe src=\"https:\/\/www.youtube.com\/embed\/_bP2UM7ifNA\" width=\"100%\" height=\"315\" frameborder=\"0\" allowfullscreen=\"allowfullscreen\"><\/iframe><\/p>\n<p style=\"text-align: justify;\">Durante los tres d\u00edas de feria, Termix tuvo la oportunidad de mantener un contacto directo con clientes, profesionales y distribuidores dedicados al sector de la peluquer\u00eda y la belleza, as\u00ed como de presentar todas las <strong>novedades y lanzamientos<\/strong> que est\u00e1n siendo los protagonistas de todas las miradas. Destac\u00f3 la Power Cut, una m\u00e1quina profesional de corte recargable que permite realizar cortes muy definidos y de alta precisi\u00f3n. Un producto que demostr\u00f3 su versatilidad en \u00a0la <strong>Expo Barber Show<\/strong> junto a los barberos mundialmente reconocidos <strong>Arthur y Danilo.<\/strong><\/p>\n<p style=\"text-align: justify;\">Adem\u00e1s de esto ya son <strong>30 a\u00f1os<\/strong> los que Termix lleva dedicados a la producci\u00f3n de herramientas de peluquer\u00eda profesional. Es por ello, que en el seno de la Expo Beauty Show 2017, Termix fue galardonada con los<strong>\u00a0Kokoro Awards a la mejor trayectoria<\/strong>.<\/p>\n<p><img decoding=\"async\" class=\"aligncenter size-full wp-image-11994\" src=\"http:\/\/termix.net\/wp-content\/uploads\/2017\/11\/PREMIOSKOKORObien.jpg\" alt=\"\" width=\"1160\" height=\"660\" \/><\/p>\n<p style=\"text-align: justify;\">Un premio dedicado a tres d\u00e9cadas de intenso trabajo bajo el lema <em><strong>\u201csiempre es posible innovar y mejorar<\/strong><strong>\u201d<\/strong><\/em>, en las que se ha apostado por la innovaci\u00f3n y el desarrollo constantes, haciendo un esfuerzo por mantenernos a la vanguardia de las necesidades de los clientes para tener la capacidad de ofrecerles nuevas y mejores herramientas de peluquer\u00eda adaptadas a sus necesidades espec\u00edficas. Es por este punto diferencial, adem\u00e1s de incorporar nuevas tecnolog\u00edas de fabricaci\u00f3n, que Termix ha logrado <strong>mantenerse 30 a\u00f1os<\/strong> como la marca de confianza para distribuidores <strong>de m\u00e1s de 90 pa\u00edses<\/strong> de todo el mundo.<\/p>\n<p style=\"text-align: justify;\">\u00a1Gracias a <strong>Kokoro<\/strong> por avalar los <strong>30 a\u00f1os<\/strong> que Termix lleva dedicados al mundo de la peluquer\u00eda profesional con el <strong>premio a la mejor trayectoria<\/strong>! Esperamos continuar tres d\u00e9cadas m\u00e1s en activo, <strong>siempre a la vanguardia de la expresi\u00f3n<\/strong>.<\/p>\n<\/div><div class=\"fusion-clearfix\"><\/div><\/div><\/div><\/div><\/div><div class=\"fusion-fullwidth fullwidth-box fusion-builder-row-4 nonhundred-percent-fullwidth non-hundred-percent-height-scrolling\" style=\"--awb-border-radius-top-left:0px;--awb-border-radius-top-right:0px;--awb-border-radius-bottom-right:0px;--awb-border-radius-bottom-left:0px;\" ><\/div><\/p>\n","protected":false},"excerpt":{"rendered":"<p>\t\t\t\tLa feria m\u00e1s importante de M\u00e9xico dedicada a la belleza, la est\u00e9tica y la peluquer\u00eda ha cerrado sus puertas y un a\u00f1o m\u00e1s, ha simbolizado un completo \u00e9xito para Termix.\u00a0 La compa\u00f1\u00eda, gracias a su distribuidor en el pa\u00eds, ha conseguido el Kokoro award a la mejor trayectoria. \u00bfQuieres saber m\u00e1s?\t\t<\/p>\n","protected":false},"author":2,"featured_media":22322,"comment_status":"open","ping_status":"open","sticky":false,"template":"","format":"standard","meta":[],"categories":[6],"tags":[],"yoast_head":"<!-- This site is optimized with the Yoast SEO plugin v20.0 - https:\/\/yoast.com\/wordpress\/plugins\/seo\/ -->\n<title>La Expo Beauty Show reconoce la inmejorable trayectoria de Termix<\/title>\n<meta name=\"description\" content=\"La feria m\u00e1s importante de M\u00e9xico dedicada a la est\u00e9tica y la peluquer\u00eda ha cerrado sus puertas y un a\u00f1o m\u00e1s, ha simbolizado un completo \u00e9xito para Termix.\u00a0\" \/>\n<meta name=\"robots\" content=\"index, follow, max-snippet:-1, max-image-preview:large, max-video-preview:-1\" \/>\n<link rel=\"canonical\" href=\"https:\/\/termix.net\/blog\/es\/la-expo-beauty-show-reconoce-la-inmejorable-trayectoria-de-termix\/\" \/>\n<meta property=\"og:locale\" content=\"es_ES\" \/>\n<meta property=\"og:type\" content=\"article\" \/>\n<meta property=\"og:title\" content=\"La Expo Beauty Show reconoce la inmejorable trayectoria de Termix\" \/>\n<meta property=\"og:description\" content=\"La feria m\u00e1s importante de M\u00e9xico dedicada a la est\u00e9tica y la peluquer\u00eda ha cerrado sus puertas y un a\u00f1o m\u00e1s, ha simbolizado un completo \u00e9xito para Termix.\u00a0\" \/>\n<meta property=\"og:url\" content=\"https:\/\/termix.net\/blog\/es\/la-expo-beauty-show-reconoce-la-inmejorable-trayectoria-de-termix\/\" \/>\n<meta property=\"og:site_name\" content=\"Blog Termix Spain\" \/>\n<meta property=\"article:published_time\" content=\"2017-11-10T08:08:46+00:00\" \/>\n<meta property=\"article:modified_time\" content=\"2019-12-05T15:54:06+00:00\" \/>\n<meta property=\"og:image\" content=\"https:\/\/termix.net\/blog\/wp-content\/uploads\/2017\/11\/primera-kokoro.jpg\" \/>\n\t<meta property=\"og:image:width\" content=\"1160\" \/>\n\t<meta property=\"og:image:height\" content=\"660\" \/>\n\t<meta property=\"og:image:type\" content=\"image\/jpeg\" \/>\n<meta name=\"author\" content=\"TermixTeam\" \/>\n<meta name=\"twitter:card\" content=\"summary_large_image\" \/>\n<meta name=\"twitter:label1\" content=\"Escrito por\" \/>\n\t<meta name=\"twitter:data1\" content=\"TermixTeam\" \/>\n\t<meta name=\"twitter:label2\" content=\"Tiempo de lectura\" \/>\n\t<meta name=\"twitter:data2\" content=\"8 minutos\" \/>\n<script type=\"application\/ld+json\" class=\"yoast-schema-graph\">{\"@context\":\"https:\/\/schema.org\",\"@graph\":[{\"@type\":\"Article\",\"@id\":\"https:\/\/termix.net\/blog\/es\/la-expo-beauty-show-reconoce-la-inmejorable-trayectoria-de-termix\/#article\",\"isPartOf\":{\"@id\":\"https:\/\/termix.net\/blog\/es\/la-expo-beauty-show-reconoce-la-inmejorable-trayectoria-de-termix\/\"},\"author\":{\"name\":\"TermixTeam\",\"@id\":\"https:\/\/termix.net\/blog\/es\/#\/schema\/person\/9096c98bdf03c8ddf91ad7172f254f40\"},\"headline\":\"La Expo Beauty Show reconoce la inmejorable trayectoria de Termix\",\"datePublished\":\"2017-11-10T08:08:46+00:00\",\"dateModified\":\"2019-12-05T15:54:06+00:00\",\"mainEntityOfPage\":{\"@id\":\"https:\/\/termix.net\/blog\/es\/la-expo-beauty-show-reconoce-la-inmejorable-trayectoria-de-termix\/\"},\"wordCount\":1647,\"commentCount\":0,\"publisher\":{\"@id\":\"https:\/\/termix.net\/blog\/es\/#organization\"},\"articleSection\":[\"NOTICIAS\"],\"inLanguage\":\"es\",\"potentialAction\":[{\"@type\":\"CommentAction\",\"name\":\"Comment\",\"target\":[\"https:\/\/termix.net\/blog\/es\/la-expo-beauty-show-reconoce-la-inmejorable-trayectoria-de-termix\/#respond\"]}]},{\"@type\":\"WebPage\",\"@id\":\"https:\/\/termix.net\/blog\/es\/la-expo-beauty-show-reconoce-la-inmejorable-trayectoria-de-termix\/\",\"url\":\"https:\/\/termix.net\/blog\/es\/la-expo-beauty-show-reconoce-la-inmejorable-trayectoria-de-termix\/\",\"name\":\"La Expo Beauty Show reconoce la inmejorable trayectoria de Termix\",\"isPartOf\":{\"@id\":\"https:\/\/termix.net\/blog\/es\/#website\"},\"datePublished\":\"2017-11-10T08:08:46+00:00\",\"dateModified\":\"2019-12-05T15:54:06+00:00\",\"description\":\"La feria m\u00e1s importante de M\u00e9xico dedicada a la est\u00e9tica y la peluquer\u00eda ha cerrado sus puertas y un a\u00f1o m\u00e1s, ha simbolizado un completo \u00e9xito para Termix.\u00a0\",\"breadcrumb\":{\"@id\":\"https:\/\/termix.net\/blog\/es\/la-expo-beauty-show-reconoce-la-inmejorable-trayectoria-de-termix\/#breadcrumb\"},\"inLanguage\":\"es\",\"potentialAction\":[{\"@type\":\"ReadAction\",\"target\":[\"https:\/\/termix.net\/blog\/es\/la-expo-beauty-show-reconoce-la-inmejorable-trayectoria-de-termix\/\"]}]},{\"@type\":\"BreadcrumbList\",\"@id\":\"https:\/\/termix.net\/blog\/es\/la-expo-beauty-show-reconoce-la-inmejorable-trayectoria-de-termix\/#breadcrumb\",\"itemListElement\":[{\"@type\":\"ListItem\",\"position\":1,\"name\":\"Home\",\"item\":\"https:\/\/termix.net\/blog\/es\/\"},{\"@type\":\"ListItem\",\"position\":2,\"name\":\"La Expo Beauty Show reconoce la inmejorable trayectoria de Termix\"}]},{\"@type\":\"WebSite\",\"@id\":\"https:\/\/termix.net\/blog\/es\/#website\",\"url\":\"https:\/\/termix.net\/blog\/es\/\",\"name\":\"Blog Termix Spain\",\"description\":\"Blog de tendencias y productos de peluquer\u00eda profesional.\",\"publisher\":{\"@id\":\"https:\/\/termix.net\/blog\/es\/#organization\"},\"potentialAction\":[{\"@type\":\"SearchAction\",\"target\":{\"@type\":\"EntryPoint\",\"urlTemplate\":\"https:\/\/termix.net\/blog\/es\/?s={search_term_string}\"},\"query-input\":\"required name=search_term_string\"}],\"inLanguage\":\"es\"},{\"@type\":\"Organization\",\"@id\":\"https:\/\/termix.net\/blog\/es\/#organization\",\"name\":\"Dols Industrial de Peluquer\u00eda SA\",\"url\":\"https:\/\/termix.net\/blog\/es\/\",\"logo\":{\"@type\":\"ImageObject\",\"inLanguage\":\"es\",\"@id\":\"https:\/\/termix.net\/blog\/es\/#\/schema\/logo\/image\/\",\"url\":\"https:\/\/termix.net\/blog\/wp-content\/uploads\/2020\/10\/OGbDAeng.jpeg\",\"contentUrl\":\"https:\/\/termix.net\/blog\/wp-content\/uploads\/2020\/10\/OGbDAeng.jpeg\",\"width\":800,\"height\":800,\"caption\":\"Dols Industrial de Peluquer\u00eda SA\"},\"image\":{\"@id\":\"https:\/\/termix.net\/blog\/es\/#\/schema\/logo\/image\/\"}},{\"@type\":\"Person\",\"@id\":\"https:\/\/termix.net\/blog\/es\/#\/schema\/person\/9096c98bdf03c8ddf91ad7172f254f40\",\"name\":\"TermixTeam\",\"image\":{\"@type\":\"ImageObject\",\"inLanguage\":\"es\",\"@id\":\"https:\/\/termix.net\/blog\/es\/#\/schema\/person\/image\/\",\"url\":\"https:\/\/secure.gravatar.com\/avatar\/d89f61f6bd1c29a4acb231736d1c74b3?s=96&d=mm&r=g\",\"contentUrl\":\"https:\/\/secure.gravatar.com\/avatar\/d89f61f6bd1c29a4acb231736d1c74b3?s=96&d=mm&r=g\",\"caption\":\"TermixTeam\"},\"url\":\"https:\/\/termix.net\/blog\/es\/author\/termixteam\/\"}]}<\/script>\n<!-- \/ Yoast SEO plugin. -->","yoast_head_json":{"title":"La Expo Beauty Show reconoce la inmejorable trayectoria de Termix","description":"La feria m\u00e1s importante de M\u00e9xico dedicada a la est\u00e9tica y la peluquer\u00eda ha cerrado sus puertas y un a\u00f1o m\u00e1s, ha simbolizado un completo \u00e9xito para Termix.\u00a0","robots":{"index":"index","follow":"follow","max-snippet":"max-snippet:-1","max-image-preview":"max-image-preview:large","max-video-preview":"max-video-preview:-1"},"canonical":"https:\/\/termix.net\/blog\/es\/la-expo-beauty-show-reconoce-la-inmejorable-trayectoria-de-termix\/","og_locale":"es_ES","og_type":"article","og_title":"La Expo Beauty Show reconoce la inmejorable trayectoria de Termix","og_description":"La feria m\u00e1s importante de M\u00e9xico dedicada a la est\u00e9tica y la peluquer\u00eda ha cerrado sus puertas y un a\u00f1o m\u00e1s, ha simbolizado un completo \u00e9xito para Termix.\u00a0","og_url":"https:\/\/termix.net\/blog\/es\/la-expo-beauty-show-reconoce-la-inmejorable-trayectoria-de-termix\/","og_site_name":"Blog Termix Spain","article_published_time":"2017-11-10T08:08:46+00:00","article_modified_time":"2019-12-05T15:54:06+00:00","og_image":[{"width":1160,"height":660,"url":"https:\/\/termix.net\/blog\/wp-content\/uploads\/2017\/11\/primera-kokoro.jpg","type":"image\/jpeg"}],"author":"TermixTeam","twitter_card":"summary_large_image","twitter_misc":{"Escrito por":"TermixTeam","Tiempo de lectura":"8 minutos"},"schema":{"@context":"https:\/\/schema.org","@graph":[{"@type":"Article","@id":"https:\/\/termix.net\/blog\/es\/la-expo-beauty-show-reconoce-la-inmejorable-trayectoria-de-termix\/#article","isPartOf":{"@id":"https:\/\/termix.net\/blog\/es\/la-expo-beauty-show-reconoce-la-inmejorable-trayectoria-de-termix\/"},"author":{"name":"TermixTeam","@id":"https:\/\/termix.net\/blog\/es\/#\/schema\/person\/9096c98bdf03c8ddf91ad7172f254f40"},"headline":"La Expo Beauty Show reconoce la inmejorable trayectoria de Termix","datePublished":"2017-11-10T08:08:46+00:00","dateModified":"2019-12-05T15:54:06+00:00","mainEntityOfPage":{"@id":"https:\/\/termix.net\/blog\/es\/la-expo-beauty-show-reconoce-la-inmejorable-trayectoria-de-termix\/"},"wordCount":1647,"commentCount":0,"publisher":{"@id":"https:\/\/termix.net\/blog\/es\/#organization"},"articleSection":["NOTICIAS"],"inLanguage":"es","potentialAction":[{"@type":"CommentAction","name":"Comment","target":["https:\/\/termix.net\/blog\/es\/la-expo-beauty-show-reconoce-la-inmejorable-trayectoria-de-termix\/#respond"]}]},{"@type":"WebPage","@id":"https:\/\/termix.net\/blog\/es\/la-expo-beauty-show-reconoce-la-inmejorable-trayectoria-de-termix\/","url":"https:\/\/termix.net\/blog\/es\/la-expo-beauty-show-reconoce-la-inmejorable-trayectoria-de-termix\/","name":"La Expo Beauty Show reconoce la inmejorable trayectoria de Termix","isPartOf":{"@id":"https:\/\/termix.net\/blog\/es\/#website"},"datePublished":"2017-11-10T08:08:46+00:00","dateModified":"2019-12-05T15:54:06+00:00","description":"La feria m\u00e1s importante de M\u00e9xico dedicada a la est\u00e9tica y la peluquer\u00eda ha cerrado sus puertas y un a\u00f1o m\u00e1s, ha simbolizado un completo \u00e9xito para Termix.\u00a0","breadcrumb":{"@id":"https:\/\/termix.net\/blog\/es\/la-expo-beauty-show-reconoce-la-inmejorable-trayectoria-de-termix\/#breadcrumb"},"inLanguage":"es","potentialAction":[{"@type":"ReadAction","target":["https:\/\/termix.net\/blog\/es\/la-expo-beauty-show-reconoce-la-inmejorable-trayectoria-de-termix\/"]}]},{"@type":"BreadcrumbList","@id":"https:\/\/termix.net\/blog\/es\/la-expo-beauty-show-reconoce-la-inmejorable-trayectoria-de-termix\/#breadcrumb","itemListElement":[{"@type":"ListItem","position":1,"name":"Home","item":"https:\/\/termix.net\/blog\/es\/"},{"@type":"ListItem","position":2,"name":"La Expo Beauty Show reconoce la inmejorable trayectoria de Termix"}]},{"@type":"WebSite","@id":"https:\/\/termix.net\/blog\/es\/#website","url":"https:\/\/termix.net\/blog\/es\/","name":"Blog Termix Spain","description":"Blog de tendencias y productos de peluquer\u00eda profesional.","publisher":{"@id":"https:\/\/termix.net\/blog\/es\/#organization"},"potentialAction":[{"@type":"SearchAction","target":{"@type":"EntryPoint","urlTemplate":"https:\/\/termix.net\/blog\/es\/?s={search_term_string}"},"query-input":"required name=search_term_string"}],"inLanguage":"es"},{"@type":"Organization","@id":"https:\/\/termix.net\/blog\/es\/#organization","name":"Dols Industrial de Peluquer\u00eda SA","url":"https:\/\/termix.net\/blog\/es\/","logo":{"@type":"ImageObject","inLanguage":"es","@id":"https:\/\/termix.net\/blog\/es\/#\/schema\/logo\/image\/","url":"https:\/\/termix.net\/blog\/wp-content\/uploads\/2020\/10\/OGbDAeng.jpeg","contentUrl":"https:\/\/termix.net\/blog\/wp-content\/uploads\/2020\/10\/OGbDAeng.jpeg","width":800,"height":800,"caption":"Dols Industrial de Peluquer\u00eda SA"},"image":{"@id":"https:\/\/termix.net\/blog\/es\/#\/schema\/logo\/image\/"}},{"@type":"Person","@id":"https:\/\/termix.net\/blog\/es\/#\/schema\/person\/9096c98bdf03c8ddf91ad7172f254f40","name":"TermixTeam","image":{"@type":"ImageObject","inLanguage":"es","@id":"https:\/\/termix.net\/blog\/es\/#\/schema\/person\/image\/","url":"https:\/\/secure.gravatar.com\/avatar\/d89f61f6bd1c29a4acb231736d1c74b3?s=96&d=mm&r=g","contentUrl":"https:\/\/secure.gravatar.com\/avatar\/d89f61f6bd1c29a4acb231736d1c74b3?s=96&d=mm&r=g","caption":"TermixTeam"},"url":"https:\/\/termix.net\/blog\/es\/author\/termixteam\/"}]}},"_links":{"self":[{"href":"https:\/\/termix.net\/blog\/es\/wp-json\/wp\/v2\/posts\/11953"}],"collection":[{"href":"https:\/\/termix.net\/blog\/es\/wp-json\/wp\/v2\/posts"}],"about":[{"href":"https:\/\/termix.net\/blog\/es\/wp-json\/wp\/v2\/types\/post"}],"author":[{"embeddable":true,"href":"https:\/\/termix.net\/blog\/es\/wp-json\/wp\/v2\/users\/2"}],"replies":[{"embeddable":true,"href":"https:\/\/termix.net\/blog\/es\/wp-json\/wp\/v2\/comments?post=11953"}],"version-history":[{"count":3,"href":"https:\/\/termix.net\/blog\/es\/wp-json\/wp\/v2\/posts\/11953\/revisions"}],"predecessor-version":[{"id":22325,"href":"https:\/\/termix.net\/blog\/es\/wp-json\/wp\/v2\/posts\/11953\/revisions\/22325"}],"wp:featuredmedia":[{"embeddable":true,"href":"https:\/\/termix.net\/blog\/es\/wp-json\/wp\/v2\/media\/22322"}],"wp:attachment":[{"href":"https:\/\/termix.net\/blog\/es\/wp-json\/wp\/v2\/media?parent=11953"}],"wp:term":[{"taxonomy":"category","embeddable":true,"href":"https:\/\/termix.net\/blog\/es\/wp-json\/wp\/v2\/categories?post=11953"},{"taxonomy":"post_tag","embeddable":true,"href":"https:\/\/termix.net\/blog\/es\/wp-json\/wp\/v2\/tags?post=11953"}],"curies":[{"name":"wp","href":"https:\/\/api.w.org\/{rel}","templated":true}]}}