{"id":11120,"date":"2017-10-31T07:57:59","date_gmt":"2017-10-31T07:57:59","guid":{"rendered":"http:\/\/termix.net\/?p=11120"},"modified":"2019-12-05T17:10:11","modified_gmt":"2019-12-05T16:10:11","slug":"concurso-espejo-espejito-termix","status":"publish","type":"post","link":"https:\/\/termix.net\/blog\/es\/concurso-espejo-espejito-termix\/","title":{"rendered":"Concurso espejo, espejito de Termix"},"content":{"rendered":"<p><div class=\"fusion-fullwidth fullwidth-box fusion-builder-row-1 faded-background fusion-parallax-none nonhundred-percent-fullwidth non-hundred-percent-height-scrolling fusion-no-small-visibility fusion-no-medium-visibility\" style=\"--awb-border-radius-top-left:0px;--awb-border-radius-top-right:0px;--awb-border-radius-bottom-right:0px;--awb-border-radius-bottom-left:0px;--awb-padding-top:24%;--awb-padding-right:3%;--awb-padding-left:3%;--awb-background-size:cover;\" ><div class=\"fullwidth-faded\" style=\"--awb-background-color:#181818;--awb-background-image:url(https:\/\/termix.net\/blog\/wp-content\/uploads\/2017\/10\/CONCURSO-PHOTOCALL-BANNER-BIEN.jpg);--awb-background-size:cover;\" ><\/div><div class=\"fusion-builder-row fusion-row\"><div class=\"fusion-layout-column fusion_builder_column fusion-builder-column-0 fusion_builder_column_1_1 1_1 fusion-one-full fusion-column-first fusion-column-last\" style=\"--awb-padding-top:6%;--awb-padding-right:8%;--awb-padding-bottom:6%;--awb-padding-left:8%;--awb-bg-color:rgba(255,255,255,0.7);--awb-bg-size:cover;--awb-margin-top:0px;--awb-margin-bottom:0px;\"><div class=\"fusion-column-wrapper fusion-column-has-shadow fusion-flex-column-wrapper-legacy\"><div class=\"fusion-title title fusion-title-1 fusion-sep-none fusion-title-center fusion-title-text fusion-title-size-two\" style=\"--awb-margin-top:30px;--awb-margin-bottom:20px;\"><h2 class=\"title-heading-center fusion-responsive-typography-calculated\" style=\"margin:0;--fontSize:50;line-height:1.28;\">Concurso espejo, espejito de Termix<\/h2><\/div><div class=\"fusion-clearfix\"><\/div><\/div><\/div><\/div><\/div><div class=\"fusion-fullwidth fullwidth-box fusion-builder-row-2 fusion-parallax-none nonhundred-percent-fullwidth non-hundred-percent-height-scrolling fusion-no-large-visibility\" style=\"--awb-border-radius-top-left:0px;--awb-border-radius-top-right:0px;--awb-border-radius-bottom-right:0px;--awb-border-radius-bottom-left:0px;--awb-background-image:url(&quot;https:\/\/termix.net\/blog\/wp-content\/uploads\/2019\/11\/con-el-secador-compacto-profesioanl-4300-de-termix-damos-volumen-al-cabello-1.jpg&quot;);--awb-background-size:cover;\" ><div class=\"fusion-builder-row fusion-row\"><div class=\"fusion-layout-column fusion_builder_column fusion-builder-column-1 fusion_builder_column_1_1 1_1 fusion-one-full fusion-column-first fusion-column-last fusion-column-inner-bg-wrapper\" style=\"--awb-padding-top:10%;--awb-padding-bottom:10%;--awb-inner-bg-image:url(&#039;http:\/\/termix.net\/blog\/wp-content\/uploads\/2019\/03\/single-blog-post-feat.jpg&#039;);--awb-inner-bg-position:center center;--awb-inner-bg-size:cover;\"><span class=\"fusion-column-inner-bg hover-type-zoomout\"><span class=\"fusion-column-anchor\"><span class=\"fusion-column-inner-bg-image\"><\/span><\/span><\/span><div class=\"fusion-column-wrapper fusion-flex-column-wrapper-legacy\" data-bg-url=\"http:\/\/termix.net\/blog\/wp-content\/uploads\/2019\/03\/single-blog-post-feat.jpg\"><div class=\"fusion-sep-clear\"><\/div><div class=\"fusion-separator fusion-no-large-visibility fusion-full-width-sep\" style=\"margin-left: auto;margin-right: auto;margin-top:200px;width:100%;\"><\/div><div class=\"fusion-sep-clear\"><\/div><div class=\"fusion-clearfix\"><\/div><\/div><\/div><div class=\"fusion-layout-column fusion_builder_column fusion-builder-column-2 fusion_builder_column_1_1 1_1 fusion-one-full fusion-column-first fusion-column-last\" style=\"--awb-padding-top:6%;--awb-bg-color:#ffffff;--awb-bg-size:cover;--awb-margin-top:0px;--awb-margin-bottom:0px;\"><div class=\"fusion-column-wrapper fusion-flex-column-wrapper-legacy\"><div class=\"fusion-title title fusion-title-2 fusion-sep-none fusion-title-center fusion-title-text fusion-title-size-two\" style=\"--awb-margin-top:30px;--awb-margin-bottom:20px;\"><h2 class=\"title-heading-center fusion-responsive-typography-calculated\" style=\"margin:0;--fontSize:50;line-height:1.28;\">Concurso espejo, espejito de Termix<\/h2><\/div><div class=\"fusion-clearfix\"><\/div><\/div><\/div><\/div><\/div><div class=\"fusion-fullwidth fullwidth-box fusion-builder-row-3 nonhundred-percent-fullwidth non-hundred-percent-height-scrolling\" style=\"--awb-border-radius-top-left:0px;--awb-border-radius-top-right:0px;--awb-border-radius-bottom-right:0px;--awb-border-radius-bottom-left:0px;--awb-padding-top:10px;--awb-padding-bottom:4%;\" ><div class=\"fusion-builder-row fusion-row\"><div class=\"fusion-layout-column fusion_builder_column fusion-builder-column-3 fusion_builder_column_1_6 1_6 fusion-one-sixth fusion-column-first fusion-no-small-visibility fusion-no-medium-visibility\" style=\"--awb-bg-size:cover;width:16.666666666667%;width:calc(16.666666666667% - ( ( 0 ) * 0.16666666666667 ) );margin-right: 0px;\"><div class=\"fusion-column-wrapper fusion-flex-column-wrapper-legacy\"><div class=\"fusion-clearfix\"><\/div><\/div><\/div><div class=\"fusion-layout-column fusion_builder_column fusion-builder-column-4 fusion_builder_column_2_3 2_3 fusion-two-third fusion-column-last\" style=\"--awb-bg-size:cover;width:66.666666666667%;width:calc(66.666666666667% - ( ( 0 ) * 0.66666666666667 ) );\"><div class=\"fusion-column-wrapper fusion-flex-column-wrapper-legacy\"><div class=\"fusion-sep-clear\"><\/div><div class=\"fusion-separator fusion-full-width-sep\" style=\"margin-left: auto;margin-right: auto;margin-top:30px;width:100%;\"><\/div><div class=\"fusion-sep-clear\"><\/div><div class=\"fusion-text fusion-text-1\"><p style=\"text-align: center;\"><span style=\"font-size: 22px; line-height: 1.5em;\">\u00a1Estamos de celebraci\u00f3n! <\/span><\/p>\n<p style=\"text-align: center;\"><span style=\"font-size: 22px; line-height: 1.5em;\">Termix quiere compartirlo contigo y es por ello que arranca un nuevo concurso. Solo tienes que mostrarnos la mejor de tus sonrisas y posar en nuestro fant\u00e1stico Photocall en la feria Sal\u00f3n Look 2017 y\u2026 <strong>\u00a1podr\u00e1s ganar uno de nuestros fant\u00e1sticos premios!<\/strong><\/span><\/p>\n<\/div><div class=\"fusion-sep-clear\"><\/div><div class=\"fusion-separator fusion-full-width-sep\" style=\"margin-left: auto;margin-right: auto;margin-top:30px;width:100%;\"><\/div><div class=\"fusion-sep-clear\"><\/div><div class=\"fusion-text fusion-text-2\"><h3 style=\"text-align: justify;\">\u00a0<\/h3>\n<p style=\"text-align: justify;\">As\u00ed que, no lo pienses m\u00e1s y ves practicando tu mejor sonrisa, porque tienes una cita con el espectacular Photocall que Termix ha preparado para ti en el <strong>stand 4D18<\/strong> de la feria Sal\u00f3n Look 2017. Del <strong>3 al 5 de noviembre<\/strong> tendr\u00e1s tu oportunidad para brillar porque&#8230; \u00a1ser\u00e1s t\u00fa la estrella del Photocall! Adem\u00e1s, participar es muy sencillo: debes hacerte una <strong>foto con la mejor de tus sonrisas,<\/strong>\u00a0demostrando tu originalidad en nuestro Photocall y <strong>conseguir el m\u00e1ximo n\u00famero de &#8216;likes&#8217;<\/strong> para ganar. La fotograf\u00eda que consiga <strong>m\u00e1s likes (o reacciones) ganar\u00e1<\/strong> un lote de productos Termix, uno por cada d\u00eda.<\/p>\n<p><img decoding=\"async\" class=\"aligncenter wp-image-11189 size-full\" src=\"http:\/\/termix.net\/wp-content\/uploads\/2017\/10\/PASOSCONCURSO.jpg\" alt=\"Plancha de pelo profesional Termix\" width=\"1160\" height=\"660\" \/><\/p>\n<p style=\"text-align: justify;\">Las fotos se publicar\u00e1n en nuestra<strong> p\u00e1gina de Facebook oficial<\/strong> conforme se vayan haciendo, as\u00ed que&#8230; \u00a1Adel\u00e1ntate y s\u00e9 el primero en visitarnos! Acumula &#8216;likes&#8217; en tu fotograf\u00eda hasta el d\u00eda 21 noviembre y convi\u00e9rtete en el ganador. \u00a1Sorteamos un lote de productos cada d\u00eda! Para participar es imprescindible que seas fan de nuestra <strong>p\u00e1gina oficial de Facebook<\/strong>.<\/p>\n<p>Los productos de peluquer\u00eda profesional de Termix que podr\u00e1s ganar son:<\/p>\n<p><strong>LOTE 1 \/ 03 NOV :<\/strong> El nuevo <strong>secador de pelo<\/strong> compacto <strong>profesional<\/strong> de Termix 4300, el difusor universal con p\u00faas a juego y un pack de cepillos especial 30 aniversario de Termix.<\/p>\n<p><strong>LOTE 2 \/ 04 NOV:<\/strong> La <strong>plancha de pelo<\/strong> m\u00e1s colorida de <strong>Termix<\/strong>, la <strong>plancha de pelo Pink Velvet<\/strong>, junto con un pack de los cepillos dorados Evolution Gold.<\/p>\n<p><strong>LOTE 3 \/ 05 NOV:<\/strong> El nuevo Kit Barber de Termix y el cepillo para desenredar barbas, para que perfecciones tu t\u00e9cnica y ocnsigas crear los Fades m\u00e1s apurados.<\/p>\n<p><img decoding=\"async\" class=\"aligncenter wp-image-11190 size-full\" src=\"http:\/\/termix.net\/wp-content\/uploads\/2017\/10\/TODOSLOSPRODUCTOS.jpg\" alt=\"Productos de peluquer\u00eda profesional \" width=\"1160\" height=\"486\" \/><\/p>\n<p style=\"text-align: justify;\"><strong>\u00a1Mucha suerte y que gane la mejor sonrisa!<\/strong><\/p>\n<p>\u00a0<\/p>\n<p><em>Acceso a las bases legales del concurso.<\/em><\/p>\n<p>\u00a0<\/p>\n<\/div><div class=\"fusion-clearfix\"><\/div><\/div><\/div><\/div><\/div><div class=\"fusion-fullwidth fullwidth-box fusion-builder-row-4 nonhundred-percent-fullwidth non-hundred-percent-height-scrolling\" style=\"--awb-border-radius-top-left:0px;--awb-border-radius-top-right:0px;--awb-border-radius-bottom-right:0px;--awb-border-radius-bottom-left:0px;\" ><\/div><\/p>\n","protected":false},"excerpt":{"rendered":"<p>\t\t\t\t\u00a1Estamos de celebraci\u00f3n! Termix quiere compartirlo contigo y es por ello que arranca un nuevo concurso. Solo tienes que mostrarnos la mejor de tus sonrisas y posar en nuestro fant\u00e1stico Photocall en la feria Sal\u00f3n Look 2017 y&#8230; \u00a1podr\u00e1s ganar uno de nuestros fant\u00e1sticos premios!\t\t<\/p>\n","protected":false},"author":2,"featured_media":22332,"comment_status":"open","ping_status":"open","sticky":false,"template":"","format":"standard","meta":[],"categories":[6],"tags":[53,43,36],"yoast_head":"<!-- This site is optimized with the Yoast SEO plugin v20.0 - https:\/\/yoast.com\/wordpress\/plugins\/seo\/ -->\n<title>CONCURSO ESPEJO, ESPEJITO DE TERMIX - Productos de peluquer\u00eda<\/title>\n<meta name=\"description\" content=\"Fant\u00e1stico Photocall en la feria Sal\u00f3n Look 2017, sorteo de productos de peluquer\u00eda, secador de pelo profesional, plancha de pelo profesional termix\" \/>\n<meta name=\"robots\" content=\"index, follow, max-snippet:-1, max-image-preview:large, max-video-preview:-1\" \/>\n<link rel=\"canonical\" href=\"https:\/\/termix.net\/blog\/es\/concurso-espejo-espejito-termix\/\" \/>\n<meta property=\"og:locale\" content=\"es_ES\" \/>\n<meta property=\"og:type\" content=\"article\" \/>\n<meta property=\"og:title\" content=\"CONCURSO ESPEJO, ESPEJITO DE TERMIX - Productos de peluquer\u00eda\" \/>\n<meta property=\"og:description\" content=\"Fant\u00e1stico Photocall en la feria Sal\u00f3n Look 2017, sorteo de productos de peluquer\u00eda, secador de pelo profesional, plancha de pelo profesional termix\" \/>\n<meta property=\"og:url\" content=\"https:\/\/termix.net\/blog\/es\/concurso-espejo-espejito-termix\/\" \/>\n<meta property=\"og:site_name\" content=\"Blog Termix Spain\" \/>\n<meta property=\"article:published_time\" content=\"2017-10-31T07:57:59+00:00\" \/>\n<meta property=\"article:modified_time\" content=\"2019-12-05T16:10:11+00:00\" \/>\n<meta property=\"og:image\" content=\"https:\/\/termix.net\/blog\/wp-content\/uploads\/2017\/10\/CONCURSO-PHOTOCALL-BANNER-BIEN.jpg\" \/>\n\t<meta property=\"og:image:width\" content=\"1160\" \/>\n\t<meta property=\"og:image:height\" content=\"435\" \/>\n\t<meta property=\"og:image:type\" content=\"image\/jpeg\" \/>\n<meta name=\"author\" content=\"TermixTeam\" \/>\n<meta name=\"twitter:card\" content=\"summary_large_image\" \/>\n<meta name=\"twitter:label1\" content=\"Escrito por\" \/>\n\t<meta name=\"twitter:data1\" content=\"TermixTeam\" \/>\n\t<meta name=\"twitter:label2\" content=\"Tiempo de lectura\" \/>\n\t<meta name=\"twitter:data2\" content=\"7 minutos\" \/>\n<script type=\"application\/ld+json\" class=\"yoast-schema-graph\">{\"@context\":\"https:\/\/schema.org\",\"@graph\":[{\"@type\":\"Article\",\"@id\":\"https:\/\/termix.net\/blog\/es\/concurso-espejo-espejito-termix\/#article\",\"isPartOf\":{\"@id\":\"https:\/\/termix.net\/blog\/es\/concurso-espejo-espejito-termix\/\"},\"author\":{\"name\":\"TermixTeam\",\"@id\":\"https:\/\/termix.net\/blog\/es\/#\/schema\/person\/9096c98bdf03c8ddf91ad7172f254f40\"},\"headline\":\"Concurso espejo, espejito de Termix\",\"datePublished\":\"2017-10-31T07:57:59+00:00\",\"dateModified\":\"2019-12-05T16:10:11+00:00\",\"mainEntityOfPage\":{\"@id\":\"https:\/\/termix.net\/blog\/es\/concurso-espejo-espejito-termix\/\"},\"wordCount\":1436,\"commentCount\":0,\"publisher\":{\"@id\":\"https:\/\/termix.net\/blog\/es\/#organization\"},\"keywords\":[\"concursos y sorteos\",\"Planchas de Pelo\",\"tendencias\"],\"articleSection\":[\"NOTICIAS\"],\"inLanguage\":\"es\",\"potentialAction\":[{\"@type\":\"CommentAction\",\"name\":\"Comment\",\"target\":[\"https:\/\/termix.net\/blog\/es\/concurso-espejo-espejito-termix\/#respond\"]}]},{\"@type\":\"WebPage\",\"@id\":\"https:\/\/termix.net\/blog\/es\/concurso-espejo-espejito-termix\/\",\"url\":\"https:\/\/termix.net\/blog\/es\/concurso-espejo-espejito-termix\/\",\"name\":\"CONCURSO ESPEJO, ESPEJITO DE TERMIX - Productos de peluquer\u00eda\",\"isPartOf\":{\"@id\":\"https:\/\/termix.net\/blog\/es\/#website\"},\"datePublished\":\"2017-10-31T07:57:59+00:00\",\"dateModified\":\"2019-12-05T16:10:11+00:00\",\"description\":\"Fant\u00e1stico Photocall en la feria Sal\u00f3n Look 2017, sorteo de productos de peluquer\u00eda, secador de pelo profesional, plancha de pelo profesional termix\",\"breadcrumb\":{\"@id\":\"https:\/\/termix.net\/blog\/es\/concurso-espejo-espejito-termix\/#breadcrumb\"},\"inLanguage\":\"es\",\"potentialAction\":[{\"@type\":\"ReadAction\",\"target\":[\"https:\/\/termix.net\/blog\/es\/concurso-espejo-espejito-termix\/\"]}]},{\"@type\":\"BreadcrumbList\",\"@id\":\"https:\/\/termix.net\/blog\/es\/concurso-espejo-espejito-termix\/#breadcrumb\",\"itemListElement\":[{\"@type\":\"ListItem\",\"position\":1,\"name\":\"Home\",\"item\":\"https:\/\/termix.net\/blog\/es\/\"},{\"@type\":\"ListItem\",\"position\":2,\"name\":\"Concurso espejo, espejito de Termix\"}]},{\"@type\":\"WebSite\",\"@id\":\"https:\/\/termix.net\/blog\/es\/#website\",\"url\":\"https:\/\/termix.net\/blog\/es\/\",\"name\":\"Blog Termix Spain\",\"description\":\"Blog de tendencias y productos de peluquer\u00eda profesional.\",\"publisher\":{\"@id\":\"https:\/\/termix.net\/blog\/es\/#organization\"},\"potentialAction\":[{\"@type\":\"SearchAction\",\"target\":{\"@type\":\"EntryPoint\",\"urlTemplate\":\"https:\/\/termix.net\/blog\/es\/?s={search_term_string}\"},\"query-input\":\"required name=search_term_string\"}],\"inLanguage\":\"es\"},{\"@type\":\"Organization\",\"@id\":\"https:\/\/termix.net\/blog\/es\/#organization\",\"name\":\"Dols Industrial de Peluquer\u00eda SA\",\"url\":\"https:\/\/termix.net\/blog\/es\/\",\"logo\":{\"@type\":\"ImageObject\",\"inLanguage\":\"es\",\"@id\":\"https:\/\/termix.net\/blog\/es\/#\/schema\/logo\/image\/\",\"url\":\"https:\/\/termix.net\/blog\/wp-content\/uploads\/2020\/10\/OGbDAeng.jpeg\",\"contentUrl\":\"https:\/\/termix.net\/blog\/wp-content\/uploads\/2020\/10\/OGbDAeng.jpeg\",\"width\":800,\"height\":800,\"caption\":\"Dols Industrial de Peluquer\u00eda SA\"},\"image\":{\"@id\":\"https:\/\/termix.net\/blog\/es\/#\/schema\/logo\/image\/\"}},{\"@type\":\"Person\",\"@id\":\"https:\/\/termix.net\/blog\/es\/#\/schema\/person\/9096c98bdf03c8ddf91ad7172f254f40\",\"name\":\"TermixTeam\",\"image\":{\"@type\":\"ImageObject\",\"inLanguage\":\"es\",\"@id\":\"https:\/\/termix.net\/blog\/es\/#\/schema\/person\/image\/\",\"url\":\"https:\/\/secure.gravatar.com\/avatar\/d89f61f6bd1c29a4acb231736d1c74b3?s=96&d=mm&r=g\",\"contentUrl\":\"https:\/\/secure.gravatar.com\/avatar\/d89f61f6bd1c29a4acb231736d1c74b3?s=96&d=mm&r=g\",\"caption\":\"TermixTeam\"},\"url\":\"https:\/\/termix.net\/blog\/es\/author\/termixteam\/\"}]}<\/script>\n<!-- \/ Yoast SEO plugin. -->","yoast_head_json":{"title":"CONCURSO ESPEJO, ESPEJITO DE TERMIX - Productos de peluquer\u00eda","description":"Fant\u00e1stico Photocall en la feria Sal\u00f3n Look 2017, sorteo de productos de peluquer\u00eda, secador de pelo profesional, plancha de pelo profesional termix","robots":{"index":"index","follow":"follow","max-snippet":"max-snippet:-1","max-image-preview":"max-image-preview:large","max-video-preview":"max-video-preview:-1"},"canonical":"https:\/\/termix.net\/blog\/es\/concurso-espejo-espejito-termix\/","og_locale":"es_ES","og_type":"article","og_title":"CONCURSO ESPEJO, ESPEJITO DE TERMIX - Productos de peluquer\u00eda","og_description":"Fant\u00e1stico Photocall en la feria Sal\u00f3n Look 2017, sorteo de productos de peluquer\u00eda, secador de pelo profesional, plancha de pelo profesional termix","og_url":"https:\/\/termix.net\/blog\/es\/concurso-espejo-espejito-termix\/","og_site_name":"Blog Termix Spain","article_published_time":"2017-10-31T07:57:59+00:00","article_modified_time":"2019-12-05T16:10:11+00:00","og_image":[{"width":1160,"height":435,"url":"https:\/\/termix.net\/blog\/wp-content\/uploads\/2017\/10\/CONCURSO-PHOTOCALL-BANNER-BIEN.jpg","type":"image\/jpeg"}],"author":"TermixTeam","twitter_card":"summary_large_image","twitter_misc":{"Escrito por":"TermixTeam","Tiempo de lectura":"7 minutos"},"schema":{"@context":"https:\/\/schema.org","@graph":[{"@type":"Article","@id":"https:\/\/termix.net\/blog\/es\/concurso-espejo-espejito-termix\/#article","isPartOf":{"@id":"https:\/\/termix.net\/blog\/es\/concurso-espejo-espejito-termix\/"},"author":{"name":"TermixTeam","@id":"https:\/\/termix.net\/blog\/es\/#\/schema\/person\/9096c98bdf03c8ddf91ad7172f254f40"},"headline":"Concurso espejo, espejito de Termix","datePublished":"2017-10-31T07:57:59+00:00","dateModified":"2019-12-05T16:10:11+00:00","mainEntityOfPage":{"@id":"https:\/\/termix.net\/blog\/es\/concurso-espejo-espejito-termix\/"},"wordCount":1436,"commentCount":0,"publisher":{"@id":"https:\/\/termix.net\/blog\/es\/#organization"},"keywords":["concursos y sorteos","Planchas de Pelo","tendencias"],"articleSection":["NOTICIAS"],"inLanguage":"es","potentialAction":[{"@type":"CommentAction","name":"Comment","target":["https:\/\/termix.net\/blog\/es\/concurso-espejo-espejito-termix\/#respond"]}]},{"@type":"WebPage","@id":"https:\/\/termix.net\/blog\/es\/concurso-espejo-espejito-termix\/","url":"https:\/\/termix.net\/blog\/es\/concurso-espejo-espejito-termix\/","name":"CONCURSO ESPEJO, ESPEJITO DE TERMIX - Productos de peluquer\u00eda","isPartOf":{"@id":"https:\/\/termix.net\/blog\/es\/#website"},"datePublished":"2017-10-31T07:57:59+00:00","dateModified":"2019-12-05T16:10:11+00:00","description":"Fant\u00e1stico Photocall en la feria Sal\u00f3n Look 2017, sorteo de productos de peluquer\u00eda, secador de pelo profesional, plancha de pelo profesional termix","breadcrumb":{"@id":"https:\/\/termix.net\/blog\/es\/concurso-espejo-espejito-termix\/#breadcrumb"},"inLanguage":"es","potentialAction":[{"@type":"ReadAction","target":["https:\/\/termix.net\/blog\/es\/concurso-espejo-espejito-termix\/"]}]},{"@type":"BreadcrumbList","@id":"https:\/\/termix.net\/blog\/es\/concurso-espejo-espejito-termix\/#breadcrumb","itemListElement":[{"@type":"ListItem","position":1,"name":"Home","item":"https:\/\/termix.net\/blog\/es\/"},{"@type":"ListItem","position":2,"name":"Concurso espejo, espejito de Termix"}]},{"@type":"WebSite","@id":"https:\/\/termix.net\/blog\/es\/#website","url":"https:\/\/termix.net\/blog\/es\/","name":"Blog Termix Spain","description":"Blog de tendencias y productos de peluquer\u00eda profesional.","publisher":{"@id":"https:\/\/termix.net\/blog\/es\/#organization"},"potentialAction":[{"@type":"SearchAction","target":{"@type":"EntryPoint","urlTemplate":"https:\/\/termix.net\/blog\/es\/?s={search_term_string}"},"query-input":"required name=search_term_string"}],"inLanguage":"es"},{"@type":"Organization","@id":"https:\/\/termix.net\/blog\/es\/#organization","name":"Dols Industrial de Peluquer\u00eda SA","url":"https:\/\/termix.net\/blog\/es\/","logo":{"@type":"ImageObject","inLanguage":"es","@id":"https:\/\/termix.net\/blog\/es\/#\/schema\/logo\/image\/","url":"https:\/\/termix.net\/blog\/wp-content\/uploads\/2020\/10\/OGbDAeng.jpeg","contentUrl":"https:\/\/termix.net\/blog\/wp-content\/uploads\/2020\/10\/OGbDAeng.jpeg","width":800,"height":800,"caption":"Dols Industrial de Peluquer\u00eda SA"},"image":{"@id":"https:\/\/termix.net\/blog\/es\/#\/schema\/logo\/image\/"}},{"@type":"Person","@id":"https:\/\/termix.net\/blog\/es\/#\/schema\/person\/9096c98bdf03c8ddf91ad7172f254f40","name":"TermixTeam","image":{"@type":"ImageObject","inLanguage":"es","@id":"https:\/\/termix.net\/blog\/es\/#\/schema\/person\/image\/","url":"https:\/\/secure.gravatar.com\/avatar\/d89f61f6bd1c29a4acb231736d1c74b3?s=96&d=mm&r=g","contentUrl":"https:\/\/secure.gravatar.com\/avatar\/d89f61f6bd1c29a4acb231736d1c74b3?s=96&d=mm&r=g","caption":"TermixTeam"},"url":"https:\/\/termix.net\/blog\/es\/author\/termixteam\/"}]}},"_links":{"self":[{"href":"https:\/\/termix.net\/blog\/es\/wp-json\/wp\/v2\/posts\/11120"}],"collection":[{"href":"https:\/\/termix.net\/blog\/es\/wp-json\/wp\/v2\/posts"}],"about":[{"href":"https:\/\/termix.net\/blog\/es\/wp-json\/wp\/v2\/types\/post"}],"author":[{"embeddable":true,"href":"https:\/\/termix.net\/blog\/es\/wp-json\/wp\/v2\/users\/2"}],"replies":[{"embeddable":true,"href":"https:\/\/termix.net\/blog\/es\/wp-json\/wp\/v2\/comments?post=11120"}],"version-history":[{"count":2,"href":"https:\/\/termix.net\/blog\/es\/wp-json\/wp\/v2\/posts\/11120\/revisions"}],"predecessor-version":[{"id":22334,"href":"https:\/\/termix.net\/blog\/es\/wp-json\/wp\/v2\/posts\/11120\/revisions\/22334"}],"wp:featuredmedia":[{"embeddable":true,"href":"https:\/\/termix.net\/blog\/es\/wp-json\/wp\/v2\/media\/22332"}],"wp:attachment":[{"href":"https:\/\/termix.net\/blog\/es\/wp-json\/wp\/v2\/media?parent=11120"}],"wp:term":[{"taxonomy":"category","embeddable":true,"href":"https:\/\/termix.net\/blog\/es\/wp-json\/wp\/v2\/categories?post=11120"},{"taxonomy":"post_tag","embeddable":true,"href":"https:\/\/termix.net\/blog\/es\/wp-json\/wp\/v2\/tags?post=11120"}],"curies":[{"name":"wp","href":"https:\/\/api.w.org\/{rel}","templated":true}]}}