{"id":10933,"date":"2017-10-06T10:48:44","date_gmt":"2017-10-06T10:48:44","guid":{"rendered":"http:\/\/termix.net\/?p=10922"},"modified":"2019-12-10T09:56:08","modified_gmt":"2019-12-10T08:56:08","slug":"convencion-termix","status":"publish","type":"post","link":"https:\/\/termix.net\/blog\/es\/convencion-termix\/","title":{"rendered":"Convenci\u00f3n Termix 2017, a la vanguardia de la expresi\u00f3n"},"content":{"rendered":"<p><div class=\"fusion-fullwidth fullwidth-box fusion-builder-row-1 faded-background fusion-parallax-none nonhundred-percent-fullwidth non-hundred-percent-height-scrolling fusion-no-small-visibility fusion-no-medium-visibility\" style=\"--awb-border-radius-top-left:0px;--awb-border-radius-top-right:0px;--awb-border-radius-bottom-right:0px;--awb-border-radius-bottom-left:0px;--awb-padding-top:24%;--awb-padding-right:3%;--awb-padding-left:3%;--awb-background-size:cover;\" ><div class=\"fullwidth-faded\" style=\"--awb-background-color:#181818;--awb-background-image:url(https:\/\/termix.net\/blog\/wp-content\/uploads\/2017\/10\/termix-camioseta-1.jpg);--awb-background-size:cover;\" ><\/div><div class=\"fusion-builder-row fusion-row\"><div class=\"fusion-layout-column fusion_builder_column fusion-builder-column-0 fusion_builder_column_1_1 1_1 fusion-one-full fusion-column-first fusion-column-last\" style=\"--awb-padding-top:6%;--awb-padding-right:8%;--awb-padding-bottom:6%;--awb-padding-left:8%;--awb-bg-color:rgba(255,255,255,0.7);--awb-bg-size:cover;--awb-margin-top:0px;--awb-margin-bottom:0px;\"><div class=\"fusion-column-wrapper fusion-column-has-shadow fusion-flex-column-wrapper-legacy\"><div class=\"fusion-text fusion-text-1 caption\"><p style=\"text-align: center;\">Noticias \u2014 3 min de lectura<\/p>\n<\/div><div class=\"fusion-title title fusion-title-1 fusion-sep-none fusion-title-center fusion-title-text fusion-title-size-two\" style=\"--awb-margin-top:30px;--awb-margin-bottom:20px;\"><h2 class=\"title-heading-center fusion-responsive-typography-calculated\" style=\"margin:0;--fontSize:50;line-height:1.28;\">Convenci\u00f3n Termix 2017, a la vanguardia de la expresi\u00f3n<\/h2><\/div><div class=\"fusion-clearfix\"><\/div><\/div><\/div><\/div><\/div><div class=\"fusion-fullwidth fullwidth-box fusion-builder-row-2 fusion-parallax-none nonhundred-percent-fullwidth non-hundred-percent-height-scrolling fusion-no-large-visibility\" style=\"--awb-border-radius-top-left:0px;--awb-border-radius-top-right:0px;--awb-border-radius-bottom-right:0px;--awb-border-radius-bottom-left:0px;--awb-background-image:url(&quot;https:\/\/termix.net\/blog\/wp-content\/uploads\/2019\/11\/con-el-secador-compacto-profesioanl-4300-de-termix-damos-volumen-al-cabello-1.jpg&quot;);--awb-background-size:cover;\" ><div class=\"fusion-builder-row fusion-row\"><div class=\"fusion-layout-column fusion_builder_column fusion-builder-column-1 fusion_builder_column_1_1 1_1 fusion-one-full fusion-column-first fusion-column-last fusion-column-inner-bg-wrapper\" style=\"--awb-padding-top:10%;--awb-padding-bottom:10%;--awb-inner-bg-image:url(&#039;http:\/\/termix.net\/blog\/wp-content\/uploads\/2019\/03\/single-blog-post-feat.jpg&#039;);--awb-inner-bg-position:center center;--awb-inner-bg-size:cover;\"><span class=\"fusion-column-inner-bg hover-type-zoomout\"><span class=\"fusion-column-anchor\"><span class=\"fusion-column-inner-bg-image\"><\/span><\/span><\/span><div class=\"fusion-column-wrapper fusion-flex-column-wrapper-legacy\" data-bg-url=\"http:\/\/termix.net\/blog\/wp-content\/uploads\/2019\/03\/single-blog-post-feat.jpg\"><div class=\"fusion-sep-clear\"><\/div><div class=\"fusion-separator fusion-no-large-visibility fusion-full-width-sep\" style=\"margin-left: auto;margin-right: auto;margin-top:200px;width:100%;\"><\/div><div class=\"fusion-sep-clear\"><\/div><div class=\"fusion-clearfix\"><\/div><\/div><\/div><div class=\"fusion-layout-column fusion_builder_column fusion-builder-column-2 fusion_builder_column_1_1 1_1 fusion-one-full fusion-column-first fusion-column-last\" style=\"--awb-padding-top:6%;--awb-bg-color:#ffffff;--awb-bg-size:cover;--awb-margin-top:0px;--awb-margin-bottom:0px;\"><div class=\"fusion-column-wrapper fusion-flex-column-wrapper-legacy\"><div class=\"fusion-text fusion-text-2 caption\"><p style=\"text-align: center;\">Noticias \u2014 3 min de lectura<\/p>\n<\/div><div class=\"fusion-title title fusion-title-2 fusion-sep-none fusion-title-center fusion-title-text fusion-title-size-two\" style=\"--awb-margin-top:30px;--awb-margin-bottom:20px;\"><h2 class=\"title-heading-center fusion-responsive-typography-calculated\" style=\"margin:0;--fontSize:50;line-height:1.28;\">Convenci\u00f3n Termix 2017, a la vanguardia de la expresi\u00f3n<\/h2><\/div><div class=\"fusion-clearfix\"><\/div><\/div><\/div><\/div><\/div><div class=\"fusion-fullwidth fullwidth-box fusion-builder-row-3 nonhundred-percent-fullwidth non-hundred-percent-height-scrolling\" style=\"--awb-border-radius-top-left:0px;--awb-border-radius-top-right:0px;--awb-border-radius-bottom-right:0px;--awb-border-radius-bottom-left:0px;--awb-padding-top:10px;--awb-padding-bottom:4%;\" ><div class=\"fusion-builder-row fusion-row\"><div class=\"fusion-layout-column fusion_builder_column fusion-builder-column-3 fusion_builder_column_1_6 1_6 fusion-one-sixth fusion-column-first fusion-no-small-visibility fusion-no-medium-visibility\" style=\"--awb-bg-size:cover;width:16.666666666667%;width:calc(16.666666666667% - ( ( 0 ) * 0.16666666666667 ) );margin-right: 0px;\"><div class=\"fusion-column-wrapper fusion-flex-column-wrapper-legacy\"><div class=\"fusion-clearfix\"><\/div><\/div><\/div><div class=\"fusion-layout-column fusion_builder_column fusion-builder-column-4 fusion_builder_column_2_3 2_3 fusion-two-third fusion-column-last\" style=\"--awb-bg-size:cover;width:66.666666666667%;width:calc(66.666666666667% - ( ( 0 ) * 0.66666666666667 ) );\"><div class=\"fusion-column-wrapper fusion-flex-column-wrapper-legacy\"><div class=\"fusion-sep-clear\"><\/div><div class=\"fusion-separator fusion-full-width-sep\" style=\"margin-left: auto;margin-right: auto;margin-top:30px;width:100%;\"><\/div><div class=\"fusion-sep-clear\"><\/div><div class=\"fusion-text fusion-text-3\"><p style=\"text-align: center;\"><span style=\"font-size: 22px; line-height: 1.5em;\">Termix, siempre a la vanguardia de la expresi\u00f3n, se mantiene puntera en cuanto a din\u00e1micas de grupo.<\/span><\/p>\n<p style=\"text-align: center;\"><span style=\"font-size: 22px; line-height: 1.5em;\"> Y es que del 3 al 4 de octubre el equipo Termix al completo se trasladaba de las oficinas al aire libre, concretamente al Mas Sant Joan de L\u2019Escala para la convenci\u00f3n que pone fin a este ciclo e inicia uno nuevo. Una experiencia \u00fanica, con un objetivo indiscutible: <strong>fomentar el trabajo en equipo y visualizar las propuestas de mejora<\/strong> que a\u00f1o tras a\u00f1o convierten a esta compa\u00f1\u00eda en una de las m\u00e1s destacadas en cuanto a calidad e innovaci\u00f3n tecnol\u00f3gica del sector de herramientas profesionales de peluquer\u00eda.<\/span><\/p>\n<\/div><div class=\"fusion-sep-clear\"><\/div><div class=\"fusion-separator fusion-full-width-sep\" style=\"margin-left: auto;margin-right: auto;margin-top:30px;width:100%;\"><\/div><div class=\"fusion-sep-clear\"><\/div><div class=\"fusion-text fusion-text-4\"><p>\u00a0<\/p>\n<h3 style=\"text-align: justify;\">\u00a0<img decoding=\"async\" class=\"aligncenter size-full wp-image-10925\" src=\"http:\/\/termix.net\/wp-content\/uploads\/2017\/10\/convenciontermix2.jpg\" alt=\"La convenci\u00f3n Termix 2017 ha sido un \u00e9xito total gracias a la cohesi\u00f3n del grupo\" width=\"1160\" height=\"660\" \/><\/h3>\n<p style=\"text-align: justify;\">Y estas precisamente son las <strong>bases del coaching empresarial<\/strong>: potenciar la <strong>motivaci\u00f3n y satisfacci\u00f3n personal de los trabajadores<\/strong> con el deseo de evolucionar como empresa y lograr una mayor eficacia en cuanto a resultados. Valorando esta propuesta, la <strong>convenci\u00f3n Termix 2017<\/strong> se ha cerrado como un gran \u00e9xito, <strong>cumpliendo con los objetivos<\/strong> propuestos e incluso super\u00e1ndolos. Primero por las actividades propuestas que, siguiendo el siempre constante lema de la compa\u00f1\u00eda \u201c<em>A la vanguardia de la expresi\u00f3n<\/em>\u201d, tambi\u00e9n se consigui\u00f3 posicionar en la vanguardia de las t\u00e9cnicas de coaching, con una actividad que logr\u00f3 <strong>potenciar y fortalecer el esp\u00edritu de equipo<\/strong> saliendo de la esfera de confort que supone el entorno de la oficina. Y es que esta actividad se desarroll\u00f3 en el <strong>Club H\u00edpic Equus Empord\u00e1<\/strong>, en un \u00a0contexto compartido con los animales m\u00e1s nobles del reino animal, los caballos.<\/p>\n<p style=\"text-align: justify;\"><img decoding=\"async\" class=\"aligncenter wp-image-10928 size-full\" src=\"http:\/\/termix.net\/wp-content\/uploads\/2017\/10\/termix-camioseta.jpg\" alt=\"La convenci\u00f3n Termix foment\u00f3 el esp\u00edritu de equipo y la cohesi\u00f3n para continuar proyectando nuevos retos\" width=\"1160\" height=\"660\" \/><\/p>\n<p style=\"text-align: justify;\">En segundo lugar, las expectativas se lograron tambi\u00e9n gracias a las <strong>presentaciones de objetivos y nuevos proyectos<\/strong> realizados por todos los miembros del equipo Termix en una jornada participativa, \u00e1gil y distendida. Y, por \u00faltimo, la <strong>colaboraci\u00f3n de todos y cada una de las personas<\/strong> que configuran el <strong>equipo Termix<\/strong> y permiten que la empresa consiga, ciclo tras ciclo, <strong>posicionarse<\/strong> como una de las marcas m\u00e1s reconocidas de herramientas de peluquer\u00eda profesional.<\/p>\n<p style=\"text-align: justify;\">As\u00ed pues, la <strong>convenci\u00f3n Termix 2017<\/strong> puso punto y final a dos trimestres cargados de proyectos y triunfos destacados, incentivando\u00a0 la <strong>creatividad <\/strong>y\u00a0la <strong>cohesi\u00f3n de equipo<\/strong>, tomando decisiones estrat\u00e9gicas en un entorno ideal que se convertir\u00e1n el motor para que la compa\u00f1\u00eda siga en acci\u00f3n por lo menos <strong>30 a\u00f1os m\u00e1s<\/strong>. \u00a1Felicidades a todo el <strong>equipo Termix<\/strong> por esta gran experiencia!<\/p>\n<\/div><div class=\"fusion-clearfix\"><\/div><\/div><\/div><\/div><\/div><div class=\"fusion-fullwidth fullwidth-box fusion-builder-row-4 nonhundred-percent-fullwidth non-hundred-percent-height-scrolling\" style=\"--awb-border-radius-top-left:0px;--awb-border-radius-top-right:0px;--awb-border-radius-bottom-right:0px;--awb-border-radius-bottom-left:0px;\" ><\/div><\/p>\n","protected":false},"excerpt":{"rendered":"<p>\t\t\t\tDel 3 al 4 de octubre el equipo Termix al completo se trasladaba al Mas Sant Joan de L\u2019Escala para la convenci\u00f3n que pone fin a este ciclo e inicia uno nuevo. Una experiencia \u00fanica, con un objetivo indiscutible: fomentar el trabajo en equipo y visualizar las propuestas de mejora que impulsan la innovaci\u00f3n y el car\u00e1cter de la marca.\t\t<\/p>\n","protected":false},"author":2,"featured_media":22352,"comment_status":"open","ping_status":"open","sticky":false,"template":"","format":"standard","meta":[],"categories":[6],"tags":[],"yoast_head":"<!-- This site is optimized with the Yoast SEO plugin v20.0 - https:\/\/yoast.com\/wordpress\/plugins\/seo\/ -->\n<title>Convenci\u00f3n Termix 2017, a la vanguardia de la expresi\u00f3n<\/title>\n<meta name=\"description\" content=\"Del 3 al 4 de octubre el equipo Termix al completo se trasladaba al Mas Sant Joan de L\u2019Escala para la convenci\u00f3n 2017.\" \/>\n<meta name=\"robots\" content=\"index, follow, max-snippet:-1, max-image-preview:large, max-video-preview:-1\" \/>\n<link rel=\"canonical\" href=\"https:\/\/termix.net\/blog\/es\/convencion-termix\/\" \/>\n<meta property=\"og:locale\" content=\"es_ES\" \/>\n<meta property=\"og:type\" content=\"article\" \/>\n<meta property=\"og:title\" content=\"Convenci\u00f3n Termix 2017, a la vanguardia de la expresi\u00f3n\" \/>\n<meta property=\"og:description\" content=\"Del 3 al 4 de octubre el equipo Termix al completo se trasladaba al Mas Sant Joan de L\u2019Escala para la convenci\u00f3n 2017.\" \/>\n<meta property=\"og:url\" content=\"https:\/\/termix.net\/blog\/es\/convencion-termix\/\" \/>\n<meta property=\"og:site_name\" content=\"Blog Termix Spain\" \/>\n<meta property=\"article:published_time\" content=\"2017-10-06T10:48:44+00:00\" \/>\n<meta property=\"article:modified_time\" content=\"2019-12-10T08:56:08+00:00\" \/>\n<meta property=\"og:image\" content=\"https:\/\/termix.net\/blog\/wp-content\/uploads\/2017\/10\/termix-camioseta-1.jpg\" \/>\n\t<meta property=\"og:image:width\" content=\"1160\" \/>\n\t<meta property=\"og:image:height\" content=\"660\" \/>\n\t<meta property=\"og:image:type\" content=\"image\/jpeg\" \/>\n<meta name=\"author\" content=\"TermixTeam\" \/>\n<meta name=\"twitter:card\" content=\"summary_large_image\" \/>\n<meta name=\"twitter:label1\" content=\"Escrito por\" \/>\n\t<meta name=\"twitter:data1\" content=\"TermixTeam\" \/>\n\t<meta name=\"twitter:label2\" content=\"Tiempo de lectura\" \/>\n\t<meta name=\"twitter:data2\" content=\"8 minutos\" \/>\n<script type=\"application\/ld+json\" class=\"yoast-schema-graph\">{\"@context\":\"https:\/\/schema.org\",\"@graph\":[{\"@type\":\"Article\",\"@id\":\"https:\/\/termix.net\/blog\/es\/convencion-termix\/#article\",\"isPartOf\":{\"@id\":\"https:\/\/termix.net\/blog\/es\/convencion-termix\/\"},\"author\":{\"name\":\"TermixTeam\",\"@id\":\"https:\/\/termix.net\/blog\/es\/#\/schema\/person\/9096c98bdf03c8ddf91ad7172f254f40\"},\"headline\":\"Convenci\u00f3n Termix 2017, a la vanguardia de la expresi\u00f3n\",\"datePublished\":\"2017-10-06T10:48:44+00:00\",\"dateModified\":\"2019-12-10T08:56:08+00:00\",\"mainEntityOfPage\":{\"@id\":\"https:\/\/termix.net\/blog\/es\/convencion-termix\/\"},\"wordCount\":1585,\"commentCount\":0,\"publisher\":{\"@id\":\"https:\/\/termix.net\/blog\/es\/#organization\"},\"articleSection\":[\"NOTICIAS\"],\"inLanguage\":\"es\",\"potentialAction\":[{\"@type\":\"CommentAction\",\"name\":\"Comment\",\"target\":[\"https:\/\/termix.net\/blog\/es\/convencion-termix\/#respond\"]}]},{\"@type\":\"WebPage\",\"@id\":\"https:\/\/termix.net\/blog\/es\/convencion-termix\/\",\"url\":\"https:\/\/termix.net\/blog\/es\/convencion-termix\/\",\"name\":\"Convenci\u00f3n Termix 2017, a la vanguardia de la expresi\u00f3n\",\"isPartOf\":{\"@id\":\"https:\/\/termix.net\/blog\/es\/#website\"},\"datePublished\":\"2017-10-06T10:48:44+00:00\",\"dateModified\":\"2019-12-10T08:56:08+00:00\",\"description\":\"Del 3 al 4 de octubre el equipo Termix al completo se trasladaba al Mas Sant Joan de L\u2019Escala para la convenci\u00f3n 2017.\",\"breadcrumb\":{\"@id\":\"https:\/\/termix.net\/blog\/es\/convencion-termix\/#breadcrumb\"},\"inLanguage\":\"es\",\"potentialAction\":[{\"@type\":\"ReadAction\",\"target\":[\"https:\/\/termix.net\/blog\/es\/convencion-termix\/\"]}]},{\"@type\":\"BreadcrumbList\",\"@id\":\"https:\/\/termix.net\/blog\/es\/convencion-termix\/#breadcrumb\",\"itemListElement\":[{\"@type\":\"ListItem\",\"position\":1,\"name\":\"Home\",\"item\":\"https:\/\/termix.net\/blog\/es\/\"},{\"@type\":\"ListItem\",\"position\":2,\"name\":\"Convenci\u00f3n Termix 2017, a la vanguardia de la expresi\u00f3n\"}]},{\"@type\":\"WebSite\",\"@id\":\"https:\/\/termix.net\/blog\/es\/#website\",\"url\":\"https:\/\/termix.net\/blog\/es\/\",\"name\":\"Blog Termix Spain\",\"description\":\"Blog de tendencias y productos de peluquer\u00eda profesional.\",\"publisher\":{\"@id\":\"https:\/\/termix.net\/blog\/es\/#organization\"},\"potentialAction\":[{\"@type\":\"SearchAction\",\"target\":{\"@type\":\"EntryPoint\",\"urlTemplate\":\"https:\/\/termix.net\/blog\/es\/?s={search_term_string}\"},\"query-input\":\"required name=search_term_string\"}],\"inLanguage\":\"es\"},{\"@type\":\"Organization\",\"@id\":\"https:\/\/termix.net\/blog\/es\/#organization\",\"name\":\"Dols Industrial de Peluquer\u00eda SA\",\"url\":\"https:\/\/termix.net\/blog\/es\/\",\"logo\":{\"@type\":\"ImageObject\",\"inLanguage\":\"es\",\"@id\":\"https:\/\/termix.net\/blog\/es\/#\/schema\/logo\/image\/\",\"url\":\"https:\/\/termix.net\/blog\/wp-content\/uploads\/2020\/10\/OGbDAeng.jpeg\",\"contentUrl\":\"https:\/\/termix.net\/blog\/wp-content\/uploads\/2020\/10\/OGbDAeng.jpeg\",\"width\":800,\"height\":800,\"caption\":\"Dols Industrial de Peluquer\u00eda SA\"},\"image\":{\"@id\":\"https:\/\/termix.net\/blog\/es\/#\/schema\/logo\/image\/\"}},{\"@type\":\"Person\",\"@id\":\"https:\/\/termix.net\/blog\/es\/#\/schema\/person\/9096c98bdf03c8ddf91ad7172f254f40\",\"name\":\"TermixTeam\",\"image\":{\"@type\":\"ImageObject\",\"inLanguage\":\"es\",\"@id\":\"https:\/\/termix.net\/blog\/es\/#\/schema\/person\/image\/\",\"url\":\"https:\/\/secure.gravatar.com\/avatar\/d89f61f6bd1c29a4acb231736d1c74b3?s=96&d=mm&r=g\",\"contentUrl\":\"https:\/\/secure.gravatar.com\/avatar\/d89f61f6bd1c29a4acb231736d1c74b3?s=96&d=mm&r=g\",\"caption\":\"TermixTeam\"},\"url\":\"https:\/\/termix.net\/blog\/es\/author\/termixteam\/\"}]}<\/script>\n<!-- \/ Yoast SEO plugin. -->","yoast_head_json":{"title":"Convenci\u00f3n Termix 2017, a la vanguardia de la expresi\u00f3n","description":"Del 3 al 4 de octubre el equipo Termix al completo se trasladaba al Mas Sant Joan de L\u2019Escala para la convenci\u00f3n 2017.","robots":{"index":"index","follow":"follow","max-snippet":"max-snippet:-1","max-image-preview":"max-image-preview:large","max-video-preview":"max-video-preview:-1"},"canonical":"https:\/\/termix.net\/blog\/es\/convencion-termix\/","og_locale":"es_ES","og_type":"article","og_title":"Convenci\u00f3n Termix 2017, a la vanguardia de la expresi\u00f3n","og_description":"Del 3 al 4 de octubre el equipo Termix al completo se trasladaba al Mas Sant Joan de L\u2019Escala para la convenci\u00f3n 2017.","og_url":"https:\/\/termix.net\/blog\/es\/convencion-termix\/","og_site_name":"Blog Termix Spain","article_published_time":"2017-10-06T10:48:44+00:00","article_modified_time":"2019-12-10T08:56:08+00:00","og_image":[{"width":1160,"height":660,"url":"https:\/\/termix.net\/blog\/wp-content\/uploads\/2017\/10\/termix-camioseta-1.jpg","type":"image\/jpeg"}],"author":"TermixTeam","twitter_card":"summary_large_image","twitter_misc":{"Escrito por":"TermixTeam","Tiempo de lectura":"8 minutos"},"schema":{"@context":"https:\/\/schema.org","@graph":[{"@type":"Article","@id":"https:\/\/termix.net\/blog\/es\/convencion-termix\/#article","isPartOf":{"@id":"https:\/\/termix.net\/blog\/es\/convencion-termix\/"},"author":{"name":"TermixTeam","@id":"https:\/\/termix.net\/blog\/es\/#\/schema\/person\/9096c98bdf03c8ddf91ad7172f254f40"},"headline":"Convenci\u00f3n Termix 2017, a la vanguardia de la expresi\u00f3n","datePublished":"2017-10-06T10:48:44+00:00","dateModified":"2019-12-10T08:56:08+00:00","mainEntityOfPage":{"@id":"https:\/\/termix.net\/blog\/es\/convencion-termix\/"},"wordCount":1585,"commentCount":0,"publisher":{"@id":"https:\/\/termix.net\/blog\/es\/#organization"},"articleSection":["NOTICIAS"],"inLanguage":"es","potentialAction":[{"@type":"CommentAction","name":"Comment","target":["https:\/\/termix.net\/blog\/es\/convencion-termix\/#respond"]}]},{"@type":"WebPage","@id":"https:\/\/termix.net\/blog\/es\/convencion-termix\/","url":"https:\/\/termix.net\/blog\/es\/convencion-termix\/","name":"Convenci\u00f3n Termix 2017, a la vanguardia de la expresi\u00f3n","isPartOf":{"@id":"https:\/\/termix.net\/blog\/es\/#website"},"datePublished":"2017-10-06T10:48:44+00:00","dateModified":"2019-12-10T08:56:08+00:00","description":"Del 3 al 4 de octubre el equipo Termix al completo se trasladaba al Mas Sant Joan de L\u2019Escala para la convenci\u00f3n 2017.","breadcrumb":{"@id":"https:\/\/termix.net\/blog\/es\/convencion-termix\/#breadcrumb"},"inLanguage":"es","potentialAction":[{"@type":"ReadAction","target":["https:\/\/termix.net\/blog\/es\/convencion-termix\/"]}]},{"@type":"BreadcrumbList","@id":"https:\/\/termix.net\/blog\/es\/convencion-termix\/#breadcrumb","itemListElement":[{"@type":"ListItem","position":1,"name":"Home","item":"https:\/\/termix.net\/blog\/es\/"},{"@type":"ListItem","position":2,"name":"Convenci\u00f3n Termix 2017, a la vanguardia de la expresi\u00f3n"}]},{"@type":"WebSite","@id":"https:\/\/termix.net\/blog\/es\/#website","url":"https:\/\/termix.net\/blog\/es\/","name":"Blog Termix Spain","description":"Blog de tendencias y productos de peluquer\u00eda profesional.","publisher":{"@id":"https:\/\/termix.net\/blog\/es\/#organization"},"potentialAction":[{"@type":"SearchAction","target":{"@type":"EntryPoint","urlTemplate":"https:\/\/termix.net\/blog\/es\/?s={search_term_string}"},"query-input":"required name=search_term_string"}],"inLanguage":"es"},{"@type":"Organization","@id":"https:\/\/termix.net\/blog\/es\/#organization","name":"Dols Industrial de Peluquer\u00eda SA","url":"https:\/\/termix.net\/blog\/es\/","logo":{"@type":"ImageObject","inLanguage":"es","@id":"https:\/\/termix.net\/blog\/es\/#\/schema\/logo\/image\/","url":"https:\/\/termix.net\/blog\/wp-content\/uploads\/2020\/10\/OGbDAeng.jpeg","contentUrl":"https:\/\/termix.net\/blog\/wp-content\/uploads\/2020\/10\/OGbDAeng.jpeg","width":800,"height":800,"caption":"Dols Industrial de Peluquer\u00eda SA"},"image":{"@id":"https:\/\/termix.net\/blog\/es\/#\/schema\/logo\/image\/"}},{"@type":"Person","@id":"https:\/\/termix.net\/blog\/es\/#\/schema\/person\/9096c98bdf03c8ddf91ad7172f254f40","name":"TermixTeam","image":{"@type":"ImageObject","inLanguage":"es","@id":"https:\/\/termix.net\/blog\/es\/#\/schema\/person\/image\/","url":"https:\/\/secure.gravatar.com\/avatar\/d89f61f6bd1c29a4acb231736d1c74b3?s=96&d=mm&r=g","contentUrl":"https:\/\/secure.gravatar.com\/avatar\/d89f61f6bd1c29a4acb231736d1c74b3?s=96&d=mm&r=g","caption":"TermixTeam"},"url":"https:\/\/termix.net\/blog\/es\/author\/termixteam\/"}]}},"_links":{"self":[{"href":"https:\/\/termix.net\/blog\/es\/wp-json\/wp\/v2\/posts\/10933"}],"collection":[{"href":"https:\/\/termix.net\/blog\/es\/wp-json\/wp\/v2\/posts"}],"about":[{"href":"https:\/\/termix.net\/blog\/es\/wp-json\/wp\/v2\/types\/post"}],"author":[{"embeddable":true,"href":"https:\/\/termix.net\/blog\/es\/wp-json\/wp\/v2\/users\/2"}],"replies":[{"embeddable":true,"href":"https:\/\/termix.net\/blog\/es\/wp-json\/wp\/v2\/comments?post=10933"}],"version-history":[{"count":2,"href":"https:\/\/termix.net\/blog\/es\/wp-json\/wp\/v2\/posts\/10933\/revisions"}],"predecessor-version":[{"id":22354,"href":"https:\/\/termix.net\/blog\/es\/wp-json\/wp\/v2\/posts\/10933\/revisions\/22354"}],"wp:featuredmedia":[{"embeddable":true,"href":"https:\/\/termix.net\/blog\/es\/wp-json\/wp\/v2\/media\/22352"}],"wp:attachment":[{"href":"https:\/\/termix.net\/blog\/es\/wp-json\/wp\/v2\/media?parent=10933"}],"wp:term":[{"taxonomy":"category","embeddable":true,"href":"https:\/\/termix.net\/blog\/es\/wp-json\/wp\/v2\/categories?post=10933"},{"taxonomy":"post_tag","embeddable":true,"href":"https:\/\/termix.net\/blog\/es\/wp-json\/wp\/v2\/tags?post=10933"}],"curies":[{"name":"wp","href":"https:\/\/api.w.org\/{rel}","templated":true}]}}