{"id":10932,"date":"2017-04-25T09:27:25","date_gmt":"2017-04-25T09:27:25","guid":{"rendered":"http:\/\/termix.net\/?p=9625"},"modified":"2019-12-16T12:32:12","modified_gmt":"2019-12-16T11:32:12","slug":"exito-rotundo-termix-las-ferias-europeas-oporto-poznan","status":"publish","type":"post","link":"https:\/\/termix.net\/blog\/es\/exito-rotundo-termix-las-ferias-europeas-oporto-poznan\/","title":{"rendered":"\u00c9xito rotundo de Termix en las ferias europeas de Oporto y Poznan"},"content":{"rendered":"<p><div class=\"fusion-fullwidth fullwidth-box fusion-builder-row-1 faded-background fusion-parallax-none nonhundred-percent-fullwidth non-hundred-percent-height-scrolling fusion-no-small-visibility fusion-no-medium-visibility\" style=\"--awb-border-radius-top-left:0px;--awb-border-radius-top-right:0px;--awb-border-radius-bottom-right:0px;--awb-border-radius-bottom-left:0px;--awb-padding-top:24%;--awb-padding-right:3%;--awb-padding-left:3%;--awb-background-size:cover;\" ><div class=\"fullwidth-faded\" style=\"--awb-background-color:#181818;--awb-background-image:url(https:\/\/termix.net\/blog\/wp-content\/uploads\/2017\/04\/GENTE-STAND.jpg);--awb-background-size:cover;\" ><\/div><div class=\"fusion-builder-row fusion-row\"><div class=\"fusion-layout-column fusion_builder_column fusion-builder-column-0 fusion_builder_column_1_1 1_1 fusion-one-full fusion-column-first fusion-column-last\" style=\"--awb-padding-top:6%;--awb-padding-right:8%;--awb-padding-bottom:6%;--awb-padding-left:8%;--awb-bg-color:rgba(255,255,255,0.7);--awb-bg-size:cover;--awb-margin-top:0px;--awb-margin-bottom:0px;\"><div class=\"fusion-column-wrapper fusion-column-has-shadow fusion-flex-column-wrapper-legacy\"><div class=\"fusion-text fusion-text-1 caption\"><p style=\"text-align: center;\">Ferias \u2014 3 min de lectura<\/p>\n<\/div><div class=\"fusion-title title fusion-title-1 fusion-sep-none fusion-title-center fusion-title-text fusion-title-size-two\" style=\"--awb-margin-top:30px;--awb-margin-bottom:20px;\"><h2 class=\"title-heading-center fusion-responsive-typography-calculated\" style=\"margin:0;--fontSize:50;line-height:1.28;\">\u00c9xito rotundo de Termix en las ferias europeas de Oporto y Poznan<\/h2><\/div><div class=\"fusion-clearfix\"><\/div><\/div><\/div><\/div><\/div><div class=\"fusion-fullwidth fullwidth-box fusion-builder-row-2 fusion-parallax-none nonhundred-percent-fullwidth non-hundred-percent-height-scrolling fusion-no-large-visibility\" style=\"--awb-border-radius-top-left:0px;--awb-border-radius-top-right:0px;--awb-border-radius-bottom-right:0px;--awb-border-radius-bottom-left:0px;--awb-background-image:url(&quot;https:\/\/termix.net\/blog\/wp-content\/uploads\/2019\/11\/con-el-secador-compacto-profesioanl-4300-de-termix-damos-volumen-al-cabello-1.jpg&quot;);--awb-background-size:cover;\" ><div class=\"fusion-builder-row fusion-row\"><div class=\"fusion-layout-column fusion_builder_column fusion-builder-column-1 fusion_builder_column_1_1 1_1 fusion-one-full fusion-column-first fusion-column-last fusion-column-inner-bg-wrapper\" style=\"--awb-padding-top:10%;--awb-padding-bottom:10%;--awb-inner-bg-image:url(&#039;http:\/\/termix.net\/blog\/wp-content\/uploads\/2019\/03\/single-blog-post-feat.jpg&#039;);--awb-inner-bg-position:center center;--awb-inner-bg-size:cover;\"><span class=\"fusion-column-inner-bg hover-type-zoomout\"><span class=\"fusion-column-anchor\"><span class=\"fusion-column-inner-bg-image\"><\/span><\/span><\/span><div class=\"fusion-column-wrapper fusion-flex-column-wrapper-legacy\" data-bg-url=\"http:\/\/termix.net\/blog\/wp-content\/uploads\/2019\/03\/single-blog-post-feat.jpg\"><div class=\"fusion-sep-clear\"><\/div><div class=\"fusion-separator fusion-no-large-visibility fusion-full-width-sep\" style=\"margin-left: auto;margin-right: auto;margin-top:200px;width:100%;\"><\/div><div class=\"fusion-sep-clear\"><\/div><div class=\"fusion-clearfix\"><\/div><\/div><\/div><div class=\"fusion-layout-column fusion_builder_column fusion-builder-column-2 fusion_builder_column_1_1 1_1 fusion-one-full fusion-column-first fusion-column-last\" style=\"--awb-padding-top:6%;--awb-bg-color:#ffffff;--awb-bg-size:cover;--awb-margin-top:0px;--awb-margin-bottom:0px;\"><div class=\"fusion-column-wrapper fusion-flex-column-wrapper-legacy\"><div class=\"fusion-text fusion-text-2 caption\"><p style=\"text-align: center;\">Ferias \u2014 3 min de lectura<\/p>\n<\/div><div class=\"fusion-title title fusion-title-2 fusion-sep-none fusion-title-center fusion-title-text fusion-title-size-two\" style=\"--awb-margin-top:30px;--awb-margin-bottom:20px;\"><h2 class=\"title-heading-center fusion-responsive-typography-calculated\" style=\"margin:0;--fontSize:50;line-height:1.28;\">\u00c9xito rotundo de Termix en las ferias europeas de Oporto y Poznan<\/h2><\/div><div class=\"fusion-clearfix\"><\/div><\/div><\/div><\/div><\/div><div class=\"fusion-fullwidth fullwidth-box fusion-builder-row-3 nonhundred-percent-fullwidth non-hundred-percent-height-scrolling\" style=\"--awb-border-radius-top-left:0px;--awb-border-radius-top-right:0px;--awb-border-radius-bottom-right:0px;--awb-border-radius-bottom-left:0px;--awb-padding-top:10px;--awb-padding-bottom:4%;\" ><div class=\"fusion-builder-row fusion-row\"><div class=\"fusion-layout-column fusion_builder_column fusion-builder-column-3 fusion_builder_column_1_6 1_6 fusion-one-sixth fusion-column-first fusion-no-small-visibility fusion-no-medium-visibility\" style=\"--awb-bg-size:cover;width:16.666666666667%;width:calc(16.666666666667% - ( ( 0 ) * 0.16666666666667 ) );margin-right: 0px;\"><div class=\"fusion-column-wrapper fusion-flex-column-wrapper-legacy\"><div class=\"fusion-clearfix\"><\/div><\/div><\/div><div class=\"fusion-layout-column fusion_builder_column fusion-builder-column-4 fusion_builder_column_2_3 2_3 fusion-two-third fusion-column-last\" style=\"--awb-bg-size:cover;width:66.666666666667%;width:calc(66.666666666667% - ( ( 0 ) * 0.66666666666667 ) );\"><div class=\"fusion-column-wrapper fusion-flex-column-wrapper-legacy\"><div class=\"fusion-sep-clear\"><\/div><div class=\"fusion-separator fusion-full-width-sep\" style=\"margin-left: auto;margin-right: auto;margin-top:30px;width:100%;\"><\/div><div class=\"fusion-sep-clear\"><\/div><div class=\"fusion-text fusion-text-3\"><p style=\"text-align: center;\"><span style=\"font-size: 22px; line-height: 1.5em;\">Este fin de semana, Termix ha estado en dos de las citas europeas m\u00e1s importantes de la cosm\u00e9tica, belleza y cuidado del cabello: La feria Beauty Vision, celebrada en Polonia y ExpoCosm\u00e9tica, situada en Portugal. Termix ha asistido a ambas citas, demostrando su gran potencial y consolidando su presencia como empresa puntera del sector en Europa. <\/span><\/p>\n<p style=\"text-align: center;\"><span style=\"font-size: 22px; line-height: 1.5em;\"><strong>En definitiva, todo un \u00e9xito para Termix en la celebraci\u00f3n de su 30 aniversario.<\/strong><\/span><\/p>\n<\/div><div class=\"fusion-sep-clear\"><\/div><div class=\"fusion-separator fusion-full-width-sep\" style=\"margin-left: auto;margin-right: auto;margin-top:30px;width:100%;\"><\/div><div class=\"fusion-sep-clear\"><\/div><div class=\"fusion-text fusion-text-4\"><h3 style=\"text-align: justify;\"><\/h3>\n<p style=\"text-align: justify;\"><strong>Beauty Vision<\/strong> y <strong>ExpoCosm\u00e9tica<\/strong> se han propuesto como dos de las citas referentes no solo de la peluquer\u00eda, sino de la belleza en general. <strong>Termix ha conseguido brillar<\/strong> en estos dos eventos, a trav\u00e9s de <strong>shows<\/strong>, <strong>performances<\/strong> y <strong>demostraciones<\/strong> que sirvieron para mostrar a un p\u00fablico exigente las \u00faltimas tendencias en cuanto a peluquer\u00eda y belleza.<\/p>\n<p style=\"text-align: justify;\"><img decoding=\"async\" class=\"aligncenter size-full wp-image-9628\" src=\"http:\/\/termix.net\/wp-content\/uploads\/2017\/04\/CRAMIC-COLOR.jpg\" alt=\"Las novedades de Termix en la Feria ExpoCosm\u00e9tica y Beauty Vision\" width=\"800\" height=\"462\" \/><\/p>\n<p style=\"text-align: justify;\">Adem\u00e1s, <strong>Termix<\/strong> ha conseguido reforzar su presencia en<strong> Polonia y Portugal<\/strong>, gracias a la presentaci\u00f3n de sus novedades, en conjunci\u00f3n con la celebraci\u00f3n de su 30 aniversario. Dos puntos que hablan de la experiencia y la profesionalidad con que Termix trabaja constantemente: ofreciendo la <strong>m\u00e1xima calidad<\/strong> en sus productos, que cuentan siempre con el sello <strong><em>\u201cMade in Spain\u201d<\/em><\/strong> y un dise\u00f1o de <strong>alta tecnolog\u00eda<\/strong>, adem\u00e1s de contar con una larga trayectoria como empresa dedicada al cuidado del cabello.<\/p>\n<p style=\"text-align: justify;\"><img decoding=\"async\" class=\"aligncenter size-full wp-image-9631\" src=\"http:\/\/termix.net\/wp-content\/uploads\/2017\/04\/STAND-TERMIX2.jpg\" alt=\"Las novedades presentes en el stand de Termix durante las ferias ExpoCosm\u00e9tica y Beauty Vision\" width=\"800\" height=\"462\" \/><\/p>\n<p style=\"text-align: justify;\">Los cepillos <strong>C\u00b7Ramic Colors<\/strong>, as\u00ed como el conmemorativo <strong>Evolution Gold<\/strong>, han sido dos de las novedades m\u00e1s aclamadas\u00a0en la feria, tanto por su dise\u00f1o, como por sus propiedades, demostradas en directo a trav\u00e9s de estilismos muy profesionales y sorprendentes de la mano de nuestro t\u00e9cnico Cristian Ruenes. Adem\u00e1s de esta demostraci\u00f3n, se han podido constatar las propiedades de otro de los productos de estreno de Termix. Se trata de la plancha de pelo Black Velvet, la styler de tacto terciopelo que consigue los mejores acabados y es compatible y respetuosa con todo tipo de cabello.<\/p>\n<p style=\"text-align: justify;\"><img decoding=\"async\" class=\"aligncenter size-full wp-image-9637\" src=\"http:\/\/termix.net\/wp-content\/uploads\/2017\/04\/STAND-TERMIX2-1.jpg\" alt=\"Bartek Bronowicki utiliza cepillos Termix en la feria\" width=\"800\" height=\"462\" \/><\/p>\n<p style=\"text-align: justify;\">Asimismo, tambi\u00e9n hemos podido comprobar la versatilidad de las novedades de Termix de la mano de uno de los estilistas polacos m\u00e1s reconocidos, <strong>Bartek Bronowicki<\/strong>. \u00a0Mediante shows en directo en el escenario de Beauty Vision, Bartek ha trabajado melenas logrando looks muy profesionales gracias a la utilizaci\u00f3n de los nuevos cepillos<strong> C\u00b7Ramic Colors<\/strong> y los cepillos <strong>Evolution Gold<\/strong>. Adem\u00e1s, el evento Artego Prestige Night consigui\u00f3 el objetivo planteado: reunir a m\u00e1s de 550 estilistas. Termix, en esta colaboraci\u00f3n exitosa con Artego, ha conseguido erigirse como la marca elegida por los profesionales m\u00e1s exigentes del sector.<\/p>\n<p style=\"text-align: justify;\"><img decoding=\"async\" class=\"aligncenter size-full wp-image-9630\" src=\"http:\/\/termix.net\/wp-content\/uploads\/2017\/04\/BARBEROS-TERMIX.jpg\" alt=\"Los barberos Arthur y Danilo, se encargaron de los shows m\u00e1s din\u00e1micos de la Feria para Termix\" width=\"800\" height=\"462\" \/><\/p>\n<p>Y transportando nuestra atenci\u00f3n hacia Portugal, la experiencia Termix tambi\u00e9n se ha podido disfrutar en su m\u00e1ximo exponente. Los barberos del momento, Danilo Alfonso y Arthur Heiderick a trav\u00e9s de su \u201cshow fusion\u201d, han sorprendido a todos con cortes de barba y estilismos impactantes utilizando las m\u00e1quinas de corte masculino <strong>Power Cut y Styling Cut<\/strong>. Los visitantes de ExpoCosm\u00e9tica han quedado muy satisfechos con estos shows tan din\u00e1micos y tambi\u00e9n gracias a la simpat\u00eda del equipo Termix.<\/p>\n<p>Y para que pod\u00e1is seguir disfrutando en vivo de la experiencia Termix, os esperamos en la otra punta del mundo: en la feria Premi\u00e8re de Orlando.<\/p>\n<h2>\u00a1Te esperamos del 3 al 5 de junio en el continente americano!<\/h2>\n<\/div><div class=\"fusion-clearfix\"><\/div><\/div><\/div><\/div><\/div><div class=\"fusion-fullwidth fullwidth-box fusion-builder-row-4 nonhundred-percent-fullwidth non-hundred-percent-height-scrolling\" style=\"--awb-border-radius-top-left:0px;--awb-border-radius-top-right:0px;--awb-border-radius-bottom-right:0px;--awb-border-radius-bottom-left:0px;\" ><\/div><\/p>\n","protected":false},"excerpt":{"rendered":"<p>\t\t\t\tEste fin de semana, Termix ha estado en dos de las citas europeas m\u00e1s importantes de la cosm\u00e9tica, belleza y cuidado del cabello: Beauty Vision, celebrada en Polonia y ExpoCosm\u00e9tica, situada en Portugal. Termix ha asistido a ambas citas, demostrando su gran potencial \t\t<\/p>\n","protected":false},"author":2,"featured_media":22648,"comment_status":"open","ping_status":"open","sticky":false,"template":"","format":"standard","meta":[],"categories":[6],"tags":[],"yoast_head":"<!-- This site is optimized with the Yoast SEO plugin v20.0 - https:\/\/yoast.com\/wordpress\/plugins\/seo\/ -->\n<title>\u00c9XITO ROTUNDO DE TERMIX EN LAS FERIAS EUROPEAS DE OPORTO Y POZNAN<\/title>\n<meta name=\"description\" content=\"Termix presente en las dos ferias europeas m\u00e1s importantes de la cosm\u00e9tica, belleza y cuidado del cabello: Beauty Vision y ExpoCosm\u00e9tica.\" \/>\n<meta name=\"robots\" content=\"index, follow, max-snippet:-1, max-image-preview:large, max-video-preview:-1\" \/>\n<link rel=\"canonical\" href=\"https:\/\/termix.net\/blog\/es\/exito-rotundo-termix-las-ferias-europeas-oporto-poznan\/\" \/>\n<meta property=\"og:locale\" content=\"es_ES\" \/>\n<meta property=\"og:type\" content=\"article\" \/>\n<meta property=\"og:title\" content=\"\u00c9XITO ROTUNDO DE TERMIX EN LAS FERIAS EUROPEAS DE OPORTO Y POZNAN\" \/>\n<meta property=\"og:description\" content=\"Termix presente en las dos ferias europeas m\u00e1s importantes de la cosm\u00e9tica, belleza y cuidado del cabello: Beauty Vision y ExpoCosm\u00e9tica.\" \/>\n<meta property=\"og:url\" content=\"https:\/\/termix.net\/blog\/es\/exito-rotundo-termix-las-ferias-europeas-oporto-poznan\/\" \/>\n<meta property=\"og:site_name\" content=\"Blog Termix Spain\" \/>\n<meta property=\"article:published_time\" content=\"2017-04-25T09:27:25+00:00\" \/>\n<meta property=\"article:modified_time\" content=\"2019-12-16T11:32:12+00:00\" \/>\n<meta property=\"og:image\" content=\"https:\/\/termix.net\/blog\/wp-content\/uploads\/2017\/04\/GENTE-STAND.jpg\" \/>\n\t<meta property=\"og:image:width\" content=\"800\" \/>\n\t<meta property=\"og:image:height\" content=\"462\" \/>\n\t<meta property=\"og:image:type\" content=\"image\/jpeg\" \/>\n<meta name=\"author\" content=\"TermixTeam\" \/>\n<meta name=\"twitter:card\" content=\"summary_large_image\" \/>\n<meta name=\"twitter:label1\" content=\"Escrito por\" \/>\n\t<meta name=\"twitter:data1\" content=\"TermixTeam\" \/>\n\t<meta name=\"twitter:label2\" content=\"Tiempo de lectura\" \/>\n\t<meta name=\"twitter:data2\" content=\"9 minutos\" \/>\n<script type=\"application\/ld+json\" class=\"yoast-schema-graph\">{\"@context\":\"https:\/\/schema.org\",\"@graph\":[{\"@type\":\"Article\",\"@id\":\"https:\/\/termix.net\/blog\/es\/exito-rotundo-termix-las-ferias-europeas-oporto-poznan\/#article\",\"isPartOf\":{\"@id\":\"https:\/\/termix.net\/blog\/es\/exito-rotundo-termix-las-ferias-europeas-oporto-poznan\/\"},\"author\":{\"name\":\"TermixTeam\",\"@id\":\"https:\/\/termix.net\/blog\/es\/#\/schema\/person\/9096c98bdf03c8ddf91ad7172f254f40\"},\"headline\":\"\u00c9xito rotundo de Termix en las ferias europeas de Oporto y Poznan\",\"datePublished\":\"2017-04-25T09:27:25+00:00\",\"dateModified\":\"2019-12-16T11:32:12+00:00\",\"mainEntityOfPage\":{\"@id\":\"https:\/\/termix.net\/blog\/es\/exito-rotundo-termix-las-ferias-europeas-oporto-poznan\/\"},\"wordCount\":1731,\"commentCount\":0,\"publisher\":{\"@id\":\"https:\/\/termix.net\/blog\/es\/#organization\"},\"articleSection\":[\"NOTICIAS\"],\"inLanguage\":\"es\",\"potentialAction\":[{\"@type\":\"CommentAction\",\"name\":\"Comment\",\"target\":[\"https:\/\/termix.net\/blog\/es\/exito-rotundo-termix-las-ferias-europeas-oporto-poznan\/#respond\"]}]},{\"@type\":\"WebPage\",\"@id\":\"https:\/\/termix.net\/blog\/es\/exito-rotundo-termix-las-ferias-europeas-oporto-poznan\/\",\"url\":\"https:\/\/termix.net\/blog\/es\/exito-rotundo-termix-las-ferias-europeas-oporto-poznan\/\",\"name\":\"\u00c9XITO ROTUNDO DE TERMIX EN LAS FERIAS EUROPEAS DE OPORTO Y POZNAN\",\"isPartOf\":{\"@id\":\"https:\/\/termix.net\/blog\/es\/#website\"},\"datePublished\":\"2017-04-25T09:27:25+00:00\",\"dateModified\":\"2019-12-16T11:32:12+00:00\",\"description\":\"Termix presente en las dos ferias europeas m\u00e1s importantes de la cosm\u00e9tica, belleza y cuidado del cabello: Beauty Vision y ExpoCosm\u00e9tica.\",\"breadcrumb\":{\"@id\":\"https:\/\/termix.net\/blog\/es\/exito-rotundo-termix-las-ferias-europeas-oporto-poznan\/#breadcrumb\"},\"inLanguage\":\"es\",\"potentialAction\":[{\"@type\":\"ReadAction\",\"target\":[\"https:\/\/termix.net\/blog\/es\/exito-rotundo-termix-las-ferias-europeas-oporto-poznan\/\"]}]},{\"@type\":\"BreadcrumbList\",\"@id\":\"https:\/\/termix.net\/blog\/es\/exito-rotundo-termix-las-ferias-europeas-oporto-poznan\/#breadcrumb\",\"itemListElement\":[{\"@type\":\"ListItem\",\"position\":1,\"name\":\"Home\",\"item\":\"https:\/\/termix.net\/blog\/es\/\"},{\"@type\":\"ListItem\",\"position\":2,\"name\":\"\u00c9xito rotundo de Termix en las ferias europeas de Oporto y Poznan\"}]},{\"@type\":\"WebSite\",\"@id\":\"https:\/\/termix.net\/blog\/es\/#website\",\"url\":\"https:\/\/termix.net\/blog\/es\/\",\"name\":\"Blog Termix Spain\",\"description\":\"Blog de tendencias y productos de peluquer\u00eda profesional.\",\"publisher\":{\"@id\":\"https:\/\/termix.net\/blog\/es\/#organization\"},\"potentialAction\":[{\"@type\":\"SearchAction\",\"target\":{\"@type\":\"EntryPoint\",\"urlTemplate\":\"https:\/\/termix.net\/blog\/es\/?s={search_term_string}\"},\"query-input\":\"required name=search_term_string\"}],\"inLanguage\":\"es\"},{\"@type\":\"Organization\",\"@id\":\"https:\/\/termix.net\/blog\/es\/#organization\",\"name\":\"Dols Industrial de Peluquer\u00eda SA\",\"url\":\"https:\/\/termix.net\/blog\/es\/\",\"logo\":{\"@type\":\"ImageObject\",\"inLanguage\":\"es\",\"@id\":\"https:\/\/termix.net\/blog\/es\/#\/schema\/logo\/image\/\",\"url\":\"https:\/\/termix.net\/blog\/wp-content\/uploads\/2020\/10\/OGbDAeng.jpeg\",\"contentUrl\":\"https:\/\/termix.net\/blog\/wp-content\/uploads\/2020\/10\/OGbDAeng.jpeg\",\"width\":800,\"height\":800,\"caption\":\"Dols Industrial de Peluquer\u00eda SA\"},\"image\":{\"@id\":\"https:\/\/termix.net\/blog\/es\/#\/schema\/logo\/image\/\"}},{\"@type\":\"Person\",\"@id\":\"https:\/\/termix.net\/blog\/es\/#\/schema\/person\/9096c98bdf03c8ddf91ad7172f254f40\",\"name\":\"TermixTeam\",\"image\":{\"@type\":\"ImageObject\",\"inLanguage\":\"es\",\"@id\":\"https:\/\/termix.net\/blog\/es\/#\/schema\/person\/image\/\",\"url\":\"https:\/\/secure.gravatar.com\/avatar\/d89f61f6bd1c29a4acb231736d1c74b3?s=96&d=mm&r=g\",\"contentUrl\":\"https:\/\/secure.gravatar.com\/avatar\/d89f61f6bd1c29a4acb231736d1c74b3?s=96&d=mm&r=g\",\"caption\":\"TermixTeam\"},\"url\":\"https:\/\/termix.net\/blog\/es\/author\/termixteam\/\"}]}<\/script>\n<!-- \/ Yoast SEO plugin. -->","yoast_head_json":{"title":"\u00c9XITO ROTUNDO DE TERMIX EN LAS FERIAS EUROPEAS DE OPORTO Y POZNAN","description":"Termix presente en las dos ferias europeas m\u00e1s importantes de la cosm\u00e9tica, belleza y cuidado del cabello: Beauty Vision y ExpoCosm\u00e9tica.","robots":{"index":"index","follow":"follow","max-snippet":"max-snippet:-1","max-image-preview":"max-image-preview:large","max-video-preview":"max-video-preview:-1"},"canonical":"https:\/\/termix.net\/blog\/es\/exito-rotundo-termix-las-ferias-europeas-oporto-poznan\/","og_locale":"es_ES","og_type":"article","og_title":"\u00c9XITO ROTUNDO DE TERMIX EN LAS FERIAS EUROPEAS DE OPORTO Y POZNAN","og_description":"Termix presente en las dos ferias europeas m\u00e1s importantes de la cosm\u00e9tica, belleza y cuidado del cabello: Beauty Vision y ExpoCosm\u00e9tica.","og_url":"https:\/\/termix.net\/blog\/es\/exito-rotundo-termix-las-ferias-europeas-oporto-poznan\/","og_site_name":"Blog Termix Spain","article_published_time":"2017-04-25T09:27:25+00:00","article_modified_time":"2019-12-16T11:32:12+00:00","og_image":[{"width":800,"height":462,"url":"https:\/\/termix.net\/blog\/wp-content\/uploads\/2017\/04\/GENTE-STAND.jpg","type":"image\/jpeg"}],"author":"TermixTeam","twitter_card":"summary_large_image","twitter_misc":{"Escrito por":"TermixTeam","Tiempo de lectura":"9 minutos"},"schema":{"@context":"https:\/\/schema.org","@graph":[{"@type":"Article","@id":"https:\/\/termix.net\/blog\/es\/exito-rotundo-termix-las-ferias-europeas-oporto-poznan\/#article","isPartOf":{"@id":"https:\/\/termix.net\/blog\/es\/exito-rotundo-termix-las-ferias-europeas-oporto-poznan\/"},"author":{"name":"TermixTeam","@id":"https:\/\/termix.net\/blog\/es\/#\/schema\/person\/9096c98bdf03c8ddf91ad7172f254f40"},"headline":"\u00c9xito rotundo de Termix en las ferias europeas de Oporto y Poznan","datePublished":"2017-04-25T09:27:25+00:00","dateModified":"2019-12-16T11:32:12+00:00","mainEntityOfPage":{"@id":"https:\/\/termix.net\/blog\/es\/exito-rotundo-termix-las-ferias-europeas-oporto-poznan\/"},"wordCount":1731,"commentCount":0,"publisher":{"@id":"https:\/\/termix.net\/blog\/es\/#organization"},"articleSection":["NOTICIAS"],"inLanguage":"es","potentialAction":[{"@type":"CommentAction","name":"Comment","target":["https:\/\/termix.net\/blog\/es\/exito-rotundo-termix-las-ferias-europeas-oporto-poznan\/#respond"]}]},{"@type":"WebPage","@id":"https:\/\/termix.net\/blog\/es\/exito-rotundo-termix-las-ferias-europeas-oporto-poznan\/","url":"https:\/\/termix.net\/blog\/es\/exito-rotundo-termix-las-ferias-europeas-oporto-poznan\/","name":"\u00c9XITO ROTUNDO DE TERMIX EN LAS FERIAS EUROPEAS DE OPORTO Y POZNAN","isPartOf":{"@id":"https:\/\/termix.net\/blog\/es\/#website"},"datePublished":"2017-04-25T09:27:25+00:00","dateModified":"2019-12-16T11:32:12+00:00","description":"Termix presente en las dos ferias europeas m\u00e1s importantes de la cosm\u00e9tica, belleza y cuidado del cabello: Beauty Vision y ExpoCosm\u00e9tica.","breadcrumb":{"@id":"https:\/\/termix.net\/blog\/es\/exito-rotundo-termix-las-ferias-europeas-oporto-poznan\/#breadcrumb"},"inLanguage":"es","potentialAction":[{"@type":"ReadAction","target":["https:\/\/termix.net\/blog\/es\/exito-rotundo-termix-las-ferias-europeas-oporto-poznan\/"]}]},{"@type":"BreadcrumbList","@id":"https:\/\/termix.net\/blog\/es\/exito-rotundo-termix-las-ferias-europeas-oporto-poznan\/#breadcrumb","itemListElement":[{"@type":"ListItem","position":1,"name":"Home","item":"https:\/\/termix.net\/blog\/es\/"},{"@type":"ListItem","position":2,"name":"\u00c9xito rotundo de Termix en las ferias europeas de Oporto y Poznan"}]},{"@type":"WebSite","@id":"https:\/\/termix.net\/blog\/es\/#website","url":"https:\/\/termix.net\/blog\/es\/","name":"Blog Termix Spain","description":"Blog de tendencias y productos de peluquer\u00eda profesional.","publisher":{"@id":"https:\/\/termix.net\/blog\/es\/#organization"},"potentialAction":[{"@type":"SearchAction","target":{"@type":"EntryPoint","urlTemplate":"https:\/\/termix.net\/blog\/es\/?s={search_term_string}"},"query-input":"required name=search_term_string"}],"inLanguage":"es"},{"@type":"Organization","@id":"https:\/\/termix.net\/blog\/es\/#organization","name":"Dols Industrial de Peluquer\u00eda SA","url":"https:\/\/termix.net\/blog\/es\/","logo":{"@type":"ImageObject","inLanguage":"es","@id":"https:\/\/termix.net\/blog\/es\/#\/schema\/logo\/image\/","url":"https:\/\/termix.net\/blog\/wp-content\/uploads\/2020\/10\/OGbDAeng.jpeg","contentUrl":"https:\/\/termix.net\/blog\/wp-content\/uploads\/2020\/10\/OGbDAeng.jpeg","width":800,"height":800,"caption":"Dols Industrial de Peluquer\u00eda SA"},"image":{"@id":"https:\/\/termix.net\/blog\/es\/#\/schema\/logo\/image\/"}},{"@type":"Person","@id":"https:\/\/termix.net\/blog\/es\/#\/schema\/person\/9096c98bdf03c8ddf91ad7172f254f40","name":"TermixTeam","image":{"@type":"ImageObject","inLanguage":"es","@id":"https:\/\/termix.net\/blog\/es\/#\/schema\/person\/image\/","url":"https:\/\/secure.gravatar.com\/avatar\/d89f61f6bd1c29a4acb231736d1c74b3?s=96&d=mm&r=g","contentUrl":"https:\/\/secure.gravatar.com\/avatar\/d89f61f6bd1c29a4acb231736d1c74b3?s=96&d=mm&r=g","caption":"TermixTeam"},"url":"https:\/\/termix.net\/blog\/es\/author\/termixteam\/"}]}},"_links":{"self":[{"href":"https:\/\/termix.net\/blog\/es\/wp-json\/wp\/v2\/posts\/10932"}],"collection":[{"href":"https:\/\/termix.net\/blog\/es\/wp-json\/wp\/v2\/posts"}],"about":[{"href":"https:\/\/termix.net\/blog\/es\/wp-json\/wp\/v2\/types\/post"}],"author":[{"embeddable":true,"href":"https:\/\/termix.net\/blog\/es\/wp-json\/wp\/v2\/users\/2"}],"replies":[{"embeddable":true,"href":"https:\/\/termix.net\/blog\/es\/wp-json\/wp\/v2\/comments?post=10932"}],"version-history":[{"count":3,"href":"https:\/\/termix.net\/blog\/es\/wp-json\/wp\/v2\/posts\/10932\/revisions"}],"predecessor-version":[{"id":23673,"href":"https:\/\/termix.net\/blog\/es\/wp-json\/wp\/v2\/posts\/10932\/revisions\/23673"}],"wp:featuredmedia":[{"embeddable":true,"href":"https:\/\/termix.net\/blog\/es\/wp-json\/wp\/v2\/media\/22648"}],"wp:attachment":[{"href":"https:\/\/termix.net\/blog\/es\/wp-json\/wp\/v2\/media?parent=10932"}],"wp:term":[{"taxonomy":"category","embeddable":true,"href":"https:\/\/termix.net\/blog\/es\/wp-json\/wp\/v2\/categories?post=10932"},{"taxonomy":"post_tag","embeddable":true,"href":"https:\/\/termix.net\/blog\/es\/wp-json\/wp\/v2\/tags?post=10932"}],"curies":[{"name":"wp","href":"https:\/\/api.w.org\/{rel}","templated":true}]}}