{"id":10927,"date":"2017-04-07T10:58:37","date_gmt":"2017-04-07T10:58:37","guid":{"rendered":"http:\/\/termix.net\/?p=9467"},"modified":"2019-12-16T12:32:38","modified_gmt":"2019-12-16T11:32:38","slug":"termix-deslumbra-30-aniversario-cosmobeauty-barcelona","status":"publish","type":"post","link":"https:\/\/termix.net\/blog\/es\/termix-deslumbra-30-aniversario-cosmobeauty-barcelona\/","title":{"rendered":"Termix deslumbra con su 30 Aniversario en Cosmobeauty Bcn"},"content":{"rendered":"<p><div class=\"fusion-fullwidth fullwidth-box fusion-builder-row-1 faded-background fusion-parallax-none nonhundred-percent-fullwidth non-hundred-percent-height-scrolling fusion-no-small-visibility fusion-no-medium-visibility\" style=\"--awb-border-radius-top-left:0px;--awb-border-radius-top-right:0px;--awb-border-radius-bottom-right:0px;--awb-border-radius-bottom-left:0px;--awb-padding-top:24%;--awb-padding-right:3%;--awb-padding-left:3%;--awb-background-size:cover;\" ><div class=\"fullwidth-faded\" style=\"--awb-background-color:#181818;--awb-background-image:url(https:\/\/termix.net\/blog\/wp-content\/uploads\/2017\/04\/termix1.jpg);--awb-background-size:cover;\" ><\/div><div class=\"fusion-builder-row fusion-row\"><div class=\"fusion-layout-column fusion_builder_column fusion-builder-column-0 fusion_builder_column_1_1 1_1 fusion-one-full fusion-column-first fusion-column-last\" style=\"--awb-padding-top:6%;--awb-padding-right:8%;--awb-padding-bottom:6%;--awb-padding-left:8%;--awb-bg-color:rgba(255,255,255,0.7);--awb-bg-size:cover;--awb-margin-top:0px;--awb-margin-bottom:0px;\"><div class=\"fusion-column-wrapper fusion-column-has-shadow fusion-flex-column-wrapper-legacy\"><div class=\"fusion-text fusion-text-1 caption\"><p style=\"text-align: center;\">Novedades \u2014 3 min de lectura<\/p>\n<\/div><div class=\"fusion-title title fusion-title-1 fusion-sep-none fusion-title-center fusion-title-text fusion-title-size-two\" style=\"--awb-margin-top:30px;--awb-margin-bottom:20px;\"><h2 class=\"title-heading-center fusion-responsive-typography-calculated\" style=\"margin:0;--fontSize:50;line-height:1.28;\">Termix deslumbra con su 30 Aniversario en Cosmobeauty Bcn<\/h2><\/div><div class=\"fusion-clearfix\"><\/div><\/div><\/div><\/div><\/div><div class=\"fusion-fullwidth fullwidth-box fusion-builder-row-2 fusion-parallax-none nonhundred-percent-fullwidth non-hundred-percent-height-scrolling fusion-no-large-visibility\" style=\"--awb-border-radius-top-left:0px;--awb-border-radius-top-right:0px;--awb-border-radius-bottom-right:0px;--awb-border-radius-bottom-left:0px;--awb-background-image:url(&quot;https:\/\/termix.net\/blog\/wp-content\/uploads\/2019\/11\/con-el-secador-compacto-profesioanl-4300-de-termix-damos-volumen-al-cabello-1.jpg&quot;);--awb-background-size:cover;\" ><div class=\"fusion-builder-row fusion-row\"><div class=\"fusion-layout-column fusion_builder_column fusion-builder-column-1 fusion_builder_column_1_1 1_1 fusion-one-full fusion-column-first fusion-column-last fusion-column-inner-bg-wrapper\" style=\"--awb-padding-top:10%;--awb-padding-bottom:10%;--awb-inner-bg-image:url(&#039;http:\/\/termix.net\/blog\/wp-content\/uploads\/2019\/03\/single-blog-post-feat.jpg&#039;);--awb-inner-bg-position:center center;--awb-inner-bg-size:cover;\"><span class=\"fusion-column-inner-bg hover-type-zoomout\"><span class=\"fusion-column-anchor\"><span class=\"fusion-column-inner-bg-image\"><\/span><\/span><\/span><div class=\"fusion-column-wrapper fusion-flex-column-wrapper-legacy\" data-bg-url=\"http:\/\/termix.net\/blog\/wp-content\/uploads\/2019\/03\/single-blog-post-feat.jpg\"><div class=\"fusion-sep-clear\"><\/div><div class=\"fusion-separator fusion-no-large-visibility fusion-full-width-sep\" style=\"margin-left: auto;margin-right: auto;margin-top:200px;width:100%;\"><\/div><div class=\"fusion-sep-clear\"><\/div><div class=\"fusion-clearfix\"><\/div><\/div><\/div><div class=\"fusion-layout-column fusion_builder_column fusion-builder-column-2 fusion_builder_column_1_1 1_1 fusion-one-full fusion-column-first fusion-column-last\" style=\"--awb-padding-top:6%;--awb-bg-color:#ffffff;--awb-bg-size:cover;--awb-margin-top:0px;--awb-margin-bottom:0px;\"><div class=\"fusion-column-wrapper fusion-flex-column-wrapper-legacy\"><div class=\"fusion-text fusion-text-2 caption\"><p style=\"text-align: center;\">Novedades \u2014 3 min de lectura<\/p>\n<\/div><div class=\"fusion-title title fusion-title-2 fusion-sep-none fusion-title-center fusion-title-text fusion-title-size-two\" style=\"--awb-margin-top:30px;--awb-margin-bottom:20px;\"><h2 class=\"title-heading-center fusion-responsive-typography-calculated\" style=\"margin:0;--fontSize:50;line-height:1.28;\">Termix deslumbra con su 30 Aniversario en Cosmobeauty Bcn<\/h2><\/div><div class=\"fusion-clearfix\"><\/div><\/div><\/div><\/div><\/div><div class=\"fusion-fullwidth fullwidth-box fusion-builder-row-3 nonhundred-percent-fullwidth non-hundred-percent-height-scrolling\" style=\"--awb-border-radius-top-left:0px;--awb-border-radius-top-right:0px;--awb-border-radius-bottom-right:0px;--awb-border-radius-bottom-left:0px;--awb-padding-top:10px;--awb-padding-bottom:4%;\" ><div class=\"fusion-builder-row fusion-row\"><div class=\"fusion-layout-column fusion_builder_column fusion-builder-column-3 fusion_builder_column_1_6 1_6 fusion-one-sixth fusion-column-first fusion-no-small-visibility fusion-no-medium-visibility\" style=\"--awb-bg-size:cover;width:16.666666666667%;width:calc(16.666666666667% - ( ( 0 ) * 0.16666666666667 ) );margin-right: 0px;\"><div class=\"fusion-column-wrapper fusion-flex-column-wrapper-legacy\"><div class=\"fusion-clearfix\"><\/div><\/div><\/div><div class=\"fusion-layout-column fusion_builder_column fusion-builder-column-4 fusion_builder_column_2_3 2_3 fusion-two-third fusion-column-last\" style=\"--awb-bg-size:cover;width:66.666666666667%;width:calc(66.666666666667% - ( ( 0 ) * 0.66666666666667 ) );\"><div class=\"fusion-column-wrapper fusion-flex-column-wrapper-legacy\"><div class=\"fusion-sep-clear\"><\/div><div class=\"fusion-separator fusion-full-width-sep\" style=\"margin-left: auto;margin-right: auto;margin-top:30px;width:100%;\"><\/div><div class=\"fusion-sep-clear\"><\/div><div class=\"fusion-text fusion-text-3\"><p style=\"text-align: center;\"><strong><span style=\"font-size: 22px; line-height: 1.5em;\"> La cita m\u00e1s importante del sector de la belleza, peluquer\u00eda y wellness ya ha llegado a su fin. <\/span><\/strong><\/p>\n<p style=\"text-align: center;\"><span style=\"font-size: 22px; line-height: 1.5em;\">La primera edici\u00f3n de CosmoBeauty Barcelona ha significado todo un triunfo, recibiendo a m\u00e1s de 50.000 personas que buscaban las \u00faltimas tendencias en moda, belleza, cosm\u00e9tica y peluquer\u00eda. Y las encontraron distribuidas en 350 expositores en el recinto Gran V\u00eda de Fira de Barcelona con m\u00e1s de 1.100 marcas especialistas. Termix ha participado en esta gran cita invitando a los asistentes a vivir una gran experiencia con los shows m\u00e1s atrevidos y las masterclass m\u00e1s din\u00e1micas.<\/span><\/p>\n<\/div><div class=\"fusion-sep-clear\"><\/div><div class=\"fusion-separator fusion-full-width-sep\" style=\"margin-left: auto;margin-right: auto;margin-top:30px;width:100%;\"><\/div><div class=\"fusion-sep-clear\"><\/div><div class=\"fusion-text fusion-text-4\"><p><iframe src=\"https:\/\/www.youtube.com\/embed\/7Xf5ltr3DlI?autoplay=1&amp;rel=0\" width=\"100%\" height=\"315\" frameborder=\"0\" allowfullscreen=\"allowfullscreen\"><\/iframe><\/p>\n<h3 style=\"text-align: justify;\"><\/h3>\n<p style=\"text-align: justify;\"><strong>Termix<\/strong> ha querido ofrecer al p\u00fablico <strong>una experiencia<\/strong> de inmersi\u00f3n total, apostando por un stand decorado con cortinas met\u00e1licas doradas y estructura ef\u00edmera blanca para celebrar a lo grande los 30 a\u00f1osdedicados al cuidado del cabello. Y, adem\u00e1s, ofreciendo shows y espect\u00e1culos presentando sus \u00faltimos lanzamientos: los <strong>cepillos C\u00b7Ramic Colors<\/strong>, la edici\u00f3n limitada de <strong>cepillos Evolution Gold<\/strong> y la <strong>plancha de pelo Black Velvet<\/strong>.<\/p>\n<p style=\"text-align: justify;\">Se ha conseguido llegar con el dorado a todos los sentidos del asistente, incluso al paladar, potenciando los matices del sabor\u00a0con un <strong>c\u00f3ctel\u00a0especial 30 a\u00f1os<\/strong>, en color blanco y con espuma dorada creado<strong> especialmente para la ocasi\u00f3n<\/strong>.<\/p>\n<p style=\"text-align: justify;\"><img decoding=\"async\" class=\"aligncenter size-full wp-image-9470\" src=\"http:\/\/termix.net\/wp-content\/uploads\/2017\/04\/bannerweb_postCosmobeauty_distr_clientes-00000003.jpg\" alt=\"En Termix celebramos los 30 a\u00f1os de dedicaci\u00f3n al cuidado del cabello\" width=\"800\" height=\"680\" \/><\/p>\n<p style=\"text-align: justify;\">El espacio <strong>BarberShop\u00a0<\/strong>ha sido una de las zonas m\u00e1s visitadas, con los cortes de pelo m\u00e1s actuales para aquellos voluntarios atrevidos que decidieron ponerse en las manos expertas de <strong>Danilo Alfonso<\/strong> y <strong>Arthur Heiderick<\/strong>. Cortes <strong><em>spike<\/em><\/strong>, con la<strong> cl\u00e1sica y cuidada raya lateral<\/strong> o el m\u00e1s <strong>radical rapado<\/strong> cuidando el <strong>efecto <\/strong><em><strong>fade<\/strong>,<\/em> se han dado cita en este c\u00f3rner con aire retro que ha contribuido para hacer de la experiencia un <strong>\u00e9xito rotundo<\/strong>.<\/p>\n<p><img decoding=\"async\" class=\"aligncenter size-full wp-image-9471\" src=\"http:\/\/termix.net\/wp-content\/uploads\/2017\/04\/bannerweb_postCosmobeauty_barber-00000003.jpg\" alt=\"EL BarberShop ha sido uno de los espacios m\u00e1s importantes del stand de Termix en la CosmoBeauty\" width=\"800\" height=\"680\" \/><\/p>\n<p style=\"text-align: justify;\">La actividad no merm\u00f3 en ning\u00fan momento y es que el <strong>escenario Termix<\/strong> apunt\u00f3 alto acogiendo a personajes muy carism\u00e1ticos. El primer d\u00eda arrancamos con los estilismos de nuestro t\u00e9cnico,<strong> Cristian Ruenes<\/strong>, a los que acudieron voluntarios para hacerse un <strong>renovado look<\/strong> utilizando las novedades de Termix. Un <strong>recogido gal\u00e1ctico<\/strong> y el corte pixie\u00a0tan de moda fueron los elegidos para iniciar el show.<\/p>\n<p style=\"text-align: justify;\">Adem\u00e1s, la <strong>periodista y colaboradora<\/strong> de televisi\u00f3n, Laura Fa, se subi\u00f3 a la silla protagonista para hacerse un <strong>peinado muy actual<\/strong>, con ondas desenfadadas ejecutadas por el genial <strong>Jos\u00e9 Valle de BackStage BCN<\/strong> utilizando los <strong>C\u00b7Ramic Colors<\/strong> para conseguir el mejor acabado.<\/p>\n<p style=\"text-align: justify;\"><img decoding=\"async\" class=\"aligncenter size-full wp-image-9473\" src=\"http:\/\/termix.net\/wp-content\/uploads\/2017\/04\/bannerweb_postCosmobeauty_tienda-00000003.jpg\" alt=\"Los productos Termix de estreno: placha Balck Valvet, CREMIC COLORS y el Evolution Gold\" width=\"800\" height=\"680\" \/><\/p>\n<p style=\"text-align: justify;\">Y, para concluir este primer d\u00eda de experiencia Termix, Toritointensific\u00f3 el show, retando al p\u00fablico a subir al escenario y arriesgarse con un cambio trascendental, que guardaba un premio en caso afirmativo de aceptar el riesgo. Un rapado completo a cambio de una <strong>m\u00e1quina de corte Power Cut<\/strong>. Aquellos voluntarios no tan radicales, pod\u00edan optar por un corte estiloso realizado por Jordi P\u00e9rez, de la Barber\u00eda de Gracia, y un cepillo Termix de regalo.<\/p>\n<p style=\"text-align: justify;\"><img decoding=\"async\" class=\"aligncenter size-full wp-image-9487\" src=\"http:\/\/termix.net\/wp-content\/uploads\/2017\/04\/bannerweb_postCosmobeauty_zonashow-00000003.jpg\" alt=\"Masterclass y shows participativos, en una demostraci\u00f3n de talento y profesionalidad por parte de Termix\" width=\"800\" height=\"680\" \/><\/p>\n<p style=\"text-align: justify;\">El d\u00eda 2 de abril se abri\u00f3 con nuevas masterclass de Cristian Ruenes, en las que se explicaba paso a paso c\u00f3mo conseguir las ondas shaggy m\u00e1s de moda utilizando el cepillo Evolution Gold y c\u00f3mo obtener una melena lisa y cuidada utilizando la plancha de pelo Black Velvet. Por la tarde, los televisivos Esmeralda Moya y \u00c0lex Casademunt fueron los dos elegidos para dinamizar el escenario y se dejaron retocar por Jaime Sol\u00e9 de Beauty Obsession. Para Esmeralda, actriz y colaboradora de televisi\u00f3n, el resultado final fue una melena con mucho volumen y, para Alex, cantante y colaborador de televisi\u00f3n, un corte de pelo en directo.<\/p>\n<p style=\"text-align: justify;\">La <strong>experiencia Termix<\/strong> no solo se limit\u00f3 al interior de la feria, sino que\u00a0<strong>sali\u00f3\u00a0del recinto<\/strong> con un gran despliegue publicitario. Cepillos t\u00e9rmicos, la <strong>plancha Black Velvet<\/strong> y dem\u00e1s <strong>productos Termix<\/strong> tomaron las calles desplaz\u00e1ndose <strong>junto a taxis<\/strong>, levant\u00e1ndose <strong>en el aire en forma de estandartes<\/strong> o guiando a <strong>m\u00faltiples turistas<\/strong> desde el aeropuerto.<\/p>\n<p style=\"text-align: justify;\"><img decoding=\"async\" class=\"aligncenter size-full wp-image-9485\" src=\"http:\/\/termix.net\/wp-content\/uploads\/2017\/04\/bannerweb_postCosmobeauty_exterior-00000003.jpg\" alt=\"Un gran despliegue publicitario de Termix que ocup\u00f3 las calles \" width=\"800\" height=\"680\" \/><\/p>\n<p style=\"text-align: justify;\">Un a\u00f1o m\u00e1s, Termix volvi\u00f3 a patrocinar el<strong style=\"color: #00b7cd;\">\u00a0<span style=\"color: #000000;\">Collage show<\/span><\/strong><span style=\"color: #000000;\">,<\/span>\u00a0una pasarela solidaria que atrajo a grandes dise\u00f1adores y recaud\u00f3 fondos para el <strong>Hospital Sant Pau<\/strong> destinados a la investigaci\u00f3n sobre la enfermedad de Alzheimer. Un <strong>despliegue de solidaridad<\/strong> que Termix premi\u00f3 con un regalo especial para los asistentes.<\/p>\n<p style=\"text-align: justify;\">Y este no ha sido el \u00fanico premio, sino que estos se repartieron en distintos puntos estrat\u00e9gicos para que casi todos pudieran disfrutar de los productos Termix. En la zona de captaci\u00f3n se repartieron alrededor de 4000 cepillos profesionales y \u00a1todav\u00eda queda conocer al ganador o ganadora de nuestro concurso Photocall!<\/p>\n<p style=\"text-align: justify;\"><img decoding=\"async\" class=\"aligncenter size-full wp-image-9486\" src=\"http:\/\/termix.net\/wp-content\/uploads\/2017\/04\/bannerweb_postCosmobeauty_photocall-00000003.jpg\" alt=\"Gracias a la colaboraci\u00f3n de todos vosotros la experiencia Termix fue un \u00e9xito rotundo\" width=\"800\" height=\"680\" \/><\/p>\n<p style=\"text-align: justify;\">La <strong>feria CosmoBeauty<\/strong> ha llegado a su fin. Por nuestra parte dar las gracias a todos los asistentes y colaboradores por acompa\u00f1arnos durante esta experiencia \u00fanica.<\/p>\n<h2 style=\"text-align: justify;\"><strong>\u00a1Os esperamos en la pr\u00f3xima feria!<\/strong><\/h2>\n<\/div><div class=\"fusion-clearfix\"><\/div><\/div><\/div><\/div><\/div><div class=\"fusion-fullwidth fullwidth-box fusion-builder-row-4 nonhundred-percent-fullwidth non-hundred-percent-height-scrolling\" style=\"--awb-border-radius-top-left:0px;--awb-border-radius-top-right:0px;--awb-border-radius-bottom-right:0px;--awb-border-radius-bottom-left:0px;\" ><\/div><\/p>\n","protected":false},"excerpt":{"rendered":"<p>\t\t\t\tLa primera edici\u00f3n de CosmoBeauty Barcelona ha significado todo un triunfo y Termix ha participado en esta gran cita, invitando a los asistentes a vivir una gran experiencia con los shows y las masterclass m\u00e1s din\u00e1micas, siempre apostando por las \u00faltimas tendencias en cosm\u00e9tica y peluquer\u00eda\t\t<\/p>\n","protected":false},"author":2,"featured_media":22673,"comment_status":"open","ping_status":"open","sticky":false,"template":"","format":"standard","meta":[],"categories":[6],"tags":[],"yoast_head":"<!-- This site is optimized with the Yoast SEO plugin v20.0 - https:\/\/yoast.com\/wordpress\/plugins\/seo\/ -->\n<title>Termix deslumbra con su 30 Aniversario en Cosmobeauty Bcn - Blog Termix Spain<\/title>\n<meta name=\"description\" content=\"La primera edici\u00f3n de CosmoBeauty Barcelona ha significado todo un triunfo, recibiendo a m\u00e1s de 50.000 personas que buscaban las \u00faltimas tendencias en moda, belleza, cosm\u00e9tica y peluquer\u00eda.\" \/>\n<meta name=\"robots\" content=\"index, follow, max-snippet:-1, max-image-preview:large, max-video-preview:-1\" \/>\n<link rel=\"canonical\" href=\"https:\/\/termix.net\/blog\/es\/termix-deslumbra-30-aniversario-cosmobeauty-barcelona\/\" \/>\n<meta property=\"og:locale\" content=\"es_ES\" \/>\n<meta property=\"og:type\" content=\"article\" \/>\n<meta property=\"og:title\" content=\"Termix deslumbra con su 30 Aniversario en Cosmobeauty Bcn - Blog Termix Spain\" \/>\n<meta property=\"og:description\" content=\"La primera edici\u00f3n de CosmoBeauty Barcelona ha significado todo un triunfo, recibiendo a m\u00e1s de 50.000 personas que buscaban las \u00faltimas tendencias en moda, belleza, cosm\u00e9tica y peluquer\u00eda.\" \/>\n<meta property=\"og:url\" content=\"https:\/\/termix.net\/blog\/es\/termix-deslumbra-30-aniversario-cosmobeauty-barcelona\/\" \/>\n<meta property=\"og:site_name\" content=\"Blog Termix Spain\" \/>\n<meta property=\"article:published_time\" content=\"2017-04-07T10:58:37+00:00\" \/>\n<meta property=\"article:modified_time\" content=\"2019-12-16T11:32:38+00:00\" \/>\n<meta property=\"og:image\" content=\"https:\/\/termix.net\/blog\/wp-content\/uploads\/2017\/04\/bannerweb_postCosmobeauty_distr_clientes-00000003.jpg\" \/>\n\t<meta property=\"og:image:width\" content=\"800\" \/>\n\t<meta property=\"og:image:height\" content=\"680\" \/>\n\t<meta property=\"og:image:type\" content=\"image\/jpeg\" \/>\n<meta name=\"author\" content=\"TermixTeam\" \/>\n<meta name=\"twitter:card\" content=\"summary_large_image\" \/>\n<meta name=\"twitter:label1\" content=\"Escrito por\" \/>\n\t<meta name=\"twitter:data1\" content=\"TermixTeam\" \/>\n\t<meta name=\"twitter:label2\" content=\"Tiempo de lectura\" \/>\n\t<meta name=\"twitter:data2\" content=\"10 minutos\" \/>\n<script type=\"application\/ld+json\" class=\"yoast-schema-graph\">{\"@context\":\"https:\/\/schema.org\",\"@graph\":[{\"@type\":\"Article\",\"@id\":\"https:\/\/termix.net\/blog\/es\/termix-deslumbra-30-aniversario-cosmobeauty-barcelona\/#article\",\"isPartOf\":{\"@id\":\"https:\/\/termix.net\/blog\/es\/termix-deslumbra-30-aniversario-cosmobeauty-barcelona\/\"},\"author\":{\"name\":\"TermixTeam\",\"@id\":\"https:\/\/termix.net\/blog\/es\/#\/schema\/person\/9096c98bdf03c8ddf91ad7172f254f40\"},\"headline\":\"Termix deslumbra con su 30 Aniversario en Cosmobeauty Bcn\",\"datePublished\":\"2017-04-07T10:58:37+00:00\",\"dateModified\":\"2019-12-16T11:32:38+00:00\",\"mainEntityOfPage\":{\"@id\":\"https:\/\/termix.net\/blog\/es\/termix-deslumbra-30-aniversario-cosmobeauty-barcelona\/\"},\"wordCount\":1971,\"commentCount\":0,\"publisher\":{\"@id\":\"https:\/\/termix.net\/blog\/es\/#organization\"},\"articleSection\":[\"NOTICIAS\"],\"inLanguage\":\"es\",\"potentialAction\":[{\"@type\":\"CommentAction\",\"name\":\"Comment\",\"target\":[\"https:\/\/termix.net\/blog\/es\/termix-deslumbra-30-aniversario-cosmobeauty-barcelona\/#respond\"]}]},{\"@type\":\"WebPage\",\"@id\":\"https:\/\/termix.net\/blog\/es\/termix-deslumbra-30-aniversario-cosmobeauty-barcelona\/\",\"url\":\"https:\/\/termix.net\/blog\/es\/termix-deslumbra-30-aniversario-cosmobeauty-barcelona\/\",\"name\":\"Termix deslumbra con su 30 Aniversario en Cosmobeauty Bcn - Blog Termix Spain\",\"isPartOf\":{\"@id\":\"https:\/\/termix.net\/blog\/es\/#website\"},\"datePublished\":\"2017-04-07T10:58:37+00:00\",\"dateModified\":\"2019-12-16T11:32:38+00:00\",\"description\":\"La primera edici\u00f3n de CosmoBeauty Barcelona ha significado todo un triunfo, recibiendo a m\u00e1s de 50.000 personas que buscaban las \u00faltimas tendencias en moda, belleza, cosm\u00e9tica y peluquer\u00eda.\",\"breadcrumb\":{\"@id\":\"https:\/\/termix.net\/blog\/es\/termix-deslumbra-30-aniversario-cosmobeauty-barcelona\/#breadcrumb\"},\"inLanguage\":\"es\",\"potentialAction\":[{\"@type\":\"ReadAction\",\"target\":[\"https:\/\/termix.net\/blog\/es\/termix-deslumbra-30-aniversario-cosmobeauty-barcelona\/\"]}]},{\"@type\":\"BreadcrumbList\",\"@id\":\"https:\/\/termix.net\/blog\/es\/termix-deslumbra-30-aniversario-cosmobeauty-barcelona\/#breadcrumb\",\"itemListElement\":[{\"@type\":\"ListItem\",\"position\":1,\"name\":\"Home\",\"item\":\"https:\/\/termix.net\/blog\/es\/\"},{\"@type\":\"ListItem\",\"position\":2,\"name\":\"Termix deslumbra con su 30 Aniversario en Cosmobeauty Bcn\"}]},{\"@type\":\"WebSite\",\"@id\":\"https:\/\/termix.net\/blog\/es\/#website\",\"url\":\"https:\/\/termix.net\/blog\/es\/\",\"name\":\"Blog Termix Spain\",\"description\":\"Blog de tendencias y productos de peluquer\u00eda profesional.\",\"publisher\":{\"@id\":\"https:\/\/termix.net\/blog\/es\/#organization\"},\"potentialAction\":[{\"@type\":\"SearchAction\",\"target\":{\"@type\":\"EntryPoint\",\"urlTemplate\":\"https:\/\/termix.net\/blog\/es\/?s={search_term_string}\"},\"query-input\":\"required name=search_term_string\"}],\"inLanguage\":\"es\"},{\"@type\":\"Organization\",\"@id\":\"https:\/\/termix.net\/blog\/es\/#organization\",\"name\":\"Dols Industrial de Peluquer\u00eda SA\",\"url\":\"https:\/\/termix.net\/blog\/es\/\",\"logo\":{\"@type\":\"ImageObject\",\"inLanguage\":\"es\",\"@id\":\"https:\/\/termix.net\/blog\/es\/#\/schema\/logo\/image\/\",\"url\":\"https:\/\/termix.net\/blog\/wp-content\/uploads\/2020\/10\/OGbDAeng.jpeg\",\"contentUrl\":\"https:\/\/termix.net\/blog\/wp-content\/uploads\/2020\/10\/OGbDAeng.jpeg\",\"width\":800,\"height\":800,\"caption\":\"Dols Industrial de Peluquer\u00eda SA\"},\"image\":{\"@id\":\"https:\/\/termix.net\/blog\/es\/#\/schema\/logo\/image\/\"}},{\"@type\":\"Person\",\"@id\":\"https:\/\/termix.net\/blog\/es\/#\/schema\/person\/9096c98bdf03c8ddf91ad7172f254f40\",\"name\":\"TermixTeam\",\"image\":{\"@type\":\"ImageObject\",\"inLanguage\":\"es\",\"@id\":\"https:\/\/termix.net\/blog\/es\/#\/schema\/person\/image\/\",\"url\":\"https:\/\/secure.gravatar.com\/avatar\/d89f61f6bd1c29a4acb231736d1c74b3?s=96&d=mm&r=g\",\"contentUrl\":\"https:\/\/secure.gravatar.com\/avatar\/d89f61f6bd1c29a4acb231736d1c74b3?s=96&d=mm&r=g\",\"caption\":\"TermixTeam\"},\"url\":\"https:\/\/termix.net\/blog\/es\/author\/termixteam\/\"}]}<\/script>\n<!-- \/ Yoast SEO plugin. -->","yoast_head_json":{"title":"Termix deslumbra con su 30 Aniversario en Cosmobeauty Bcn - Blog Termix Spain","description":"La primera edici\u00f3n de CosmoBeauty Barcelona ha significado todo un triunfo, recibiendo a m\u00e1s de 50.000 personas que buscaban las \u00faltimas tendencias en moda, belleza, cosm\u00e9tica y peluquer\u00eda.","robots":{"index":"index","follow":"follow","max-snippet":"max-snippet:-1","max-image-preview":"max-image-preview:large","max-video-preview":"max-video-preview:-1"},"canonical":"https:\/\/termix.net\/blog\/es\/termix-deslumbra-30-aniversario-cosmobeauty-barcelona\/","og_locale":"es_ES","og_type":"article","og_title":"Termix deslumbra con su 30 Aniversario en Cosmobeauty Bcn - Blog Termix Spain","og_description":"La primera edici\u00f3n de CosmoBeauty Barcelona ha significado todo un triunfo, recibiendo a m\u00e1s de 50.000 personas que buscaban las \u00faltimas tendencias en moda, belleza, cosm\u00e9tica y peluquer\u00eda.","og_url":"https:\/\/termix.net\/blog\/es\/termix-deslumbra-30-aniversario-cosmobeauty-barcelona\/","og_site_name":"Blog Termix Spain","article_published_time":"2017-04-07T10:58:37+00:00","article_modified_time":"2019-12-16T11:32:38+00:00","og_image":[{"width":800,"height":680,"url":"https:\/\/termix.net\/blog\/wp-content\/uploads\/2017\/04\/bannerweb_postCosmobeauty_distr_clientes-00000003.jpg","type":"image\/jpeg"}],"author":"TermixTeam","twitter_card":"summary_large_image","twitter_misc":{"Escrito por":"TermixTeam","Tiempo de lectura":"10 minutos"},"schema":{"@context":"https:\/\/schema.org","@graph":[{"@type":"Article","@id":"https:\/\/termix.net\/blog\/es\/termix-deslumbra-30-aniversario-cosmobeauty-barcelona\/#article","isPartOf":{"@id":"https:\/\/termix.net\/blog\/es\/termix-deslumbra-30-aniversario-cosmobeauty-barcelona\/"},"author":{"name":"TermixTeam","@id":"https:\/\/termix.net\/blog\/es\/#\/schema\/person\/9096c98bdf03c8ddf91ad7172f254f40"},"headline":"Termix deslumbra con su 30 Aniversario en Cosmobeauty Bcn","datePublished":"2017-04-07T10:58:37+00:00","dateModified":"2019-12-16T11:32:38+00:00","mainEntityOfPage":{"@id":"https:\/\/termix.net\/blog\/es\/termix-deslumbra-30-aniversario-cosmobeauty-barcelona\/"},"wordCount":1971,"commentCount":0,"publisher":{"@id":"https:\/\/termix.net\/blog\/es\/#organization"},"articleSection":["NOTICIAS"],"inLanguage":"es","potentialAction":[{"@type":"CommentAction","name":"Comment","target":["https:\/\/termix.net\/blog\/es\/termix-deslumbra-30-aniversario-cosmobeauty-barcelona\/#respond"]}]},{"@type":"WebPage","@id":"https:\/\/termix.net\/blog\/es\/termix-deslumbra-30-aniversario-cosmobeauty-barcelona\/","url":"https:\/\/termix.net\/blog\/es\/termix-deslumbra-30-aniversario-cosmobeauty-barcelona\/","name":"Termix deslumbra con su 30 Aniversario en Cosmobeauty Bcn - Blog Termix Spain","isPartOf":{"@id":"https:\/\/termix.net\/blog\/es\/#website"},"datePublished":"2017-04-07T10:58:37+00:00","dateModified":"2019-12-16T11:32:38+00:00","description":"La primera edici\u00f3n de CosmoBeauty Barcelona ha significado todo un triunfo, recibiendo a m\u00e1s de 50.000 personas que buscaban las \u00faltimas tendencias en moda, belleza, cosm\u00e9tica y peluquer\u00eda.","breadcrumb":{"@id":"https:\/\/termix.net\/blog\/es\/termix-deslumbra-30-aniversario-cosmobeauty-barcelona\/#breadcrumb"},"inLanguage":"es","potentialAction":[{"@type":"ReadAction","target":["https:\/\/termix.net\/blog\/es\/termix-deslumbra-30-aniversario-cosmobeauty-barcelona\/"]}]},{"@type":"BreadcrumbList","@id":"https:\/\/termix.net\/blog\/es\/termix-deslumbra-30-aniversario-cosmobeauty-barcelona\/#breadcrumb","itemListElement":[{"@type":"ListItem","position":1,"name":"Home","item":"https:\/\/termix.net\/blog\/es\/"},{"@type":"ListItem","position":2,"name":"Termix deslumbra con su 30 Aniversario en Cosmobeauty Bcn"}]},{"@type":"WebSite","@id":"https:\/\/termix.net\/blog\/es\/#website","url":"https:\/\/termix.net\/blog\/es\/","name":"Blog Termix Spain","description":"Blog de tendencias y productos de peluquer\u00eda profesional.","publisher":{"@id":"https:\/\/termix.net\/blog\/es\/#organization"},"potentialAction":[{"@type":"SearchAction","target":{"@type":"EntryPoint","urlTemplate":"https:\/\/termix.net\/blog\/es\/?s={search_term_string}"},"query-input":"required name=search_term_string"}],"inLanguage":"es"},{"@type":"Organization","@id":"https:\/\/termix.net\/blog\/es\/#organization","name":"Dols Industrial de Peluquer\u00eda SA","url":"https:\/\/termix.net\/blog\/es\/","logo":{"@type":"ImageObject","inLanguage":"es","@id":"https:\/\/termix.net\/blog\/es\/#\/schema\/logo\/image\/","url":"https:\/\/termix.net\/blog\/wp-content\/uploads\/2020\/10\/OGbDAeng.jpeg","contentUrl":"https:\/\/termix.net\/blog\/wp-content\/uploads\/2020\/10\/OGbDAeng.jpeg","width":800,"height":800,"caption":"Dols Industrial de Peluquer\u00eda SA"},"image":{"@id":"https:\/\/termix.net\/blog\/es\/#\/schema\/logo\/image\/"}},{"@type":"Person","@id":"https:\/\/termix.net\/blog\/es\/#\/schema\/person\/9096c98bdf03c8ddf91ad7172f254f40","name":"TermixTeam","image":{"@type":"ImageObject","inLanguage":"es","@id":"https:\/\/termix.net\/blog\/es\/#\/schema\/person\/image\/","url":"https:\/\/secure.gravatar.com\/avatar\/d89f61f6bd1c29a4acb231736d1c74b3?s=96&d=mm&r=g","contentUrl":"https:\/\/secure.gravatar.com\/avatar\/d89f61f6bd1c29a4acb231736d1c74b3?s=96&d=mm&r=g","caption":"TermixTeam"},"url":"https:\/\/termix.net\/blog\/es\/author\/termixteam\/"}]}},"_links":{"self":[{"href":"https:\/\/termix.net\/blog\/es\/wp-json\/wp\/v2\/posts\/10927"}],"collection":[{"href":"https:\/\/termix.net\/blog\/es\/wp-json\/wp\/v2\/posts"}],"about":[{"href":"https:\/\/termix.net\/blog\/es\/wp-json\/wp\/v2\/types\/post"}],"author":[{"embeddable":true,"href":"https:\/\/termix.net\/blog\/es\/wp-json\/wp\/v2\/users\/2"}],"replies":[{"embeddable":true,"href":"https:\/\/termix.net\/blog\/es\/wp-json\/wp\/v2\/comments?post=10927"}],"version-history":[{"count":3,"href":"https:\/\/termix.net\/blog\/es\/wp-json\/wp\/v2\/posts\/10927\/revisions"}],"predecessor-version":[{"id":23676,"href":"https:\/\/termix.net\/blog\/es\/wp-json\/wp\/v2\/posts\/10927\/revisions\/23676"}],"wp:featuredmedia":[{"embeddable":true,"href":"https:\/\/termix.net\/blog\/es\/wp-json\/wp\/v2\/media\/22673"}],"wp:attachment":[{"href":"https:\/\/termix.net\/blog\/es\/wp-json\/wp\/v2\/media?parent=10927"}],"wp:term":[{"taxonomy":"category","embeddable":true,"href":"https:\/\/termix.net\/blog\/es\/wp-json\/wp\/v2\/categories?post=10927"},{"taxonomy":"post_tag","embeddable":true,"href":"https:\/\/termix.net\/blog\/es\/wp-json\/wp\/v2\/tags?post=10927"}],"curies":[{"name":"wp","href":"https:\/\/api.w.org\/{rel}","templated":true}]}}