{"id":10792,"date":"2017-09-26T06:06:15","date_gmt":"2017-09-26T06:06:15","guid":{"rendered":"http:\/\/termix.net\/?p=10792"},"modified":"2019-12-10T10:10:59","modified_gmt":"2019-12-10T09:10:59","slug":"despues-del-exito-en-paris-termix-se-prepara-para-bogota","status":"publish","type":"post","link":"https:\/\/termix.net\/blog\/es\/despues-del-exito-en-paris-termix-se-prepara-para-bogota\/","title":{"rendered":"Despu\u00e9s del \u00e9xito en Par\u00eds, Termix se prepara para Bogot\u00e1"},"content":{"rendered":"<h1 style=\"text-align: center;\">Despu\u00e9s del \u00e9xito en Par\u00eds, Termix se prepara para Bogot\u00e1<\/h1>\n<p style=\"text-align: center;\"><strong><span style=\"font-size: 22px; line-height: 1.5em;\">Un reto m\u00e1s superado para Termix.<\/span><\/strong><\/p>\n<p>&nbsp;<\/p>\n<p style=\"text-align: center;\"><span style=\"font-size: 22px; line-height: 1.5em;\">La feria de est\u00e9tica y peluquer\u00eda m\u00e1s importante de Francia, la Coiffure Mondial Beaut\u00e9,\u00a0 ya ha cerrado sus puertas dejando tras de s\u00ed un nuevo r\u00e9cord de participaci\u00f3n.\u00a0Y Termix ha sabido estar a la altura de este gran acontecimiento una vez m\u00e1s, con la presentaci\u00f3n de todas sus novedades y productos m\u00e1s consolidados a un p\u00fablico exigente.<\/span><\/p>\n<p style=\"text-align: center;\"><span style=\"font-size: 22px; line-height: 1.5em;\"> Tres d\u00edas de feria\u00a0 junto a expositores y empresas procedentes del entorno internacional en los que Termix ha fortalecido su imagen de marca y reconocimiento en el sector de la peluquer\u00eda profesional.<\/span><\/p>\n<p>&nbsp;<\/p>\n<h3 style=\"text-align: justify;\"><img decoding=\"async\" class=\"aligncenter size-full wp-image-10802\" src=\"http:\/\/termix.net\/wp-content\/uploads\/2017\/09\/stand-termix-2.jpg\" alt=\"La feria Mondial Coiffure todo un \u00e9xito para Termix\" width=\"1160\" height=\"660\" \/><\/h3>\n<p>&nbsp;<\/p>\n<p style=\"text-align: justify;\">Termix ha salido triunfal de la <strong>feria Mondial Coiffure de Par\u00eds<\/strong>. Gracias a productos de alta calidad, que han destacado por su dise\u00f1o y alta gama. Por un lado, la <strong>plancha Pink Velvet<\/strong>, uno de los lanzamientos m\u00e1s recientes de la firma, ha acaparado todas las miradas en la parisina Coiffure. Una plancha\u00a0 que reafirma el compromiso de Termix por la innovaci\u00f3n constante y que re\u00fane <strong>dise\u00f1o con \u00faltima tecnolog\u00eda<\/strong>. Se trata de una <strong>edici\u00f3n limitada<\/strong> de la Black Velvet,\u00a0 que responde a las necesidades del consumidor actual. Un <strong>rosa atrevido y chic<\/strong>, junto a <strong>placas Perfect Glide<\/strong> de cer\u00e1mica y turmalina y un <strong>sistema de temperatura inteligente<\/strong>, han hecho de la <strong>Pink Velvet<\/strong>\u00a0 uno de los productos estrella de <strong>Termix en la Mondial Coiffure<\/strong>.<\/p>\n<p>&nbsp;<\/p>\n<p style=\"text-align: justify;\"><img decoding=\"async\" class=\"aligncenter size-full wp-image-10804\" src=\"http:\/\/termix.net\/wp-content\/uploads\/2017\/09\/expositor-termix.jpg\" alt=\"Termix sorprende en la Mondial Coiffure 2017\" width=\"1160\" height=\"660\" \/><\/p>\n<p style=\"text-align: justify;\">Adem\u00e1s, el <strong>cepillo Profesional 30 a\u00f1os<\/strong>, que homenajea de forma elegante las tres d\u00e9cadas de dedicaci\u00f3n a la elaboraci\u00f3n y dise\u00f1o de herramientas de alta calidad, tambi\u00e9n fue el objetivo de los compradores. Un cepillo de la <strong>gama profesional<\/strong> de Termix que incluye un tubo cer\u00e1mico de color negro, con un mango totalmente ergon\u00f3mico y balanceado de fibras de alta calidad, que dota de brillo al cabello, manteniendo la humectaci\u00f3n natural del mismo.<\/p>\n<h2 style=\"text-align: justify;\">Los cl\u00e1sicos de Termix tambi\u00e9n han llevado el peso del triunfo.<\/h2>\n<p style=\"text-align: justify;\">Como ya empieza a convertirse en h\u00e1bito, los <strong>cepillos de la gama Evolution<\/strong> han sido de los m\u00e1s demandados. Una l\u00ednea caracterizada por su adaptaci\u00f3n a todo tipo de cabello, contando con las variedades <strong>Basic, Soft y Plus<\/strong>, que gracias a la variaci\u00f3n de la cantidad y grosor de sus fibras se complementan a la perfecci\u00f3n con aquellos cabellos normales, finos o gruesos.<\/p>\n<p style=\"text-align: justify;\">Y esta din\u00e1mica no se detiene aqu\u00ed. A continuaci\u00f3n llega la<strong> XVI edici\u00f3n de feria de Belleza y Salud de Bogot\u00e1 2017<\/strong>, una plataforma que da alas a la industria dedicada a la est\u00e9tica y cuidado integral del hombre y la mujer. Una cita clave para fabricantes, representantes y distribuidores de productos del sector de la belleza, que tendr\u00e1 lugar del <strong>27 de setiembre al 1 de octubre<\/strong> en el recinto ferial Corferias. Marcas nacionales e internacionales se reunir\u00e1n en esta gran ocasi\u00f3n para presentar las nuevas tendencias y avances de la cosm\u00e9tica, el cuidado personal, la peluquer\u00eda y la salud. Y Termix estar\u00e1 all\u00ed para dar a conocer todos sus productos y novedades.<\/p>\n<h2 style=\"text-align: justify;\"><strong>\u00a1Te esperamos en la XVI feria Belleza y Salud de Bogot\u00e1!<\/strong><\/h2>\n<p style=\"text-align: justify;\"><img decoding=\"async\" class=\"aligncenter size-full wp-image-10805\" src=\"http:\/\/termix.net\/wp-content\/uploads\/2017\/09\/CARTEL.jpg\" alt=\"El 27 de septiembre empieza la feria Belleza y Salud de Bogot\u00e1 2017\" width=\"1160\" height=\"660\" \/><\/p>\n<p style=\"text-align: justify;\"><strong>Feria Belleza y Salud de Bogot\u00e1 2017 <\/strong><\/p>\n<p style=\"text-align: justify;\"><strong>Accede al site: Belleza y Salud <\/strong><\/p>\n<p style=\"text-align: justify;\"><strong>Lugar:<\/strong> Recinto ferial Corferias, Cra. 37 #24-67, Bogot\u00e1, Colombia<\/p>\n","protected":false},"excerpt":{"rendered":"<p>\t\t\t\tLa feria de est\u00e9tica y peluquer\u00eda m\u00e1s importante de Francia, la Coiffure Mondial Beaut\u00e9,  ya ha cerrado sus puertas dejando tras de s\u00ed un nuevo r\u00e9cord de participaci\u00f3n. Y ahora toca prepararse para la feria Belleza y Salud de Bogot\u00e1.\t\t<\/p>\n","protected":false},"author":2,"featured_media":22365,"comment_status":"open","ping_status":"open","sticky":false,"template":"","format":"standard","meta":[],"categories":[6],"tags":[],"yoast_head":"<!-- This site is optimized with the Yoast SEO plugin v20.0 - https:\/\/yoast.com\/wordpress\/plugins\/seo\/ -->\n<title>Despu\u00e9s del \u00e9xito en la Mondial Coiffure de Par\u00eds, Termix viaja a Bogot\u00e1<\/title>\n<meta name=\"description\" content=\"La feria Coiffure Mondial Beaut\u00e9, ya ha cerrado sus puertas dejando tras de s\u00ed un nuevo r\u00e9cord de participaci\u00f3n para Termix.\" \/>\n<meta name=\"robots\" content=\"index, follow, max-snippet:-1, max-image-preview:large, max-video-preview:-1\" \/>\n<link rel=\"canonical\" href=\"https:\/\/termix.net\/blog\/es\/despues-del-exito-en-paris-termix-se-prepara-para-bogota\/\" \/>\n<meta property=\"og:locale\" content=\"es_ES\" \/>\n<meta property=\"og:type\" content=\"article\" \/>\n<meta property=\"og:title\" content=\"Despu\u00e9s del \u00e9xito en la Mondial Coiffure de Par\u00eds, Termix viaja a Bogot\u00e1\" \/>\n<meta property=\"og:description\" content=\"La feria Coiffure Mondial Beaut\u00e9, ya ha cerrado sus puertas dejando tras de s\u00ed un nuevo r\u00e9cord de participaci\u00f3n para Termix.\" \/>\n<meta property=\"og:url\" content=\"https:\/\/termix.net\/blog\/es\/despues-del-exito-en-paris-termix-se-prepara-para-bogota\/\" \/>\n<meta property=\"og:site_name\" content=\"Blog Termix Spain\" \/>\n<meta property=\"article:published_time\" content=\"2017-09-26T06:06:15+00:00\" \/>\n<meta property=\"article:modified_time\" content=\"2019-12-10T09:10:59+00:00\" \/>\n<meta property=\"og:image\" content=\"https:\/\/termix.net\/blog\/wp-content\/uploads\/2017\/09\/CARTEL.jpg\" \/>\n\t<meta property=\"og:image:width\" content=\"1160\" \/>\n\t<meta property=\"og:image:height\" content=\"660\" \/>\n\t<meta property=\"og:image:type\" content=\"image\/jpeg\" \/>\n<meta name=\"author\" content=\"TermixTeam\" \/>\n<meta name=\"twitter:card\" content=\"summary_large_image\" \/>\n<meta name=\"twitter:label1\" content=\"Escrito por\" \/>\n\t<meta name=\"twitter:data1\" content=\"TermixTeam\" \/>\n\t<meta name=\"twitter:label2\" content=\"Tiempo de lectura\" \/>\n\t<meta name=\"twitter:data2\" content=\"3 minutos\" \/>\n<script type=\"application\/ld+json\" class=\"yoast-schema-graph\">{\"@context\":\"https:\/\/schema.org\",\"@graph\":[{\"@type\":\"Article\",\"@id\":\"https:\/\/termix.net\/blog\/es\/despues-del-exito-en-paris-termix-se-prepara-para-bogota\/#article\",\"isPartOf\":{\"@id\":\"https:\/\/termix.net\/blog\/es\/despues-del-exito-en-paris-termix-se-prepara-para-bogota\/\"},\"author\":{\"name\":\"TermixTeam\",\"@id\":\"https:\/\/termix.net\/blog\/es\/#\/schema\/person\/9096c98bdf03c8ddf91ad7172f254f40\"},\"headline\":\"Despu\u00e9s del \u00e9xito en Par\u00eds, Termix se prepara para Bogot\u00e1\",\"datePublished\":\"2017-09-26T06:06:15+00:00\",\"dateModified\":\"2019-12-10T09:10:59+00:00\",\"mainEntityOfPage\":{\"@id\":\"https:\/\/termix.net\/blog\/es\/despues-del-exito-en-paris-termix-se-prepara-para-bogota\/\"},\"wordCount\":584,\"commentCount\":0,\"publisher\":{\"@id\":\"https:\/\/termix.net\/blog\/es\/#organization\"},\"articleSection\":[\"NOTICIAS\"],\"inLanguage\":\"es\",\"potentialAction\":[{\"@type\":\"CommentAction\",\"name\":\"Comment\",\"target\":[\"https:\/\/termix.net\/blog\/es\/despues-del-exito-en-paris-termix-se-prepara-para-bogota\/#respond\"]}]},{\"@type\":\"WebPage\",\"@id\":\"https:\/\/termix.net\/blog\/es\/despues-del-exito-en-paris-termix-se-prepara-para-bogota\/\",\"url\":\"https:\/\/termix.net\/blog\/es\/despues-del-exito-en-paris-termix-se-prepara-para-bogota\/\",\"name\":\"Despu\u00e9s del \u00e9xito en la Mondial Coiffure de Par\u00eds, Termix viaja a Bogot\u00e1\",\"isPartOf\":{\"@id\":\"https:\/\/termix.net\/blog\/es\/#website\"},\"datePublished\":\"2017-09-26T06:06:15+00:00\",\"dateModified\":\"2019-12-10T09:10:59+00:00\",\"description\":\"La feria Coiffure Mondial Beaut\u00e9, ya ha cerrado sus puertas dejando tras de s\u00ed un nuevo r\u00e9cord de participaci\u00f3n para Termix.\",\"breadcrumb\":{\"@id\":\"https:\/\/termix.net\/blog\/es\/despues-del-exito-en-paris-termix-se-prepara-para-bogota\/#breadcrumb\"},\"inLanguage\":\"es\",\"potentialAction\":[{\"@type\":\"ReadAction\",\"target\":[\"https:\/\/termix.net\/blog\/es\/despues-del-exito-en-paris-termix-se-prepara-para-bogota\/\"]}]},{\"@type\":\"BreadcrumbList\",\"@id\":\"https:\/\/termix.net\/blog\/es\/despues-del-exito-en-paris-termix-se-prepara-para-bogota\/#breadcrumb\",\"itemListElement\":[{\"@type\":\"ListItem\",\"position\":1,\"name\":\"Home\",\"item\":\"https:\/\/termix.net\/blog\/es\/\"},{\"@type\":\"ListItem\",\"position\":2,\"name\":\"Despu\u00e9s del \u00e9xito en Par\u00eds, Termix se prepara para Bogot\u00e1\"}]},{\"@type\":\"WebSite\",\"@id\":\"https:\/\/termix.net\/blog\/es\/#website\",\"url\":\"https:\/\/termix.net\/blog\/es\/\",\"name\":\"Blog Termix Spain\",\"description\":\"Blog de tendencias y productos de peluquer\u00eda profesional.\",\"publisher\":{\"@id\":\"https:\/\/termix.net\/blog\/es\/#organization\"},\"potentialAction\":[{\"@type\":\"SearchAction\",\"target\":{\"@type\":\"EntryPoint\",\"urlTemplate\":\"https:\/\/termix.net\/blog\/es\/?s={search_term_string}\"},\"query-input\":\"required name=search_term_string\"}],\"inLanguage\":\"es\"},{\"@type\":\"Organization\",\"@id\":\"https:\/\/termix.net\/blog\/es\/#organization\",\"name\":\"Dols Industrial de Peluquer\u00eda SA\",\"url\":\"https:\/\/termix.net\/blog\/es\/\",\"logo\":{\"@type\":\"ImageObject\",\"inLanguage\":\"es\",\"@id\":\"https:\/\/termix.net\/blog\/es\/#\/schema\/logo\/image\/\",\"url\":\"https:\/\/termix.net\/blog\/wp-content\/uploads\/2020\/10\/OGbDAeng.jpeg\",\"contentUrl\":\"https:\/\/termix.net\/blog\/wp-content\/uploads\/2020\/10\/OGbDAeng.jpeg\",\"width\":800,\"height\":800,\"caption\":\"Dols Industrial de Peluquer\u00eda SA\"},\"image\":{\"@id\":\"https:\/\/termix.net\/blog\/es\/#\/schema\/logo\/image\/\"}},{\"@type\":\"Person\",\"@id\":\"https:\/\/termix.net\/blog\/es\/#\/schema\/person\/9096c98bdf03c8ddf91ad7172f254f40\",\"name\":\"TermixTeam\",\"image\":{\"@type\":\"ImageObject\",\"inLanguage\":\"es\",\"@id\":\"https:\/\/termix.net\/blog\/es\/#\/schema\/person\/image\/\",\"url\":\"https:\/\/secure.gravatar.com\/avatar\/d89f61f6bd1c29a4acb231736d1c74b3?s=96&d=mm&r=g\",\"contentUrl\":\"https:\/\/secure.gravatar.com\/avatar\/d89f61f6bd1c29a4acb231736d1c74b3?s=96&d=mm&r=g\",\"caption\":\"TermixTeam\"},\"url\":\"https:\/\/termix.net\/blog\/es\/author\/termixteam\/\"}]}<\/script>\n<!-- \/ Yoast SEO plugin. -->","yoast_head_json":{"title":"Despu\u00e9s del \u00e9xito en la Mondial Coiffure de Par\u00eds, Termix viaja a Bogot\u00e1","description":"La feria Coiffure Mondial Beaut\u00e9, ya ha cerrado sus puertas dejando tras de s\u00ed un nuevo r\u00e9cord de participaci\u00f3n para Termix.","robots":{"index":"index","follow":"follow","max-snippet":"max-snippet:-1","max-image-preview":"max-image-preview:large","max-video-preview":"max-video-preview:-1"},"canonical":"https:\/\/termix.net\/blog\/es\/despues-del-exito-en-paris-termix-se-prepara-para-bogota\/","og_locale":"es_ES","og_type":"article","og_title":"Despu\u00e9s del \u00e9xito en la Mondial Coiffure de Par\u00eds, Termix viaja a Bogot\u00e1","og_description":"La feria Coiffure Mondial Beaut\u00e9, ya ha cerrado sus puertas dejando tras de s\u00ed un nuevo r\u00e9cord de participaci\u00f3n para Termix.","og_url":"https:\/\/termix.net\/blog\/es\/despues-del-exito-en-paris-termix-se-prepara-para-bogota\/","og_site_name":"Blog Termix Spain","article_published_time":"2017-09-26T06:06:15+00:00","article_modified_time":"2019-12-10T09:10:59+00:00","og_image":[{"width":1160,"height":660,"url":"https:\/\/termix.net\/blog\/wp-content\/uploads\/2017\/09\/CARTEL.jpg","type":"image\/jpeg"}],"author":"TermixTeam","twitter_card":"summary_large_image","twitter_misc":{"Escrito por":"TermixTeam","Tiempo de lectura":"3 minutos"},"schema":{"@context":"https:\/\/schema.org","@graph":[{"@type":"Article","@id":"https:\/\/termix.net\/blog\/es\/despues-del-exito-en-paris-termix-se-prepara-para-bogota\/#article","isPartOf":{"@id":"https:\/\/termix.net\/blog\/es\/despues-del-exito-en-paris-termix-se-prepara-para-bogota\/"},"author":{"name":"TermixTeam","@id":"https:\/\/termix.net\/blog\/es\/#\/schema\/person\/9096c98bdf03c8ddf91ad7172f254f40"},"headline":"Despu\u00e9s del \u00e9xito en Par\u00eds, Termix se prepara para Bogot\u00e1","datePublished":"2017-09-26T06:06:15+00:00","dateModified":"2019-12-10T09:10:59+00:00","mainEntityOfPage":{"@id":"https:\/\/termix.net\/blog\/es\/despues-del-exito-en-paris-termix-se-prepara-para-bogota\/"},"wordCount":584,"commentCount":0,"publisher":{"@id":"https:\/\/termix.net\/blog\/es\/#organization"},"articleSection":["NOTICIAS"],"inLanguage":"es","potentialAction":[{"@type":"CommentAction","name":"Comment","target":["https:\/\/termix.net\/blog\/es\/despues-del-exito-en-paris-termix-se-prepara-para-bogota\/#respond"]}]},{"@type":"WebPage","@id":"https:\/\/termix.net\/blog\/es\/despues-del-exito-en-paris-termix-se-prepara-para-bogota\/","url":"https:\/\/termix.net\/blog\/es\/despues-del-exito-en-paris-termix-se-prepara-para-bogota\/","name":"Despu\u00e9s del \u00e9xito en la Mondial Coiffure de Par\u00eds, Termix viaja a Bogot\u00e1","isPartOf":{"@id":"https:\/\/termix.net\/blog\/es\/#website"},"datePublished":"2017-09-26T06:06:15+00:00","dateModified":"2019-12-10T09:10:59+00:00","description":"La feria Coiffure Mondial Beaut\u00e9, ya ha cerrado sus puertas dejando tras de s\u00ed un nuevo r\u00e9cord de participaci\u00f3n para Termix.","breadcrumb":{"@id":"https:\/\/termix.net\/blog\/es\/despues-del-exito-en-paris-termix-se-prepara-para-bogota\/#breadcrumb"},"inLanguage":"es","potentialAction":[{"@type":"ReadAction","target":["https:\/\/termix.net\/blog\/es\/despues-del-exito-en-paris-termix-se-prepara-para-bogota\/"]}]},{"@type":"BreadcrumbList","@id":"https:\/\/termix.net\/blog\/es\/despues-del-exito-en-paris-termix-se-prepara-para-bogota\/#breadcrumb","itemListElement":[{"@type":"ListItem","position":1,"name":"Home","item":"https:\/\/termix.net\/blog\/es\/"},{"@type":"ListItem","position":2,"name":"Despu\u00e9s del \u00e9xito en Par\u00eds, Termix se prepara para Bogot\u00e1"}]},{"@type":"WebSite","@id":"https:\/\/termix.net\/blog\/es\/#website","url":"https:\/\/termix.net\/blog\/es\/","name":"Blog Termix Spain","description":"Blog de tendencias y productos de peluquer\u00eda profesional.","publisher":{"@id":"https:\/\/termix.net\/blog\/es\/#organization"},"potentialAction":[{"@type":"SearchAction","target":{"@type":"EntryPoint","urlTemplate":"https:\/\/termix.net\/blog\/es\/?s={search_term_string}"},"query-input":"required name=search_term_string"}],"inLanguage":"es"},{"@type":"Organization","@id":"https:\/\/termix.net\/blog\/es\/#organization","name":"Dols Industrial de Peluquer\u00eda SA","url":"https:\/\/termix.net\/blog\/es\/","logo":{"@type":"ImageObject","inLanguage":"es","@id":"https:\/\/termix.net\/blog\/es\/#\/schema\/logo\/image\/","url":"https:\/\/termix.net\/blog\/wp-content\/uploads\/2020\/10\/OGbDAeng.jpeg","contentUrl":"https:\/\/termix.net\/blog\/wp-content\/uploads\/2020\/10\/OGbDAeng.jpeg","width":800,"height":800,"caption":"Dols Industrial de Peluquer\u00eda SA"},"image":{"@id":"https:\/\/termix.net\/blog\/es\/#\/schema\/logo\/image\/"}},{"@type":"Person","@id":"https:\/\/termix.net\/blog\/es\/#\/schema\/person\/9096c98bdf03c8ddf91ad7172f254f40","name":"TermixTeam","image":{"@type":"ImageObject","inLanguage":"es","@id":"https:\/\/termix.net\/blog\/es\/#\/schema\/person\/image\/","url":"https:\/\/secure.gravatar.com\/avatar\/d89f61f6bd1c29a4acb231736d1c74b3?s=96&d=mm&r=g","contentUrl":"https:\/\/secure.gravatar.com\/avatar\/d89f61f6bd1c29a4acb231736d1c74b3?s=96&d=mm&r=g","caption":"TermixTeam"},"url":"https:\/\/termix.net\/blog\/es\/author\/termixteam\/"}]}},"_links":{"self":[{"href":"https:\/\/termix.net\/blog\/es\/wp-json\/wp\/v2\/posts\/10792"}],"collection":[{"href":"https:\/\/termix.net\/blog\/es\/wp-json\/wp\/v2\/posts"}],"about":[{"href":"https:\/\/termix.net\/blog\/es\/wp-json\/wp\/v2\/types\/post"}],"author":[{"embeddable":true,"href":"https:\/\/termix.net\/blog\/es\/wp-json\/wp\/v2\/users\/2"}],"replies":[{"embeddable":true,"href":"https:\/\/termix.net\/blog\/es\/wp-json\/wp\/v2\/comments?post=10792"}],"version-history":[{"count":3,"href":"https:\/\/termix.net\/blog\/es\/wp-json\/wp\/v2\/posts\/10792\/revisions"}],"predecessor-version":[{"id":22369,"href":"https:\/\/termix.net\/blog\/es\/wp-json\/wp\/v2\/posts\/10792\/revisions\/22369"}],"wp:featuredmedia":[{"embeddable":true,"href":"https:\/\/termix.net\/blog\/es\/wp-json\/wp\/v2\/media\/22365"}],"wp:attachment":[{"href":"https:\/\/termix.net\/blog\/es\/wp-json\/wp\/v2\/media?parent=10792"}],"wp:term":[{"taxonomy":"category","embeddable":true,"href":"https:\/\/termix.net\/blog\/es\/wp-json\/wp\/v2\/categories?post=10792"},{"taxonomy":"post_tag","embeddable":true,"href":"https:\/\/termix.net\/blog\/es\/wp-json\/wp\/v2\/tags?post=10792"}],"curies":[{"name":"wp","href":"https:\/\/api.w.org\/{rel}","templated":true}]}}