{"id":10443,"date":"2017-07-17T06:51:14","date_gmt":"2017-07-17T06:51:14","guid":{"rendered":"http:\/\/termix.net\/?p=10443"},"modified":"2019-12-10T12:01:58","modified_gmt":"2019-12-10T11:01:58","slug":"exito-de-termix-en-cosmoprof-las-vegas","status":"publish","type":"post","link":"https:\/\/termix.net\/blog\/es\/exito-de-termix-en-cosmoprof-las-vegas\/","title":{"rendered":"Gran \u00e9xito para Termix en Cosmoprof las Vegas 2017"},"content":{"rendered":"<p><div class=\"fusion-fullwidth fullwidth-box fusion-builder-row-1 faded-background fusion-parallax-none nonhundred-percent-fullwidth non-hundred-percent-height-scrolling fusion-no-small-visibility fusion-no-medium-visibility\" style=\"--awb-border-radius-top-left:0px;--awb-border-radius-top-right:0px;--awb-border-radius-bottom-right:0px;--awb-border-radius-bottom-left:0px;--awb-padding-top:24%;--awb-padding-right:3%;--awb-padding-left:3%;--awb-background-size:cover;\" ><div class=\"fullwidth-faded\" style=\"--awb-background-color:#181818;--awb-background-image:url(https:\/\/termix.net\/blog\/wp-content\/uploads\/2017\/07\/lasvegas31.jpg);--awb-background-size:cover;\" ><\/div><div class=\"fusion-builder-row fusion-row\"><div class=\"fusion-layout-column fusion_builder_column fusion-builder-column-0 fusion_builder_column_1_1 1_1 fusion-one-full fusion-column-first fusion-column-last\" style=\"--awb-padding-top:6%;--awb-padding-right:8%;--awb-padding-bottom:6%;--awb-padding-left:8%;--awb-bg-color:rgba(255,255,255,0.7);--awb-bg-size:cover;--awb-margin-top:0px;--awb-margin-bottom:0px;\"><div class=\"fusion-column-wrapper fusion-column-has-shadow fusion-flex-column-wrapper-legacy\"><div class=\"fusion-text fusion-text-1 caption\"><p style=\"text-align: center;\">Ferias \u2014 3 min de lectura<\/p>\n<\/div><div class=\"fusion-title title fusion-title-1 fusion-sep-none fusion-title-center fusion-title-text fusion-title-size-two\" style=\"--awb-margin-top:30px;--awb-margin-bottom:20px;\"><h2 class=\"title-heading-center fusion-responsive-typography-calculated\" style=\"margin:0;--fontSize:50;line-height:1.28;\">Gran \u00e9xito para Termix en Cosmoprof las Vegas 2017<\/h2><\/div><div class=\"fusion-clearfix\"><\/div><\/div><\/div><\/div><\/div><div class=\"fusion-fullwidth fullwidth-box fusion-builder-row-2 fusion-parallax-none nonhundred-percent-fullwidth non-hundred-percent-height-scrolling fusion-no-large-visibility\" style=\"--awb-border-radius-top-left:0px;--awb-border-radius-top-right:0px;--awb-border-radius-bottom-right:0px;--awb-border-radius-bottom-left:0px;--awb-background-image:url(&quot;https:\/\/termix.net\/blog\/wp-content\/uploads\/2019\/11\/con-el-secador-compacto-profesioanl-4300-de-termix-damos-volumen-al-cabello-1.jpg&quot;);--awb-background-size:cover;\" ><div class=\"fusion-builder-row fusion-row\"><div class=\"fusion-layout-column fusion_builder_column fusion-builder-column-1 fusion_builder_column_1_1 1_1 fusion-one-full fusion-column-first fusion-column-last fusion-column-inner-bg-wrapper\" style=\"--awb-padding-top:10%;--awb-padding-bottom:10%;--awb-inner-bg-image:url(&#039;http:\/\/termix.net\/blog\/wp-content\/uploads\/2019\/03\/single-blog-post-feat.jpg&#039;);--awb-inner-bg-position:center center;--awb-inner-bg-size:cover;\"><span class=\"fusion-column-inner-bg hover-type-zoomout\"><span class=\"fusion-column-anchor\"><span class=\"fusion-column-inner-bg-image\"><\/span><\/span><\/span><div class=\"fusion-column-wrapper fusion-flex-column-wrapper-legacy\" data-bg-url=\"http:\/\/termix.net\/blog\/wp-content\/uploads\/2019\/03\/single-blog-post-feat.jpg\"><div class=\"fusion-sep-clear\"><\/div><div class=\"fusion-separator fusion-no-large-visibility fusion-full-width-sep\" style=\"margin-left: auto;margin-right: auto;margin-top:200px;width:100%;\"><\/div><div class=\"fusion-sep-clear\"><\/div><div class=\"fusion-clearfix\"><\/div><\/div><\/div><div class=\"fusion-layout-column fusion_builder_column fusion-builder-column-2 fusion_builder_column_1_1 1_1 fusion-one-full fusion-column-first fusion-column-last\" style=\"--awb-padding-top:6%;--awb-bg-color:#ffffff;--awb-bg-size:cover;--awb-margin-top:0px;--awb-margin-bottom:0px;\"><div class=\"fusion-column-wrapper fusion-flex-column-wrapper-legacy\"><div class=\"fusion-text fusion-text-2 caption\"><p style=\"text-align: center;\">Ferias \u2014 3 min de lectura<\/p>\n<\/div><div class=\"fusion-title title fusion-title-2 fusion-sep-none fusion-title-center fusion-title-text fusion-title-size-two\" style=\"--awb-margin-top:30px;--awb-margin-bottom:20px;\"><h2 class=\"title-heading-center fusion-responsive-typography-calculated\" style=\"margin:0;--fontSize:50;line-height:1.28;\">Gran \u00e9xito para Termix en Cosmoprof las Vegas 2017<\/h2><\/div><div class=\"fusion-clearfix\"><\/div><\/div><\/div><\/div><\/div><div class=\"fusion-fullwidth fullwidth-box fusion-builder-row-3 nonhundred-percent-fullwidth non-hundred-percent-height-scrolling\" style=\"--awb-border-radius-top-left:0px;--awb-border-radius-top-right:0px;--awb-border-radius-bottom-right:0px;--awb-border-radius-bottom-left:0px;--awb-padding-top:10px;--awb-padding-bottom:4%;\" ><div class=\"fusion-builder-row fusion-row\"><div class=\"fusion-layout-column fusion_builder_column fusion-builder-column-3 fusion_builder_column_1_6 1_6 fusion-one-sixth fusion-column-first fusion-no-small-visibility fusion-no-medium-visibility\" style=\"--awb-bg-size:cover;width:16.666666666667%;width:calc(16.666666666667% - ( ( 0 ) * 0.16666666666667 ) );margin-right: 0px;\"><div class=\"fusion-column-wrapper fusion-flex-column-wrapper-legacy\"><div class=\"fusion-clearfix\"><\/div><\/div><\/div><div class=\"fusion-layout-column fusion_builder_column fusion-builder-column-4 fusion_builder_column_2_3 2_3 fusion-two-third fusion-column-last\" style=\"--awb-bg-size:cover;width:66.666666666667%;width:calc(66.666666666667% - ( ( 0 ) * 0.66666666666667 ) );\"><div class=\"fusion-column-wrapper fusion-flex-column-wrapper-legacy\"><div class=\"fusion-sep-clear\"><\/div><div class=\"fusion-separator fusion-full-width-sep\" style=\"margin-left: auto;margin-right: auto;margin-top:30px;width:100%;\"><\/div><div class=\"fusion-sep-clear\"><\/div><div class=\"fusion-text fusion-text-3\"><p style=\"text-align: center;\"><span style=\"font-size: 22px; line-height: 1.5em;\">La 15\u00aa edici\u00f3n de la feria Cosmoprof Las Vegas 2017 ha cerrado sus puertas. <\/span><\/p>\n<p style=\"text-align: center;\"><span style=\"font-size: 22px; line-height: 1.5em;\"><strong>La feria m\u00e1s importante de belleza y est\u00e9tica de los EEUU<\/strong> ha concluido su actividad alcanzando cifras sorprendentes en cuanto a asistencia y participaci\u00f3n. Una gran oportunidad para Termix, que ha logrado mantenerse entre las marcas m\u00e1s destacadas del sector, consolidando su presencia en el mercado Norteamericano. Un \u00e9xito rotundo para Termix que pasa por la calidad de sus productos y una labor impecable de un equipo profesional muy cohesionado.<\/span><\/p>\n<\/div><div class=\"fusion-sep-clear\"><\/div><div class=\"fusion-separator fusion-full-width-sep\" style=\"margin-left: auto;margin-right: auto;margin-top:30px;width:100%;\"><\/div><div class=\"fusion-sep-clear\"><\/div><div class=\"fusion-text fusion-text-4\"><p style=\"text-align: justify;\">La <strong>feria l\u00edder en productos de belleza y cosm\u00e9tica<\/strong> ha alcanzado de nuevo cifras sorprendentes, llegando a un aforo de <strong>33.000 visitantes<\/strong>, con m\u00e1s de <strong>1.100 colaboradores<\/strong> y dando voz a empresas procedentes de <strong>38 pa\u00edses<\/strong> en total. <strong>Termix<\/strong> ha estado presente a lo largo de estos tres d\u00edas de actividad incesante, en los que ha conseguido <strong>destacar y posicionarse<\/strong> como una de las marcas preferidas por el p\u00fablico m\u00e1s exigente.<\/p>\n<p style=\"text-align: justify;\"><img decoding=\"async\" class=\"aligncenter size-full wp-image-10473\" src=\"http:\/\/termix.net\/wp-content\/uploads\/2017\/07\/las-vegas1.jpg\" alt=\"Los productos Termix han destacado en Cosmoprof Las Vegas 2017 gracias a su calidad y eficiencia tecnol\u00f3gica\" width=\"1160\" height=\"660\" \/><\/p>\n<p style=\"text-align: justify;\">Un reto conseguido gracias al <strong>constante trabajo<\/strong> enfocado hacia la <strong>innovaci\u00f3n<\/strong> y el perfeccionamiento tecnol\u00f3gico de toda la gama de herramientas de productos profesionales. El conjunto insigne de la marca, los<strong> cepillos Evolution<\/strong>, han sido los mejor valorados y repiten el t\u00edtulo de los <strong>m\u00e1s demandados<\/strong>. Una buena recepci\u00f3n compartida tambi\u00e9n por los cepillos profesionales, renovados con motivo del <strong>30 aniversario de Termix<\/strong>. El <strong>pack de cepillos m\u00e1s elegante<\/strong> ha conseguido cautivar al p\u00fablico gracias a las novedades incorporadas: su <strong>recubrimiento de cer\u00e1mica<\/strong> consigue mantener mejor el calor y repartirlo de forma homog\u00e9nea, cuidando y protegiendo el cabello.<\/p>\n<h2 style=\"text-align: justify;\">La <strong>Black Velvet<\/strong> tambi\u00e9n ha sido otra de las estrellas de la <strong>Cosmoprof Las Vegas 2017<\/strong>.<\/h2>\n<p style=\"text-align: justify;\">La plancha de tacto terciopelo ha conquistado Las Vegas por su alta calidad y la incorporaci\u00f3n de novedades como sus <strong>placas Perfect Glide<\/strong> y su capacidad para trabajar con todo tipo de cabello, gracias a su sistema de <strong>control de temperatura inteligente<\/strong>. Y abriendo paso al color, encontramos los <strong>cepillos C\u00b7Ramic Colors<\/strong> que, gracias a su <strong>dise\u00f1o y funcionalidad<\/strong> han impactado al p\u00fablico profesional de la feria.<\/p>\n<p style=\"text-align: justify;\"><img decoding=\"async\" class=\"aligncenter size-full wp-image-10474\" src=\"http:\/\/termix.net\/wp-content\/uploads\/2017\/07\/lasvegas2.jpg\" alt=\"Los productos Termix han destacado en Cosmoprof Las Vegas 2017 gracias a su calidad y eficiencia tecnol\u00f3gica\" width=\"1160\" height=\"660\" \/><\/p>\n<h2 style=\"text-align: justify;\">Los otros protagonistas indudables han sido los <strong>cepillos Paddle Colors.<\/strong><\/h2>\n<p style=\"text-align: justify;\">Los nuevos cepillos de Termix se diferencian por las <strong>p\u00faas de caucho<\/strong> que integran: un material <strong>ultra-flexible<\/strong> que permite desenredar el cabello f\u00e1cilmente, protegi\u00e9ndolo y evitando cualquier da\u00f1o. Presentados en un expositor modular y en los <strong>Pantone<\/strong> tendencia del a\u00f1o (Primrose Yellow, Pink Yarrow y Blue Island Paradise), estos cepillos han cautivado todas las miradas en la <strong>Cosmoprof de Las Vegas 2017<\/strong>. \u00danicamente queda despedirnos hasta el a\u00f1o que viene en el que esperamos otra aceptaci\u00f3n como la recibida en esta ocasi\u00f3n.<\/p>\n<\/div><div class=\"fusion-clearfix\"><\/div><\/div><\/div><\/div><\/div><div class=\"fusion-fullwidth fullwidth-box fusion-builder-row-4 nonhundred-percent-fullwidth non-hundred-percent-height-scrolling\" style=\"--awb-border-radius-top-left:0px;--awb-border-radius-top-right:0px;--awb-border-radius-bottom-right:0px;--awb-border-radius-bottom-left:0px;\" ><\/div><\/p>\n","protected":false},"excerpt":{"rendered":"<p>\t\t\t\tLa 15\u00aa edici\u00f3n de la feria Cosmoprof Worldwide Las Vegas 2017 ha cerrado sus puertas. La feria m\u00e1s importante de belleza y est\u00e9tica de los EEUU ha concluido su actividad alcanzando cifras  sorprendentes en cuanto a asistencia y participaci\u00f3n. \t\t<\/p>\n","protected":false},"author":2,"featured_media":22429,"comment_status":"open","ping_status":"open","sticky":false,"template":"","format":"standard","meta":[],"categories":[6],"tags":[],"yoast_head":"<!-- This site is optimized with the Yoast SEO plugin v20.0 - https:\/\/yoast.com\/wordpress\/plugins\/seo\/ -->\n<title>Gran \u00e9xito de Termix en Cosmoprof Las Vegas 2017<\/title>\n<meta name=\"description\" content=\"La 15a edici\u00f3n de Cosmoprof Las Vegas ya ha llegado a su fin. La feria m\u00e1s importante del sector beauty de EEUU ha simbolizado un gran \u00e9xito para Termix.\" \/>\n<meta name=\"robots\" content=\"index, follow, max-snippet:-1, max-image-preview:large, max-video-preview:-1\" \/>\n<link rel=\"canonical\" href=\"https:\/\/termix.net\/blog\/es\/exito-de-termix-en-cosmoprof-las-vegas\/\" \/>\n<meta property=\"og:locale\" content=\"es_ES\" \/>\n<meta property=\"og:type\" content=\"article\" \/>\n<meta property=\"og:title\" content=\"Gran \u00e9xito de Termix en Cosmoprof Las Vegas 2017\" \/>\n<meta property=\"og:description\" content=\"La 15a edici\u00f3n de Cosmoprof Las Vegas ya ha llegado a su fin. La feria m\u00e1s importante del sector beauty de EEUU ha simbolizado un gran \u00e9xito para Termix.\" \/>\n<meta property=\"og:url\" content=\"https:\/\/termix.net\/blog\/es\/exito-de-termix-en-cosmoprof-las-vegas\/\" \/>\n<meta property=\"og:site_name\" content=\"Blog Termix Spain\" \/>\n<meta property=\"article:published_time\" content=\"2017-07-17T06:51:14+00:00\" \/>\n<meta property=\"article:modified_time\" content=\"2019-12-10T11:01:58+00:00\" \/>\n<meta property=\"og:image\" content=\"https:\/\/termix.net\/blog\/wp-content\/uploads\/2017\/07\/lasvegas31.jpg\" \/>\n\t<meta property=\"og:image:width\" content=\"1160\" \/>\n\t<meta property=\"og:image:height\" content=\"660\" \/>\n\t<meta property=\"og:image:type\" content=\"image\/jpeg\" \/>\n<meta name=\"author\" content=\"TermixTeam\" \/>\n<meta name=\"twitter:card\" content=\"summary_large_image\" \/>\n<meta name=\"twitter:label1\" content=\"Escrito por\" \/>\n\t<meta name=\"twitter:data1\" content=\"TermixTeam\" \/>\n\t<meta name=\"twitter:label2\" content=\"Tiempo de lectura\" \/>\n\t<meta name=\"twitter:data2\" content=\"8 minutos\" \/>\n<script type=\"application\/ld+json\" class=\"yoast-schema-graph\">{\"@context\":\"https:\/\/schema.org\",\"@graph\":[{\"@type\":\"Article\",\"@id\":\"https:\/\/termix.net\/blog\/es\/exito-de-termix-en-cosmoprof-las-vegas\/#article\",\"isPartOf\":{\"@id\":\"https:\/\/termix.net\/blog\/es\/exito-de-termix-en-cosmoprof-las-vegas\/\"},\"author\":{\"name\":\"TermixTeam\",\"@id\":\"https:\/\/termix.net\/blog\/es\/#\/schema\/person\/9096c98bdf03c8ddf91ad7172f254f40\"},\"headline\":\"Gran \u00e9xito para Termix en Cosmoprof las Vegas 2017\",\"datePublished\":\"2017-07-17T06:51:14+00:00\",\"dateModified\":\"2019-12-10T11:01:58+00:00\",\"mainEntityOfPage\":{\"@id\":\"https:\/\/termix.net\/blog\/es\/exito-de-termix-en-cosmoprof-las-vegas\/\"},\"wordCount\":1626,\"commentCount\":0,\"publisher\":{\"@id\":\"https:\/\/termix.net\/blog\/es\/#organization\"},\"articleSection\":[\"NOTICIAS\"],\"inLanguage\":\"es\",\"potentialAction\":[{\"@type\":\"CommentAction\",\"name\":\"Comment\",\"target\":[\"https:\/\/termix.net\/blog\/es\/exito-de-termix-en-cosmoprof-las-vegas\/#respond\"]}]},{\"@type\":\"WebPage\",\"@id\":\"https:\/\/termix.net\/blog\/es\/exito-de-termix-en-cosmoprof-las-vegas\/\",\"url\":\"https:\/\/termix.net\/blog\/es\/exito-de-termix-en-cosmoprof-las-vegas\/\",\"name\":\"Gran \u00e9xito de Termix en Cosmoprof Las Vegas 2017\",\"isPartOf\":{\"@id\":\"https:\/\/termix.net\/blog\/es\/#website\"},\"datePublished\":\"2017-07-17T06:51:14+00:00\",\"dateModified\":\"2019-12-10T11:01:58+00:00\",\"description\":\"La 15a edici\u00f3n de Cosmoprof Las Vegas ya ha llegado a su fin. La feria m\u00e1s importante del sector beauty de EEUU ha simbolizado un gran \u00e9xito para Termix.\",\"breadcrumb\":{\"@id\":\"https:\/\/termix.net\/blog\/es\/exito-de-termix-en-cosmoprof-las-vegas\/#breadcrumb\"},\"inLanguage\":\"es\",\"potentialAction\":[{\"@type\":\"ReadAction\",\"target\":[\"https:\/\/termix.net\/blog\/es\/exito-de-termix-en-cosmoprof-las-vegas\/\"]}]},{\"@type\":\"BreadcrumbList\",\"@id\":\"https:\/\/termix.net\/blog\/es\/exito-de-termix-en-cosmoprof-las-vegas\/#breadcrumb\",\"itemListElement\":[{\"@type\":\"ListItem\",\"position\":1,\"name\":\"Home\",\"item\":\"https:\/\/termix.net\/blog\/es\/\"},{\"@type\":\"ListItem\",\"position\":2,\"name\":\"Gran \u00e9xito para Termix en Cosmoprof las Vegas 2017\"}]},{\"@type\":\"WebSite\",\"@id\":\"https:\/\/termix.net\/blog\/es\/#website\",\"url\":\"https:\/\/termix.net\/blog\/es\/\",\"name\":\"Blog Termix Spain\",\"description\":\"Blog de tendencias y productos de peluquer\u00eda profesional.\",\"publisher\":{\"@id\":\"https:\/\/termix.net\/blog\/es\/#organization\"},\"potentialAction\":[{\"@type\":\"SearchAction\",\"target\":{\"@type\":\"EntryPoint\",\"urlTemplate\":\"https:\/\/termix.net\/blog\/es\/?s={search_term_string}\"},\"query-input\":\"required name=search_term_string\"}],\"inLanguage\":\"es\"},{\"@type\":\"Organization\",\"@id\":\"https:\/\/termix.net\/blog\/es\/#organization\",\"name\":\"Dols Industrial de Peluquer\u00eda SA\",\"url\":\"https:\/\/termix.net\/blog\/es\/\",\"logo\":{\"@type\":\"ImageObject\",\"inLanguage\":\"es\",\"@id\":\"https:\/\/termix.net\/blog\/es\/#\/schema\/logo\/image\/\",\"url\":\"https:\/\/termix.net\/blog\/wp-content\/uploads\/2020\/10\/OGbDAeng.jpeg\",\"contentUrl\":\"https:\/\/termix.net\/blog\/wp-content\/uploads\/2020\/10\/OGbDAeng.jpeg\",\"width\":800,\"height\":800,\"caption\":\"Dols Industrial de Peluquer\u00eda SA\"},\"image\":{\"@id\":\"https:\/\/termix.net\/blog\/es\/#\/schema\/logo\/image\/\"}},{\"@type\":\"Person\",\"@id\":\"https:\/\/termix.net\/blog\/es\/#\/schema\/person\/9096c98bdf03c8ddf91ad7172f254f40\",\"name\":\"TermixTeam\",\"image\":{\"@type\":\"ImageObject\",\"inLanguage\":\"es\",\"@id\":\"https:\/\/termix.net\/blog\/es\/#\/schema\/person\/image\/\",\"url\":\"https:\/\/secure.gravatar.com\/avatar\/d89f61f6bd1c29a4acb231736d1c74b3?s=96&d=mm&r=g\",\"contentUrl\":\"https:\/\/secure.gravatar.com\/avatar\/d89f61f6bd1c29a4acb231736d1c74b3?s=96&d=mm&r=g\",\"caption\":\"TermixTeam\"},\"url\":\"https:\/\/termix.net\/blog\/es\/author\/termixteam\/\"}]}<\/script>\n<!-- \/ Yoast SEO plugin. -->","yoast_head_json":{"title":"Gran \u00e9xito de Termix en Cosmoprof Las Vegas 2017","description":"La 15a edici\u00f3n de Cosmoprof Las Vegas ya ha llegado a su fin. La feria m\u00e1s importante del sector beauty de EEUU ha simbolizado un gran \u00e9xito para Termix.","robots":{"index":"index","follow":"follow","max-snippet":"max-snippet:-1","max-image-preview":"max-image-preview:large","max-video-preview":"max-video-preview:-1"},"canonical":"https:\/\/termix.net\/blog\/es\/exito-de-termix-en-cosmoprof-las-vegas\/","og_locale":"es_ES","og_type":"article","og_title":"Gran \u00e9xito de Termix en Cosmoprof Las Vegas 2017","og_description":"La 15a edici\u00f3n de Cosmoprof Las Vegas ya ha llegado a su fin. La feria m\u00e1s importante del sector beauty de EEUU ha simbolizado un gran \u00e9xito para Termix.","og_url":"https:\/\/termix.net\/blog\/es\/exito-de-termix-en-cosmoprof-las-vegas\/","og_site_name":"Blog Termix Spain","article_published_time":"2017-07-17T06:51:14+00:00","article_modified_time":"2019-12-10T11:01:58+00:00","og_image":[{"width":1160,"height":660,"url":"https:\/\/termix.net\/blog\/wp-content\/uploads\/2017\/07\/lasvegas31.jpg","type":"image\/jpeg"}],"author":"TermixTeam","twitter_card":"summary_large_image","twitter_misc":{"Escrito por":"TermixTeam","Tiempo de lectura":"8 minutos"},"schema":{"@context":"https:\/\/schema.org","@graph":[{"@type":"Article","@id":"https:\/\/termix.net\/blog\/es\/exito-de-termix-en-cosmoprof-las-vegas\/#article","isPartOf":{"@id":"https:\/\/termix.net\/blog\/es\/exito-de-termix-en-cosmoprof-las-vegas\/"},"author":{"name":"TermixTeam","@id":"https:\/\/termix.net\/blog\/es\/#\/schema\/person\/9096c98bdf03c8ddf91ad7172f254f40"},"headline":"Gran \u00e9xito para Termix en Cosmoprof las Vegas 2017","datePublished":"2017-07-17T06:51:14+00:00","dateModified":"2019-12-10T11:01:58+00:00","mainEntityOfPage":{"@id":"https:\/\/termix.net\/blog\/es\/exito-de-termix-en-cosmoprof-las-vegas\/"},"wordCount":1626,"commentCount":0,"publisher":{"@id":"https:\/\/termix.net\/blog\/es\/#organization"},"articleSection":["NOTICIAS"],"inLanguage":"es","potentialAction":[{"@type":"CommentAction","name":"Comment","target":["https:\/\/termix.net\/blog\/es\/exito-de-termix-en-cosmoprof-las-vegas\/#respond"]}]},{"@type":"WebPage","@id":"https:\/\/termix.net\/blog\/es\/exito-de-termix-en-cosmoprof-las-vegas\/","url":"https:\/\/termix.net\/blog\/es\/exito-de-termix-en-cosmoprof-las-vegas\/","name":"Gran \u00e9xito de Termix en Cosmoprof Las Vegas 2017","isPartOf":{"@id":"https:\/\/termix.net\/blog\/es\/#website"},"datePublished":"2017-07-17T06:51:14+00:00","dateModified":"2019-12-10T11:01:58+00:00","description":"La 15a edici\u00f3n de Cosmoprof Las Vegas ya ha llegado a su fin. La feria m\u00e1s importante del sector beauty de EEUU ha simbolizado un gran \u00e9xito para Termix.","breadcrumb":{"@id":"https:\/\/termix.net\/blog\/es\/exito-de-termix-en-cosmoprof-las-vegas\/#breadcrumb"},"inLanguage":"es","potentialAction":[{"@type":"ReadAction","target":["https:\/\/termix.net\/blog\/es\/exito-de-termix-en-cosmoprof-las-vegas\/"]}]},{"@type":"BreadcrumbList","@id":"https:\/\/termix.net\/blog\/es\/exito-de-termix-en-cosmoprof-las-vegas\/#breadcrumb","itemListElement":[{"@type":"ListItem","position":1,"name":"Home","item":"https:\/\/termix.net\/blog\/es\/"},{"@type":"ListItem","position":2,"name":"Gran \u00e9xito para Termix en Cosmoprof las Vegas 2017"}]},{"@type":"WebSite","@id":"https:\/\/termix.net\/blog\/es\/#website","url":"https:\/\/termix.net\/blog\/es\/","name":"Blog Termix Spain","description":"Blog de tendencias y productos de peluquer\u00eda profesional.","publisher":{"@id":"https:\/\/termix.net\/blog\/es\/#organization"},"potentialAction":[{"@type":"SearchAction","target":{"@type":"EntryPoint","urlTemplate":"https:\/\/termix.net\/blog\/es\/?s={search_term_string}"},"query-input":"required name=search_term_string"}],"inLanguage":"es"},{"@type":"Organization","@id":"https:\/\/termix.net\/blog\/es\/#organization","name":"Dols Industrial de Peluquer\u00eda SA","url":"https:\/\/termix.net\/blog\/es\/","logo":{"@type":"ImageObject","inLanguage":"es","@id":"https:\/\/termix.net\/blog\/es\/#\/schema\/logo\/image\/","url":"https:\/\/termix.net\/blog\/wp-content\/uploads\/2020\/10\/OGbDAeng.jpeg","contentUrl":"https:\/\/termix.net\/blog\/wp-content\/uploads\/2020\/10\/OGbDAeng.jpeg","width":800,"height":800,"caption":"Dols Industrial de Peluquer\u00eda SA"},"image":{"@id":"https:\/\/termix.net\/blog\/es\/#\/schema\/logo\/image\/"}},{"@type":"Person","@id":"https:\/\/termix.net\/blog\/es\/#\/schema\/person\/9096c98bdf03c8ddf91ad7172f254f40","name":"TermixTeam","image":{"@type":"ImageObject","inLanguage":"es","@id":"https:\/\/termix.net\/blog\/es\/#\/schema\/person\/image\/","url":"https:\/\/secure.gravatar.com\/avatar\/d89f61f6bd1c29a4acb231736d1c74b3?s=96&d=mm&r=g","contentUrl":"https:\/\/secure.gravatar.com\/avatar\/d89f61f6bd1c29a4acb231736d1c74b3?s=96&d=mm&r=g","caption":"TermixTeam"},"url":"https:\/\/termix.net\/blog\/es\/author\/termixteam\/"}]}},"_links":{"self":[{"href":"https:\/\/termix.net\/blog\/es\/wp-json\/wp\/v2\/posts\/10443"}],"collection":[{"href":"https:\/\/termix.net\/blog\/es\/wp-json\/wp\/v2\/posts"}],"about":[{"href":"https:\/\/termix.net\/blog\/es\/wp-json\/wp\/v2\/types\/post"}],"author":[{"embeddable":true,"href":"https:\/\/termix.net\/blog\/es\/wp-json\/wp\/v2\/users\/2"}],"replies":[{"embeddable":true,"href":"https:\/\/termix.net\/blog\/es\/wp-json\/wp\/v2\/comments?post=10443"}],"version-history":[{"count":3,"href":"https:\/\/termix.net\/blog\/es\/wp-json\/wp\/v2\/posts\/10443\/revisions"}],"predecessor-version":[{"id":22432,"href":"https:\/\/termix.net\/blog\/es\/wp-json\/wp\/v2\/posts\/10443\/revisions\/22432"}],"wp:featuredmedia":[{"embeddable":true,"href":"https:\/\/termix.net\/blog\/es\/wp-json\/wp\/v2\/media\/22429"}],"wp:attachment":[{"href":"https:\/\/termix.net\/blog\/es\/wp-json\/wp\/v2\/media?parent=10443"}],"wp:term":[{"taxonomy":"category","embeddable":true,"href":"https:\/\/termix.net\/blog\/es\/wp-json\/wp\/v2\/categories?post=10443"},{"taxonomy":"post_tag","embeddable":true,"href":"https:\/\/termix.net\/blog\/es\/wp-json\/wp\/v2\/tags?post=10443"}],"curies":[{"name":"wp","href":"https:\/\/api.w.org\/{rel}","templated":true}]}}