{"id":10315,"date":"2017-07-03T06:47:50","date_gmt":"2017-07-03T06:47:50","guid":{"rendered":"http:\/\/termix.net\/?p=10315"},"modified":"2019-12-10T12:27:28","modified_gmt":"2019-12-10T11:27:28","slug":"termix-cosmoprof-las-vegas-2017","status":"publish","type":"post","link":"https:\/\/termix.net\/blog\/es\/termix-cosmoprof-las-vegas-2017\/","title":{"rendered":"Termix vuelve a Estados Unidos en Cosmoprof Las Vegas 2017"},"content":{"rendered":"<p><div class=\"fusion-fullwidth fullwidth-box fusion-builder-row-1 faded-background fusion-parallax-none nonhundred-percent-fullwidth non-hundred-percent-height-scrolling fusion-no-small-visibility fusion-no-medium-visibility\" style=\"--awb-border-radius-top-left:0px;--awb-border-radius-top-right:0px;--awb-border-radius-bottom-right:0px;--awb-border-radius-bottom-left:0px;--awb-padding-top:24%;--awb-padding-right:3%;--awb-padding-left:3%;--awb-background-size:cover;\" ><div class=\"fullwidth-faded\" style=\"--awb-background-color:#181818;--awb-background-image:url(https:\/\/termix.net\/blog\/wp-content\/uploads\/2017\/07\/cosmoprof-las-vegas1.jpg);--awb-background-size:cover;\" ><\/div><div class=\"fusion-builder-row fusion-row\"><div class=\"fusion-layout-column fusion_builder_column fusion-builder-column-0 fusion_builder_column_1_1 1_1 fusion-one-full fusion-column-first fusion-column-last\" style=\"--awb-padding-top:6%;--awb-padding-right:8%;--awb-padding-bottom:6%;--awb-padding-left:8%;--awb-bg-color:rgba(255,255,255,0.7);--awb-bg-size:cover;--awb-margin-top:0px;--awb-margin-bottom:0px;\"><div class=\"fusion-column-wrapper fusion-column-has-shadow fusion-flex-column-wrapper-legacy\"><div class=\"fusion-text fusion-text-1 caption\"><p style=\"text-align: center;\">Ferias \u2014 3 min de lectura<\/p>\n<\/div><div class=\"fusion-title title fusion-title-1 fusion-sep-none fusion-title-center fusion-title-text fusion-title-size-two\" style=\"--awb-margin-top:30px;--awb-margin-bottom:20px;\"><h2 class=\"title-heading-center fusion-responsive-typography-calculated\" style=\"margin:0;--fontSize:50;line-height:1.28;\">Termix vuelve a Estados Unidos en Cosmoprof Las Vegas 2017<\/h2><\/div><div class=\"fusion-clearfix\"><\/div><\/div><\/div><\/div><\/div><div class=\"fusion-fullwidth fullwidth-box fusion-builder-row-2 fusion-parallax-none nonhundred-percent-fullwidth non-hundred-percent-height-scrolling fusion-no-large-visibility\" style=\"--awb-border-radius-top-left:0px;--awb-border-radius-top-right:0px;--awb-border-radius-bottom-right:0px;--awb-border-radius-bottom-left:0px;--awb-background-image:url(&quot;https:\/\/termix.net\/blog\/wp-content\/uploads\/2019\/11\/con-el-secador-compacto-profesioanl-4300-de-termix-damos-volumen-al-cabello-1.jpg&quot;);--awb-background-size:cover;\" ><div class=\"fusion-builder-row fusion-row\"><div class=\"fusion-layout-column fusion_builder_column fusion-builder-column-1 fusion_builder_column_1_1 1_1 fusion-one-full fusion-column-first fusion-column-last fusion-column-inner-bg-wrapper\" style=\"--awb-padding-top:10%;--awb-padding-bottom:10%;--awb-inner-bg-image:url(&#039;http:\/\/termix.net\/blog\/wp-content\/uploads\/2019\/03\/single-blog-post-feat.jpg&#039;);--awb-inner-bg-position:center center;--awb-inner-bg-size:cover;\"><span class=\"fusion-column-inner-bg hover-type-zoomout\"><span class=\"fusion-column-anchor\"><span class=\"fusion-column-inner-bg-image\"><\/span><\/span><\/span><div class=\"fusion-column-wrapper fusion-flex-column-wrapper-legacy\" data-bg-url=\"http:\/\/termix.net\/blog\/wp-content\/uploads\/2019\/03\/single-blog-post-feat.jpg\"><div class=\"fusion-sep-clear\"><\/div><div class=\"fusion-separator fusion-no-large-visibility fusion-full-width-sep\" style=\"margin-left: auto;margin-right: auto;margin-top:200px;width:100%;\"><\/div><div class=\"fusion-sep-clear\"><\/div><div class=\"fusion-clearfix\"><\/div><\/div><\/div><div class=\"fusion-layout-column fusion_builder_column fusion-builder-column-2 fusion_builder_column_1_1 1_1 fusion-one-full fusion-column-first fusion-column-last\" style=\"--awb-padding-top:6%;--awb-bg-color:#ffffff;--awb-bg-size:cover;--awb-margin-top:0px;--awb-margin-bottom:0px;\"><div class=\"fusion-column-wrapper fusion-flex-column-wrapper-legacy\"><div class=\"fusion-text fusion-text-2 caption\"><p style=\"text-align: center;\">Ferias \u2014 3 min de lectura<\/p>\n<\/div><div class=\"fusion-title title fusion-title-2 fusion-sep-none fusion-title-center fusion-title-text fusion-title-size-two\" style=\"--awb-margin-top:30px;--awb-margin-bottom:20px;\"><h2 class=\"title-heading-center fusion-responsive-typography-calculated\" style=\"margin:0;--fontSize:50;line-height:1.28;\">Termix vuelve a Estados Unidos en Cosmoprof Las Vegas 2017<\/h2><\/div><div class=\"fusion-clearfix\"><\/div><\/div><\/div><\/div><\/div><div class=\"fusion-fullwidth fullwidth-box fusion-builder-row-3 nonhundred-percent-fullwidth non-hundred-percent-height-scrolling\" style=\"--awb-border-radius-top-left:0px;--awb-border-radius-top-right:0px;--awb-border-radius-bottom-right:0px;--awb-border-radius-bottom-left:0px;--awb-padding-top:10px;--awb-padding-bottom:4%;\" ><div class=\"fusion-builder-row fusion-row\"><div class=\"fusion-layout-column fusion_builder_column fusion-builder-column-3 fusion_builder_column_1_6 1_6 fusion-one-sixth fusion-column-first fusion-no-small-visibility fusion-no-medium-visibility\" style=\"--awb-bg-size:cover;width:16.666666666667%;width:calc(16.666666666667% - ( ( 0 ) * 0.16666666666667 ) );margin-right: 0px;\"><div class=\"fusion-column-wrapper fusion-flex-column-wrapper-legacy\"><div class=\"fusion-clearfix\"><\/div><\/div><\/div><div class=\"fusion-layout-column fusion_builder_column fusion-builder-column-4 fusion_builder_column_2_3 2_3 fusion-two-third fusion-column-last\" style=\"--awb-bg-size:cover;width:66.666666666667%;width:calc(66.666666666667% - ( ( 0 ) * 0.66666666666667 ) );\"><div class=\"fusion-column-wrapper fusion-flex-column-wrapper-legacy\"><div class=\"fusion-sep-clear\"><\/div><div class=\"fusion-separator fusion-full-width-sep\" style=\"margin-left: auto;margin-right: auto;margin-top:30px;width:100%;\"><\/div><div class=\"fusion-sep-clear\"><\/div><div class=\"fusion-text fusion-text-3\"><p style=\"text-align: center;\"><span style=\"font-size: 22px; line-height: 1.5em;\">Despu\u00e9s del gran \u00e9xito que ha significado la Premiere Orlando de este a\u00f1o, Termix vuelve al continente americano para participar en la feria Cosmoprof Las Vegas 2017. <\/span><span style=\"font-size: 22px; line-height: 1.5em;\">Del 9 al 11 de julio se celebra<strong> el encuentro de belleza y cosm\u00e9tica m\u00e1s importante de EEUU<\/strong> que repite localizaci\u00f3n, el Mandala Bay Convention Center. Termix viajar\u00e1 hasta all\u00ed para presentar todas las novedades de este a\u00f1o, continuando con una muy buena trayectoria en el mercado norteamericano. <\/span><\/p>\n<p style=\"text-align: center;\"><strong><span style=\"font-size: 22px; line-height: 1.5em;\">\u00a1Viva Las Vegas!<\/span><\/strong><\/p>\n<\/div><div class=\"fusion-sep-clear\"><\/div><div class=\"fusion-separator fusion-full-width-sep\" style=\"margin-left: auto;margin-right: auto;margin-top:30px;width:100%;\"><\/div><div class=\"fusion-sep-clear\"><\/div><div class=\"fusion-text fusion-text-4\"><p style=\"text-align: justify;\">Cosmoprof Las Vegas celebra este a\u00f1o su<strong> 15\u00aa edici\u00f3n<\/strong>, manteniendo su reputaci\u00f3n como feria l\u00edder en productos de belleza y cosm\u00e9tica, gracias a su compromiso activo con las tecnolog\u00edas de \u00faltima generaci\u00f3n, innovaci\u00f3n y al lado del <strong><em>smart thinking<\/em><\/strong>. Un evento que espera acoger a m\u00e1s de <strong>33.000 visitantes<\/strong>, una cifra r\u00e9cord en cuanto a aforo, que simboliza a la perfecci\u00f3n el crecimiento constante del sector de la belleza. Un gran pron\u00f3stico que se explica por la creciente participaci\u00f3n de empresas y expositores, con m\u00e1s de<strong> 1.100 colaboradores<\/strong> procedentes de <strong>38 pa\u00edses<\/strong> en total.<\/p>\n<p style=\"text-align: justify;\"><img decoding=\"async\" class=\"aligncenter size-full wp-image-10322\" src=\"http:\/\/termix.net\/wp-content\/uploads\/2017\/06\/cosmoprof-las-vegas33.jpg\" alt=\"Termix viaja a la Cosmoprof Worlwide Las Vegas 2017 para presentar sus novedades\" width=\"800\" height=\"462\" \/><\/p>\n<p>\u00a0<\/p>\n<p style=\"text-align: justify;\">La Cosmoprof Las Vegas 2017 siempre genera un gran despliegue de medios que tiene como objetivo la <strong>presentaci\u00f3n de nuevos productos<\/strong> y <strong>lanzamientos<\/strong> vinculados al mundo de la <strong>cosm\u00e9tica y cuidado personal<\/strong> al gran p\u00fablico. Tiene como tema ra\u00edz el c<strong>ompromiso con el medio ambiente<\/strong> y predominan los <strong>productos de belleza<\/strong> y cosm\u00e9ticos que guardan esta labor y potencian el <strong>uso de materiales naturales<\/strong> en su composici\u00f3n. Precisamente,\u00a0<strong>Termix\u00a0<\/strong>destaca por la incorporaci\u00f3n de <strong>materiales org\u00e1nicos<\/strong> en los cepillos profesionales m\u00e1s caracter\u00edsticos, como el <strong>especial 30 aniversario<\/strong>, que incluye un recubrimiento cer\u00e1mico en toda su superficie.<\/p>\n<p style=\"text-align: justify;\"><img decoding=\"async\" class=\"aligncenter size-full wp-image-10331\" src=\"http:\/\/termix.net\/wp-content\/uploads\/2017\/07\/bv-lateral-si.jpg\" alt=\"Las novedades de Termix viajan ala Cosmoprof de Las Vegas 2017\" width=\"800\" height=\"462\" \/><\/p>\n<p style=\"text-align: justify;\">Otro de los estrenos que Termix transportar\u00e1 para su exhibici\u00f3n en esta gran feria, ser\u00e1 la <strong>plancha Black Velvet<\/strong>, una herramienta profesional que es perfecta para todo tipo de cabellos gracias al regulador de temperatura inteligente que incluye. Adem\u00e1s, las placas de esta plancha son m\u00e1s anchas y potencian el brillo del cabello gracias a su composici\u00f3n <strong>100% de turmalina y cer\u00e1mica<\/strong>. Una herramienta profesional que consigue resultados perfectos gracias a su <strong>tecnolog\u00eda i\u00f3nica y de infrarrojos<\/strong>, ahorrando tiempo en el alisado con su sistema <strong>Perfect Glide<\/strong>.<\/p>\n<p>\u00a0<\/p>\n<p style=\"text-align: justify;\"><img decoding=\"async\" class=\"aligncenter size-full wp-image-10326\" src=\"http:\/\/termix.net\/wp-content\/uploads\/2017\/07\/expositor-cramic-pink.jpg\" alt=\"Otra de las novedades para la COsmoprof Las Vegdas 2017 ser\u00e1n los C\u00b7Ramic Colors en los Pantone de este a\u00f1o y el expositor Pink Yarrow\" width=\"800\" height=\"462\" \/><\/p>\n<p style=\"text-align: justify;\">Termix tambi\u00e9n presentar\u00e1 los cepillos C\u00b7Ramic Colors en los Pantone de este a\u00f1o: el amarillo Primrose Yellow, el rosa Pink Yarrow y el azul Island Paradise. Unos cepillos que apuestan por la incorporaci\u00f3n de materiales naturales como la cer\u00e1mica para el cuidado del cabello y la potenciaci\u00f3n de sus caracter\u00edsticas, como el brillo y la eliminaci\u00f3n del efecto frizz. Adem\u00e1s, el cepillo C\u00b7Ramic Pink Yarrow cuenta con un nuevo expositor que incluye los cepillos m\u00e1s demandados, en los tres di\u00e1metros m\u00e1s solicitados.<\/p>\n<p style=\"text-align: justify;\"><img decoding=\"async\" class=\"aligncenter size-full wp-image-10327\" src=\"http:\/\/termix.net\/wp-content\/uploads\/2017\/07\/paddle-expo.jpg\" alt=\"Los paddle colors tambi\u00e9n viajar\u00e1n a la Cosmoprof de Las Vegas 2017 junto a su expositor modular\" width=\"800\" height=\"462\" \/><\/p>\n<p style=\"text-align: justify;\">Y siguiendo con la t\u00f3nica del color, Termix presentar\u00e1 las<strong> raquetas Paddle Color<\/strong> especial desenredos en Las Vegas. Una novedad pensada para <strong>desenredar el cabello<\/strong>, sin tirones ni roturas, evitando el encrespamiento y potenciando su brillo.<\/p>\n<p style=\"text-align: justify;\">Los\u00a0<strong>cepillos Termix Evolution<\/strong> para cada tipo de cabello (fino, normal y grueso) seguir\u00e1n acompa\u00f1ando a estos nuevos lanzamientos como <strong>producto insigne<\/strong>\u00a0de la marca para el mayor cuidado y salud del cabello.<\/p>\n<h2 style=\"text-align: justify;\"><strong>\u00a1Todo esto y mucho m\u00e1s te espera en el stand 45366 de Termix!<\/strong><\/h2>\n<h2 style=\"text-align: justify;\"><strong> \u00bfTe lo vas a perder? <\/strong><\/h2>\n<h2 style=\"text-align: justify;\"><strong>Te esperamos\u00a0 en Cosmoprof Las Vegas 2017.<\/strong><\/h2>\n<\/div><div class=\"fusion-clearfix\"><\/div><\/div><\/div><\/div><\/div><div class=\"fusion-fullwidth fullwidth-box fusion-builder-row-4 nonhundred-percent-fullwidth non-hundred-percent-height-scrolling\" style=\"--awb-border-radius-top-left:0px;--awb-border-radius-top-right:0px;--awb-border-radius-bottom-right:0px;--awb-border-radius-bottom-left:0px;\" ><\/div><\/p>\n","protected":false},"excerpt":{"rendered":"<p>\t\t\t\tDel 9 al 11 de julio se celebra el encuentro de belleza y cosm\u00e9tica m\u00e1s importante de EEUU: la Cosmoprof Worldwide de Las Vegas. Termix viajar\u00e1 hasta all\u00ed para presentar todas las novedades de este a\u00f1o, continuando con una muy buena trayectoria en el mercado norteamericano.\t\t<\/p>\n","protected":false},"author":2,"featured_media":22457,"comment_status":"open","ping_status":"open","sticky":false,"template":"","format":"standard","meta":[],"categories":[6],"tags":[],"yoast_head":"<!-- This site is optimized with the Yoast SEO plugin v20.0 - https:\/\/yoast.com\/wordpress\/plugins\/seo\/ -->\n<title>TERMIX VUELVE A ESTADOS UNIDOS: VIAJAMOS A LA COSMOPROF LAS VEGAS 2017<\/title>\n<meta name=\"description\" content=\"Del 9 al 11 de julio se celebra el encuentro de belleza y cosm\u00e9tica m\u00e1s importante de EEUU: la Cosmoprof Las Vegas. Y Termix no se lo pierde\" \/>\n<meta name=\"robots\" content=\"index, follow, max-snippet:-1, max-image-preview:large, max-video-preview:-1\" \/>\n<link rel=\"canonical\" href=\"https:\/\/termix.net\/blog\/es\/termix-cosmoprof-las-vegas-2017\/\" \/>\n<meta property=\"og:locale\" content=\"es_ES\" \/>\n<meta property=\"og:type\" content=\"article\" \/>\n<meta property=\"og:title\" content=\"TERMIX VUELVE A ESTADOS UNIDOS: VIAJAMOS A LA COSMOPROF LAS VEGAS 2017\" \/>\n<meta property=\"og:description\" content=\"Del 9 al 11 de julio se celebra el encuentro de belleza y cosm\u00e9tica m\u00e1s importante de EEUU: la Cosmoprof Las Vegas. Y Termix no se lo pierde\" \/>\n<meta property=\"og:url\" content=\"https:\/\/termix.net\/blog\/es\/termix-cosmoprof-las-vegas-2017\/\" \/>\n<meta property=\"og:site_name\" content=\"Blog Termix Spain\" \/>\n<meta property=\"article:published_time\" content=\"2017-07-03T06:47:50+00:00\" \/>\n<meta property=\"article:modified_time\" content=\"2019-12-10T11:27:28+00:00\" \/>\n<meta property=\"og:image\" content=\"https:\/\/termix.net\/blog\/wp-content\/uploads\/2017\/07\/cosmoprof-las-vegas1.jpg\" \/>\n\t<meta property=\"og:image:width\" content=\"800\" \/>\n\t<meta property=\"og:image:height\" content=\"462\" \/>\n\t<meta property=\"og:image:type\" content=\"image\/jpeg\" \/>\n<meta name=\"author\" content=\"TermixTeam\" \/>\n<meta name=\"twitter:card\" content=\"summary_large_image\" \/>\n<meta name=\"twitter:label1\" content=\"Escrito por\" \/>\n\t<meta name=\"twitter:data1\" content=\"TermixTeam\" \/>\n\t<meta name=\"twitter:label2\" content=\"Tiempo de lectura\" \/>\n\t<meta name=\"twitter:data2\" content=\"9 minutos\" \/>\n<script type=\"application\/ld+json\" class=\"yoast-schema-graph\">{\"@context\":\"https:\/\/schema.org\",\"@graph\":[{\"@type\":\"Article\",\"@id\":\"https:\/\/termix.net\/blog\/es\/termix-cosmoprof-las-vegas-2017\/#article\",\"isPartOf\":{\"@id\":\"https:\/\/termix.net\/blog\/es\/termix-cosmoprof-las-vegas-2017\/\"},\"author\":{\"name\":\"TermixTeam\",\"@id\":\"https:\/\/termix.net\/blog\/es\/#\/schema\/person\/9096c98bdf03c8ddf91ad7172f254f40\"},\"headline\":\"Termix vuelve a Estados Unidos en Cosmoprof Las Vegas 2017\",\"datePublished\":\"2017-07-03T06:47:50+00:00\",\"dateModified\":\"2019-12-10T11:27:28+00:00\",\"mainEntityOfPage\":{\"@id\":\"https:\/\/termix.net\/blog\/es\/termix-cosmoprof-las-vegas-2017\/\"},\"wordCount\":1749,\"commentCount\":0,\"publisher\":{\"@id\":\"https:\/\/termix.net\/blog\/es\/#organization\"},\"articleSection\":[\"NOTICIAS\"],\"inLanguage\":\"es\",\"potentialAction\":[{\"@type\":\"CommentAction\",\"name\":\"Comment\",\"target\":[\"https:\/\/termix.net\/blog\/es\/termix-cosmoprof-las-vegas-2017\/#respond\"]}]},{\"@type\":\"WebPage\",\"@id\":\"https:\/\/termix.net\/blog\/es\/termix-cosmoprof-las-vegas-2017\/\",\"url\":\"https:\/\/termix.net\/blog\/es\/termix-cosmoprof-las-vegas-2017\/\",\"name\":\"TERMIX VUELVE A ESTADOS UNIDOS: VIAJAMOS A LA COSMOPROF LAS VEGAS 2017\",\"isPartOf\":{\"@id\":\"https:\/\/termix.net\/blog\/es\/#website\"},\"datePublished\":\"2017-07-03T06:47:50+00:00\",\"dateModified\":\"2019-12-10T11:27:28+00:00\",\"description\":\"Del 9 al 11 de julio se celebra el encuentro de belleza y cosm\u00e9tica m\u00e1s importante de EEUU: la Cosmoprof Las Vegas. Y Termix no se lo pierde\",\"breadcrumb\":{\"@id\":\"https:\/\/termix.net\/blog\/es\/termix-cosmoprof-las-vegas-2017\/#breadcrumb\"},\"inLanguage\":\"es\",\"potentialAction\":[{\"@type\":\"ReadAction\",\"target\":[\"https:\/\/termix.net\/blog\/es\/termix-cosmoprof-las-vegas-2017\/\"]}]},{\"@type\":\"BreadcrumbList\",\"@id\":\"https:\/\/termix.net\/blog\/es\/termix-cosmoprof-las-vegas-2017\/#breadcrumb\",\"itemListElement\":[{\"@type\":\"ListItem\",\"position\":1,\"name\":\"Home\",\"item\":\"https:\/\/termix.net\/blog\/es\/\"},{\"@type\":\"ListItem\",\"position\":2,\"name\":\"Termix vuelve a Estados Unidos en Cosmoprof Las Vegas 2017\"}]},{\"@type\":\"WebSite\",\"@id\":\"https:\/\/termix.net\/blog\/es\/#website\",\"url\":\"https:\/\/termix.net\/blog\/es\/\",\"name\":\"Blog Termix Spain\",\"description\":\"Blog de tendencias y productos de peluquer\u00eda profesional.\",\"publisher\":{\"@id\":\"https:\/\/termix.net\/blog\/es\/#organization\"},\"potentialAction\":[{\"@type\":\"SearchAction\",\"target\":{\"@type\":\"EntryPoint\",\"urlTemplate\":\"https:\/\/termix.net\/blog\/es\/?s={search_term_string}\"},\"query-input\":\"required name=search_term_string\"}],\"inLanguage\":\"es\"},{\"@type\":\"Organization\",\"@id\":\"https:\/\/termix.net\/blog\/es\/#organization\",\"name\":\"Dols Industrial de Peluquer\u00eda SA\",\"url\":\"https:\/\/termix.net\/blog\/es\/\",\"logo\":{\"@type\":\"ImageObject\",\"inLanguage\":\"es\",\"@id\":\"https:\/\/termix.net\/blog\/es\/#\/schema\/logo\/image\/\",\"url\":\"https:\/\/termix.net\/blog\/wp-content\/uploads\/2020\/10\/OGbDAeng.jpeg\",\"contentUrl\":\"https:\/\/termix.net\/blog\/wp-content\/uploads\/2020\/10\/OGbDAeng.jpeg\",\"width\":800,\"height\":800,\"caption\":\"Dols Industrial de Peluquer\u00eda SA\"},\"image\":{\"@id\":\"https:\/\/termix.net\/blog\/es\/#\/schema\/logo\/image\/\"}},{\"@type\":\"Person\",\"@id\":\"https:\/\/termix.net\/blog\/es\/#\/schema\/person\/9096c98bdf03c8ddf91ad7172f254f40\",\"name\":\"TermixTeam\",\"image\":{\"@type\":\"ImageObject\",\"inLanguage\":\"es\",\"@id\":\"https:\/\/termix.net\/blog\/es\/#\/schema\/person\/image\/\",\"url\":\"https:\/\/secure.gravatar.com\/avatar\/d89f61f6bd1c29a4acb231736d1c74b3?s=96&d=mm&r=g\",\"contentUrl\":\"https:\/\/secure.gravatar.com\/avatar\/d89f61f6bd1c29a4acb231736d1c74b3?s=96&d=mm&r=g\",\"caption\":\"TermixTeam\"},\"url\":\"https:\/\/termix.net\/blog\/es\/author\/termixteam\/\"}]}<\/script>\n<!-- \/ Yoast SEO plugin. -->","yoast_head_json":{"title":"TERMIX VUELVE A ESTADOS UNIDOS: VIAJAMOS A LA COSMOPROF LAS VEGAS 2017","description":"Del 9 al 11 de julio se celebra el encuentro de belleza y cosm\u00e9tica m\u00e1s importante de EEUU: la Cosmoprof Las Vegas. Y Termix no se lo pierde","robots":{"index":"index","follow":"follow","max-snippet":"max-snippet:-1","max-image-preview":"max-image-preview:large","max-video-preview":"max-video-preview:-1"},"canonical":"https:\/\/termix.net\/blog\/es\/termix-cosmoprof-las-vegas-2017\/","og_locale":"es_ES","og_type":"article","og_title":"TERMIX VUELVE A ESTADOS UNIDOS: VIAJAMOS A LA COSMOPROF LAS VEGAS 2017","og_description":"Del 9 al 11 de julio se celebra el encuentro de belleza y cosm\u00e9tica m\u00e1s importante de EEUU: la Cosmoprof Las Vegas. Y Termix no se lo pierde","og_url":"https:\/\/termix.net\/blog\/es\/termix-cosmoprof-las-vegas-2017\/","og_site_name":"Blog Termix Spain","article_published_time":"2017-07-03T06:47:50+00:00","article_modified_time":"2019-12-10T11:27:28+00:00","og_image":[{"width":800,"height":462,"url":"https:\/\/termix.net\/blog\/wp-content\/uploads\/2017\/07\/cosmoprof-las-vegas1.jpg","type":"image\/jpeg"}],"author":"TermixTeam","twitter_card":"summary_large_image","twitter_misc":{"Escrito por":"TermixTeam","Tiempo de lectura":"9 minutos"},"schema":{"@context":"https:\/\/schema.org","@graph":[{"@type":"Article","@id":"https:\/\/termix.net\/blog\/es\/termix-cosmoprof-las-vegas-2017\/#article","isPartOf":{"@id":"https:\/\/termix.net\/blog\/es\/termix-cosmoprof-las-vegas-2017\/"},"author":{"name":"TermixTeam","@id":"https:\/\/termix.net\/blog\/es\/#\/schema\/person\/9096c98bdf03c8ddf91ad7172f254f40"},"headline":"Termix vuelve a Estados Unidos en Cosmoprof Las Vegas 2017","datePublished":"2017-07-03T06:47:50+00:00","dateModified":"2019-12-10T11:27:28+00:00","mainEntityOfPage":{"@id":"https:\/\/termix.net\/blog\/es\/termix-cosmoprof-las-vegas-2017\/"},"wordCount":1749,"commentCount":0,"publisher":{"@id":"https:\/\/termix.net\/blog\/es\/#organization"},"articleSection":["NOTICIAS"],"inLanguage":"es","potentialAction":[{"@type":"CommentAction","name":"Comment","target":["https:\/\/termix.net\/blog\/es\/termix-cosmoprof-las-vegas-2017\/#respond"]}]},{"@type":"WebPage","@id":"https:\/\/termix.net\/blog\/es\/termix-cosmoprof-las-vegas-2017\/","url":"https:\/\/termix.net\/blog\/es\/termix-cosmoprof-las-vegas-2017\/","name":"TERMIX VUELVE A ESTADOS UNIDOS: VIAJAMOS A LA COSMOPROF LAS VEGAS 2017","isPartOf":{"@id":"https:\/\/termix.net\/blog\/es\/#website"},"datePublished":"2017-07-03T06:47:50+00:00","dateModified":"2019-12-10T11:27:28+00:00","description":"Del 9 al 11 de julio se celebra el encuentro de belleza y cosm\u00e9tica m\u00e1s importante de EEUU: la Cosmoprof Las Vegas. Y Termix no se lo pierde","breadcrumb":{"@id":"https:\/\/termix.net\/blog\/es\/termix-cosmoprof-las-vegas-2017\/#breadcrumb"},"inLanguage":"es","potentialAction":[{"@type":"ReadAction","target":["https:\/\/termix.net\/blog\/es\/termix-cosmoprof-las-vegas-2017\/"]}]},{"@type":"BreadcrumbList","@id":"https:\/\/termix.net\/blog\/es\/termix-cosmoprof-las-vegas-2017\/#breadcrumb","itemListElement":[{"@type":"ListItem","position":1,"name":"Home","item":"https:\/\/termix.net\/blog\/es\/"},{"@type":"ListItem","position":2,"name":"Termix vuelve a Estados Unidos en Cosmoprof Las Vegas 2017"}]},{"@type":"WebSite","@id":"https:\/\/termix.net\/blog\/es\/#website","url":"https:\/\/termix.net\/blog\/es\/","name":"Blog Termix Spain","description":"Blog de tendencias y productos de peluquer\u00eda profesional.","publisher":{"@id":"https:\/\/termix.net\/blog\/es\/#organization"},"potentialAction":[{"@type":"SearchAction","target":{"@type":"EntryPoint","urlTemplate":"https:\/\/termix.net\/blog\/es\/?s={search_term_string}"},"query-input":"required name=search_term_string"}],"inLanguage":"es"},{"@type":"Organization","@id":"https:\/\/termix.net\/blog\/es\/#organization","name":"Dols Industrial de Peluquer\u00eda SA","url":"https:\/\/termix.net\/blog\/es\/","logo":{"@type":"ImageObject","inLanguage":"es","@id":"https:\/\/termix.net\/blog\/es\/#\/schema\/logo\/image\/","url":"https:\/\/termix.net\/blog\/wp-content\/uploads\/2020\/10\/OGbDAeng.jpeg","contentUrl":"https:\/\/termix.net\/blog\/wp-content\/uploads\/2020\/10\/OGbDAeng.jpeg","width":800,"height":800,"caption":"Dols Industrial de Peluquer\u00eda SA"},"image":{"@id":"https:\/\/termix.net\/blog\/es\/#\/schema\/logo\/image\/"}},{"@type":"Person","@id":"https:\/\/termix.net\/blog\/es\/#\/schema\/person\/9096c98bdf03c8ddf91ad7172f254f40","name":"TermixTeam","image":{"@type":"ImageObject","inLanguage":"es","@id":"https:\/\/termix.net\/blog\/es\/#\/schema\/person\/image\/","url":"https:\/\/secure.gravatar.com\/avatar\/d89f61f6bd1c29a4acb231736d1c74b3?s=96&d=mm&r=g","contentUrl":"https:\/\/secure.gravatar.com\/avatar\/d89f61f6bd1c29a4acb231736d1c74b3?s=96&d=mm&r=g","caption":"TermixTeam"},"url":"https:\/\/termix.net\/blog\/es\/author\/termixteam\/"}]}},"_links":{"self":[{"href":"https:\/\/termix.net\/blog\/es\/wp-json\/wp\/v2\/posts\/10315"}],"collection":[{"href":"https:\/\/termix.net\/blog\/es\/wp-json\/wp\/v2\/posts"}],"about":[{"href":"https:\/\/termix.net\/blog\/es\/wp-json\/wp\/v2\/types\/post"}],"author":[{"embeddable":true,"href":"https:\/\/termix.net\/blog\/es\/wp-json\/wp\/v2\/users\/2"}],"replies":[{"embeddable":true,"href":"https:\/\/termix.net\/blog\/es\/wp-json\/wp\/v2\/comments?post=10315"}],"version-history":[{"count":2,"href":"https:\/\/termix.net\/blog\/es\/wp-json\/wp\/v2\/posts\/10315\/revisions"}],"predecessor-version":[{"id":22459,"href":"https:\/\/termix.net\/blog\/es\/wp-json\/wp\/v2\/posts\/10315\/revisions\/22459"}],"wp:featuredmedia":[{"embeddable":true,"href":"https:\/\/termix.net\/blog\/es\/wp-json\/wp\/v2\/media\/22457"}],"wp:attachment":[{"href":"https:\/\/termix.net\/blog\/es\/wp-json\/wp\/v2\/media?parent=10315"}],"wp:term":[{"taxonomy":"category","embeddable":true,"href":"https:\/\/termix.net\/blog\/es\/wp-json\/wp\/v2\/categories?post=10315"},{"taxonomy":"post_tag","embeddable":true,"href":"https:\/\/termix.net\/blog\/es\/wp-json\/wp\/v2\/tags?post=10315"}],"curies":[{"name":"wp","href":"https:\/\/api.w.org\/{rel}","templated":true}]}}