{"id":10240,"date":"2017-07-16T08:00:24","date_gmt":"2017-07-16T08:00:24","guid":{"rendered":"http:\/\/termix.net\/?p=10240"},"modified":"2019-12-10T12:01:36","modified_gmt":"2019-12-10T11:01:36","slug":"termix-lab-vol-1-las-fibras","status":"publish","type":"post","link":"https:\/\/termix.net\/blog\/es\/termix-lab-vol-1-las-fibras\/","title":{"rendered":"Termix LAB vol. II: Las fibras"},"content":{"rendered":"<p><div class=\"fusion-fullwidth fullwidth-box fusion-builder-row-1 faded-background fusion-parallax-none nonhundred-percent-fullwidth non-hundred-percent-height-scrolling fusion-no-small-visibility fusion-no-medium-visibility\" style=\"--awb-border-radius-top-left:0px;--awb-border-radius-top-right:0px;--awb-border-radius-bottom-right:0px;--awb-border-radius-bottom-left:0px;--awb-padding-top:24%;--awb-padding-right:3%;--awb-padding-left:3%;--awb-background-size:cover;\" ><div class=\"fullwidth-faded\" style=\"--awb-background-color:#181818;--awb-background-image:url(https:\/\/termix.net\/blog\/wp-content\/uploads\/2019\/11\/bannerweb_news800x600_slide2EVO-800x400-1.jpg);--awb-background-size:cover;\" ><\/div><div class=\"fusion-builder-row fusion-row\"><div class=\"fusion-layout-column fusion_builder_column fusion-builder-column-0 fusion_builder_column_1_1 1_1 fusion-one-full fusion-column-first fusion-column-last\" style=\"--awb-padding-top:6%;--awb-padding-right:8%;--awb-padding-bottom:6%;--awb-padding-left:8%;--awb-bg-color:rgba(255,255,255,0.7);--awb-bg-size:cover;--awb-margin-top:0px;--awb-margin-bottom:0px;\"><div class=\"fusion-column-wrapper fusion-column-has-shadow fusion-flex-column-wrapper-legacy\"><div class=\"fusion-text fusion-text-1 caption\"><p style=\"text-align: center;\">I+D \u2014 3 min de lectura<\/p>\n<\/div><div class=\"fusion-title title fusion-title-1 fusion-sep-none fusion-title-center fusion-title-text fusion-title-size-two\" style=\"--awb-margin-top:30px;--awb-margin-bottom:20px;\"><h2 class=\"title-heading-center fusion-responsive-typography-calculated\" style=\"margin:0;--fontSize:50;line-height:1.28;\">Termix LAB vol. II: Las fibras<\/h2><\/div><div class=\"fusion-clearfix\"><\/div><\/div><\/div><\/div><\/div><div class=\"fusion-fullwidth fullwidth-box fusion-builder-row-2 fusion-parallax-none nonhundred-percent-fullwidth non-hundred-percent-height-scrolling fusion-no-large-visibility\" style=\"--awb-border-radius-top-left:0px;--awb-border-radius-top-right:0px;--awb-border-radius-bottom-right:0px;--awb-border-radius-bottom-left:0px;--awb-background-image:url(&quot;https:\/\/termix.net\/blog\/wp-content\/uploads\/2019\/11\/con-el-secador-compacto-profesioanl-4300-de-termix-damos-volumen-al-cabello-1.jpg&quot;);--awb-background-size:cover;\" ><div class=\"fusion-builder-row fusion-row\"><div class=\"fusion-layout-column fusion_builder_column fusion-builder-column-1 fusion_builder_column_1_1 1_1 fusion-one-full fusion-column-first fusion-column-last fusion-column-inner-bg-wrapper\" style=\"--awb-padding-top:10%;--awb-padding-bottom:10%;--awb-inner-bg-image:url(&#039;http:\/\/termix.net\/blog\/wp-content\/uploads\/2019\/03\/single-blog-post-feat.jpg&#039;);--awb-inner-bg-position:center center;--awb-inner-bg-size:cover;\"><span class=\"fusion-column-inner-bg hover-type-zoomout\"><span class=\"fusion-column-anchor\"><span class=\"fusion-column-inner-bg-image\"><\/span><\/span><\/span><div class=\"fusion-column-wrapper fusion-flex-column-wrapper-legacy\" data-bg-url=\"http:\/\/termix.net\/blog\/wp-content\/uploads\/2019\/03\/single-blog-post-feat.jpg\"><div class=\"fusion-sep-clear\"><\/div><div class=\"fusion-separator fusion-no-large-visibility fusion-full-width-sep\" style=\"margin-left: auto;margin-right: auto;margin-top:200px;width:100%;\"><\/div><div class=\"fusion-sep-clear\"><\/div><div class=\"fusion-clearfix\"><\/div><\/div><\/div><div class=\"fusion-layout-column fusion_builder_column fusion-builder-column-2 fusion_builder_column_1_1 1_1 fusion-one-full fusion-column-first fusion-column-last\" style=\"--awb-padding-top:6%;--awb-bg-color:#ffffff;--awb-bg-size:cover;--awb-margin-top:0px;--awb-margin-bottom:0px;\"><div class=\"fusion-column-wrapper fusion-flex-column-wrapper-legacy\"><div class=\"fusion-text fusion-text-2 caption\"><p style=\"text-align: center;\">I+D \u2014 3 min de lectura<\/p>\n<\/div><div class=\"fusion-title title fusion-title-2 fusion-sep-none fusion-title-center fusion-title-text fusion-title-size-two\" style=\"--awb-margin-top:30px;--awb-margin-bottom:20px;\"><h2 class=\"title-heading-center fusion-responsive-typography-calculated\" style=\"margin:0;--fontSize:50;line-height:1.28;\">Termix LAB vol. II: Las fibras<\/h2><\/div><div class=\"fusion-clearfix\"><\/div><\/div><\/div><\/div><\/div><div class=\"fusion-fullwidth fullwidth-box fusion-builder-row-3 nonhundred-percent-fullwidth non-hundred-percent-height-scrolling\" style=\"--awb-border-radius-top-left:0px;--awb-border-radius-top-right:0px;--awb-border-radius-bottom-right:0px;--awb-border-radius-bottom-left:0px;--awb-padding-top:10px;--awb-padding-bottom:4%;\" ><div class=\"fusion-builder-row fusion-row\"><div class=\"fusion-layout-column fusion_builder_column fusion-builder-column-3 fusion_builder_column_1_6 1_6 fusion-one-sixth fusion-column-first fusion-no-small-visibility fusion-no-medium-visibility\" style=\"--awb-bg-size:cover;width:16.666666666667%;width:calc(16.666666666667% - ( ( 0 ) * 0.16666666666667 ) );margin-right: 0px;\"><div class=\"fusion-column-wrapper fusion-flex-column-wrapper-legacy\"><div class=\"fusion-clearfix\"><\/div><\/div><\/div><div class=\"fusion-layout-column fusion_builder_column fusion-builder-column-4 fusion_builder_column_2_3 2_3 fusion-two-third fusion-column-last\" style=\"--awb-bg-size:cover;width:66.666666666667%;width:calc(66.666666666667% - ( ( 0 ) * 0.66666666666667 ) );\"><div class=\"fusion-column-wrapper fusion-flex-column-wrapper-legacy\"><div class=\"fusion-sep-clear\"><\/div><div class=\"fusion-separator fusion-full-width-sep\" style=\"margin-left: auto;margin-right: auto;margin-top:30px;width:100%;\"><\/div><div class=\"fusion-sep-clear\"><\/div><div class=\"fusion-text fusion-text-3\"><p style=\"text-align: center;\"><strong><span style=\"font-size: 22px; line-height: 1.5em;\">\u00bfExisten diferencias entre las fibras de los cepillos? <\/span><\/strong><\/p>\n<p style=\"text-align: center;\"><span style=\"font-size: 22px; line-height: 1.5em;\">\u00bfQu\u00e9 peine profesional es m\u00e1s flexible? \u00bfQu\u00e9 piezas componen un cepillo Evolution? Todas estas preguntas han encontrado al fin una respuesta: Termix Lab, la nueva secci\u00f3n de Termix donde explicamos al detalle todo lo que quieres saber sobre nuestros productos y, adem\u00e1s, lo comprobamos. <strong>Los cepillos Termix Evolution<\/strong>\u00a0 est\u00e1n compuestos por <strong>tres tipos de fibras claramente diferenciables<\/strong>. Esta diversidad se corresponde con los diferentes tipos de cabello, para propiciar el correcto agarre del cepillo al pelo fino, grueso o medio.<\/span><\/p>\n<p style=\"text-align: center;\"><strong><span style=\"font-size: 22px; line-height: 1.5em;\"> \u00a1Ve\u00e1moslo en detalle!<\/span><\/strong><\/p>\n<\/div><div class=\"fusion-sep-clear\"><\/div><div class=\"fusion-separator fusion-full-width-sep\" style=\"margin-left: auto;margin-right: auto;margin-top:30px;width:100%;\"><\/div><div class=\"fusion-sep-clear\"><\/div><div class=\"fusion-text fusion-text-4\"><p><iframe src=\"https:\/\/www.youtube.com\/embed\/s2QnTr9_qD0?autoplay=1&amp;rel=0\" width=\"100%\" height=\"480\" frameborder=\"0\" allowfullscreen=\"allowfullscreen\"><span data-mce-type=\"bookmark\" style=\"display: inline-block; width: 0px; overflow: hidden; line-height: 0;\" class=\"mce_SELRES_start\">\ufeff<\/span><\/iframe><\/p>\n<h3 style=\"text-align: justify;\"><\/h3>\n<h1 style=\"text-align: left;\">LA IMPORTANCIA DEL GROSOR DE LA FIBRA<\/h1>\n<p style=\"text-align: justify;\">La <strong>principal funci\u00f3n de las fibras<\/strong> es potenciar el <strong>agarre al cabello<\/strong>, para poder realizar ondas, alisados o peinados profesionales. El <strong>grosor de las fibras es importante<\/strong> puesto que no todos los cabellos aceptan la misma presi\u00f3n o tensi\u00f3n. Por ejemplo, si nuestro <strong>pelo es fino<\/strong> y lo sometemos a una tensi\u00f3n elevada, acabar\u00e1 <strong>parti\u00e9ndose<\/strong>. En este punto entra en juego el grosor de la fibra. Es de vital importancia tenerla en cuenta: cuanto m\u00e1s <strong>gruesa<\/strong> es, m\u00e1s <strong>fuerte y m\u00e1s tensi\u00f3n ejerce<\/strong> sobre el cabello. De esta forma, una <strong>fibra fina<\/strong>, ser\u00e1 \u00fatil para cepillar un <strong>cabello fino<\/strong> y as\u00ed proporcionalmente.<\/p>\n<p style=\"text-align: justify;\">Pero,<strong> \u00bfqu\u00e9 cepillo Evolution ser\u00e1 el ideal para mi cabello?<\/strong> Sigue leyendo.<\/p>\n<h1 style=\"text-align: justify;\">EVOLUTION SOFT<\/h1>\n<p><img decoding=\"async\" class=\"aligncenter size-full wp-image-10248\" src=\"http:\/\/termix.net\/wp-content\/uploads\/2017\/06\/termix-lab-3.jpg\" alt=\"La combinaci\u00f3n de fibras del Evolution Soft lo hace ideal para tratar cabellos finos o quebradizos\" width=\"800\" height=\"462\" \/><\/p>\n<p style=\"text-align: justify;\">El cepillo Evolution Soft est\u00e1 dise\u00f1ado especialmente para cabello fino o delicado. Este cepillo combina dos tipos de fibras para evitar la rotura de los cabellos especialmente finos. Por eso, es importante la combinaci\u00f3n de la cana marr\u00f3n y la de color beige, para proporcionar el m\u00e1ximo brillo y el m\u00ednimo impacto en un cabello fino. Por otro lado, el cruzado de fibras de nylon 6.6 ionizadas consigue a\u00f1adir un efecto de mayor densidad al cabello, evitando el encrespamiento.<\/p>\n<h1 style=\"text-align: justify;\">EVOLUTION BASIC<\/h1>\n<p><img decoding=\"async\" class=\"aligncenter size-full wp-image-10246\" src=\"http:\/\/termix.net\/wp-content\/uploads\/2017\/06\/termix-lab-4.jpg\" alt=\"Las fibras del Evolution Basic son ideales para tratar cabellos normales\" width=\"800\" height=\"462\" \/><\/p>\n<p style=\"text-align: justify;\">En este caso, tenemos un cepillo de alto rendimiento si lo utilizamos en cabellos de grosor medio o normales. Se trata del \u00fanico que permite controlar los problemas de deshidrataci\u00f3n que presenta este tipo de cabello gracias a la cantidad y grosor de las fibras de nylon. Por lo que consigue actuar en cabellos medios, respetando su estructura y consiguiendo resultados m\u00e1s brillantes y profesionales.<\/p>\n<h1 style=\"text-align: justify;\">EVOLUTION PLUS<\/h1>\n<p><img decoding=\"async\" class=\"aligncenter size-full wp-image-10247\" src=\"http:\/\/termix.net\/wp-content\/uploads\/2017\/06\/termix-lab-5.jpg\" alt=\"Las fibras del cepillo Evolution Plus son ideales para cabello grueso\" width=\"800\" height=\"462\" \/><\/p>\n<p style=\"text-align: justify;\">El <strong>Evolution Plus<\/strong> es un cepillo ideado espec\u00edficamente para los cabellos m\u00e1s gruesos, por lo que sus fibras tambi\u00e9n lo son, de esta forma facilitamos el agarre del cepillo al cabello y potenciamos el resultado final. Estas son de un tono m\u00e1s oscuro y, como las dem\u00e1s, est\u00e1n compuestas por nylon 6.6 y plus HHC.<\/p>\n<p style=\"text-align: justify;\">Ahora ya sabes lo importante que es <strong>elegir un cepillo correcto<\/strong>, en funci\u00f3n del tipo de cabello que tengas, que debe combinar a la perfecci\u00f3n con el <strong>grosor de las fibras<\/strong>. Pr\u00f3ximamente te traeremos m\u00e1s <strong>consejos<\/strong> y experimentos, para que compruebes todo lo que nuestros productos pueden hacer por la <strong>salud de tu cabello<\/strong>.<\/p>\n<h2><\/h2>\n<h2 style=\"text-align: justify;\"><strong>\u00a1No te pierdas la pr\u00f3xima edici\u00f3n de Termix Lab!<\/strong><\/h2>\n<\/div><div class=\"fusion-clearfix\"><\/div><\/div><\/div><\/div><\/div><div class=\"fusion-fullwidth fullwidth-box fusion-builder-row-4 nonhundred-percent-fullwidth non-hundred-percent-height-scrolling\" style=\"--awb-border-radius-top-left:0px;--awb-border-radius-top-right:0px;--awb-border-radius-bottom-right:0px;--awb-border-radius-bottom-left:0px;\" ><\/div><\/p>\n","protected":false},"excerpt":{"rendered":"<p>\t\t\t\t\u00bfExisten diferencias entre las fibras de los cepillos? \u00bfQu\u00e9 peine profesional es m\u00e1s flexible? \u00bfQu\u00e9 piezas componen un cepillo Evolution? Todas estas preguntas han encontrado al fin una respuesta: Termix Lab.\t\t<\/p>\n","protected":false},"author":2,"featured_media":20901,"comment_status":"open","ping_status":"open","sticky":false,"template":"","format":"standard","meta":[],"categories":[6],"tags":[],"yoast_head":"<!-- This site is optimized with the Yoast SEO plugin v20.0 - https:\/\/yoast.com\/wordpress\/plugins\/seo\/ -->\n<title>Termix LAB vol. II: Las fibras - Blog Termix Spain<\/title>\n<meta name=\"description\" content=\"Blog Termix Spain - Termix LAB vol. II: Las fibras -\" \/>\n<meta name=\"robots\" content=\"index, follow, max-snippet:-1, max-image-preview:large, max-video-preview:-1\" \/>\n<link rel=\"canonical\" href=\"https:\/\/termix.net\/blog\/es\/termix-lab-vol-1-las-fibras\/\" \/>\n<meta property=\"og:locale\" content=\"es_ES\" \/>\n<meta property=\"og:type\" content=\"article\" \/>\n<meta property=\"og:title\" content=\"Termix LAB vol. II: Las fibras - Blog Termix Spain\" \/>\n<meta property=\"og:description\" content=\"Blog Termix Spain - Termix LAB vol. II: Las fibras -\" \/>\n<meta property=\"og:url\" content=\"https:\/\/termix.net\/blog\/es\/termix-lab-vol-1-las-fibras\/\" \/>\n<meta property=\"og:site_name\" content=\"Blog Termix Spain\" \/>\n<meta property=\"article:published_time\" content=\"2017-07-16T08:00:24+00:00\" \/>\n<meta property=\"article:modified_time\" content=\"2019-12-10T11:01:36+00:00\" \/>\n<meta property=\"og:image\" content=\"https:\/\/termix.net\/blog\/wp-content\/uploads\/2019\/11\/Termix-Evolution-range-of-brushes-adapted-to-every-type-of-hair.jpg\" \/>\n\t<meta property=\"og:image:width\" content=\"1160\" \/>\n\t<meta property=\"og:image:height\" content=\"660\" \/>\n\t<meta property=\"og:image:type\" content=\"image\/jpeg\" \/>\n<meta name=\"author\" content=\"TermixTeam\" \/>\n<meta name=\"twitter:card\" content=\"summary_large_image\" \/>\n<meta name=\"twitter:label1\" content=\"Escrito por\" \/>\n\t<meta name=\"twitter:data1\" content=\"TermixTeam\" \/>\n\t<meta name=\"twitter:label2\" content=\"Tiempo de lectura\" \/>\n\t<meta name=\"twitter:data2\" content=\"8 minutos\" \/>\n<script type=\"application\/ld+json\" class=\"yoast-schema-graph\">{\"@context\":\"https:\/\/schema.org\",\"@graph\":[{\"@type\":\"Article\",\"@id\":\"https:\/\/termix.net\/blog\/es\/termix-lab-vol-1-las-fibras\/#article\",\"isPartOf\":{\"@id\":\"https:\/\/termix.net\/blog\/es\/termix-lab-vol-1-las-fibras\/\"},\"author\":{\"name\":\"TermixTeam\",\"@id\":\"https:\/\/termix.net\/blog\/es\/#\/schema\/person\/9096c98bdf03c8ddf91ad7172f254f40\"},\"headline\":\"Termix LAB vol. II: Las fibras\",\"datePublished\":\"2017-07-16T08:00:24+00:00\",\"dateModified\":\"2019-12-10T11:01:36+00:00\",\"mainEntityOfPage\":{\"@id\":\"https:\/\/termix.net\/blog\/es\/termix-lab-vol-1-las-fibras\/\"},\"wordCount\":1685,\"commentCount\":0,\"publisher\":{\"@id\":\"https:\/\/termix.net\/blog\/es\/#organization\"},\"articleSection\":[\"NOTICIAS\"],\"inLanguage\":\"es\",\"potentialAction\":[{\"@type\":\"CommentAction\",\"name\":\"Comment\",\"target\":[\"https:\/\/termix.net\/blog\/es\/termix-lab-vol-1-las-fibras\/#respond\"]}]},{\"@type\":\"WebPage\",\"@id\":\"https:\/\/termix.net\/blog\/es\/termix-lab-vol-1-las-fibras\/\",\"url\":\"https:\/\/termix.net\/blog\/es\/termix-lab-vol-1-las-fibras\/\",\"name\":\"Termix LAB vol. II: Las fibras - Blog Termix Spain\",\"isPartOf\":{\"@id\":\"https:\/\/termix.net\/blog\/es\/#website\"},\"datePublished\":\"2017-07-16T08:00:24+00:00\",\"dateModified\":\"2019-12-10T11:01:36+00:00\",\"description\":\"Blog Termix Spain - Termix LAB vol. II: Las fibras -\",\"breadcrumb\":{\"@id\":\"https:\/\/termix.net\/blog\/es\/termix-lab-vol-1-las-fibras\/#breadcrumb\"},\"inLanguage\":\"es\",\"potentialAction\":[{\"@type\":\"ReadAction\",\"target\":[\"https:\/\/termix.net\/blog\/es\/termix-lab-vol-1-las-fibras\/\"]}]},{\"@type\":\"BreadcrumbList\",\"@id\":\"https:\/\/termix.net\/blog\/es\/termix-lab-vol-1-las-fibras\/#breadcrumb\",\"itemListElement\":[{\"@type\":\"ListItem\",\"position\":1,\"name\":\"Home\",\"item\":\"https:\/\/termix.net\/blog\/es\/\"},{\"@type\":\"ListItem\",\"position\":2,\"name\":\"Termix LAB vol. II: Las fibras\"}]},{\"@type\":\"WebSite\",\"@id\":\"https:\/\/termix.net\/blog\/es\/#website\",\"url\":\"https:\/\/termix.net\/blog\/es\/\",\"name\":\"Blog Termix Spain\",\"description\":\"Blog de tendencias y productos de peluquer\u00eda profesional.\",\"publisher\":{\"@id\":\"https:\/\/termix.net\/blog\/es\/#organization\"},\"potentialAction\":[{\"@type\":\"SearchAction\",\"target\":{\"@type\":\"EntryPoint\",\"urlTemplate\":\"https:\/\/termix.net\/blog\/es\/?s={search_term_string}\"},\"query-input\":\"required name=search_term_string\"}],\"inLanguage\":\"es\"},{\"@type\":\"Organization\",\"@id\":\"https:\/\/termix.net\/blog\/es\/#organization\",\"name\":\"Dols Industrial de Peluquer\u00eda SA\",\"url\":\"https:\/\/termix.net\/blog\/es\/\",\"logo\":{\"@type\":\"ImageObject\",\"inLanguage\":\"es\",\"@id\":\"https:\/\/termix.net\/blog\/es\/#\/schema\/logo\/image\/\",\"url\":\"https:\/\/termix.net\/blog\/wp-content\/uploads\/2020\/10\/OGbDAeng.jpeg\",\"contentUrl\":\"https:\/\/termix.net\/blog\/wp-content\/uploads\/2020\/10\/OGbDAeng.jpeg\",\"width\":800,\"height\":800,\"caption\":\"Dols Industrial de Peluquer\u00eda SA\"},\"image\":{\"@id\":\"https:\/\/termix.net\/blog\/es\/#\/schema\/logo\/image\/\"}},{\"@type\":\"Person\",\"@id\":\"https:\/\/termix.net\/blog\/es\/#\/schema\/person\/9096c98bdf03c8ddf91ad7172f254f40\",\"name\":\"TermixTeam\",\"image\":{\"@type\":\"ImageObject\",\"inLanguage\":\"es\",\"@id\":\"https:\/\/termix.net\/blog\/es\/#\/schema\/person\/image\/\",\"url\":\"https:\/\/secure.gravatar.com\/avatar\/d89f61f6bd1c29a4acb231736d1c74b3?s=96&d=mm&r=g\",\"contentUrl\":\"https:\/\/secure.gravatar.com\/avatar\/d89f61f6bd1c29a4acb231736d1c74b3?s=96&d=mm&r=g\",\"caption\":\"TermixTeam\"},\"url\":\"https:\/\/termix.net\/blog\/es\/author\/termixteam\/\"}]}<\/script>\n<!-- \/ Yoast SEO plugin. -->","yoast_head_json":{"title":"Termix LAB vol. II: Las fibras - Blog Termix Spain","description":"Blog Termix Spain - Termix LAB vol. II: Las fibras -","robots":{"index":"index","follow":"follow","max-snippet":"max-snippet:-1","max-image-preview":"max-image-preview:large","max-video-preview":"max-video-preview:-1"},"canonical":"https:\/\/termix.net\/blog\/es\/termix-lab-vol-1-las-fibras\/","og_locale":"es_ES","og_type":"article","og_title":"Termix LAB vol. II: Las fibras - Blog Termix Spain","og_description":"Blog Termix Spain - Termix LAB vol. II: Las fibras -","og_url":"https:\/\/termix.net\/blog\/es\/termix-lab-vol-1-las-fibras\/","og_site_name":"Blog Termix Spain","article_published_time":"2017-07-16T08:00:24+00:00","article_modified_time":"2019-12-10T11:01:36+00:00","og_image":[{"width":1160,"height":660,"url":"https:\/\/termix.net\/blog\/wp-content\/uploads\/2019\/11\/Termix-Evolution-range-of-brushes-adapted-to-every-type-of-hair.jpg","type":"image\/jpeg"}],"author":"TermixTeam","twitter_card":"summary_large_image","twitter_misc":{"Escrito por":"TermixTeam","Tiempo de lectura":"8 minutos"},"schema":{"@context":"https:\/\/schema.org","@graph":[{"@type":"Article","@id":"https:\/\/termix.net\/blog\/es\/termix-lab-vol-1-las-fibras\/#article","isPartOf":{"@id":"https:\/\/termix.net\/blog\/es\/termix-lab-vol-1-las-fibras\/"},"author":{"name":"TermixTeam","@id":"https:\/\/termix.net\/blog\/es\/#\/schema\/person\/9096c98bdf03c8ddf91ad7172f254f40"},"headline":"Termix LAB vol. II: Las fibras","datePublished":"2017-07-16T08:00:24+00:00","dateModified":"2019-12-10T11:01:36+00:00","mainEntityOfPage":{"@id":"https:\/\/termix.net\/blog\/es\/termix-lab-vol-1-las-fibras\/"},"wordCount":1685,"commentCount":0,"publisher":{"@id":"https:\/\/termix.net\/blog\/es\/#organization"},"articleSection":["NOTICIAS"],"inLanguage":"es","potentialAction":[{"@type":"CommentAction","name":"Comment","target":["https:\/\/termix.net\/blog\/es\/termix-lab-vol-1-las-fibras\/#respond"]}]},{"@type":"WebPage","@id":"https:\/\/termix.net\/blog\/es\/termix-lab-vol-1-las-fibras\/","url":"https:\/\/termix.net\/blog\/es\/termix-lab-vol-1-las-fibras\/","name":"Termix LAB vol. II: Las fibras - Blog Termix Spain","isPartOf":{"@id":"https:\/\/termix.net\/blog\/es\/#website"},"datePublished":"2017-07-16T08:00:24+00:00","dateModified":"2019-12-10T11:01:36+00:00","description":"Blog Termix Spain - Termix LAB vol. II: Las fibras -","breadcrumb":{"@id":"https:\/\/termix.net\/blog\/es\/termix-lab-vol-1-las-fibras\/#breadcrumb"},"inLanguage":"es","potentialAction":[{"@type":"ReadAction","target":["https:\/\/termix.net\/blog\/es\/termix-lab-vol-1-las-fibras\/"]}]},{"@type":"BreadcrumbList","@id":"https:\/\/termix.net\/blog\/es\/termix-lab-vol-1-las-fibras\/#breadcrumb","itemListElement":[{"@type":"ListItem","position":1,"name":"Home","item":"https:\/\/termix.net\/blog\/es\/"},{"@type":"ListItem","position":2,"name":"Termix LAB vol. II: Las fibras"}]},{"@type":"WebSite","@id":"https:\/\/termix.net\/blog\/es\/#website","url":"https:\/\/termix.net\/blog\/es\/","name":"Blog Termix Spain","description":"Blog de tendencias y productos de peluquer\u00eda profesional.","publisher":{"@id":"https:\/\/termix.net\/blog\/es\/#organization"},"potentialAction":[{"@type":"SearchAction","target":{"@type":"EntryPoint","urlTemplate":"https:\/\/termix.net\/blog\/es\/?s={search_term_string}"},"query-input":"required name=search_term_string"}],"inLanguage":"es"},{"@type":"Organization","@id":"https:\/\/termix.net\/blog\/es\/#organization","name":"Dols Industrial de Peluquer\u00eda SA","url":"https:\/\/termix.net\/blog\/es\/","logo":{"@type":"ImageObject","inLanguage":"es","@id":"https:\/\/termix.net\/blog\/es\/#\/schema\/logo\/image\/","url":"https:\/\/termix.net\/blog\/wp-content\/uploads\/2020\/10\/OGbDAeng.jpeg","contentUrl":"https:\/\/termix.net\/blog\/wp-content\/uploads\/2020\/10\/OGbDAeng.jpeg","width":800,"height":800,"caption":"Dols Industrial de Peluquer\u00eda SA"},"image":{"@id":"https:\/\/termix.net\/blog\/es\/#\/schema\/logo\/image\/"}},{"@type":"Person","@id":"https:\/\/termix.net\/blog\/es\/#\/schema\/person\/9096c98bdf03c8ddf91ad7172f254f40","name":"TermixTeam","image":{"@type":"ImageObject","inLanguage":"es","@id":"https:\/\/termix.net\/blog\/es\/#\/schema\/person\/image\/","url":"https:\/\/secure.gravatar.com\/avatar\/d89f61f6bd1c29a4acb231736d1c74b3?s=96&d=mm&r=g","contentUrl":"https:\/\/secure.gravatar.com\/avatar\/d89f61f6bd1c29a4acb231736d1c74b3?s=96&d=mm&r=g","caption":"TermixTeam"},"url":"https:\/\/termix.net\/blog\/es\/author\/termixteam\/"}]}},"_links":{"self":[{"href":"https:\/\/termix.net\/blog\/es\/wp-json\/wp\/v2\/posts\/10240"}],"collection":[{"href":"https:\/\/termix.net\/blog\/es\/wp-json\/wp\/v2\/posts"}],"about":[{"href":"https:\/\/termix.net\/blog\/es\/wp-json\/wp\/v2\/types\/post"}],"author":[{"embeddable":true,"href":"https:\/\/termix.net\/blog\/es\/wp-json\/wp\/v2\/users\/2"}],"replies":[{"embeddable":true,"href":"https:\/\/termix.net\/blog\/es\/wp-json\/wp\/v2\/comments?post=10240"}],"version-history":[{"count":3,"href":"https:\/\/termix.net\/blog\/es\/wp-json\/wp\/v2\/posts\/10240\/revisions"}],"predecessor-version":[{"id":22441,"href":"https:\/\/termix.net\/blog\/es\/wp-json\/wp\/v2\/posts\/10240\/revisions\/22441"}],"wp:featuredmedia":[{"embeddable":true,"href":"https:\/\/termix.net\/blog\/es\/wp-json\/wp\/v2\/media\/20901"}],"wp:attachment":[{"href":"https:\/\/termix.net\/blog\/es\/wp-json\/wp\/v2\/media?parent=10240"}],"wp:term":[{"taxonomy":"category","embeddable":true,"href":"https:\/\/termix.net\/blog\/es\/wp-json\/wp\/v2\/categories?post=10240"},{"taxonomy":"post_tag","embeddable":true,"href":"https:\/\/termix.net\/blog\/es\/wp-json\/wp\/v2\/tags?post=10240"}],"curies":[{"name":"wp","href":"https:\/\/api.w.org\/{rel}","templated":true}]}}