{"id":10229,"date":"2017-06-26T09:42:56","date_gmt":"2017-06-26T09:42:56","guid":{"rendered":"http:\/\/termix.net\/?p=10229"},"modified":"2019-12-10T12:55:32","modified_gmt":"2019-12-10T11:55:32","slug":"las-formaciones-de-barberia-termix-cautivan-al-publico","status":"publish","type":"post","link":"https:\/\/termix.net\/blog\/es\/las-formaciones-de-barberia-termix-cautivan-al-publico\/","title":{"rendered":"Las formaciones de barber\u00eda Termix cautivan al p\u00fablico"},"content":{"rendered":"<p><div class=\"fusion-fullwidth fullwidth-box fusion-builder-row-1 faded-background fusion-parallax-none nonhundred-percent-fullwidth non-hundred-percent-height-scrolling fusion-no-small-visibility fusion-no-medium-visibility\" style=\"--awb-border-radius-top-left:0px;--awb-border-radius-top-right:0px;--awb-border-radius-bottom-right:0px;--awb-border-radius-bottom-left:0px;--awb-padding-top:24%;--awb-padding-right:3%;--awb-padding-left:3%;--awb-background-size:cover;\" ><div class=\"fullwidth-faded\" style=\"--awb-background-color:#181818;--awb-background-image:url(https:\/\/termix.net\/blog\/wp-content\/uploads\/2017\/06\/CABEZA-TEORICA.jpg);--awb-background-size:cover;\" ><\/div><div class=\"fusion-builder-row fusion-row\"><div class=\"fusion-layout-column fusion_builder_column fusion-builder-column-0 fusion_builder_column_1_1 1_1 fusion-one-full fusion-column-first fusion-column-last\" style=\"--awb-padding-top:6%;--awb-padding-right:8%;--awb-padding-bottom:6%;--awb-padding-left:8%;--awb-bg-color:rgba(255,255,255,0.7);--awb-bg-size:cover;--awb-margin-top:0px;--awb-margin-bottom:0px;\"><div class=\"fusion-column-wrapper fusion-column-has-shadow fusion-flex-column-wrapper-legacy\"><div class=\"fusion-text fusion-text-1 caption\"><p style=\"text-align: center;\">Formaci\u00f3n \u2014 3 min de lectura<\/p>\n<\/div><div class=\"fusion-title title fusion-title-1 fusion-sep-none fusion-title-center fusion-title-text fusion-title-size-two\" style=\"--awb-margin-top:30px;--awb-margin-bottom:20px;\"><h2 class=\"title-heading-center fusion-responsive-typography-calculated\" style=\"margin:0;--fontSize:50;line-height:1.28;\">Las formaciones de barber\u00eda Termix cautivan al p\u00fablico<\/h2><\/div><div class=\"fusion-clearfix\"><\/div><\/div><\/div><\/div><\/div><div class=\"fusion-fullwidth fullwidth-box fusion-builder-row-2 fusion-parallax-none nonhundred-percent-fullwidth non-hundred-percent-height-scrolling fusion-no-large-visibility\" style=\"--awb-border-radius-top-left:0px;--awb-border-radius-top-right:0px;--awb-border-radius-bottom-right:0px;--awb-border-radius-bottom-left:0px;--awb-background-image:url(&quot;https:\/\/termix.net\/blog\/wp-content\/uploads\/2019\/11\/con-el-secador-compacto-profesioanl-4300-de-termix-damos-volumen-al-cabello-1.jpg&quot;);--awb-background-size:cover;\" ><div class=\"fusion-builder-row fusion-row\"><div class=\"fusion-layout-column fusion_builder_column fusion-builder-column-1 fusion_builder_column_1_1 1_1 fusion-one-full fusion-column-first fusion-column-last fusion-column-inner-bg-wrapper\" style=\"--awb-padding-top:10%;--awb-padding-bottom:10%;--awb-inner-bg-image:url(&#039;http:\/\/termix.net\/blog\/wp-content\/uploads\/2019\/03\/single-blog-post-feat.jpg&#039;);--awb-inner-bg-position:center center;--awb-inner-bg-size:cover;\"><span class=\"fusion-column-inner-bg hover-type-zoomout\"><span class=\"fusion-column-anchor\"><span class=\"fusion-column-inner-bg-image\"><\/span><\/span><\/span><div class=\"fusion-column-wrapper fusion-flex-column-wrapper-legacy\" data-bg-url=\"http:\/\/termix.net\/blog\/wp-content\/uploads\/2019\/03\/single-blog-post-feat.jpg\"><div class=\"fusion-sep-clear\"><\/div><div class=\"fusion-separator fusion-no-large-visibility fusion-full-width-sep\" style=\"margin-left: auto;margin-right: auto;margin-top:200px;width:100%;\"><\/div><div class=\"fusion-sep-clear\"><\/div><div class=\"fusion-clearfix\"><\/div><\/div><\/div><div class=\"fusion-layout-column fusion_builder_column fusion-builder-column-2 fusion_builder_column_1_1 1_1 fusion-one-full fusion-column-first fusion-column-last\" style=\"--awb-padding-top:6%;--awb-bg-color:#ffffff;--awb-bg-size:cover;--awb-margin-top:0px;--awb-margin-bottom:0px;\"><div class=\"fusion-column-wrapper fusion-flex-column-wrapper-legacy\"><div class=\"fusion-text fusion-text-2 caption\"><p style=\"text-align: center;\">Formaci\u00f3n \u2014 3 min de lectura<\/p>\n<\/div><div class=\"fusion-title title fusion-title-2 fusion-sep-none fusion-title-center fusion-title-text fusion-title-size-two\" style=\"--awb-margin-top:30px;--awb-margin-bottom:20px;\"><h2 class=\"title-heading-center fusion-responsive-typography-calculated\" style=\"margin:0;--fontSize:50;line-height:1.28;\">Las formaciones de barber\u00eda Termix cautivan al p\u00fablico<\/h2><\/div><div class=\"fusion-clearfix\"><\/div><\/div><\/div><\/div><\/div><div class=\"fusion-fullwidth fullwidth-box fusion-builder-row-3 nonhundred-percent-fullwidth non-hundred-percent-height-scrolling\" style=\"--awb-border-radius-top-left:0px;--awb-border-radius-top-right:0px;--awb-border-radius-bottom-right:0px;--awb-border-radius-bottom-left:0px;--awb-padding-top:10px;--awb-padding-bottom:4%;\" ><div class=\"fusion-builder-row fusion-row\"><div class=\"fusion-layout-column fusion_builder_column fusion-builder-column-3 fusion_builder_column_1_6 1_6 fusion-one-sixth fusion-column-first fusion-no-small-visibility fusion-no-medium-visibility\" style=\"--awb-bg-size:cover;width:16.666666666667%;width:calc(16.666666666667% - ( ( 0 ) * 0.16666666666667 ) );margin-right: 0px;\"><div class=\"fusion-column-wrapper fusion-flex-column-wrapper-legacy\"><div class=\"fusion-clearfix\"><\/div><\/div><\/div><div class=\"fusion-layout-column fusion_builder_column fusion-builder-column-4 fusion_builder_column_2_3 2_3 fusion-two-third fusion-column-last\" style=\"--awb-bg-size:cover;width:66.666666666667%;width:calc(66.666666666667% - ( ( 0 ) * 0.66666666666667 ) );\"><div class=\"fusion-column-wrapper fusion-flex-column-wrapper-legacy\"><div class=\"fusion-sep-clear\"><\/div><div class=\"fusion-separator fusion-full-width-sep\" style=\"margin-left: auto;margin-right: auto;margin-top:30px;width:100%;\"><\/div><div class=\"fusion-sep-clear\"><\/div><div class=\"fusion-text fusion-text-3\"><p style=\"text-align: center;\"><span style=\"font-size: 22px; line-height: 1.5em;\">Las barber\u00edas han visto una evoluci\u00f3n incesante de los estilos de corte masculinos y las tendencias en barba, como signos de identidad y de creatividad. Las <strong>formaciones de Barber\u00eda<\/strong> Termix han conseguido sumarse a esta revoluci\u00f3n de la barba, apostando por la transmisi\u00f3n de conocimientos profesionales aplicados sobre las herramientas m\u00e1s punteras y t\u00e9cnicas de corte m\u00e1s vanguardistas. Todo ello impartido desde la innovaci\u00f3n y la pasi\u00f3n de dos grandes barberos: <strong>Arthur Heiderick y Danilo Alfonso.<\/strong> <\/span><\/p>\n<p style=\"text-align: center;\"><span style=\"font-size: 22px; line-height: 1.5em;\">Repasamos el tour de los Workshops de Barber\u00eda Termix y os traemos una gran experiencia. <\/span><\/p>\n<p style=\"text-align: center;\"><strong><span style=\"font-size: 22px; line-height: 1.5em;\">\u00a1Bienvenido a la revoluci\u00f3n de la barber\u00eda!<\/span><\/strong><\/p>\n<\/div><div class=\"fusion-sep-clear\"><\/div><div class=\"fusion-separator fusion-full-width-sep\" style=\"margin-left: auto;margin-right: auto;margin-top:30px;width:100%;\"><\/div><div class=\"fusion-sep-clear\"><\/div><div class=\"fusion-text fusion-text-4\"><p><iframe src=\"https:\/\/www.youtube.com\/embed\/zKFBdGbnpSI?autoplay=1;rel=0\" width=\"100%\" height=\"315\" frameborder=\"0\" allowfullscreen=\"allowfullscreen\"><\/iframe><\/p>\n<p style=\"text-align: justify;\">Los <strong>Workshops de Barber\u00eda<\/strong> de Termix ya est\u00e1n llegando al fin de un primer ciclo. Estos talleres te\u00f3rico-pr\u00e1cticos, pioneros en cuanto a <strong>t\u00e9cnica y estilo<\/strong>, cierran su primera tanda de formaciones estableci\u00e9ndose como un <strong>\u00e9xito total<\/strong>. Con <strong>145 alumnos<\/strong> en conjunto, Termix\u00a0ha viajado por cuatro puntos del territorio espa\u00f1ol: C\u00f3rdoba, C\u00e1diz, Tenerife y Granada, donde se imparten las clases esta \u00faltima semana.<\/p>\n<p style=\"text-align: justify;\"><img decoding=\"async\" class=\"aligncenter wp-image-10235 size-full\" src=\"http:\/\/termix.net\/wp-content\/uploads\/2017\/06\/NARANJA.jpg\" alt=\"Un gran despliegue de las formaciones de barber\u00eda de Termix a lo largo de cuatro ciudades espa\u00f1olas\" width=\"800\" height=\"462\" \/><\/p>\n<p style=\"text-align: justify;\">Pero esto no ha acabado aqu\u00ed. Desde Termix queremos <strong>premiar la amplia aceptaci\u00f3n<\/strong> de estos cursos y la <strong>profesionalidad<\/strong> con la que se imparten, con el <strong>regreso<\/strong> de los mismos <strong>en septiembre<\/strong>. \u00a1Vuelve a disfrutar de las <strong>t\u00e9cnicas en corte masculino<\/strong> m\u00e1s novedosas!<\/p>\n<h1 style=\"text-align: justify;\">EMPEZANDO DESDE LA BASE<\/h1>\n<p style=\"text-align: justify;\">Las formaciones empiezan con una <strong>parte te\u00f3rica<\/strong>, en la que se introduce la historia de Termix y la evoluci\u00f3n de la barber\u00eda. Una base necesaria para as\u00ed comprender el <strong>auge actual<\/strong> del estilismo masculino y, en concreto, la <strong>gran revoluci\u00f3n de las barber\u00edas<\/strong> con su adaptaci\u00f3n a las necesidades del p\u00fablico de hoy.<\/p>\n<p style=\"text-align: justify;\"><img decoding=\"async\" class=\"aligncenter wp-image-10232 size-full\" src=\"http:\/\/termix.net\/wp-content\/uploads\/2017\/06\/CABEZA-TEORICA.jpg\" alt=\"En las formaciones de barber\u00eda de Termix la parte te\u00f3rica es muy importante\" width=\"800\" height=\"462\" \/><\/p>\n<p style=\"text-align: left;\">El corte de pelo y arreglo de la barba son s\u00edmbolos de identidad y determinantes de la creatividad.\u00a0 Las<strong>\u00a0barber\u00edas<\/strong>\u00a0han visto la evoluci\u00f3n incesante de esta se\u00f1a de individualidad, plasmada a trav\u00e9s de los\u00a0<strong>cortes m\u00e1s incre\u00edbles,<\/strong>\u00a0o de aquellos m\u00e1s sencillos. En\u00a0<strong>Termix<\/strong>\u00a0estamos siempre a la vanguardia de las tendencias m\u00e1s actuales y por ello las formaciones de barber\u00eda de Termix\u00a0despliegan esta base te\u00f3rica, para ayudarte a comprender la evoluci\u00f3n incesante de la barber\u00eda y que consigas sacarle el <strong>m\u00e1ximo partido a tu profesi\u00f3n desde la experiencia<\/strong>.<\/p>\n<h1 style=\"text-align: left;\">CON LAS MEJORES T\u00c9CNICAS DE CORTE Y LAS MEJORES HERRAMIENTAS<\/h1>\n<p style=\"text-align: justify;\">Por supuesto, es de vital importancia la t\u00e9cnica y la posterior aplicaci\u00f3n de los conocimientos adquiridos\u00a0 durante la formaci\u00f3n en un ensayo pr\u00e1ctico. En esta parte del workshop se abordan las m\u00e1quinas de corte\u00a0<strong>Styling Cut\u00a0<\/strong>y\u00a0<strong>Power Cut\u00a0de Termix<\/strong>, para conocer todas sus caracter\u00edsticas y, de esta forma, conseguir los resultados m\u00e1s profesionales. As\u00edmismo, tambi\u00e9n se utilizan otras herramientas Termix como <strong>la navaja, las tijeras y peines<\/strong>\u00a0que tambi\u00e9n son necesarios para realizar los<strong> estilismos masculinos.<\/strong><\/p>\n<p style=\"text-align: justify;\"><img decoding=\"async\" class=\"aligncenter wp-image-10233 size-full\" src=\"http:\/\/termix.net\/wp-content\/uploads\/2017\/06\/PUBLICO.jpg\" alt=\"Las mejores t\u00e9cnicas de corte y estilos fueron presentadas en las formaciones de barber\u00eda de Termix\" width=\"800\" height=\"462\" \/><\/p>\n<p style=\"text-align: justify;\">Durante la formaci\u00f3n, tambi\u00e9n se introducen las\u00a0<strong>\u00faltimas novedades<\/strong>\u00a0y\u00a0<strong>tendencias<\/strong>\u00a0que llegan\u00a0para la pr\u00f3xima temporada, c\u00f3mo conseguirlas y algunos\u00a0<strong>tips<\/strong>\u00a0para llevarlos a la pr\u00e1ctica. Todo este aprendizaje se cierra con la\u00a0<strong>puesta en pr\u00e1ctica<\/strong>\u00a0de los conocimientos adquiridos, pudiendo practicar con las m\u00e1quinas de corte <strong>Power Cut y Styling Cut y<\/strong>\u00a0experimentando la t\u00e9cnica del <strong>fade<\/strong>, ensayando\u00a0el\u00a0<strong>corte a mano alzada<\/strong><strong>\u00a0<\/strong>o\u00a0<strong>\u00a0perfeccionando los acabados<\/strong>\u00a0para lograr una barba perfecta.<\/p>\n<p style=\"text-align: justify;\">Adem\u00e1s de estas dos m\u00e1quinas de corte, en la \u00faltima fase de los<strong> Workshops de barber\u00eda Termix<\/strong> se pudo contar con el nuevo Kit Barber,\u00a0un set totalmente equipado con los utensilios y complementos m\u00e1s caracter\u00edsticos y resistentes para lograr realizar los cortes masculinos de tendencia y pulir, cuidando hasta el m\u00ednimo detalle, la barba y el cabello masculino. La caja met\u00e1lica de Termix incluye la m\u00e1quina Barber de Termix, un set de 6 peines de alzada, el cepillo de degradados Termix y un set de limpieza completo.<\/p>\n<h2><\/h2>\n<h1 style=\"text-align: justify;\">JUNTO A DOS GRANDES BARBEROS<\/h1>\n<p style=\"text-align: justify;\"><strong>Arthur Heiderick<\/strong>\u00a0y<strong>\u00a0<\/strong><strong>Danilo Alfonso<\/strong>\u00a0han sido los encargados de impartir los Fusion Workshop de barber\u00eda. \u00a0El primero de ellos, destaca por su insaciable sed de conocimientos, siempre\u00a0<strong>buscando evolucionar<\/strong>\u00a0y crecer en el sector de la barber\u00eda.\u00a0<strong>Danilo Alfonso<\/strong>\u00a0imparte cursos en\u00a0<strong>ferias internacionales<\/strong>, adem\u00e1s de participar en numerosos programas de televisi\u00f3n, ofreciendo al p\u00fablico la experiencia de un profesional que se ha hecho a s\u00ed mismo.<\/p>\n<p style=\"text-align: justify;\"><img decoding=\"async\" class=\"aligncenter size-full wp-image-10234\" src=\"http:\/\/termix.net\/wp-content\/uploads\/2017\/06\/RISA.jpg\" alt=\"Danilo Alfonso y Arthur Heiderick fueron los encargados de impartir los cursos Fusion Workshop de Termix\" width=\"800\" height=\"462\" \/><\/p>\n<h2 style=\"text-align: justify;\">Esto no acaba aqu\u00ed<\/h2>\n<p style=\"text-align: justify;\"><strong>\u00a1las formaciones de barber\u00eda de Termix volver\u00e1n pr\u00f3ximamente!<\/strong> Permanece atento a nuestras redes sociales y p\u00e1gina web, donde publicaremos las <strong>pr\u00f3ximas fechas<\/strong> para los cursos de barber\u00eda venideros.<\/p>\n<h2 style=\"text-align: justify;\">\u00bfTe lo vas a perder?<\/h2>\n<h2 style=\"text-align: justify;\"><strong>\u00a1S\u00famate a la revoluci\u00f3n de la barber\u00eda!<\/strong><\/h2>\n<\/div><div class=\"fusion-clearfix\"><\/div><\/div><\/div><\/div><\/div><div class=\"fusion-fullwidth fullwidth-box fusion-builder-row-4 nonhundred-percent-fullwidth non-hundred-percent-height-scrolling\" style=\"--awb-border-radius-top-left:0px;--awb-border-radius-top-right:0px;--awb-border-radius-bottom-right:0px;--awb-border-radius-bottom-left:0px;\" ><\/div><\/p>\n","protected":false},"excerpt":{"rendered":"<p>\t\t\t\tLas formaciones de barber\u00eda de Termix han conseguido sumarse a la revoluci\u00f3n de la barba, apostando por la transmisi\u00f3n de conocimientos profesionales aplicados sobre las herramientas m\u00e1s punteras y t\u00e9cnicas de corte m\u00e1s vanguardistas. Repasamos el tour de los Workshops de Termix: \u00a1Bienvenido a la revoluci\u00f3n de la barber\u00eda!\t\t<\/p>\n","protected":false},"author":2,"featured_media":22475,"comment_status":"open","ping_status":"open","sticky":false,"template":"","format":"standard","meta":[],"categories":[6],"tags":[],"yoast_head":"<!-- This site is optimized with the Yoast SEO plugin v20.0 - https:\/\/yoast.com\/wordpress\/plugins\/seo\/ -->\n<title>Las formaciones de barber\u00eda de Termix cautivan al p\u00fablico<\/title>\n<meta name=\"description\" content=\"Repasamos el tour de las formaciones de barber\u00eda de Termix y os traemos una gran experiencia. \u00a1Bienvenido a la revoluci\u00f3n de la barber\u00eda!\" \/>\n<meta name=\"robots\" content=\"index, follow, max-snippet:-1, max-image-preview:large, max-video-preview:-1\" \/>\n<link rel=\"canonical\" href=\"https:\/\/termix.net\/blog\/es\/las-formaciones-de-barberia-termix-cautivan-al-publico\/\" \/>\n<meta property=\"og:locale\" content=\"es_ES\" \/>\n<meta property=\"og:type\" content=\"article\" \/>\n<meta property=\"og:title\" content=\"Las formaciones de barber\u00eda de Termix cautivan al p\u00fablico\" \/>\n<meta property=\"og:description\" content=\"Repasamos el tour de las formaciones de barber\u00eda de Termix y os traemos una gran experiencia. \u00a1Bienvenido a la revoluci\u00f3n de la barber\u00eda!\" \/>\n<meta property=\"og:url\" content=\"https:\/\/termix.net\/blog\/es\/las-formaciones-de-barberia-termix-cautivan-al-publico\/\" \/>\n<meta property=\"og:site_name\" content=\"Blog Termix Spain\" \/>\n<meta property=\"article:published_time\" content=\"2017-06-26T09:42:56+00:00\" \/>\n<meta property=\"article:modified_time\" content=\"2019-12-10T11:55:32+00:00\" \/>\n<meta property=\"og:image\" content=\"https:\/\/termix.net\/blog\/wp-content\/uploads\/2017\/06\/NARANJA.jpg\" \/>\n\t<meta property=\"og:image:width\" content=\"800\" \/>\n\t<meta property=\"og:image:height\" content=\"462\" \/>\n\t<meta property=\"og:image:type\" content=\"image\/jpeg\" \/>\n<meta name=\"author\" content=\"TermixTeam\" \/>\n<meta name=\"twitter:card\" content=\"summary_large_image\" \/>\n<meta name=\"twitter:label1\" content=\"Escrito por\" \/>\n\t<meta name=\"twitter:data1\" content=\"TermixTeam\" \/>\n\t<meta name=\"twitter:label2\" content=\"Tiempo de lectura\" \/>\n\t<meta name=\"twitter:data2\" content=\"10 minutos\" \/>\n<script type=\"application\/ld+json\" class=\"yoast-schema-graph\">{\"@context\":\"https:\/\/schema.org\",\"@graph\":[{\"@type\":\"Article\",\"@id\":\"https:\/\/termix.net\/blog\/es\/las-formaciones-de-barberia-termix-cautivan-al-publico\/#article\",\"isPartOf\":{\"@id\":\"https:\/\/termix.net\/blog\/es\/las-formaciones-de-barberia-termix-cautivan-al-publico\/\"},\"author\":{\"name\":\"TermixTeam\",\"@id\":\"https:\/\/termix.net\/blog\/es\/#\/schema\/person\/9096c98bdf03c8ddf91ad7172f254f40\"},\"headline\":\"Las formaciones de barber\u00eda Termix cautivan al p\u00fablico\",\"datePublished\":\"2017-06-26T09:42:56+00:00\",\"dateModified\":\"2019-12-10T11:55:32+00:00\",\"mainEntityOfPage\":{\"@id\":\"https:\/\/termix.net\/blog\/es\/las-formaciones-de-barberia-termix-cautivan-al-publico\/\"},\"wordCount\":1984,\"commentCount\":0,\"publisher\":{\"@id\":\"https:\/\/termix.net\/blog\/es\/#organization\"},\"articleSection\":[\"NOTICIAS\"],\"inLanguage\":\"es\",\"potentialAction\":[{\"@type\":\"CommentAction\",\"name\":\"Comment\",\"target\":[\"https:\/\/termix.net\/blog\/es\/las-formaciones-de-barberia-termix-cautivan-al-publico\/#respond\"]}]},{\"@type\":\"WebPage\",\"@id\":\"https:\/\/termix.net\/blog\/es\/las-formaciones-de-barberia-termix-cautivan-al-publico\/\",\"url\":\"https:\/\/termix.net\/blog\/es\/las-formaciones-de-barberia-termix-cautivan-al-publico\/\",\"name\":\"Las formaciones de barber\u00eda de Termix cautivan al p\u00fablico\",\"isPartOf\":{\"@id\":\"https:\/\/termix.net\/blog\/es\/#website\"},\"datePublished\":\"2017-06-26T09:42:56+00:00\",\"dateModified\":\"2019-12-10T11:55:32+00:00\",\"description\":\"Repasamos el tour de las formaciones de barber\u00eda de Termix y os traemos una gran experiencia. \u00a1Bienvenido a la revoluci\u00f3n de la barber\u00eda!\",\"breadcrumb\":{\"@id\":\"https:\/\/termix.net\/blog\/es\/las-formaciones-de-barberia-termix-cautivan-al-publico\/#breadcrumb\"},\"inLanguage\":\"es\",\"potentialAction\":[{\"@type\":\"ReadAction\",\"target\":[\"https:\/\/termix.net\/blog\/es\/las-formaciones-de-barberia-termix-cautivan-al-publico\/\"]}]},{\"@type\":\"BreadcrumbList\",\"@id\":\"https:\/\/termix.net\/blog\/es\/las-formaciones-de-barberia-termix-cautivan-al-publico\/#breadcrumb\",\"itemListElement\":[{\"@type\":\"ListItem\",\"position\":1,\"name\":\"Home\",\"item\":\"https:\/\/termix.net\/blog\/es\/\"},{\"@type\":\"ListItem\",\"position\":2,\"name\":\"Las formaciones de barber\u00eda Termix cautivan al p\u00fablico\"}]},{\"@type\":\"WebSite\",\"@id\":\"https:\/\/termix.net\/blog\/es\/#website\",\"url\":\"https:\/\/termix.net\/blog\/es\/\",\"name\":\"Blog Termix Spain\",\"description\":\"Blog de tendencias y productos de peluquer\u00eda profesional.\",\"publisher\":{\"@id\":\"https:\/\/termix.net\/blog\/es\/#organization\"},\"potentialAction\":[{\"@type\":\"SearchAction\",\"target\":{\"@type\":\"EntryPoint\",\"urlTemplate\":\"https:\/\/termix.net\/blog\/es\/?s={search_term_string}\"},\"query-input\":\"required name=search_term_string\"}],\"inLanguage\":\"es\"},{\"@type\":\"Organization\",\"@id\":\"https:\/\/termix.net\/blog\/es\/#organization\",\"name\":\"Dols Industrial de Peluquer\u00eda SA\",\"url\":\"https:\/\/termix.net\/blog\/es\/\",\"logo\":{\"@type\":\"ImageObject\",\"inLanguage\":\"es\",\"@id\":\"https:\/\/termix.net\/blog\/es\/#\/schema\/logo\/image\/\",\"url\":\"https:\/\/termix.net\/blog\/wp-content\/uploads\/2020\/10\/OGbDAeng.jpeg\",\"contentUrl\":\"https:\/\/termix.net\/blog\/wp-content\/uploads\/2020\/10\/OGbDAeng.jpeg\",\"width\":800,\"height\":800,\"caption\":\"Dols Industrial de Peluquer\u00eda SA\"},\"image\":{\"@id\":\"https:\/\/termix.net\/blog\/es\/#\/schema\/logo\/image\/\"}},{\"@type\":\"Person\",\"@id\":\"https:\/\/termix.net\/blog\/es\/#\/schema\/person\/9096c98bdf03c8ddf91ad7172f254f40\",\"name\":\"TermixTeam\",\"image\":{\"@type\":\"ImageObject\",\"inLanguage\":\"es\",\"@id\":\"https:\/\/termix.net\/blog\/es\/#\/schema\/person\/image\/\",\"url\":\"https:\/\/secure.gravatar.com\/avatar\/d89f61f6bd1c29a4acb231736d1c74b3?s=96&d=mm&r=g\",\"contentUrl\":\"https:\/\/secure.gravatar.com\/avatar\/d89f61f6bd1c29a4acb231736d1c74b3?s=96&d=mm&r=g\",\"caption\":\"TermixTeam\"},\"url\":\"https:\/\/termix.net\/blog\/es\/author\/termixteam\/\"}]}<\/script>\n<!-- \/ Yoast SEO plugin. -->","yoast_head_json":{"title":"Las formaciones de barber\u00eda de Termix cautivan al p\u00fablico","description":"Repasamos el tour de las formaciones de barber\u00eda de Termix y os traemos una gran experiencia. \u00a1Bienvenido a la revoluci\u00f3n de la barber\u00eda!","robots":{"index":"index","follow":"follow","max-snippet":"max-snippet:-1","max-image-preview":"max-image-preview:large","max-video-preview":"max-video-preview:-1"},"canonical":"https:\/\/termix.net\/blog\/es\/las-formaciones-de-barberia-termix-cautivan-al-publico\/","og_locale":"es_ES","og_type":"article","og_title":"Las formaciones de barber\u00eda de Termix cautivan al p\u00fablico","og_description":"Repasamos el tour de las formaciones de barber\u00eda de Termix y os traemos una gran experiencia. \u00a1Bienvenido a la revoluci\u00f3n de la barber\u00eda!","og_url":"https:\/\/termix.net\/blog\/es\/las-formaciones-de-barberia-termix-cautivan-al-publico\/","og_site_name":"Blog Termix Spain","article_published_time":"2017-06-26T09:42:56+00:00","article_modified_time":"2019-12-10T11:55:32+00:00","og_image":[{"width":800,"height":462,"url":"https:\/\/termix.net\/blog\/wp-content\/uploads\/2017\/06\/NARANJA.jpg","type":"image\/jpeg"}],"author":"TermixTeam","twitter_card":"summary_large_image","twitter_misc":{"Escrito por":"TermixTeam","Tiempo de lectura":"10 minutos"},"schema":{"@context":"https:\/\/schema.org","@graph":[{"@type":"Article","@id":"https:\/\/termix.net\/blog\/es\/las-formaciones-de-barberia-termix-cautivan-al-publico\/#article","isPartOf":{"@id":"https:\/\/termix.net\/blog\/es\/las-formaciones-de-barberia-termix-cautivan-al-publico\/"},"author":{"name":"TermixTeam","@id":"https:\/\/termix.net\/blog\/es\/#\/schema\/person\/9096c98bdf03c8ddf91ad7172f254f40"},"headline":"Las formaciones de barber\u00eda Termix cautivan al p\u00fablico","datePublished":"2017-06-26T09:42:56+00:00","dateModified":"2019-12-10T11:55:32+00:00","mainEntityOfPage":{"@id":"https:\/\/termix.net\/blog\/es\/las-formaciones-de-barberia-termix-cautivan-al-publico\/"},"wordCount":1984,"commentCount":0,"publisher":{"@id":"https:\/\/termix.net\/blog\/es\/#organization"},"articleSection":["NOTICIAS"],"inLanguage":"es","potentialAction":[{"@type":"CommentAction","name":"Comment","target":["https:\/\/termix.net\/blog\/es\/las-formaciones-de-barberia-termix-cautivan-al-publico\/#respond"]}]},{"@type":"WebPage","@id":"https:\/\/termix.net\/blog\/es\/las-formaciones-de-barberia-termix-cautivan-al-publico\/","url":"https:\/\/termix.net\/blog\/es\/las-formaciones-de-barberia-termix-cautivan-al-publico\/","name":"Las formaciones de barber\u00eda de Termix cautivan al p\u00fablico","isPartOf":{"@id":"https:\/\/termix.net\/blog\/es\/#website"},"datePublished":"2017-06-26T09:42:56+00:00","dateModified":"2019-12-10T11:55:32+00:00","description":"Repasamos el tour de las formaciones de barber\u00eda de Termix y os traemos una gran experiencia. \u00a1Bienvenido a la revoluci\u00f3n de la barber\u00eda!","breadcrumb":{"@id":"https:\/\/termix.net\/blog\/es\/las-formaciones-de-barberia-termix-cautivan-al-publico\/#breadcrumb"},"inLanguage":"es","potentialAction":[{"@type":"ReadAction","target":["https:\/\/termix.net\/blog\/es\/las-formaciones-de-barberia-termix-cautivan-al-publico\/"]}]},{"@type":"BreadcrumbList","@id":"https:\/\/termix.net\/blog\/es\/las-formaciones-de-barberia-termix-cautivan-al-publico\/#breadcrumb","itemListElement":[{"@type":"ListItem","position":1,"name":"Home","item":"https:\/\/termix.net\/blog\/es\/"},{"@type":"ListItem","position":2,"name":"Las formaciones de barber\u00eda Termix cautivan al p\u00fablico"}]},{"@type":"WebSite","@id":"https:\/\/termix.net\/blog\/es\/#website","url":"https:\/\/termix.net\/blog\/es\/","name":"Blog Termix Spain","description":"Blog de tendencias y productos de peluquer\u00eda profesional.","publisher":{"@id":"https:\/\/termix.net\/blog\/es\/#organization"},"potentialAction":[{"@type":"SearchAction","target":{"@type":"EntryPoint","urlTemplate":"https:\/\/termix.net\/blog\/es\/?s={search_term_string}"},"query-input":"required name=search_term_string"}],"inLanguage":"es"},{"@type":"Organization","@id":"https:\/\/termix.net\/blog\/es\/#organization","name":"Dols Industrial de Peluquer\u00eda SA","url":"https:\/\/termix.net\/blog\/es\/","logo":{"@type":"ImageObject","inLanguage":"es","@id":"https:\/\/termix.net\/blog\/es\/#\/schema\/logo\/image\/","url":"https:\/\/termix.net\/blog\/wp-content\/uploads\/2020\/10\/OGbDAeng.jpeg","contentUrl":"https:\/\/termix.net\/blog\/wp-content\/uploads\/2020\/10\/OGbDAeng.jpeg","width":800,"height":800,"caption":"Dols Industrial de Peluquer\u00eda SA"},"image":{"@id":"https:\/\/termix.net\/blog\/es\/#\/schema\/logo\/image\/"}},{"@type":"Person","@id":"https:\/\/termix.net\/blog\/es\/#\/schema\/person\/9096c98bdf03c8ddf91ad7172f254f40","name":"TermixTeam","image":{"@type":"ImageObject","inLanguage":"es","@id":"https:\/\/termix.net\/blog\/es\/#\/schema\/person\/image\/","url":"https:\/\/secure.gravatar.com\/avatar\/d89f61f6bd1c29a4acb231736d1c74b3?s=96&d=mm&r=g","contentUrl":"https:\/\/secure.gravatar.com\/avatar\/d89f61f6bd1c29a4acb231736d1c74b3?s=96&d=mm&r=g","caption":"TermixTeam"},"url":"https:\/\/termix.net\/blog\/es\/author\/termixteam\/"}]}},"_links":{"self":[{"href":"https:\/\/termix.net\/blog\/es\/wp-json\/wp\/v2\/posts\/10229"}],"collection":[{"href":"https:\/\/termix.net\/blog\/es\/wp-json\/wp\/v2\/posts"}],"about":[{"href":"https:\/\/termix.net\/blog\/es\/wp-json\/wp\/v2\/types\/post"}],"author":[{"embeddable":true,"href":"https:\/\/termix.net\/blog\/es\/wp-json\/wp\/v2\/users\/2"}],"replies":[{"embeddable":true,"href":"https:\/\/termix.net\/blog\/es\/wp-json\/wp\/v2\/comments?post=10229"}],"version-history":[{"count":3,"href":"https:\/\/termix.net\/blog\/es\/wp-json\/wp\/v2\/posts\/10229\/revisions"}],"predecessor-version":[{"id":22486,"href":"https:\/\/termix.net\/blog\/es\/wp-json\/wp\/v2\/posts\/10229\/revisions\/22486"}],"wp:featuredmedia":[{"embeddable":true,"href":"https:\/\/termix.net\/blog\/es\/wp-json\/wp\/v2\/media\/22475"}],"wp:attachment":[{"href":"https:\/\/termix.net\/blog\/es\/wp-json\/wp\/v2\/media?parent=10229"}],"wp:term":[{"taxonomy":"category","embeddable":true,"href":"https:\/\/termix.net\/blog\/es\/wp-json\/wp\/v2\/categories?post=10229"},{"taxonomy":"post_tag","embeddable":true,"href":"https:\/\/termix.net\/blog\/es\/wp-json\/wp\/v2\/tags?post=10229"}],"curies":[{"name":"wp","href":"https:\/\/api.w.org\/{rel}","templated":true}]}}