{"id":10187,"date":"2017-06-21T12:49:42","date_gmt":"2017-06-21T12:49:42","guid":{"rendered":"http:\/\/termix.net\/?p=10187"},"modified":"2019-12-16T13:00:54","modified_gmt":"2019-12-16T12:00:54","slug":"presentamos-el-reto-termixchallenge","status":"publish","type":"post","link":"https:\/\/termix.net\/blog\/es\/presentamos-el-reto-termixchallenge\/","title":{"rendered":"Presentamos el reto #TERMIXCHALLENGE"},"content":{"rendered":"<p><div class=\"fusion-fullwidth fullwidth-box fusion-builder-row-1 faded-background fusion-parallax-none nonhundred-percent-fullwidth non-hundred-percent-height-scrolling fusion-no-small-visibility fusion-no-medium-visibility\" style=\"--awb-border-radius-top-left:0px;--awb-border-radius-top-right:0px;--awb-border-radius-bottom-right:0px;--awb-border-radius-bottom-left:0px;--awb-padding-top:24%;--awb-padding-right:3%;--awb-padding-left:3%;--awb-background-size:cover;\" ><div class=\"fullwidth-faded\" style=\"--awb-background-color:#181818;--awb-background-image:url(https:\/\/termix.net\/blog\/wp-content\/uploads\/2017\/06\/ambas-challenge.jpg);--awb-background-size:cover;\" ><\/div><div class=\"fusion-builder-row fusion-row\"><div class=\"fusion-layout-column fusion_builder_column fusion-builder-column-0 fusion_builder_column_1_1 1_1 fusion-one-full fusion-column-first fusion-column-last\" style=\"--awb-padding-top:6%;--awb-padding-right:8%;--awb-padding-bottom:6%;--awb-padding-left:8%;--awb-bg-color:rgba(255,255,255,0.7);--awb-bg-size:cover;--awb-margin-top:0px;--awb-margin-bottom:0px;\"><div class=\"fusion-column-wrapper fusion-column-has-shadow fusion-flex-column-wrapper-legacy\"><div class=\"fusion-text fusion-text-1 caption\"><p style=\"text-align: center;\">Novedades \u2014 3 min de lectura<\/p>\n<\/div><div class=\"fusion-title title fusion-title-1 fusion-sep-none fusion-title-center fusion-title-text fusion-title-size-two\" style=\"--awb-margin-top:30px;--awb-margin-bottom:20px;\"><h2 class=\"title-heading-center fusion-responsive-typography-calculated\" style=\"margin:0;--fontSize:50;line-height:1.28;\"><p>Presentamos el reto<\/p>\n<p>#TERMIXCHALLENGE<\/p><\/h2><\/div><div class=\"fusion-clearfix\"><\/div><\/div><\/div><\/div><\/div><div class=\"fusion-fullwidth fullwidth-box fusion-builder-row-2 fusion-parallax-none nonhundred-percent-fullwidth non-hundred-percent-height-scrolling fusion-no-large-visibility\" style=\"--awb-border-radius-top-left:0px;--awb-border-radius-top-right:0px;--awb-border-radius-bottom-right:0px;--awb-border-radius-bottom-left:0px;--awb-background-image:url(&quot;https:\/\/termix.net\/blog\/wp-content\/uploads\/2019\/11\/con-el-secador-compacto-profesioanl-4300-de-termix-damos-volumen-al-cabello-1.jpg&quot;);--awb-background-size:cover;\" ><div class=\"fusion-builder-row fusion-row\"><div class=\"fusion-layout-column fusion_builder_column fusion-builder-column-1 fusion_builder_column_1_1 1_1 fusion-one-full fusion-column-first fusion-column-last fusion-column-inner-bg-wrapper\" style=\"--awb-padding-top:10%;--awb-padding-bottom:10%;--awb-inner-bg-image:url(&#039;http:\/\/termix.net\/blog\/wp-content\/uploads\/2019\/03\/single-blog-post-feat.jpg&#039;);--awb-inner-bg-position:center center;--awb-inner-bg-size:cover;\"><span class=\"fusion-column-inner-bg hover-type-zoomout\"><span class=\"fusion-column-anchor\"><span class=\"fusion-column-inner-bg-image\"><\/span><\/span><\/span><div class=\"fusion-column-wrapper fusion-flex-column-wrapper-legacy\" data-bg-url=\"http:\/\/termix.net\/blog\/wp-content\/uploads\/2019\/03\/single-blog-post-feat.jpg\"><div class=\"fusion-sep-clear\"><\/div><div class=\"fusion-separator fusion-no-large-visibility fusion-full-width-sep\" style=\"margin-left: auto;margin-right: auto;margin-top:200px;width:100%;\"><\/div><div class=\"fusion-sep-clear\"><\/div><div class=\"fusion-clearfix\"><\/div><\/div><\/div><div class=\"fusion-layout-column fusion_builder_column fusion-builder-column-2 fusion_builder_column_1_1 1_1 fusion-one-full fusion-column-first fusion-column-last\" style=\"--awb-padding-top:6%;--awb-bg-color:#ffffff;--awb-bg-size:cover;--awb-margin-top:0px;--awb-margin-bottom:0px;\"><div class=\"fusion-column-wrapper fusion-flex-column-wrapper-legacy\"><div class=\"fusion-text fusion-text-2 caption\"><p style=\"text-align: center;\">Novedades \u2014 3 min de lectura<\/p>\n<\/div><div class=\"fusion-title title fusion-title-2 fusion-sep-none fusion-title-center fusion-title-text fusion-title-size-two\" style=\"--awb-margin-top:30px;--awb-margin-bottom:20px;\"><h2 class=\"title-heading-center fusion-responsive-typography-calculated\" style=\"margin:0;--fontSize:50;line-height:1.28;\"><p>Presentamos el reto<\/p>\n<p>#TERMIXCHALLENGE<\/p><\/h2><\/div><div class=\"fusion-clearfix\"><\/div><\/div><\/div><\/div><\/div><div class=\"fusion-fullwidth fullwidth-box fusion-builder-row-3 nonhundred-percent-fullwidth non-hundred-percent-height-scrolling\" style=\"--awb-border-radius-top-left:0px;--awb-border-radius-top-right:0px;--awb-border-radius-bottom-right:0px;--awb-border-radius-bottom-left:0px;--awb-padding-top:10px;--awb-padding-bottom:4%;\" ><div class=\"fusion-builder-row fusion-row\"><div class=\"fusion-layout-column fusion_builder_column fusion-builder-column-3 fusion_builder_column_1_6 1_6 fusion-one-sixth fusion-column-first fusion-no-small-visibility fusion-no-medium-visibility\" style=\"--awb-bg-size:cover;width:16.666666666667%;width:calc(16.666666666667% - ( ( 0 ) * 0.16666666666667 ) );margin-right: 0px;\"><div class=\"fusion-column-wrapper fusion-flex-column-wrapper-legacy\"><div class=\"fusion-clearfix\"><\/div><\/div><\/div><div class=\"fusion-layout-column fusion_builder_column fusion-builder-column-4 fusion_builder_column_2_3 2_3 fusion-two-third fusion-column-last\" style=\"--awb-bg-size:cover;width:66.666666666667%;width:calc(66.666666666667% - ( ( 0 ) * 0.66666666666667 ) );\"><div class=\"fusion-column-wrapper fusion-flex-column-wrapper-legacy\"><div class=\"fusion-sep-clear\"><\/div><div class=\"fusion-separator fusion-full-width-sep\" style=\"margin-left: auto;margin-right: auto;margin-top:30px;width:100%;\"><\/div><div class=\"fusion-sep-clear\"><\/div><div class=\"fusion-text fusion-text-3\"><p style=\"text-align: center;\"><span style=\"font-size: 22px; line-height: 1.5em;\">\u00a1Has sido retada! Termix te invita a participar en un reto de estilo: el #TermixChallenge \u00bf#OndasMessy u #OndasPerfectas? Elige uno de los dos looks, moldea tu cabello y<strong> publica una foto en Instagram del resultado.<\/strong> Las dos mejores fotos ser\u00e1n premiadas con un producto Termix profesional.<\/span><\/p>\n<p style=\"text-align: center;\"><span style=\"font-size: 22px; line-height: 1.5em;\"> \u00bfTe atreves a aceptar el desaf\u00edo?<\/span><\/p>\n<\/div><div class=\"fusion-sep-clear\"><\/div><div class=\"fusion-separator fusion-full-width-sep\" style=\"margin-left: auto;margin-right: auto;margin-top:30px;width:100%;\"><\/div><div class=\"fusion-sep-clear\"><\/div><div class=\"fusion-text fusion-text-4\"><h2>\u00bfC\u00d3MO FUNCIONA?<\/h2>\n<p>Desde Termix hemos retado a diversas Instagramers, que dentro de poco empezar\u00e1n a publicar sus creativos looks utilizando el Cepillo El\u00e9ctrico Pro Styling Brush o la Plancha Black Velvet de Termix. Pueden decantarse por las #OndasMessy o las #OndasPerfectas, siendo libres de completar el total look con un outfit veraniego.<\/p>\n<p>Ellas ser\u00e1n las primeras en completar el #TermixChallenge, pero despu\u00e9s te toca a ti. Si eres seguidora de @termixoficial y de una de las chicas \u00a1has sido oficialmente retada! Atr\u00e9vete a realizarte las ondas messy del momento o bien, ondula tu melena a la perfecci\u00f3n y \u00a1podr\u00e1s ser la ganadora de uno de los productos de Termix que se sortean!<\/p>\n<p>Las chicas #TermixChallenge son: @__esti__ \/ @sandra_arrebola \/ @elsonidodemistacones \/ @daretodreambysil \/ @sylviascloset<\/p>\n<p><img decoding=\"async\" class=\"aligncenter size-full wp-image-10193\" src=\"http:\/\/termix.net\/wp-content\/uploads\/2017\/06\/termixchallenge2.jpg\" alt=\"Dos son los posibles productos Termix que puedes ganar si participas en el Termix Challenge\" width=\"800\" height=\"462\" \/><\/p>\n<h2>\u00bfD\u00d3NDE Y CU\u00c1NDO PUEDO PARTICIPAR?<\/h2>\n<p>Puedes publicar tu foto en Instagram a partir del d\u00eda 22 de junio hasta el 9 de julio de 2017. Las \u00fanicas condiciones para entrar en el sorteo de los dos productos profesionales Termix son:<\/p>\n<p>Realizar un look con #OndasPerfectas o con #OndasMessy<br \/>\nSubir una fotograf\u00eda del estilismo a Instagram, etiquetando a @termixoficial e incluyendo el hashtag #TermixChallenge<br \/>\nSer seguidora de una de las instagramers mencionadas anteriormente<\/p>\n<p>\u00a1Y estar\u00e1s oficialmente dentro del sorteo de los productos de Termix!<\/p>\n<h2>\u00bfCU\u00c1L ES EL PREMIO?<\/h2>\n<p>Sorteamos dos herramientas profesionales Termix, una para cada fotograf\u00eda ganadora (ondas messy y ondas perfectas). Por un lado, podr\u00e1s ganar la nueva plancha de pelo Black Velvet, la \u00fanica con\u00a0tacto terciopelo, una plancha que protege el cabello y que le aporta un brillo efecto espejo.<\/p>\n<p style=\"text-align: justify;\"><img decoding=\"async\" class=\"aligncenter size-full wp-image-10191\" src=\"http:\/\/termix.net\/wp-content\/uploads\/2017\/06\/plancha-black-velvet.jpg\" alt=\"Uno de los premios del Termix Challenge: la nueva plancha Black Velvet\" width=\"800\" height=\"462\" \/><\/p>\n<p style=\"text-align: justify;\">El segundo producto al que podr\u00e1s optar si participas en el <strong>#TermixChallenge<\/strong>, es el cepillo el\u00e9ctrico Pro Styling Brush. Se trata de un cepillo con <strong>tecnolog\u00eda i\u00f3nica<\/strong> y recubrimiento de cer\u00e1mica que es capaz de peinar y dar brillo a tu cabello con un solo gesto.<\/p>\n<p style=\"text-align: justify;\"><img decoding=\"async\" class=\"aligncenter size-full wp-image-10192\" src=\"http:\/\/termix.net\/wp-content\/uploads\/2017\/06\/Cepillo-Alisador-Termix-Pro-Styling-Brush.jpg\" alt=\"El cepillo Pro Styling Brush es otro de los productos que sorteamos en le concurso TermixChallenge\" width=\"1029\" height=\"686\" \/><\/p>\n<h2>TE ENSE\u00d1AMOS C\u00d3MO HACER LOS LOOKS<\/h2>\n<p>En Termix siempre estamos pensando en c\u00f3mo ayudarte para hacer tus estilismos, as\u00ed que si quieres ver algunos tutoriales de c\u00f3mo realizar las ondas, puedes ver v\u00eddeos en nuestro canal de youtube clicando en los links:<\/p>\n<p>#OndasPerfectas<br \/>\n#OndasMessy<\/p>\n<p>\u00bfTe atreves a participar en el #TermixChallenge? Recuerda que tendr\u00e1s tiempo de completar tu look desde el d\u00eda 22 de junio al 9 de julio. \u00bfQu\u00e9 estilo de ondas elegir\u00e1s?<\/p>\n<p>Bases Legales del Concurso<\/p>\n<p>#TermixChallenge<\/p>\n<\/div><div class=\"fusion-clearfix\"><\/div><\/div><\/div><\/div><\/div><div class=\"fusion-fullwidth fullwidth-box fusion-builder-row-4 nonhundred-percent-fullwidth non-hundred-percent-height-scrolling\" style=\"--awb-border-radius-top-left:0px;--awb-border-radius-top-right:0px;--awb-border-radius-bottom-right:0px;--awb-border-radius-bottom-left:0px;\" ><\/div><\/p>\n","protected":false},"excerpt":{"rendered":"<p>\t\t\t\t\u00a1Has sido retada! Termix te invita a participar en un reto de estilo: el #TermixChallenge \u00bf#OndasMessy u #OndasPerfectas? Elige uno de los dos looks y publica una foto en Instagram del resultado. Las dos mejores fotos ser\u00e1n premiadas con un producto Termix profesional. \u00bfTe atreves a aceptar el desaf\u00edo?\t\t<\/p>\n","protected":false},"author":2,"featured_media":22508,"comment_status":"open","ping_status":"open","sticky":false,"template":"","format":"standard","meta":[],"categories":[6],"tags":[53,43,36,37],"yoast_head":"<!-- This site is optimized with the Yoast SEO plugin v20.0 - https:\/\/yoast.com\/wordpress\/plugins\/seo\/ -->\n<title>Presentamos el reto Termix Challenge \u00bfTe atreves a participar?<\/title>\n<meta name=\"description\" content=\"Termix te invita a participar en un reto de estilo: el #TermixChallenge \u00bf#OndasMessy u #OndasPerfectas? Productos de peluquer\u00edas, planchas de pelo\" \/>\n<meta name=\"robots\" content=\"index, follow, max-snippet:-1, max-image-preview:large, max-video-preview:-1\" \/>\n<link rel=\"canonical\" href=\"https:\/\/termix.net\/blog\/es\/presentamos-el-reto-termixchallenge\/\" \/>\n<meta property=\"og:locale\" content=\"es_ES\" \/>\n<meta property=\"og:type\" content=\"article\" \/>\n<meta property=\"og:title\" content=\"Presentamos el reto Termix Challenge \u00bfTe atreves a participar?\" \/>\n<meta property=\"og:description\" content=\"Termix te invita a participar en un reto de estilo: el #TermixChallenge \u00bf#OndasMessy u #OndasPerfectas? Productos de peluquer\u00edas, planchas de pelo\" \/>\n<meta property=\"og:url\" content=\"https:\/\/termix.net\/blog\/es\/presentamos-el-reto-termixchallenge\/\" \/>\n<meta property=\"og:site_name\" content=\"Blog Termix Spain\" \/>\n<meta property=\"article:published_time\" content=\"2017-06-21T12:49:42+00:00\" \/>\n<meta property=\"article:modified_time\" content=\"2019-12-16T12:00:54+00:00\" \/>\n<meta property=\"og:image\" content=\"https:\/\/termix.net\/blog\/wp-content\/uploads\/2017\/06\/ambas-challenge.jpg\" \/>\n\t<meta property=\"og:image:width\" content=\"800\" \/>\n\t<meta property=\"og:image:height\" content=\"462\" \/>\n\t<meta property=\"og:image:type\" content=\"image\/jpeg\" \/>\n<meta name=\"author\" content=\"TermixTeam\" \/>\n<meta name=\"twitter:card\" content=\"summary_large_image\" \/>\n<meta name=\"twitter:label1\" content=\"Escrito por\" \/>\n\t<meta name=\"twitter:data1\" content=\"TermixTeam\" \/>\n\t<meta name=\"twitter:label2\" content=\"Tiempo de lectura\" \/>\n\t<meta name=\"twitter:data2\" content=\"8 minutos\" \/>\n<script type=\"application\/ld+json\" class=\"yoast-schema-graph\">{\"@context\":\"https:\/\/schema.org\",\"@graph\":[{\"@type\":\"Article\",\"@id\":\"https:\/\/termix.net\/blog\/es\/presentamos-el-reto-termixchallenge\/#article\",\"isPartOf\":{\"@id\":\"https:\/\/termix.net\/blog\/es\/presentamos-el-reto-termixchallenge\/\"},\"author\":{\"name\":\"TermixTeam\",\"@id\":\"https:\/\/termix.net\/blog\/es\/#\/schema\/person\/9096c98bdf03c8ddf91ad7172f254f40\"},\"headline\":\"Presentamos el reto #TERMIXCHALLENGE\",\"datePublished\":\"2017-06-21T12:49:42+00:00\",\"dateModified\":\"2019-12-16T12:00:54+00:00\",\"mainEntityOfPage\":{\"@id\":\"https:\/\/termix.net\/blog\/es\/presentamos-el-reto-termixchallenge\/\"},\"wordCount\":1617,\"commentCount\":0,\"publisher\":{\"@id\":\"https:\/\/termix.net\/blog\/es\/#organization\"},\"keywords\":[\"concursos y sorteos\",\"Planchas de Pelo\",\"tendencias\",\"tutorial peinados\"],\"articleSection\":[\"NOTICIAS\"],\"inLanguage\":\"es\",\"potentialAction\":[{\"@type\":\"CommentAction\",\"name\":\"Comment\",\"target\":[\"https:\/\/termix.net\/blog\/es\/presentamos-el-reto-termixchallenge\/#respond\"]}]},{\"@type\":\"WebPage\",\"@id\":\"https:\/\/termix.net\/blog\/es\/presentamos-el-reto-termixchallenge\/\",\"url\":\"https:\/\/termix.net\/blog\/es\/presentamos-el-reto-termixchallenge\/\",\"name\":\"Presentamos el reto Termix Challenge \u00bfTe atreves a participar?\",\"isPartOf\":{\"@id\":\"https:\/\/termix.net\/blog\/es\/#website\"},\"datePublished\":\"2017-06-21T12:49:42+00:00\",\"dateModified\":\"2019-12-16T12:00:54+00:00\",\"description\":\"Termix te invita a participar en un reto de estilo: el #TermixChallenge \u00bf#OndasMessy u #OndasPerfectas? Productos de peluquer\u00edas, planchas de pelo\",\"breadcrumb\":{\"@id\":\"https:\/\/termix.net\/blog\/es\/presentamos-el-reto-termixchallenge\/#breadcrumb\"},\"inLanguage\":\"es\",\"potentialAction\":[{\"@type\":\"ReadAction\",\"target\":[\"https:\/\/termix.net\/blog\/es\/presentamos-el-reto-termixchallenge\/\"]}]},{\"@type\":\"BreadcrumbList\",\"@id\":\"https:\/\/termix.net\/blog\/es\/presentamos-el-reto-termixchallenge\/#breadcrumb\",\"itemListElement\":[{\"@type\":\"ListItem\",\"position\":1,\"name\":\"Home\",\"item\":\"https:\/\/termix.net\/blog\/es\/\"},{\"@type\":\"ListItem\",\"position\":2,\"name\":\"Presentamos el reto #TERMIXCHALLENGE\"}]},{\"@type\":\"WebSite\",\"@id\":\"https:\/\/termix.net\/blog\/es\/#website\",\"url\":\"https:\/\/termix.net\/blog\/es\/\",\"name\":\"Blog Termix Spain\",\"description\":\"Blog de tendencias y productos de peluquer\u00eda profesional.\",\"publisher\":{\"@id\":\"https:\/\/termix.net\/blog\/es\/#organization\"},\"potentialAction\":[{\"@type\":\"SearchAction\",\"target\":{\"@type\":\"EntryPoint\",\"urlTemplate\":\"https:\/\/termix.net\/blog\/es\/?s={search_term_string}\"},\"query-input\":\"required name=search_term_string\"}],\"inLanguage\":\"es\"},{\"@type\":\"Organization\",\"@id\":\"https:\/\/termix.net\/blog\/es\/#organization\",\"name\":\"Dols Industrial de Peluquer\u00eda SA\",\"url\":\"https:\/\/termix.net\/blog\/es\/\",\"logo\":{\"@type\":\"ImageObject\",\"inLanguage\":\"es\",\"@id\":\"https:\/\/termix.net\/blog\/es\/#\/schema\/logo\/image\/\",\"url\":\"https:\/\/termix.net\/blog\/wp-content\/uploads\/2020\/10\/OGbDAeng.jpeg\",\"contentUrl\":\"https:\/\/termix.net\/blog\/wp-content\/uploads\/2020\/10\/OGbDAeng.jpeg\",\"width\":800,\"height\":800,\"caption\":\"Dols Industrial de Peluquer\u00eda SA\"},\"image\":{\"@id\":\"https:\/\/termix.net\/blog\/es\/#\/schema\/logo\/image\/\"}},{\"@type\":\"Person\",\"@id\":\"https:\/\/termix.net\/blog\/es\/#\/schema\/person\/9096c98bdf03c8ddf91ad7172f254f40\",\"name\":\"TermixTeam\",\"image\":{\"@type\":\"ImageObject\",\"inLanguage\":\"es\",\"@id\":\"https:\/\/termix.net\/blog\/es\/#\/schema\/person\/image\/\",\"url\":\"https:\/\/secure.gravatar.com\/avatar\/d89f61f6bd1c29a4acb231736d1c74b3?s=96&d=mm&r=g\",\"contentUrl\":\"https:\/\/secure.gravatar.com\/avatar\/d89f61f6bd1c29a4acb231736d1c74b3?s=96&d=mm&r=g\",\"caption\":\"TermixTeam\"},\"url\":\"https:\/\/termix.net\/blog\/es\/author\/termixteam\/\"}]}<\/script>\n<!-- \/ Yoast SEO plugin. -->","yoast_head_json":{"title":"Presentamos el reto Termix Challenge \u00bfTe atreves a participar?","description":"Termix te invita a participar en un reto de estilo: el #TermixChallenge \u00bf#OndasMessy u #OndasPerfectas? Productos de peluquer\u00edas, planchas de pelo","robots":{"index":"index","follow":"follow","max-snippet":"max-snippet:-1","max-image-preview":"max-image-preview:large","max-video-preview":"max-video-preview:-1"},"canonical":"https:\/\/termix.net\/blog\/es\/presentamos-el-reto-termixchallenge\/","og_locale":"es_ES","og_type":"article","og_title":"Presentamos el reto Termix Challenge \u00bfTe atreves a participar?","og_description":"Termix te invita a participar en un reto de estilo: el #TermixChallenge \u00bf#OndasMessy u #OndasPerfectas? Productos de peluquer\u00edas, planchas de pelo","og_url":"https:\/\/termix.net\/blog\/es\/presentamos-el-reto-termixchallenge\/","og_site_name":"Blog Termix Spain","article_published_time":"2017-06-21T12:49:42+00:00","article_modified_time":"2019-12-16T12:00:54+00:00","og_image":[{"width":800,"height":462,"url":"https:\/\/termix.net\/blog\/wp-content\/uploads\/2017\/06\/ambas-challenge.jpg","type":"image\/jpeg"}],"author":"TermixTeam","twitter_card":"summary_large_image","twitter_misc":{"Escrito por":"TermixTeam","Tiempo de lectura":"8 minutos"},"schema":{"@context":"https:\/\/schema.org","@graph":[{"@type":"Article","@id":"https:\/\/termix.net\/blog\/es\/presentamos-el-reto-termixchallenge\/#article","isPartOf":{"@id":"https:\/\/termix.net\/blog\/es\/presentamos-el-reto-termixchallenge\/"},"author":{"name":"TermixTeam","@id":"https:\/\/termix.net\/blog\/es\/#\/schema\/person\/9096c98bdf03c8ddf91ad7172f254f40"},"headline":"Presentamos el reto #TERMIXCHALLENGE","datePublished":"2017-06-21T12:49:42+00:00","dateModified":"2019-12-16T12:00:54+00:00","mainEntityOfPage":{"@id":"https:\/\/termix.net\/blog\/es\/presentamos-el-reto-termixchallenge\/"},"wordCount":1617,"commentCount":0,"publisher":{"@id":"https:\/\/termix.net\/blog\/es\/#organization"},"keywords":["concursos y sorteos","Planchas de Pelo","tendencias","tutorial peinados"],"articleSection":["NOTICIAS"],"inLanguage":"es","potentialAction":[{"@type":"CommentAction","name":"Comment","target":["https:\/\/termix.net\/blog\/es\/presentamos-el-reto-termixchallenge\/#respond"]}]},{"@type":"WebPage","@id":"https:\/\/termix.net\/blog\/es\/presentamos-el-reto-termixchallenge\/","url":"https:\/\/termix.net\/blog\/es\/presentamos-el-reto-termixchallenge\/","name":"Presentamos el reto Termix Challenge \u00bfTe atreves a participar?","isPartOf":{"@id":"https:\/\/termix.net\/blog\/es\/#website"},"datePublished":"2017-06-21T12:49:42+00:00","dateModified":"2019-12-16T12:00:54+00:00","description":"Termix te invita a participar en un reto de estilo: el #TermixChallenge \u00bf#OndasMessy u #OndasPerfectas? Productos de peluquer\u00edas, planchas de pelo","breadcrumb":{"@id":"https:\/\/termix.net\/blog\/es\/presentamos-el-reto-termixchallenge\/#breadcrumb"},"inLanguage":"es","potentialAction":[{"@type":"ReadAction","target":["https:\/\/termix.net\/blog\/es\/presentamos-el-reto-termixchallenge\/"]}]},{"@type":"BreadcrumbList","@id":"https:\/\/termix.net\/blog\/es\/presentamos-el-reto-termixchallenge\/#breadcrumb","itemListElement":[{"@type":"ListItem","position":1,"name":"Home","item":"https:\/\/termix.net\/blog\/es\/"},{"@type":"ListItem","position":2,"name":"Presentamos el reto #TERMIXCHALLENGE"}]},{"@type":"WebSite","@id":"https:\/\/termix.net\/blog\/es\/#website","url":"https:\/\/termix.net\/blog\/es\/","name":"Blog Termix Spain","description":"Blog de tendencias y productos de peluquer\u00eda profesional.","publisher":{"@id":"https:\/\/termix.net\/blog\/es\/#organization"},"potentialAction":[{"@type":"SearchAction","target":{"@type":"EntryPoint","urlTemplate":"https:\/\/termix.net\/blog\/es\/?s={search_term_string}"},"query-input":"required name=search_term_string"}],"inLanguage":"es"},{"@type":"Organization","@id":"https:\/\/termix.net\/blog\/es\/#organization","name":"Dols Industrial de Peluquer\u00eda SA","url":"https:\/\/termix.net\/blog\/es\/","logo":{"@type":"ImageObject","inLanguage":"es","@id":"https:\/\/termix.net\/blog\/es\/#\/schema\/logo\/image\/","url":"https:\/\/termix.net\/blog\/wp-content\/uploads\/2020\/10\/OGbDAeng.jpeg","contentUrl":"https:\/\/termix.net\/blog\/wp-content\/uploads\/2020\/10\/OGbDAeng.jpeg","width":800,"height":800,"caption":"Dols Industrial de Peluquer\u00eda SA"},"image":{"@id":"https:\/\/termix.net\/blog\/es\/#\/schema\/logo\/image\/"}},{"@type":"Person","@id":"https:\/\/termix.net\/blog\/es\/#\/schema\/person\/9096c98bdf03c8ddf91ad7172f254f40","name":"TermixTeam","image":{"@type":"ImageObject","inLanguage":"es","@id":"https:\/\/termix.net\/blog\/es\/#\/schema\/person\/image\/","url":"https:\/\/secure.gravatar.com\/avatar\/d89f61f6bd1c29a4acb231736d1c74b3?s=96&d=mm&r=g","contentUrl":"https:\/\/secure.gravatar.com\/avatar\/d89f61f6bd1c29a4acb231736d1c74b3?s=96&d=mm&r=g","caption":"TermixTeam"},"url":"https:\/\/termix.net\/blog\/es\/author\/termixteam\/"}]}},"_links":{"self":[{"href":"https:\/\/termix.net\/blog\/es\/wp-json\/wp\/v2\/posts\/10187"}],"collection":[{"href":"https:\/\/termix.net\/blog\/es\/wp-json\/wp\/v2\/posts"}],"about":[{"href":"https:\/\/termix.net\/blog\/es\/wp-json\/wp\/v2\/types\/post"}],"author":[{"embeddable":true,"href":"https:\/\/termix.net\/blog\/es\/wp-json\/wp\/v2\/users\/2"}],"replies":[{"embeddable":true,"href":"https:\/\/termix.net\/blog\/es\/wp-json\/wp\/v2\/comments?post=10187"}],"version-history":[{"count":3,"href":"https:\/\/termix.net\/blog\/es\/wp-json\/wp\/v2\/posts\/10187\/revisions"}],"predecessor-version":[{"id":22512,"href":"https:\/\/termix.net\/blog\/es\/wp-json\/wp\/v2\/posts\/10187\/revisions\/22512"}],"wp:featuredmedia":[{"embeddable":true,"href":"https:\/\/termix.net\/blog\/es\/wp-json\/wp\/v2\/media\/22508"}],"wp:attachment":[{"href":"https:\/\/termix.net\/blog\/es\/wp-json\/wp\/v2\/media?parent=10187"}],"wp:term":[{"taxonomy":"category","embeddable":true,"href":"https:\/\/termix.net\/blog\/es\/wp-json\/wp\/v2\/categories?post=10187"},{"taxonomy":"post_tag","embeddable":true,"href":"https:\/\/termix.net\/blog\/es\/wp-json\/wp\/v2\/tags?post=10187"}],"curies":[{"name":"wp","href":"https:\/\/api.w.org\/{rel}","templated":true}]}}