{"id":10172,"date":"2017-06-20T07:29:04","date_gmt":"2017-06-20T07:29:04","guid":{"rendered":"http:\/\/termix.net\/?p=10172"},"modified":"2019-12-10T14:47:41","modified_gmt":"2019-12-10T13:47:41","slug":"el-cepillo-evolution-gold-de-termix-al-detalle","status":"publish","type":"post","link":"https:\/\/termix.net\/blog\/es\/el-cepillo-evolution-gold-de-termix-al-detalle\/","title":{"rendered":"El cepillo Evolution Gold de Termix al detalle"},"content":{"rendered":"<p><div class=\"fusion-fullwidth fullwidth-box fusion-builder-row-1 faded-background fusion-parallax-none nonhundred-percent-fullwidth non-hundred-percent-height-scrolling fusion-no-small-visibility fusion-no-medium-visibility\" style=\"--awb-border-radius-top-left:0px;--awb-border-radius-top-right:0px;--awb-border-radius-bottom-right:0px;--awb-border-radius-bottom-left:0px;--awb-padding-top:24%;--awb-padding-right:3%;--awb-padding-left:3%;--awb-background-size:cover;\" ><div class=\"fullwidth-faded\" style=\"--awb-background-color:#181818;--awb-background-image:url(https:\/\/termix.net\/blog\/wp-content\/uploads\/2017\/06\/EVOLUTION-GOLDDIA.jpg);--awb-background-size:cover;\" ><\/div><div class=\"fusion-builder-row fusion-row\"><div class=\"fusion-layout-column fusion_builder_column fusion-builder-column-0 fusion_builder_column_1_1 1_1 fusion-one-full fusion-column-first fusion-column-last\" style=\"--awb-padding-top:6%;--awb-padding-right:8%;--awb-padding-bottom:6%;--awb-padding-left:8%;--awb-bg-color:rgba(255,255,255,0.7);--awb-bg-size:cover;--awb-margin-top:0px;--awb-margin-bottom:0px;\"><div class=\"fusion-column-wrapper fusion-column-has-shadow fusion-flex-column-wrapper-legacy\"><div class=\"fusion-text fusion-text-1 caption\"><p style=\"text-align: center;\">Novedades \u2014 3 min de lectura<\/p>\n<\/div><div class=\"fusion-title title fusion-title-1 fusion-sep-none fusion-title-center fusion-title-text fusion-title-size-two\" style=\"--awb-margin-top:30px;--awb-margin-bottom:20px;\"><h2 class=\"title-heading-center fusion-responsive-typography-calculated\" style=\"margin:0;--fontSize:50;line-height:1.28;\">El cepillo Evolution Gold de Termix al detalle<\/h2><\/div><div class=\"fusion-clearfix\"><\/div><\/div><\/div><\/div><\/div><div class=\"fusion-fullwidth fullwidth-box fusion-builder-row-2 fusion-parallax-none nonhundred-percent-fullwidth non-hundred-percent-height-scrolling fusion-no-large-visibility\" style=\"--awb-border-radius-top-left:0px;--awb-border-radius-top-right:0px;--awb-border-radius-bottom-right:0px;--awb-border-radius-bottom-left:0px;--awb-background-image:url(&quot;https:\/\/termix.net\/blog\/wp-content\/uploads\/2019\/11\/con-el-secador-compacto-profesioanl-4300-de-termix-damos-volumen-al-cabello-1.jpg&quot;);--awb-background-size:cover;\" ><div class=\"fusion-builder-row fusion-row\"><div class=\"fusion-layout-column fusion_builder_column fusion-builder-column-1 fusion_builder_column_1_1 1_1 fusion-one-full fusion-column-first fusion-column-last fusion-column-inner-bg-wrapper\" style=\"--awb-padding-top:10%;--awb-padding-bottom:10%;--awb-inner-bg-image:url(&#039;http:\/\/termix.net\/blog\/wp-content\/uploads\/2019\/03\/single-blog-post-feat.jpg&#039;);--awb-inner-bg-position:center center;--awb-inner-bg-size:cover;\"><span class=\"fusion-column-inner-bg hover-type-zoomout\"><span class=\"fusion-column-anchor\"><span class=\"fusion-column-inner-bg-image\"><\/span><\/span><\/span><div class=\"fusion-column-wrapper fusion-flex-column-wrapper-legacy\" data-bg-url=\"http:\/\/termix.net\/blog\/wp-content\/uploads\/2019\/03\/single-blog-post-feat.jpg\"><div class=\"fusion-sep-clear\"><\/div><div class=\"fusion-separator fusion-no-large-visibility fusion-full-width-sep\" style=\"margin-left: auto;margin-right: auto;margin-top:200px;width:100%;\"><\/div><div class=\"fusion-sep-clear\"><\/div><div class=\"fusion-clearfix\"><\/div><\/div><\/div><div class=\"fusion-layout-column fusion_builder_column fusion-builder-column-2 fusion_builder_column_1_1 1_1 fusion-one-full fusion-column-first fusion-column-last\" style=\"--awb-padding-top:6%;--awb-bg-color:#ffffff;--awb-bg-size:cover;--awb-margin-top:0px;--awb-margin-bottom:0px;\"><div class=\"fusion-column-wrapper fusion-flex-column-wrapper-legacy\"><div class=\"fusion-text fusion-text-2 caption\"><p style=\"text-align: center;\">Novedades \u2014 3 min de lectura<\/p>\n<\/div><div class=\"fusion-title title fusion-title-2 fusion-sep-none fusion-title-center fusion-title-text fusion-title-size-two\" style=\"--awb-margin-top:30px;--awb-margin-bottom:20px;\"><h2 class=\"title-heading-center fusion-responsive-typography-calculated\" style=\"margin:0;--fontSize:50;line-height:1.28;\">El cepillo Evolution Gold de Termix al detalle<\/h2><\/div><div class=\"fusion-clearfix\"><\/div><\/div><\/div><\/div><\/div><div class=\"fusion-fullwidth fullwidth-box fusion-builder-row-3 nonhundred-percent-fullwidth non-hundred-percent-height-scrolling\" style=\"--awb-border-radius-top-left:0px;--awb-border-radius-top-right:0px;--awb-border-radius-bottom-right:0px;--awb-border-radius-bottom-left:0px;--awb-padding-top:10px;--awb-padding-bottom:4%;\" ><div class=\"fusion-builder-row fusion-row\"><div class=\"fusion-layout-column fusion_builder_column fusion-builder-column-3 fusion_builder_column_1_6 1_6 fusion-one-sixth fusion-column-first fusion-no-small-visibility fusion-no-medium-visibility\" style=\"--awb-bg-size:cover;width:16.666666666667%;width:calc(16.666666666667% - ( ( 0 ) * 0.16666666666667 ) );margin-right: 0px;\"><div class=\"fusion-column-wrapper fusion-flex-column-wrapper-legacy\"><div class=\"fusion-clearfix\"><\/div><\/div><\/div><div class=\"fusion-layout-column fusion_builder_column fusion-builder-column-4 fusion_builder_column_2_3 2_3 fusion-two-third fusion-column-last\" style=\"--awb-bg-size:cover;width:66.666666666667%;width:calc(66.666666666667% - ( ( 0 ) * 0.66666666666667 ) );\"><div class=\"fusion-column-wrapper fusion-flex-column-wrapper-legacy\"><div class=\"fusion-sep-clear\"><\/div><div class=\"fusion-separator fusion-full-width-sep\" style=\"margin-left: auto;margin-right: auto;margin-top:30px;width:100%;\"><\/div><div class=\"fusion-sep-clear\"><\/div><div class=\"fusion-text fusion-text-3\"><p style=\"text-align: center;\"><span style=\"font-size: 22px; line-height: 1.5em;\">El dorado es un color lleno de matices que transmite elegancia y nobleza. <\/span><\/p>\n<p style=\"text-align: center;\"><span style=\"font-size: 22px; line-height: 1.5em;\">Un color que est\u00e1 en todas partes y que <strong>no pasa de moda<\/strong>, lo vemos en zapatos, bolsos, manicuras, gafas de sol\u2026 Innumerables son los complementos que lo han adoptado como su color favorito. En Termix tambi\u00e9n nos hemos querido sumar a la tendencia m\u00e1s brillante con el cepillo Evolution Gold, una herramienta de peluquer\u00eda profesional de edici\u00f3n limitada que combina el dorado y el negro, para que cuides tu cabello y potencies al m\u00e1ximo su brillo. Te contamos, junto a nuestro t\u00e9cnico Cristian Ruenes, todo lo que el cepillo profesional Evolution Gold tiene que ofrecerle a tu cabello. <\/span><\/p>\n<p style=\"text-align: center;\"><strong><span style=\"font-size: 22px; line-height: 1.5em;\">\u00a1No te lo pierdas!<\/span><\/strong><\/p>\n<\/div><div class=\"fusion-sep-clear\"><\/div><div class=\"fusion-separator fusion-full-width-sep\" style=\"margin-left: auto;margin-right: auto;margin-top:30px;width:100%;\"><\/div><div class=\"fusion-sep-clear\"><\/div><div class=\"fusion-text fusion-text-4\"><p>La intensidad y elegancia del dorado llega a nuestras manos con el <strong>Evolution Gold<\/strong>, un cepillo actualizado y de edici\u00f3n limitada que se adhiere a la tendencia oro de la temporada. Pero no tan solo en cuesti\u00f3n de estilismo se prepara el Evolution Gold, sino que tambi\u00e9n sus cualidades t\u00e9cnicas se presentan totalmente renovadas, pensando siempre en proporcionar el mejor cuidado para el cabello.<\/p>\n<p style=\"text-align: justify;\"><img decoding=\"async\" class=\"aligncenter wp-image-10176 size-full\" src=\"http:\/\/termix.net\/wp-content\/uploads\/2017\/06\/EVOLUTION-GOLD-ZAPATO.jpg\" alt=\"Cepillo profesional para pelo\" width=\"800\" height=\"462\" \/><\/p>\n<p>Por un lado, el cepillo profesional Evolution Gold ilumina el cabello con cada pasada y consigue aportar un brillo espejo con esa vitalidad propia del oro, sellando a la perfecci\u00f3n la cut\u00edcula. Gracias al perforado romboidal del cepillo, consigue reducir el tiempo de secado en un 30%, para obtener resultados profesionales en tiempo r\u00e9cord. Un cepillo de edici\u00f3n limitada que ensalza el dorado y se acopla a la tendencia que define al lujo y que ahora llega a tus peinados para hacerlos brillar.<\/p>\n<p>El cepillo m\u00e1s elegante de Termix responde a una necesidad: cuidar y proteger todo tipo de cabello. Para ello, incluye un nuevo microfilamento en el balanceado de fibras, que permite trabajar incluso sobre los cabellos sensibles sin da\u00f1arlos.<\/p>\n<p style=\"text-align: justify;\"><img decoding=\"async\" class=\"aligncenter wp-image-10177 size-full\" src=\"http:\/\/termix.net\/wp-content\/uploads\/2017\/06\/EVOLUTION-GOLD-1.jpg\" alt=\"productos de peluquer\u00eda. cepillo de pelo\" width=\"800\" height=\"462\" \/><\/p>\n<h1 style=\"text-align: justify;\">\u00bfPOR QU\u00c9 UN PACK CON 5 DI\u00c1METROS?<\/h1>\n<p style=\"text-align: justify;\">El <strong>Evolution Gold<\/strong> viene presentado en un pack con los cl\u00e1sicos 5 di\u00e1metros, para as\u00ed poder perfilar y moldear a la perfecci\u00f3n todos los tipos y longitudes de melenas. Te lo contamos:<\/p>\n<p style=\"text-align: justify;\">El di\u00e1metro\u00a0<strong>\u00d8 43<\/strong>\u00a0es la medida m\u00e1s indicada para alisar aquellas melenas muy largas o secar\u00a0<strong>secciones grandes de pelo<\/strong>\u00a0con una longitud contundente. A continuaci\u00f3n, situamos el<strong>\u00a0di\u00e1metro \u00d8 32<\/strong>. Un grosor caracter\u00edstico que ser\u00eda el apropiado para la creaci\u00f3n de\u00a0<strong>ondas amplias<\/strong>\u00a0y, adem\u00e1s, para aportar un\u00a0<strong>volumen grandilocuente<\/strong>\u00a0a la ra\u00edz, de forma r\u00e1pida y sencilla.<\/p>\n<p style=\"text-align: justify;\">El\u00a0<strong>\u00d828<\/strong>\u00a0es el indicado para aquellas\u00a0<strong>melenas<\/strong>\u00a0que llegan\u00a0<strong>por encima del hombro<\/strong>\u00a0o con el tan cotizado\u00a0<strong>corte\u00a0<em>long bob<\/em><\/strong>. Un est\u00e1ndar muy manejable perfecto para reestructurar\u00a0<strong>cortes tipo<\/strong><strong>\u00a0<\/strong><em><strong>carr\u00e9\u00a0<\/strong><\/em>o\u00a0<strong>cortes<\/strong><strong>\u00a0<\/strong><em><strong>pixies <\/strong><\/em>es el\u00a0di\u00e1metro<strong>\u00a0<\/strong><strong>\u00d8 23<\/strong>. Adem\u00e1s, podemos aprovechar su di\u00e1metro para peinar y dar forma al\u00a0<strong>flequillo<\/strong>\u00a0o, bien, crear un\u00a0<strong>tup\u00e9 corto<\/strong>\u00a0y estar preparados para cualquier ocasi\u00f3n o cita elegante.<\/p>\n<p style=\"text-align: justify;\"><img decoding=\"async\" class=\"aligncenter wp-image-10178 size-full\" src=\"http:\/\/termix.net\/wp-content\/uploads\/2017\/06\/EVOLUTION-GOLDDIA.jpg\" alt=\"cepillo de pelo profesional\" width=\"800\" height=\"462\" \/><\/p>\n<p style=\"text-align: justify;\">Y llegamos al final, el cepillo\u00a0Evolution Gold m\u00e1s reducido, pero no por ello el menos importante. Este \u00faltimo tama\u00f1o de\u00a0<strong>\u00d8 17<\/strong>\u00a0es \u00f3ptimo para\u00a0<strong>flequillos muy cortos<\/strong>\u00a0y conseguir que estos queden muy\u00a0<strong>bien perfilados<\/strong>\u00a0y rectos. Conseguir\u00edamos el deseado efecto ca\u00edda en vertical de un flequillo escalado o desigual. Tambi\u00e9n es el\u00a0 ideado para repasar y cuidar las zonas m\u00e1s olvidadas, como las\u00a0<strong>patillas<\/strong>\u00a0o\u00a0<strong>nacimientos del cabello<\/strong>.<\/p>\n<p style=\"text-align: justify;\"><strong>El dorado de Termix<\/strong>\u00a0consigue crear una onda muy natural y duradera, <strong>evitando la electricidad est\u00e1tica<\/strong> incluso en los cabellos m\u00e1s castigados,\u00a0 fr\u00e1giles o en las melenas m\u00e1s rizadas. Y todo ello gracias a las<strong>\u00a0<\/strong><strong>fibras ionizadas de alto rendimiento<\/strong>\u00a0que son capaces de resistir altas temperaturas.<\/p>\n<p style=\"text-align: justify;\"><img decoding=\"async\" class=\"aligncenter size-full wp-image-10179\" src=\"http:\/\/termix.net\/wp-content\/uploads\/2017\/06\/PACKAGING-EVOG.jpg\" alt=\"El packaging del cepillo Evolution Gold se trata de un formato malet\u00edn muy c\u00f3modo y f\u00e1cil de transportar\" width=\"800\" height=\"462\" \/><\/p>\n<p style=\"text-align: justify;\">Adem\u00e1s de poseer todas las ventajas de calidad Termix, incluye un\u00a0<strong>sistema de anodizado<\/strong>\u00a0que lo convierte en un utensilio mucho\u00a0<strong>m\u00e1s duradero<\/strong>\u00a0y, gracias a su ligero\u00a0<strong>mango 100% antideslizante<\/strong>, facilita el agarre para permitir la realizaci\u00f3n de peinados profesionales.<\/p>\n<p style=\"text-align: justify;\">El cepillo Evolution Gold de Termix<span style=\"color: #00b7cd;\">\u00a0<\/span>es una de las herramientas de peluquer\u00eda profesional m\u00e1s completas, tanto por su dise\u00f1o como por la alta tecnolog\u00eda que incluye. \u00a1Disfruta del <strong>brillo del oro en tu melena<\/strong>!<\/p>\n<div class=\"\u2019post-body\"><\/div>\n<\/div><div class=\"fusion-text fusion-text-5\"><p>La intensidad y elegancia del dorado llega a nuestras manos con el <strong>Evolution Gold<\/strong>, un cepillo actualizado y de edici\u00f3n limitada que se adhiere a la tendencia oro de la temporada. Pero no tan solo en cuesti\u00f3n de estilismo se prepara el Evolution Gold, sino que tambi\u00e9n sus cualidades t\u00e9cnicas se presentan totalmente renovadas, pensando siempre en proporcionar el mejor cuidado para el cabello.<\/p>\n<p style=\"text-align: justify;\"><img decoding=\"async\" class=\"aligncenter wp-image-10176 size-full\" src=\"http:\/\/termix.net\/wp-content\/uploads\/2017\/06\/EVOLUTION-GOLD-ZAPATO.jpg\" alt=\"Cepillo profesional para pelo\" width=\"800\" height=\"462\" \/><\/p>\n<p>Por un lado, el cepillo profesional Evolution Gold ilumina el cabello con cada pasada y consigue aportar un brillo espejo con esa vitalidad propia del oro, sellando a la perfecci\u00f3n la cut\u00edcula. Gracias al perforado romboidal del cepillo, consigue reducir el tiempo de secado en un 30%, para obtener resultados profesionales en tiempo r\u00e9cord. Un cepillo de edici\u00f3n limitada que ensalza el dorado y se acopla a la tendencia que define al lujo y que ahora llega a tus peinados para hacerlos brillar.<\/p>\n<p>El cepillo m\u00e1s elegante de Termix responde a una necesidad: cuidar y proteger todo tipo de cabello. Para ello, incluye un nuevo microfilamento en el balanceado de fibras, que permite trabajar incluso sobre los cabellos sensibles sin da\u00f1arlos.<\/p>\n<p style=\"text-align: justify;\"><img decoding=\"async\" class=\"aligncenter wp-image-10177 size-full\" src=\"http:\/\/termix.net\/wp-content\/uploads\/2017\/06\/EVOLUTION-GOLD-1.jpg\" alt=\"productos de peluquer\u00eda. cepillo de pelo\" width=\"800\" height=\"462\" \/><\/p>\n<h1 style=\"text-align: justify;\">\u00bfPOR QU\u00c9 UN PACK CON 5 DI\u00c1METROS?<\/h1>\n<p style=\"text-align: justify;\">El <strong>Evolution Gold<\/strong> viene presentado en un pack con los cl\u00e1sicos 5 di\u00e1metros, para as\u00ed poder perfilar y moldear a la perfecci\u00f3n todos los tipos y longitudes de melenas. Te lo contamos:<\/p>\n<p style=\"text-align: justify;\">El di\u00e1metro\u00a0<strong>\u00d8 43<\/strong>\u00a0es la medida m\u00e1s indicada para alisar aquellas melenas muy largas o secar\u00a0<strong>secciones grandes de pelo<\/strong>\u00a0con una longitud contundente. A continuaci\u00f3n, situamos el<strong>\u00a0di\u00e1metro \u00d8 32<\/strong>. Un grosor caracter\u00edstico que ser\u00eda el apropiado para la creaci\u00f3n de\u00a0<strong>ondas amplias<\/strong>\u00a0y, adem\u00e1s, para aportar un\u00a0<strong>volumen grandilocuente<\/strong>\u00a0a la ra\u00edz, de forma r\u00e1pida y sencilla.<\/p>\n<p style=\"text-align: justify;\">El\u00a0<strong>\u00d828<\/strong>\u00a0es el indicado para aquellas\u00a0<strong>melenas<\/strong>\u00a0que llegan\u00a0<strong>por encima del hombro<\/strong>\u00a0o con el tan cotizado\u00a0<strong>corte\u00a0<em>long bob<\/em><\/strong>. Un est\u00e1ndar muy manejable perfecto para reestructurar\u00a0<strong>cortes tipo<\/strong><strong>\u00a0<\/strong><em><strong>carr\u00e9\u00a0<\/strong><\/em>o\u00a0<strong>cortes<\/strong><strong>\u00a0<\/strong><em><strong>pixies <\/strong><\/em>es el\u00a0di\u00e1metro<strong>\u00a0<\/strong><strong>\u00d8 23<\/strong>. Adem\u00e1s, podemos aprovechar su di\u00e1metro para peinar y dar forma al\u00a0<strong>flequillo<\/strong>\u00a0o, bien, crear un\u00a0<strong>tup\u00e9 corto<\/strong>\u00a0y estar preparados para cualquier ocasi\u00f3n o cita elegante.<\/p>\n<p style=\"text-align: justify;\"><img decoding=\"async\" class=\"aligncenter wp-image-10178 size-full\" src=\"http:\/\/termix.net\/wp-content\/uploads\/2017\/06\/EVOLUTION-GOLDDIA.jpg\" alt=\"cepillo de pelo profesional\" width=\"800\" height=\"462\" \/><\/p>\n<p style=\"text-align: justify;\">Y llegamos al final, el cepillo\u00a0Evolution Gold m\u00e1s reducido, pero no por ello el menos importante. Este \u00faltimo tama\u00f1o de\u00a0<strong>\u00d8 17<\/strong>\u00a0es \u00f3ptimo para\u00a0<strong>flequillos muy cortos<\/strong>\u00a0y conseguir que estos queden muy\u00a0<strong>bien perfilados<\/strong>\u00a0y rectos. Conseguir\u00edamos el deseado efecto ca\u00edda en vertical de un flequillo escalado o desigual. Tambi\u00e9n es el\u00a0 ideado para repasar y cuidar las zonas m\u00e1s olvidadas, como las\u00a0<strong>patillas<\/strong>\u00a0o\u00a0<strong>nacimientos del cabello<\/strong>.<\/p>\n<p style=\"text-align: justify;\"><strong>El dorado de Termix<\/strong>\u00a0consigue crear una onda muy natural y duradera, <strong>evitando la electricidad est\u00e1tica<\/strong> incluso en los cabellos m\u00e1s castigados,\u00a0 fr\u00e1giles o en las melenas m\u00e1s rizadas. Y todo ello gracias a las<strong>\u00a0<\/strong><strong>fibras ionizadas de alto rendimiento<\/strong>\u00a0que son capaces de resistir altas temperaturas.<\/p>\n<p style=\"text-align: justify;\"><img decoding=\"async\" class=\"aligncenter size-full wp-image-10179\" src=\"http:\/\/termix.net\/wp-content\/uploads\/2017\/06\/PACKAGING-EVOG.jpg\" alt=\"El packaging del cepillo Evolution Gold se trata de un formato malet\u00edn muy c\u00f3modo y f\u00e1cil de transportar\" width=\"800\" height=\"462\" \/><\/p>\n<p style=\"text-align: justify;\">Adem\u00e1s de poseer todas las ventajas de calidad Termix, incluye un\u00a0<strong>sistema de anodizado<\/strong>\u00a0que lo convierte en un utensilio mucho\u00a0<strong>m\u00e1s duradero<\/strong>\u00a0y, gracias a su ligero\u00a0<strong>mango 100% antideslizante<\/strong>, facilita el agarre para permitir la realizaci\u00f3n de peinados profesionales.<\/p>\n<p style=\"text-align: justify;\">El cepillo Evolution Gold de Termix<span style=\"color: #00b7cd;\">\u00a0<\/span>es una de las herramientas de peluquer\u00eda profesional m\u00e1s completas, tanto por su dise\u00f1o como por la alta tecnolog\u00eda que incluye. \u00a1Disfruta del <strong>brillo del oro en tu melena<\/strong>!<\/p>\n<div class=\"\u2019post-body\"><\/div>\n<\/div><div class=\"fusion-clearfix\"><\/div><\/div><\/div><div class=\"fusion-layout-column fusion_builder_column fusion-builder-column-5 fusion_builder_column_1_1 1_1 fusion-one-full fusion-column-first fusion-column-last\" style=\"--awb-bg-size:cover;--awb-margin-top:0px;--awb-margin-bottom:0px;\"><div class=\"fusion-column-wrapper fusion-flex-column-wrapper-legacy\"><div class=\"fusion-text fusion-text-6\"><p>La intensidad y elegancia del dorado llega a nuestras manos con el <strong>Evolution Gold<\/strong>, un cepillo actualizado y de edici\u00f3n limitada que se adhiere a la tendencia oro de la temporada. Pero no tan solo en cuesti\u00f3n de estilismo se prepara el Evolution Gold, sino que tambi\u00e9n sus cualidades t\u00e9cnicas se presentan totalmente renovadas, pensando siempre en proporcionar el mejor cuidado para el cabello.<\/p>\n<p style=\"text-align: justify;\"><img decoding=\"async\" class=\"aligncenter wp-image-10176 size-full\" src=\"http:\/\/termix.net\/wp-content\/uploads\/2017\/06\/EVOLUTION-GOLD-ZAPATO.jpg\" alt=\"Cepillo profesional para pelo\" width=\"800\" height=\"462\" \/><\/p>\n<p>Por un lado, el cepillo profesional Evolution Gold ilumina el cabello con cada pasada y consigue aportar un brillo espejo con esa vitalidad propia del oro, sellando a la perfecci\u00f3n la cut\u00edcula. Gracias al perforado romboidal del cepillo, consigue reducir el tiempo de secado en un 30%, para obtener resultados profesionales en tiempo r\u00e9cord. Un cepillo de edici\u00f3n limitada que ensalza el dorado y se acopla a la tendencia que define al lujo y que ahora llega a tus peinados para hacerlos brillar.<\/p>\n<p>El cepillo m\u00e1s elegante de Termix responde a una necesidad: cuidar y proteger todo tipo de cabello. Para ello, incluye un nuevo microfilamento en el balanceado de fibras, que permite trabajar incluso sobre los cabellos sensibles sin da\u00f1arlos.<\/p>\n<p style=\"text-align: justify;\"><img decoding=\"async\" class=\"aligncenter wp-image-10177 size-full\" src=\"http:\/\/termix.net\/wp-content\/uploads\/2017\/06\/EVOLUTION-GOLD-1.jpg\" alt=\"productos de peluquer\u00eda. cepillo de pelo\" width=\"800\" height=\"462\" \/><\/p>\n<h1 style=\"text-align: justify;\">\u00bfPOR QU\u00c9 UN PACK CON 5 DI\u00c1METROS?<\/h1>\n<p style=\"text-align: justify;\">El <strong>Evolution Gold<\/strong> viene presentado en un pack con los cl\u00e1sicos 5 di\u00e1metros, para as\u00ed poder perfilar y moldear a la perfecci\u00f3n todos los tipos y longitudes de melenas. Te lo contamos:<\/p>\n<p style=\"text-align: justify;\">El di\u00e1metro\u00a0<strong>\u00d8 43<\/strong>\u00a0es la medida m\u00e1s indicada para alisar aquellas melenas muy largas o secar\u00a0<strong>secciones grandes de pelo<\/strong>\u00a0con una longitud contundente. A continuaci\u00f3n, situamos el<strong>\u00a0di\u00e1metro \u00d8 32<\/strong>. Un grosor caracter\u00edstico que ser\u00eda el apropiado para la creaci\u00f3n de\u00a0<strong>ondas amplias<\/strong>\u00a0y, adem\u00e1s, para aportar un\u00a0<strong>volumen grandilocuente<\/strong>\u00a0a la ra\u00edz, de forma r\u00e1pida y sencilla.<\/p>\n<p style=\"text-align: justify;\">El\u00a0<strong>\u00d828<\/strong>\u00a0es el indicado para aquellas\u00a0<strong>melenas<\/strong>\u00a0que llegan\u00a0<strong>por encima del hombro<\/strong>\u00a0o con el tan cotizado\u00a0<strong>corte\u00a0<em>long bob<\/em><\/strong>. Un est\u00e1ndar muy manejable perfecto para reestructurar\u00a0<strong>cortes tipo<\/strong><strong>\u00a0<\/strong><em><strong>carr\u00e9\u00a0<\/strong><\/em>o\u00a0<strong>cortes<\/strong><strong>\u00a0<\/strong><em><strong>pixies <\/strong><\/em>es el\u00a0di\u00e1metro<strong>\u00a0<\/strong><strong>\u00d8 23<\/strong>. Adem\u00e1s, podemos aprovechar su di\u00e1metro para peinar y dar forma al\u00a0<strong>flequillo<\/strong>\u00a0o, bien, crear un\u00a0<strong>tup\u00e9 corto<\/strong>\u00a0y estar preparados para cualquier ocasi\u00f3n o cita elegante.<\/p>\n<p style=\"text-align: justify;\"><img decoding=\"async\" class=\"aligncenter wp-image-10178 size-full\" src=\"http:\/\/termix.net\/wp-content\/uploads\/2017\/06\/EVOLUTION-GOLDDIA.jpg\" alt=\"cepillo de pelo profesional\" width=\"800\" height=\"462\" \/><\/p>\n<p style=\"text-align: justify;\">Y llegamos al final, el cepillo\u00a0Evolution Gold m\u00e1s reducido, pero no por ello el menos importante. Este \u00faltimo tama\u00f1o de\u00a0<strong>\u00d8 17<\/strong>\u00a0es \u00f3ptimo para\u00a0<strong>flequillos muy cortos<\/strong>\u00a0y conseguir que estos queden muy\u00a0<strong>bien perfilados<\/strong>\u00a0y rectos. Conseguir\u00edamos el deseado efecto ca\u00edda en vertical de un flequillo escalado o desigual. Tambi\u00e9n es el\u00a0 ideado para repasar y cuidar las zonas m\u00e1s olvidadas, como las\u00a0<strong>patillas<\/strong>\u00a0o\u00a0<strong>nacimientos del cabello<\/strong>.<\/p>\n<p style=\"text-align: justify;\"><strong>El dorado de Termix<\/strong>\u00a0consigue crear una onda muy natural y duradera, <strong>evitando la electricidad est\u00e1tica<\/strong> incluso en los cabellos m\u00e1s castigados,\u00a0 fr\u00e1giles o en las melenas m\u00e1s rizadas. Y todo ello gracias a las<strong>\u00a0<\/strong><strong>fibras ionizadas de alto rendimiento<\/strong>\u00a0que son capaces de resistir altas temperaturas.<\/p>\n<p style=\"text-align: justify;\"><img decoding=\"async\" class=\"aligncenter size-full wp-image-10179\" src=\"http:\/\/termix.net\/wp-content\/uploads\/2017\/06\/PACKAGING-EVOG.jpg\" alt=\"El packaging del cepillo Evolution Gold se trata de un formato malet\u00edn muy c\u00f3modo y f\u00e1cil de transportar\" width=\"800\" height=\"462\" \/><\/p>\n<p style=\"text-align: justify;\">Adem\u00e1s de poseer todas las ventajas de calidad Termix, incluye un\u00a0<strong>sistema de anodizado<\/strong>\u00a0que lo convierte en un utensilio mucho\u00a0<strong>m\u00e1s duradero<\/strong>\u00a0y, gracias a su ligero\u00a0<strong>mango 100% antideslizante<\/strong>, facilita el agarre para permitir la realizaci\u00f3n de peinados profesionales.<\/p>\n<p style=\"text-align: justify;\">El cepillo Evolution Gold de Termix<span style=\"color: #00b7cd;\">\u00a0<\/span>es una de las herramientas de peluquer\u00eda profesional m\u00e1s completas, tanto por su dise\u00f1o como por la alta tecnolog\u00eda que incluye. \u00a1Disfruta del <strong>brillo del oro en tu melena<\/strong>!<\/p>\n<div class=\"\u2019post-body\"><\/div>\n<\/div><div class=\"fusion-clearfix\"><\/div><\/div><\/div><\/div><div class=\"fusion-builder-row fusion-row\"><div class=\"fusion-layout-column fusion_builder_column fusion-builder-column-6 fusion_builder_column_1_1 1_1 fusion-one-full fusion-column-first fusion-column-last\" style=\"--awb-bg-size:cover;--awb-margin-top:0px;--awb-margin-bottom:0px;\"><div class=\"fusion-column-wrapper fusion-flex-column-wrapper-legacy\"><div class=\"fusion-text fusion-text-7\"><p>La intensidad y elegancia del dorado llega a nuestras manos con el <strong>Evolution Gold<\/strong>, un cepillo actualizado y de edici\u00f3n limitada que se adhiere a la tendencia oro de la temporada. Pero no tan solo en cuesti\u00f3n de estilismo se prepara el Evolution Gold, sino que tambi\u00e9n sus cualidades t\u00e9cnicas se presentan totalmente renovadas, pensando siempre en proporcionar el mejor cuidado para el cabello.<\/p>\n<p style=\"text-align: justify;\"><img decoding=\"async\" class=\"aligncenter wp-image-10176 size-full\" src=\"http:\/\/termix.net\/wp-content\/uploads\/2017\/06\/EVOLUTION-GOLD-ZAPATO.jpg\" alt=\"Cepillo profesional para pelo\" width=\"800\" height=\"462\" \/><\/p>\n<p>Por un lado, el cepillo profesional Evolution Gold ilumina el cabello con cada pasada y consigue aportar un brillo espejo con esa vitalidad propia del oro, sellando a la perfecci\u00f3n la cut\u00edcula. Gracias al perforado romboidal del cepillo, consigue reducir el tiempo de secado en un 30%, para obtener resultados profesionales en tiempo r\u00e9cord. Un cepillo de edici\u00f3n limitada que ensalza el dorado y se acopla a la tendencia que define al lujo y que ahora llega a tus peinados para hacerlos brillar.<\/p>\n<p>El cepillo m\u00e1s elegante de Termix responde a una necesidad: cuidar y proteger todo tipo de cabello. Para ello, incluye un nuevo microfilamento en el balanceado de fibras, que permite trabajar incluso sobre los cabellos sensibles sin da\u00f1arlos.<\/p>\n<p style=\"text-align: justify;\"><img decoding=\"async\" class=\"aligncenter wp-image-10177 size-full\" src=\"http:\/\/termix.net\/wp-content\/uploads\/2017\/06\/EVOLUTION-GOLD-1.jpg\" alt=\"productos de peluquer\u00eda. cepillo de pelo\" width=\"800\" height=\"462\" \/><\/p>\n<h1 style=\"text-align: justify;\">\u00bfPOR QU\u00c9 UN PACK CON 5 DI\u00c1METROS?<\/h1>\n<p style=\"text-align: justify;\">El <strong>Evolution Gold<\/strong> viene presentado en un pack con los cl\u00e1sicos 5 di\u00e1metros, para as\u00ed poder perfilar y moldear a la perfecci\u00f3n todos los tipos y longitudes de melenas. Te lo contamos:<\/p>\n<p style=\"text-align: justify;\">El di\u00e1metro\u00a0<strong>\u00d8 43<\/strong>\u00a0es la medida m\u00e1s indicada para alisar aquellas melenas muy largas o secar\u00a0<strong>secciones grandes de pelo<\/strong>\u00a0con una longitud contundente. A continuaci\u00f3n, situamos el<strong>\u00a0di\u00e1metro \u00d8 32<\/strong>. Un grosor caracter\u00edstico que ser\u00eda el apropiado para la creaci\u00f3n de\u00a0<strong>ondas amplias<\/strong>\u00a0y, adem\u00e1s, para aportar un\u00a0<strong>volumen grandilocuente<\/strong>\u00a0a la ra\u00edz, de forma r\u00e1pida y sencilla.<\/p>\n<p style=\"text-align: justify;\">El\u00a0<strong>\u00d828<\/strong>\u00a0es el indicado para aquellas\u00a0<strong>melenas<\/strong>\u00a0que llegan\u00a0<strong>por encima del hombro<\/strong>\u00a0o con el tan cotizado\u00a0<strong>corte\u00a0<em>long bob<\/em><\/strong>. Un est\u00e1ndar muy manejable perfecto para reestructurar\u00a0<strong>cortes tipo<\/strong><strong>\u00a0<\/strong><em><strong>carr\u00e9\u00a0<\/strong><\/em>o\u00a0<strong>cortes<\/strong><strong>\u00a0<\/strong><em><strong>pixies <\/strong><\/em>es el\u00a0di\u00e1metro<strong>\u00a0<\/strong><strong>\u00d8 23<\/strong>. Adem\u00e1s, podemos aprovechar su di\u00e1metro para peinar y dar forma al\u00a0<strong>flequillo<\/strong>\u00a0o, bien, crear un\u00a0<strong>tup\u00e9 corto<\/strong>\u00a0y estar preparados para cualquier ocasi\u00f3n o cita elegante.<\/p>\n<p style=\"text-align: justify;\"><img decoding=\"async\" class=\"aligncenter wp-image-10178 size-full\" src=\"http:\/\/termix.net\/wp-content\/uploads\/2017\/06\/EVOLUTION-GOLDDIA.jpg\" alt=\"cepillo de pelo profesional\" width=\"800\" height=\"462\" \/><\/p>\n<p style=\"text-align: justify;\">Y llegamos al final, el cepillo\u00a0Evolution Gold m\u00e1s reducido, pero no por ello el menos importante. Este \u00faltimo tama\u00f1o de\u00a0<strong>\u00d8 17<\/strong>\u00a0es \u00f3ptimo para\u00a0<strong>flequillos muy cortos<\/strong>\u00a0y conseguir que estos queden muy\u00a0<strong>bien perfilados<\/strong>\u00a0y rectos. Conseguir\u00edamos el deseado efecto ca\u00edda en vertical de un flequillo escalado o desigual. Tambi\u00e9n es el\u00a0 ideado para repasar y cuidar las zonas m\u00e1s olvidadas, como las\u00a0<strong>patillas<\/strong>\u00a0o\u00a0<strong>nacimientos del cabello<\/strong>.<\/p>\n<p style=\"text-align: justify;\"><strong>El dorado de Termix<\/strong>\u00a0consigue crear una onda muy natural y duradera, <strong>evitando la electricidad est\u00e1tica<\/strong> incluso en los cabellos m\u00e1s castigados,\u00a0 fr\u00e1giles o en las melenas m\u00e1s rizadas. Y todo ello gracias a las<strong>\u00a0<\/strong><strong>fibras ionizadas de alto rendimiento<\/strong>\u00a0que son capaces de resistir altas temperaturas.<\/p>\n<p style=\"text-align: justify;\"><img decoding=\"async\" class=\"aligncenter size-full wp-image-10179\" src=\"http:\/\/termix.net\/wp-content\/uploads\/2017\/06\/PACKAGING-EVOG.jpg\" alt=\"El packaging del cepillo Evolution Gold se trata de un formato malet\u00edn muy c\u00f3modo y f\u00e1cil de transportar\" width=\"800\" height=\"462\" \/><\/p>\n<p style=\"text-align: justify;\">Adem\u00e1s de poseer todas las ventajas de calidad Termix, incluye un\u00a0<strong>sistema de anodizado<\/strong>\u00a0que lo convierte en un utensilio mucho\u00a0<strong>m\u00e1s duradero<\/strong>\u00a0y, gracias a su ligero\u00a0<strong>mango 100% antideslizante<\/strong>, facilita el agarre para permitir la realizaci\u00f3n de peinados profesionales.<\/p>\n<p style=\"text-align: justify;\">El cepillo Evolution Gold de Termix<span style=\"color: #00b7cd;\">\u00a0<\/span>es una de las herramientas de peluquer\u00eda profesional m\u00e1s completas, tanto por su dise\u00f1o como por la alta tecnolog\u00eda que incluye. \u00a1Disfruta del <strong>brillo del oro en tu melena<\/strong>!<\/p>\n<div class=\"\u2019post-body\"><\/div>\n<\/div><div class=\"fusion-clearfix\"><\/div><\/div><\/div><\/div><\/div><div class=\"fusion-fullwidth fullwidth-box fusion-builder-row-4 nonhundred-percent-fullwidth non-hundred-percent-height-scrolling\" style=\"--awb-border-radius-top-left:0px;--awb-border-radius-top-right:0px;--awb-border-radius-bottom-right:0px;--awb-border-radius-bottom-left:0px;\" ><\/div><\/p>\n","protected":false},"excerpt":{"rendered":"<p>\t\t\t\tEn Termix nos hemos sumado a la tendencia oro con el cepillo Evolution Gold, una herramienta de peluquer\u00eda profesional de edici\u00f3n limitada que combina el dorado y el negro, para que cuides tu cabello y potencies al m\u00e1ximo su brillo. \t\t<\/p>\n","protected":false},"author":2,"featured_media":22526,"comment_status":"open","ping_status":"open","sticky":false,"template":"","format":"standard","meta":[],"categories":[6],"tags":[],"yoast_head":"<!-- This site is optimized with the Yoast SEO plugin v20.0 - https:\/\/yoast.com\/wordpress\/plugins\/seo\/ -->\n<title>El cepillo Evolution Gold de Termix al detalle: \u00a1Desc\u00fabrelo!<\/title>\n<meta name=\"description\" content=\"En Termix nos sumamos a la tendencia m\u00e1s brillante con el cepillo Evolution Gold, para que potencies al m\u00e1ximo el brillo de tu cabello.\" \/>\n<meta name=\"robots\" content=\"index, follow, max-snippet:-1, max-image-preview:large, max-video-preview:-1\" \/>\n<link rel=\"canonical\" href=\"https:\/\/termix.net\/blog\/es\/el-cepillo-evolution-gold-de-termix-al-detalle\/\" \/>\n<meta property=\"og:locale\" content=\"es_ES\" \/>\n<meta property=\"og:type\" content=\"article\" \/>\n<meta property=\"og:title\" content=\"El cepillo Evolution Gold de Termix al detalle: \u00a1Desc\u00fabrelo!\" \/>\n<meta property=\"og:description\" content=\"En Termix nos sumamos a la tendencia m\u00e1s brillante con el cepillo Evolution Gold, para que potencies al m\u00e1ximo el brillo de tu cabello.\" \/>\n<meta property=\"og:url\" content=\"https:\/\/termix.net\/blog\/es\/el-cepillo-evolution-gold-de-termix-al-detalle\/\" \/>\n<meta property=\"og:site_name\" content=\"Blog Termix Spain\" \/>\n<meta property=\"article:published_time\" content=\"2017-06-20T07:29:04+00:00\" \/>\n<meta property=\"article:modified_time\" content=\"2019-12-10T13:47:41+00:00\" \/>\n<meta property=\"og:image\" content=\"https:\/\/termix.net\/blog\/wp-content\/uploads\/2017\/06\/PACKAGING-EVOG.jpg\" \/>\n\t<meta property=\"og:image:width\" content=\"800\" \/>\n\t<meta property=\"og:image:height\" content=\"462\" \/>\n\t<meta property=\"og:image:type\" content=\"image\/jpeg\" \/>\n<meta name=\"author\" content=\"TermixTeam\" \/>\n<meta name=\"twitter:card\" content=\"summary_large_image\" \/>\n<meta name=\"twitter:label1\" content=\"Escrito por\" \/>\n\t<meta name=\"twitter:data1\" content=\"TermixTeam\" \/>\n\t<meta name=\"twitter:label2\" content=\"Tiempo de lectura\" \/>\n\t<meta name=\"twitter:data2\" content=\"19 minutos\" \/>\n<script type=\"application\/ld+json\" class=\"yoast-schema-graph\">{\"@context\":\"https:\/\/schema.org\",\"@graph\":[{\"@type\":\"Article\",\"@id\":\"https:\/\/termix.net\/blog\/es\/el-cepillo-evolution-gold-de-termix-al-detalle\/#article\",\"isPartOf\":{\"@id\":\"https:\/\/termix.net\/blog\/es\/el-cepillo-evolution-gold-de-termix-al-detalle\/\"},\"author\":{\"name\":\"TermixTeam\",\"@id\":\"https:\/\/termix.net\/blog\/es\/#\/schema\/person\/9096c98bdf03c8ddf91ad7172f254f40\"},\"headline\":\"El cepillo Evolution Gold de Termix al detalle\",\"datePublished\":\"2017-06-20T07:29:04+00:00\",\"dateModified\":\"2019-12-10T13:47:41+00:00\",\"mainEntityOfPage\":{\"@id\":\"https:\/\/termix.net\/blog\/es\/el-cepillo-evolution-gold-de-termix-al-detalle\/\"},\"wordCount\":3828,\"commentCount\":0,\"publisher\":{\"@id\":\"https:\/\/termix.net\/blog\/es\/#organization\"},\"articleSection\":[\"NOTICIAS\"],\"inLanguage\":\"es\",\"potentialAction\":[{\"@type\":\"CommentAction\",\"name\":\"Comment\",\"target\":[\"https:\/\/termix.net\/blog\/es\/el-cepillo-evolution-gold-de-termix-al-detalle\/#respond\"]}]},{\"@type\":\"WebPage\",\"@id\":\"https:\/\/termix.net\/blog\/es\/el-cepillo-evolution-gold-de-termix-al-detalle\/\",\"url\":\"https:\/\/termix.net\/blog\/es\/el-cepillo-evolution-gold-de-termix-al-detalle\/\",\"name\":\"El cepillo Evolution Gold de Termix al detalle: \u00a1Desc\u00fabrelo!\",\"isPartOf\":{\"@id\":\"https:\/\/termix.net\/blog\/es\/#website\"},\"datePublished\":\"2017-06-20T07:29:04+00:00\",\"dateModified\":\"2019-12-10T13:47:41+00:00\",\"description\":\"En Termix nos sumamos a la tendencia m\u00e1s brillante con el cepillo Evolution Gold, para que potencies al m\u00e1ximo el brillo de tu cabello.\",\"breadcrumb\":{\"@id\":\"https:\/\/termix.net\/blog\/es\/el-cepillo-evolution-gold-de-termix-al-detalle\/#breadcrumb\"},\"inLanguage\":\"es\",\"potentialAction\":[{\"@type\":\"ReadAction\",\"target\":[\"https:\/\/termix.net\/blog\/es\/el-cepillo-evolution-gold-de-termix-al-detalle\/\"]}]},{\"@type\":\"BreadcrumbList\",\"@id\":\"https:\/\/termix.net\/blog\/es\/el-cepillo-evolution-gold-de-termix-al-detalle\/#breadcrumb\",\"itemListElement\":[{\"@type\":\"ListItem\",\"position\":1,\"name\":\"Home\",\"item\":\"https:\/\/termix.net\/blog\/es\/\"},{\"@type\":\"ListItem\",\"position\":2,\"name\":\"El cepillo Evolution Gold de Termix al detalle\"}]},{\"@type\":\"WebSite\",\"@id\":\"https:\/\/termix.net\/blog\/es\/#website\",\"url\":\"https:\/\/termix.net\/blog\/es\/\",\"name\":\"Blog Termix Spain\",\"description\":\"Blog de tendencias y productos de peluquer\u00eda profesional.\",\"publisher\":{\"@id\":\"https:\/\/termix.net\/blog\/es\/#organization\"},\"potentialAction\":[{\"@type\":\"SearchAction\",\"target\":{\"@type\":\"EntryPoint\",\"urlTemplate\":\"https:\/\/termix.net\/blog\/es\/?s={search_term_string}\"},\"query-input\":\"required name=search_term_string\"}],\"inLanguage\":\"es\"},{\"@type\":\"Organization\",\"@id\":\"https:\/\/termix.net\/blog\/es\/#organization\",\"name\":\"Dols Industrial de Peluquer\u00eda SA\",\"url\":\"https:\/\/termix.net\/blog\/es\/\",\"logo\":{\"@type\":\"ImageObject\",\"inLanguage\":\"es\",\"@id\":\"https:\/\/termix.net\/blog\/es\/#\/schema\/logo\/image\/\",\"url\":\"https:\/\/termix.net\/blog\/wp-content\/uploads\/2020\/10\/OGbDAeng.jpeg\",\"contentUrl\":\"https:\/\/termix.net\/blog\/wp-content\/uploads\/2020\/10\/OGbDAeng.jpeg\",\"width\":800,\"height\":800,\"caption\":\"Dols Industrial de Peluquer\u00eda SA\"},\"image\":{\"@id\":\"https:\/\/termix.net\/blog\/es\/#\/schema\/logo\/image\/\"}},{\"@type\":\"Person\",\"@id\":\"https:\/\/termix.net\/blog\/es\/#\/schema\/person\/9096c98bdf03c8ddf91ad7172f254f40\",\"name\":\"TermixTeam\",\"image\":{\"@type\":\"ImageObject\",\"inLanguage\":\"es\",\"@id\":\"https:\/\/termix.net\/blog\/es\/#\/schema\/person\/image\/\",\"url\":\"https:\/\/secure.gravatar.com\/avatar\/d89f61f6bd1c29a4acb231736d1c74b3?s=96&d=mm&r=g\",\"contentUrl\":\"https:\/\/secure.gravatar.com\/avatar\/d89f61f6bd1c29a4acb231736d1c74b3?s=96&d=mm&r=g\",\"caption\":\"TermixTeam\"},\"url\":\"https:\/\/termix.net\/blog\/es\/author\/termixteam\/\"}]}<\/script>\n<!-- \/ Yoast SEO plugin. -->","yoast_head_json":{"title":"El cepillo Evolution Gold de Termix al detalle: \u00a1Desc\u00fabrelo!","description":"En Termix nos sumamos a la tendencia m\u00e1s brillante con el cepillo Evolution Gold, para que potencies al m\u00e1ximo el brillo de tu cabello.","robots":{"index":"index","follow":"follow","max-snippet":"max-snippet:-1","max-image-preview":"max-image-preview:large","max-video-preview":"max-video-preview:-1"},"canonical":"https:\/\/termix.net\/blog\/es\/el-cepillo-evolution-gold-de-termix-al-detalle\/","og_locale":"es_ES","og_type":"article","og_title":"El cepillo Evolution Gold de Termix al detalle: \u00a1Desc\u00fabrelo!","og_description":"En Termix nos sumamos a la tendencia m\u00e1s brillante con el cepillo Evolution Gold, para que potencies al m\u00e1ximo el brillo de tu cabello.","og_url":"https:\/\/termix.net\/blog\/es\/el-cepillo-evolution-gold-de-termix-al-detalle\/","og_site_name":"Blog Termix Spain","article_published_time":"2017-06-20T07:29:04+00:00","article_modified_time":"2019-12-10T13:47:41+00:00","og_image":[{"width":800,"height":462,"url":"https:\/\/termix.net\/blog\/wp-content\/uploads\/2017\/06\/PACKAGING-EVOG.jpg","type":"image\/jpeg"}],"author":"TermixTeam","twitter_card":"summary_large_image","twitter_misc":{"Escrito por":"TermixTeam","Tiempo de lectura":"19 minutos"},"schema":{"@context":"https:\/\/schema.org","@graph":[{"@type":"Article","@id":"https:\/\/termix.net\/blog\/es\/el-cepillo-evolution-gold-de-termix-al-detalle\/#article","isPartOf":{"@id":"https:\/\/termix.net\/blog\/es\/el-cepillo-evolution-gold-de-termix-al-detalle\/"},"author":{"name":"TermixTeam","@id":"https:\/\/termix.net\/blog\/es\/#\/schema\/person\/9096c98bdf03c8ddf91ad7172f254f40"},"headline":"El cepillo Evolution Gold de Termix al detalle","datePublished":"2017-06-20T07:29:04+00:00","dateModified":"2019-12-10T13:47:41+00:00","mainEntityOfPage":{"@id":"https:\/\/termix.net\/blog\/es\/el-cepillo-evolution-gold-de-termix-al-detalle\/"},"wordCount":3828,"commentCount":0,"publisher":{"@id":"https:\/\/termix.net\/blog\/es\/#organization"},"articleSection":["NOTICIAS"],"inLanguage":"es","potentialAction":[{"@type":"CommentAction","name":"Comment","target":["https:\/\/termix.net\/blog\/es\/el-cepillo-evolution-gold-de-termix-al-detalle\/#respond"]}]},{"@type":"WebPage","@id":"https:\/\/termix.net\/blog\/es\/el-cepillo-evolution-gold-de-termix-al-detalle\/","url":"https:\/\/termix.net\/blog\/es\/el-cepillo-evolution-gold-de-termix-al-detalle\/","name":"El cepillo Evolution Gold de Termix al detalle: \u00a1Desc\u00fabrelo!","isPartOf":{"@id":"https:\/\/termix.net\/blog\/es\/#website"},"datePublished":"2017-06-20T07:29:04+00:00","dateModified":"2019-12-10T13:47:41+00:00","description":"En Termix nos sumamos a la tendencia m\u00e1s brillante con el cepillo Evolution Gold, para que potencies al m\u00e1ximo el brillo de tu cabello.","breadcrumb":{"@id":"https:\/\/termix.net\/blog\/es\/el-cepillo-evolution-gold-de-termix-al-detalle\/#breadcrumb"},"inLanguage":"es","potentialAction":[{"@type":"ReadAction","target":["https:\/\/termix.net\/blog\/es\/el-cepillo-evolution-gold-de-termix-al-detalle\/"]}]},{"@type":"BreadcrumbList","@id":"https:\/\/termix.net\/blog\/es\/el-cepillo-evolution-gold-de-termix-al-detalle\/#breadcrumb","itemListElement":[{"@type":"ListItem","position":1,"name":"Home","item":"https:\/\/termix.net\/blog\/es\/"},{"@type":"ListItem","position":2,"name":"El cepillo Evolution Gold de Termix al detalle"}]},{"@type":"WebSite","@id":"https:\/\/termix.net\/blog\/es\/#website","url":"https:\/\/termix.net\/blog\/es\/","name":"Blog Termix Spain","description":"Blog de tendencias y productos de peluquer\u00eda profesional.","publisher":{"@id":"https:\/\/termix.net\/blog\/es\/#organization"},"potentialAction":[{"@type":"SearchAction","target":{"@type":"EntryPoint","urlTemplate":"https:\/\/termix.net\/blog\/es\/?s={search_term_string}"},"query-input":"required name=search_term_string"}],"inLanguage":"es"},{"@type":"Organization","@id":"https:\/\/termix.net\/blog\/es\/#organization","name":"Dols Industrial de Peluquer\u00eda SA","url":"https:\/\/termix.net\/blog\/es\/","logo":{"@type":"ImageObject","inLanguage":"es","@id":"https:\/\/termix.net\/blog\/es\/#\/schema\/logo\/image\/","url":"https:\/\/termix.net\/blog\/wp-content\/uploads\/2020\/10\/OGbDAeng.jpeg","contentUrl":"https:\/\/termix.net\/blog\/wp-content\/uploads\/2020\/10\/OGbDAeng.jpeg","width":800,"height":800,"caption":"Dols Industrial de Peluquer\u00eda SA"},"image":{"@id":"https:\/\/termix.net\/blog\/es\/#\/schema\/logo\/image\/"}},{"@type":"Person","@id":"https:\/\/termix.net\/blog\/es\/#\/schema\/person\/9096c98bdf03c8ddf91ad7172f254f40","name":"TermixTeam","image":{"@type":"ImageObject","inLanguage":"es","@id":"https:\/\/termix.net\/blog\/es\/#\/schema\/person\/image\/","url":"https:\/\/secure.gravatar.com\/avatar\/d89f61f6bd1c29a4acb231736d1c74b3?s=96&d=mm&r=g","contentUrl":"https:\/\/secure.gravatar.com\/avatar\/d89f61f6bd1c29a4acb231736d1c74b3?s=96&d=mm&r=g","caption":"TermixTeam"},"url":"https:\/\/termix.net\/blog\/es\/author\/termixteam\/"}]}},"_links":{"self":[{"href":"https:\/\/termix.net\/blog\/es\/wp-json\/wp\/v2\/posts\/10172"}],"collection":[{"href":"https:\/\/termix.net\/blog\/es\/wp-json\/wp\/v2\/posts"}],"about":[{"href":"https:\/\/termix.net\/blog\/es\/wp-json\/wp\/v2\/types\/post"}],"author":[{"embeddable":true,"href":"https:\/\/termix.net\/blog\/es\/wp-json\/wp\/v2\/users\/2"}],"replies":[{"embeddable":true,"href":"https:\/\/termix.net\/blog\/es\/wp-json\/wp\/v2\/comments?post=10172"}],"version-history":[{"count":3,"href":"https:\/\/termix.net\/blog\/es\/wp-json\/wp\/v2\/posts\/10172\/revisions"}],"predecessor-version":[{"id":22538,"href":"https:\/\/termix.net\/blog\/es\/wp-json\/wp\/v2\/posts\/10172\/revisions\/22538"}],"wp:featuredmedia":[{"embeddable":true,"href":"https:\/\/termix.net\/blog\/es\/wp-json\/wp\/v2\/media\/22526"}],"wp:attachment":[{"href":"https:\/\/termix.net\/blog\/es\/wp-json\/wp\/v2\/media?parent=10172"}],"wp:term":[{"taxonomy":"category","embeddable":true,"href":"https:\/\/termix.net\/blog\/es\/wp-json\/wp\/v2\/categories?post=10172"},{"taxonomy":"post_tag","embeddable":true,"href":"https:\/\/termix.net\/blog\/es\/wp-json\/wp\/v2\/tags?post=10172"}],"curies":[{"name":"wp","href":"https:\/\/api.w.org\/{rel}","templated":true}]}}