{"id":10160,"date":"2017-06-20T06:24:13","date_gmt":"2017-06-20T06:24:13","guid":{"rendered":"http:\/\/termix.net\/?p=10160"},"modified":"2019-12-16T12:30:53","modified_gmt":"2019-12-16T11:30:53","slug":"asi-ha-vivido-termix-feria-internacional-premiere-orlado-2017","status":"publish","type":"post","link":"https:\/\/termix.net\/blog\/es\/asi-ha-vivido-termix-feria-internacional-premiere-orlado-2017\/","title":{"rendered":"As\u00ed ha vivido Termix la Feria Internacional Premiere Orlando 2017"},"content":{"rendered":"<p><div class=\"fusion-fullwidth fullwidth-box fusion-builder-row-1 faded-background fusion-parallax-none nonhundred-percent-fullwidth non-hundred-percent-height-scrolling fusion-no-small-visibility fusion-no-medium-visibility\" style=\"--awb-border-radius-top-left:0px;--awb-border-radius-top-right:0px;--awb-border-radius-bottom-right:0px;--awb-border-radius-bottom-left:0px;--awb-padding-top:24%;--awb-padding-right:3%;--awb-padding-left:3%;--awb-background-size:cover;\" ><div class=\"fullwidth-faded\" style=\"--awb-background-color:#181818;--awb-background-image:url(https:\/\/termix.net\/blog\/wp-content\/uploads\/2017\/06\/primera-orlando.jpg);--awb-background-size:cover;\" ><\/div><div class=\"fusion-builder-row fusion-row\"><div class=\"fusion-layout-column fusion_builder_column fusion-builder-column-0 fusion_builder_column_1_1 1_1 fusion-one-full fusion-column-first fusion-column-last\" style=\"--awb-padding-top:6%;--awb-padding-right:8%;--awb-padding-bottom:6%;--awb-padding-left:8%;--awb-bg-color:rgba(255,255,255,0.7);--awb-bg-size:cover;--awb-margin-top:0px;--awb-margin-bottom:0px;\"><div class=\"fusion-column-wrapper fusion-column-has-shadow fusion-flex-column-wrapper-legacy\"><div class=\"fusion-text fusion-text-1 caption\"><p style=\"text-align: center;\">Ferias \u2014 3 min de lectura<\/p>\n<\/div><div class=\"fusion-title title fusion-title-1 fusion-sep-none fusion-title-center fusion-title-text fusion-title-size-two\" style=\"--awb-margin-top:30px;--awb-margin-bottom:20px;\"><h2 class=\"title-heading-center fusion-responsive-typography-calculated\" style=\"margin:0;--fontSize:50;line-height:1.28;\">As\u00ed ha vivido Termix la Feria Internacional Premiere Orlando 2017<\/h2><\/div><div class=\"fusion-clearfix\"><\/div><\/div><\/div><\/div><\/div><div class=\"fusion-fullwidth fullwidth-box fusion-builder-row-2 fusion-parallax-none nonhundred-percent-fullwidth non-hundred-percent-height-scrolling fusion-no-large-visibility\" style=\"--awb-border-radius-top-left:0px;--awb-border-radius-top-right:0px;--awb-border-radius-bottom-right:0px;--awb-border-radius-bottom-left:0px;--awb-background-image:url(&quot;https:\/\/termix.net\/blog\/wp-content\/uploads\/2019\/11\/con-el-secador-compacto-profesioanl-4300-de-termix-damos-volumen-al-cabello-1.jpg&quot;);--awb-background-size:cover;\" ><div class=\"fusion-builder-row fusion-row\"><div class=\"fusion-layout-column fusion_builder_column fusion-builder-column-1 fusion_builder_column_1_1 1_1 fusion-one-full fusion-column-first fusion-column-last fusion-column-inner-bg-wrapper\" style=\"--awb-padding-top:10%;--awb-padding-bottom:10%;--awb-inner-bg-image:url(&#039;http:\/\/termix.net\/blog\/wp-content\/uploads\/2019\/03\/single-blog-post-feat.jpg&#039;);--awb-inner-bg-position:center center;--awb-inner-bg-size:cover;\"><span class=\"fusion-column-inner-bg hover-type-zoomout\"><span class=\"fusion-column-anchor\"><span class=\"fusion-column-inner-bg-image\"><\/span><\/span><\/span><div class=\"fusion-column-wrapper fusion-flex-column-wrapper-legacy\" data-bg-url=\"http:\/\/termix.net\/blog\/wp-content\/uploads\/2019\/03\/single-blog-post-feat.jpg\"><div class=\"fusion-sep-clear\"><\/div><div class=\"fusion-separator fusion-no-large-visibility fusion-full-width-sep\" style=\"margin-left: auto;margin-right: auto;margin-top:200px;width:100%;\"><\/div><div class=\"fusion-sep-clear\"><\/div><div class=\"fusion-clearfix\"><\/div><\/div><\/div><div class=\"fusion-layout-column fusion_builder_column fusion-builder-column-2 fusion_builder_column_1_1 1_1 fusion-one-full fusion-column-first fusion-column-last\" style=\"--awb-padding-top:6%;--awb-bg-color:#ffffff;--awb-bg-size:cover;--awb-margin-top:0px;--awb-margin-bottom:0px;\"><div class=\"fusion-column-wrapper fusion-flex-column-wrapper-legacy\"><div class=\"fusion-text fusion-text-2 caption\"><p style=\"text-align: center;\">Ferias \u2014 3 min de lectura<\/p>\n<\/div><div class=\"fusion-title title fusion-title-2 fusion-sep-none fusion-title-center fusion-title-text fusion-title-size-two\" style=\"--awb-margin-top:30px;--awb-margin-bottom:20px;\"><h2 class=\"title-heading-center fusion-responsive-typography-calculated\" style=\"margin:0;--fontSize:50;line-height:1.28;\">As\u00ed ha vivido Termix la Feria Internacional Premiere Orlando 2017<\/h2><\/div><div class=\"fusion-clearfix\"><\/div><\/div><\/div><\/div><\/div><div class=\"fusion-fullwidth fullwidth-box fusion-builder-row-3 nonhundred-percent-fullwidth non-hundred-percent-height-scrolling\" style=\"--awb-border-radius-top-left:0px;--awb-border-radius-top-right:0px;--awb-border-radius-bottom-right:0px;--awb-border-radius-bottom-left:0px;--awb-padding-top:10px;--awb-padding-bottom:4%;\" ><div class=\"fusion-builder-row fusion-row\"><div class=\"fusion-layout-column fusion_builder_column fusion-builder-column-3 fusion_builder_column_1_6 1_6 fusion-one-sixth fusion-column-first fusion-no-small-visibility fusion-no-medium-visibility\" style=\"--awb-bg-size:cover;width:16.666666666667%;width:calc(16.666666666667% - ( ( 0 ) * 0.16666666666667 ) );margin-right: 0px;\"><div class=\"fusion-column-wrapper fusion-flex-column-wrapper-legacy\"><div class=\"fusion-clearfix\"><\/div><\/div><\/div><div class=\"fusion-layout-column fusion_builder_column fusion-builder-column-4 fusion_builder_column_2_3 2_3 fusion-two-third fusion-column-last\" style=\"--awb-bg-size:cover;width:66.666666666667%;width:calc(66.666666666667% - ( ( 0 ) * 0.66666666666667 ) );\"><div class=\"fusion-column-wrapper fusion-flex-column-wrapper-legacy\"><div class=\"fusion-sep-clear\"><\/div><div class=\"fusion-separator fusion-full-width-sep\" style=\"margin-left: auto;margin-right: auto;margin-top:30px;width:100%;\"><\/div><div class=\"fusion-sep-clear\"><\/div><div class=\"fusion-text fusion-text-3\"><p style=\"text-align: center;\"><span style=\"font-size: 22px; line-height: 1.5em;\">La Premiere Orlando International Beauty Event de este a\u00f1o se ha proclamado ya como todo un \u00e9xito para Termix. La empresa l\u00edder en herramientas profesionales para el cabello, ha conseguido reforzar su presencia en el continente americano, gracias a la innovaci\u00f3n de sus productos y la profesionalidad de un equipo muy bien integrado y eficiente.<\/span><\/p>\n<\/div><div class=\"fusion-sep-clear\"><\/div><div class=\"fusion-separator fusion-full-width-sep\" style=\"margin-left: auto;margin-right: auto;margin-top:30px;width:100%;\"><\/div><div class=\"fusion-sep-clear\"><\/div><div class=\"fusion-text fusion-text-4\"><p style=\"text-align: justify;\"><strong>Termix<\/strong> ha conseguido destacar entre m\u00e1s de <strong>800 expositores<\/strong> procedentes de alrededor de 35 pa\u00edses, <strong>afianzando su liderazgo<\/strong> entre las marcas l\u00edderes del sector <em>beauty<\/em>. Una feria internacional con m\u00e1s de <strong>57.000 visitantes<\/strong> que se sit\u00faa como una de los mayores eventos de peluquer\u00eda, est\u00e9tica y cosm\u00e9ticos de la costa este de los Estados Unidos.<\/p>\n<p style=\"text-align: justify;\">El <strong>\u00e9xito de Termix<\/strong> ha sido acentuado gracias a sus productos que hacen gala de un novedoso dise\u00f1o y una gran calidad t\u00e9cnica. Los cl\u00e1sicos triunfaron entre un p\u00fablico muy exigente, como por ejemplo la gama del <strong>cepillo Evolution<\/strong>,\u00a0ya que ha sido uno de los productos m\u00e1s demandados. Un cepillo dise\u00f1ado con fibra ionizada de alto rendimiento, con un mango ergon\u00f3mico y que su amplia gama se adapta a cada tipo de cabello, desde el m\u00e1s fino y delicado hasta el cabello m\u00e1s grueso.<\/p>\n<p style=\"text-align: justify;\"><img decoding=\"async\" class=\"aligncenter size-full wp-image-10163\" src=\"http:\/\/termix.net\/wp-content\/uploads\/2017\/06\/termix-cepillos.jpg\" alt=\"Las novedades en cepillos y herramientas de peluquer\u00eda profesional fueron mostradas en la feria Premiere de Orlando\" width=\"800\" height=\"462\" \/><\/p>\n<p style=\"text-align: justify;\">Este es un \u00e9xito\u00a0fruto de una<strong>\u00a0<\/strong><strong>dedicaci\u00f3n constante<\/strong>\u00a0y efectiva. Termix trabaja a diario para seguir siendo l\u00edderes en el sector y expandirse a otros mercados,\u00a0<strong>constatando la calidad e innovaci\u00f3n<\/strong>\u00a0de sus productos. La feria <strong>Premiere de Orlando<\/strong> ha significado el <strong>refuerzo de la presencia de la marca<\/strong> en el continente americano.<\/p>\n<\/div><div class=\"fusion-clearfix\"><\/div><\/div><\/div><\/div><\/div><div class=\"fusion-fullwidth fullwidth-box fusion-builder-row-4 nonhundred-percent-fullwidth non-hundred-percent-height-scrolling\" style=\"--awb-border-radius-top-left:0px;--awb-border-radius-top-right:0px;--awb-border-radius-bottom-right:0px;--awb-border-radius-bottom-left:0px;\" ><\/div><\/p>\n","protected":false},"excerpt":{"rendered":"<p>\t\t\t\tLa Premiere Orlando International Beauty Event de este a\u00f1o se ha proclamado ya como todo un \u00e9xito para Termix. La empresa l\u00edder en herramientas profesionales para el cabello, ha conseguido reforzar su presencia en el continente americano.\t\t<\/p>\n","protected":false},"author":2,"featured_media":22547,"comment_status":"open","ping_status":"open","sticky":false,"template":"","format":"standard","meta":[],"categories":[6],"tags":[],"yoast_head":"<!-- This site is optimized with the Yoast SEO plugin v20.0 - https:\/\/yoast.com\/wordpress\/plugins\/seo\/ -->\n<title>As\u00ed ha vivido Termix la Feria Internacional Premiere Orlando 2017 - Blog Termix Spain<\/title>\n<meta name=\"description\" content=\"Blog Termix Spain - As\u00ed ha vivido Termix la Feria Internacional Premiere Orlando 2017 -\" \/>\n<meta name=\"robots\" content=\"index, follow, max-snippet:-1, max-image-preview:large, max-video-preview:-1\" \/>\n<link rel=\"canonical\" href=\"https:\/\/termix.net\/blog\/es\/asi-ha-vivido-termix-feria-internacional-premiere-orlado-2017\/\" \/>\n<meta property=\"og:locale\" content=\"es_ES\" \/>\n<meta property=\"og:type\" content=\"article\" \/>\n<meta property=\"og:title\" content=\"As\u00ed ha vivido Termix la Feria Internacional Premiere Orlando 2017 - Blog Termix Spain\" \/>\n<meta property=\"og:description\" content=\"Blog Termix Spain - As\u00ed ha vivido Termix la Feria Internacional Premiere Orlando 2017 -\" \/>\n<meta property=\"og:url\" content=\"https:\/\/termix.net\/blog\/es\/asi-ha-vivido-termix-feria-internacional-premiere-orlado-2017\/\" \/>\n<meta property=\"og:site_name\" content=\"Blog Termix Spain\" \/>\n<meta property=\"article:published_time\" content=\"2017-06-20T06:24:13+00:00\" \/>\n<meta property=\"article:modified_time\" content=\"2019-12-16T11:30:53+00:00\" \/>\n<meta property=\"og:image\" content=\"https:\/\/termix.net\/blog\/wp-content\/uploads\/2017\/06\/primera-orlando.jpg\" \/>\n\t<meta property=\"og:image:width\" content=\"800\" \/>\n\t<meta property=\"og:image:height\" content=\"462\" \/>\n\t<meta property=\"og:image:type\" content=\"image\/jpeg\" \/>\n<meta name=\"author\" content=\"TermixTeam\" \/>\n<meta name=\"twitter:card\" content=\"summary_large_image\" \/>\n<meta name=\"twitter:label1\" content=\"Escrito por\" \/>\n\t<meta name=\"twitter:data1\" content=\"TermixTeam\" \/>\n\t<meta name=\"twitter:label2\" content=\"Tiempo de lectura\" \/>\n\t<meta name=\"twitter:data2\" content=\"7 minutos\" \/>\n<script type=\"application\/ld+json\" class=\"yoast-schema-graph\">{\"@context\":\"https:\/\/schema.org\",\"@graph\":[{\"@type\":\"Article\",\"@id\":\"https:\/\/termix.net\/blog\/es\/asi-ha-vivido-termix-feria-internacional-premiere-orlado-2017\/#article\",\"isPartOf\":{\"@id\":\"https:\/\/termix.net\/blog\/es\/asi-ha-vivido-termix-feria-internacional-premiere-orlado-2017\/\"},\"author\":{\"name\":\"TermixTeam\",\"@id\":\"https:\/\/termix.net\/blog\/es\/#\/schema\/person\/9096c98bdf03c8ddf91ad7172f254f40\"},\"headline\":\"As\u00ed ha vivido Termix la Feria Internacional Premiere Orlando 2017\",\"datePublished\":\"2017-06-20T06:24:13+00:00\",\"dateModified\":\"2019-12-16T11:30:53+00:00\",\"mainEntityOfPage\":{\"@id\":\"https:\/\/termix.net\/blog\/es\/asi-ha-vivido-termix-feria-internacional-premiere-orlado-2017\/\"},\"wordCount\":1443,\"commentCount\":2,\"publisher\":{\"@id\":\"https:\/\/termix.net\/blog\/es\/#organization\"},\"articleSection\":[\"NOTICIAS\"],\"inLanguage\":\"es\",\"potentialAction\":[{\"@type\":\"CommentAction\",\"name\":\"Comment\",\"target\":[\"https:\/\/termix.net\/blog\/es\/asi-ha-vivido-termix-feria-internacional-premiere-orlado-2017\/#respond\"]}]},{\"@type\":\"WebPage\",\"@id\":\"https:\/\/termix.net\/blog\/es\/asi-ha-vivido-termix-feria-internacional-premiere-orlado-2017\/\",\"url\":\"https:\/\/termix.net\/blog\/es\/asi-ha-vivido-termix-feria-internacional-premiere-orlado-2017\/\",\"name\":\"As\u00ed ha vivido Termix la Feria Internacional Premiere Orlando 2017 - Blog Termix Spain\",\"isPartOf\":{\"@id\":\"https:\/\/termix.net\/blog\/es\/#website\"},\"datePublished\":\"2017-06-20T06:24:13+00:00\",\"dateModified\":\"2019-12-16T11:30:53+00:00\",\"description\":\"Blog Termix Spain - As\u00ed ha vivido Termix la Feria Internacional Premiere Orlando 2017 -\",\"breadcrumb\":{\"@id\":\"https:\/\/termix.net\/blog\/es\/asi-ha-vivido-termix-feria-internacional-premiere-orlado-2017\/#breadcrumb\"},\"inLanguage\":\"es\",\"potentialAction\":[{\"@type\":\"ReadAction\",\"target\":[\"https:\/\/termix.net\/blog\/es\/asi-ha-vivido-termix-feria-internacional-premiere-orlado-2017\/\"]}]},{\"@type\":\"BreadcrumbList\",\"@id\":\"https:\/\/termix.net\/blog\/es\/asi-ha-vivido-termix-feria-internacional-premiere-orlado-2017\/#breadcrumb\",\"itemListElement\":[{\"@type\":\"ListItem\",\"position\":1,\"name\":\"Home\",\"item\":\"https:\/\/termix.net\/blog\/es\/\"},{\"@type\":\"ListItem\",\"position\":2,\"name\":\"As\u00ed ha vivido Termix la Feria Internacional Premiere Orlando 2017\"}]},{\"@type\":\"WebSite\",\"@id\":\"https:\/\/termix.net\/blog\/es\/#website\",\"url\":\"https:\/\/termix.net\/blog\/es\/\",\"name\":\"Blog Termix Spain\",\"description\":\"Blog de tendencias y productos de peluquer\u00eda profesional.\",\"publisher\":{\"@id\":\"https:\/\/termix.net\/blog\/es\/#organization\"},\"potentialAction\":[{\"@type\":\"SearchAction\",\"target\":{\"@type\":\"EntryPoint\",\"urlTemplate\":\"https:\/\/termix.net\/blog\/es\/?s={search_term_string}\"},\"query-input\":\"required name=search_term_string\"}],\"inLanguage\":\"es\"},{\"@type\":\"Organization\",\"@id\":\"https:\/\/termix.net\/blog\/es\/#organization\",\"name\":\"Dols Industrial de Peluquer\u00eda SA\",\"url\":\"https:\/\/termix.net\/blog\/es\/\",\"logo\":{\"@type\":\"ImageObject\",\"inLanguage\":\"es\",\"@id\":\"https:\/\/termix.net\/blog\/es\/#\/schema\/logo\/image\/\",\"url\":\"https:\/\/termix.net\/blog\/wp-content\/uploads\/2020\/10\/OGbDAeng.jpeg\",\"contentUrl\":\"https:\/\/termix.net\/blog\/wp-content\/uploads\/2020\/10\/OGbDAeng.jpeg\",\"width\":800,\"height\":800,\"caption\":\"Dols Industrial de Peluquer\u00eda SA\"},\"image\":{\"@id\":\"https:\/\/termix.net\/blog\/es\/#\/schema\/logo\/image\/\"}},{\"@type\":\"Person\",\"@id\":\"https:\/\/termix.net\/blog\/es\/#\/schema\/person\/9096c98bdf03c8ddf91ad7172f254f40\",\"name\":\"TermixTeam\",\"image\":{\"@type\":\"ImageObject\",\"inLanguage\":\"es\",\"@id\":\"https:\/\/termix.net\/blog\/es\/#\/schema\/person\/image\/\",\"url\":\"https:\/\/secure.gravatar.com\/avatar\/d89f61f6bd1c29a4acb231736d1c74b3?s=96&d=mm&r=g\",\"contentUrl\":\"https:\/\/secure.gravatar.com\/avatar\/d89f61f6bd1c29a4acb231736d1c74b3?s=96&d=mm&r=g\",\"caption\":\"TermixTeam\"},\"url\":\"https:\/\/termix.net\/blog\/es\/author\/termixteam\/\"}]}<\/script>\n<!-- \/ Yoast SEO plugin. -->","yoast_head_json":{"title":"As\u00ed ha vivido Termix la Feria Internacional Premiere Orlando 2017 - Blog Termix Spain","description":"Blog Termix Spain - As\u00ed ha vivido Termix la Feria Internacional Premiere Orlando 2017 -","robots":{"index":"index","follow":"follow","max-snippet":"max-snippet:-1","max-image-preview":"max-image-preview:large","max-video-preview":"max-video-preview:-1"},"canonical":"https:\/\/termix.net\/blog\/es\/asi-ha-vivido-termix-feria-internacional-premiere-orlado-2017\/","og_locale":"es_ES","og_type":"article","og_title":"As\u00ed ha vivido Termix la Feria Internacional Premiere Orlando 2017 - Blog Termix Spain","og_description":"Blog Termix Spain - As\u00ed ha vivido Termix la Feria Internacional Premiere Orlando 2017 -","og_url":"https:\/\/termix.net\/blog\/es\/asi-ha-vivido-termix-feria-internacional-premiere-orlado-2017\/","og_site_name":"Blog Termix Spain","article_published_time":"2017-06-20T06:24:13+00:00","article_modified_time":"2019-12-16T11:30:53+00:00","og_image":[{"width":800,"height":462,"url":"https:\/\/termix.net\/blog\/wp-content\/uploads\/2017\/06\/primera-orlando.jpg","type":"image\/jpeg"}],"author":"TermixTeam","twitter_card":"summary_large_image","twitter_misc":{"Escrito por":"TermixTeam","Tiempo de lectura":"7 minutos"},"schema":{"@context":"https:\/\/schema.org","@graph":[{"@type":"Article","@id":"https:\/\/termix.net\/blog\/es\/asi-ha-vivido-termix-feria-internacional-premiere-orlado-2017\/#article","isPartOf":{"@id":"https:\/\/termix.net\/blog\/es\/asi-ha-vivido-termix-feria-internacional-premiere-orlado-2017\/"},"author":{"name":"TermixTeam","@id":"https:\/\/termix.net\/blog\/es\/#\/schema\/person\/9096c98bdf03c8ddf91ad7172f254f40"},"headline":"As\u00ed ha vivido Termix la Feria Internacional Premiere Orlando 2017","datePublished":"2017-06-20T06:24:13+00:00","dateModified":"2019-12-16T11:30:53+00:00","mainEntityOfPage":{"@id":"https:\/\/termix.net\/blog\/es\/asi-ha-vivido-termix-feria-internacional-premiere-orlado-2017\/"},"wordCount":1443,"commentCount":2,"publisher":{"@id":"https:\/\/termix.net\/blog\/es\/#organization"},"articleSection":["NOTICIAS"],"inLanguage":"es","potentialAction":[{"@type":"CommentAction","name":"Comment","target":["https:\/\/termix.net\/blog\/es\/asi-ha-vivido-termix-feria-internacional-premiere-orlado-2017\/#respond"]}]},{"@type":"WebPage","@id":"https:\/\/termix.net\/blog\/es\/asi-ha-vivido-termix-feria-internacional-premiere-orlado-2017\/","url":"https:\/\/termix.net\/blog\/es\/asi-ha-vivido-termix-feria-internacional-premiere-orlado-2017\/","name":"As\u00ed ha vivido Termix la Feria Internacional Premiere Orlando 2017 - Blog Termix Spain","isPartOf":{"@id":"https:\/\/termix.net\/blog\/es\/#website"},"datePublished":"2017-06-20T06:24:13+00:00","dateModified":"2019-12-16T11:30:53+00:00","description":"Blog Termix Spain - As\u00ed ha vivido Termix la Feria Internacional Premiere Orlando 2017 -","breadcrumb":{"@id":"https:\/\/termix.net\/blog\/es\/asi-ha-vivido-termix-feria-internacional-premiere-orlado-2017\/#breadcrumb"},"inLanguage":"es","potentialAction":[{"@type":"ReadAction","target":["https:\/\/termix.net\/blog\/es\/asi-ha-vivido-termix-feria-internacional-premiere-orlado-2017\/"]}]},{"@type":"BreadcrumbList","@id":"https:\/\/termix.net\/blog\/es\/asi-ha-vivido-termix-feria-internacional-premiere-orlado-2017\/#breadcrumb","itemListElement":[{"@type":"ListItem","position":1,"name":"Home","item":"https:\/\/termix.net\/blog\/es\/"},{"@type":"ListItem","position":2,"name":"As\u00ed ha vivido Termix la Feria Internacional Premiere Orlando 2017"}]},{"@type":"WebSite","@id":"https:\/\/termix.net\/blog\/es\/#website","url":"https:\/\/termix.net\/blog\/es\/","name":"Blog Termix Spain","description":"Blog de tendencias y productos de peluquer\u00eda profesional.","publisher":{"@id":"https:\/\/termix.net\/blog\/es\/#organization"},"potentialAction":[{"@type":"SearchAction","target":{"@type":"EntryPoint","urlTemplate":"https:\/\/termix.net\/blog\/es\/?s={search_term_string}"},"query-input":"required name=search_term_string"}],"inLanguage":"es"},{"@type":"Organization","@id":"https:\/\/termix.net\/blog\/es\/#organization","name":"Dols Industrial de Peluquer\u00eda SA","url":"https:\/\/termix.net\/blog\/es\/","logo":{"@type":"ImageObject","inLanguage":"es","@id":"https:\/\/termix.net\/blog\/es\/#\/schema\/logo\/image\/","url":"https:\/\/termix.net\/blog\/wp-content\/uploads\/2020\/10\/OGbDAeng.jpeg","contentUrl":"https:\/\/termix.net\/blog\/wp-content\/uploads\/2020\/10\/OGbDAeng.jpeg","width":800,"height":800,"caption":"Dols Industrial de Peluquer\u00eda SA"},"image":{"@id":"https:\/\/termix.net\/blog\/es\/#\/schema\/logo\/image\/"}},{"@type":"Person","@id":"https:\/\/termix.net\/blog\/es\/#\/schema\/person\/9096c98bdf03c8ddf91ad7172f254f40","name":"TermixTeam","image":{"@type":"ImageObject","inLanguage":"es","@id":"https:\/\/termix.net\/blog\/es\/#\/schema\/person\/image\/","url":"https:\/\/secure.gravatar.com\/avatar\/d89f61f6bd1c29a4acb231736d1c74b3?s=96&d=mm&r=g","contentUrl":"https:\/\/secure.gravatar.com\/avatar\/d89f61f6bd1c29a4acb231736d1c74b3?s=96&d=mm&r=g","caption":"TermixTeam"},"url":"https:\/\/termix.net\/blog\/es\/author\/termixteam\/"}]}},"_links":{"self":[{"href":"https:\/\/termix.net\/blog\/es\/wp-json\/wp\/v2\/posts\/10160"}],"collection":[{"href":"https:\/\/termix.net\/blog\/es\/wp-json\/wp\/v2\/posts"}],"about":[{"href":"https:\/\/termix.net\/blog\/es\/wp-json\/wp\/v2\/types\/post"}],"author":[{"embeddable":true,"href":"https:\/\/termix.net\/blog\/es\/wp-json\/wp\/v2\/users\/2"}],"replies":[{"embeddable":true,"href":"https:\/\/termix.net\/blog\/es\/wp-json\/wp\/v2\/comments?post=10160"}],"version-history":[{"count":3,"href":"https:\/\/termix.net\/blog\/es\/wp-json\/wp\/v2\/posts\/10160\/revisions"}],"predecessor-version":[{"id":23671,"href":"https:\/\/termix.net\/blog\/es\/wp-json\/wp\/v2\/posts\/10160\/revisions\/23671"}],"wp:featuredmedia":[{"embeddable":true,"href":"https:\/\/termix.net\/blog\/es\/wp-json\/wp\/v2\/media\/22547"}],"wp:attachment":[{"href":"https:\/\/termix.net\/blog\/es\/wp-json\/wp\/v2\/media?parent=10160"}],"wp:term":[{"taxonomy":"category","embeddable":true,"href":"https:\/\/termix.net\/blog\/es\/wp-json\/wp\/v2\/categories?post=10160"},{"taxonomy":"post_tag","embeddable":true,"href":"https:\/\/termix.net\/blog\/es\/wp-json\/wp\/v2\/tags?post=10160"}],"curies":[{"name":"wp","href":"https:\/\/api.w.org\/{rel}","templated":true}]}}