{"id":8282,"date":"2015-06-03T09:16:11","date_gmt":"2015-06-03T09:16:11","guid":{"rendered":"http:\/\/termix.net\/?p=4619"},"modified":"2019-12-10T13:21:44","modified_gmt":"2019-12-10T12:21:44","slug":"crece-el-consumo-en-productos-de-peluqueria-profesional","status":"publish","type":"post","link":"https:\/\/termix.net\/blog-int\/es\/crece-el-consumo-en-productos-de-peluqueria-profesional\/","title":{"rendered":"CRECE EL CONSUMO EN PRODUCTOS DE PELUQUER\u00cdA PROFESIONAL"},"content":{"rendered":"<p><div class=\"fusion-fullwidth fullwidth-box fusion-builder-row-1 faded-background fusion-parallax-none nonhundred-percent-fullwidth non-hundred-percent-height-scrolling fusion-no-small-visibility fusion-no-medium-visibility\" style=\"background-position: center center;background-repeat: no-repeat;padding-top:24%;padding-right:3%;padding-bottom:0px;padding-left:3%;margin-bottom: 0px;margin-top: 0px;border-width: 0px 0px 0px 0px;border-color:#eae9e9;border-style:solid;-webkit-background-size:cover;-moz-background-size:cover;-o-background-size:cover;background-size:cover;\" ><div class=\"fullwidth-faded\" style=\"background-color:#181818;background-image: url(https:\/\/termixuri2.pre-testing.com\/blog-int\/wp-content\/uploads\/2019\/11\/cosmobeautybcn_bestsellers-1.jpg);background-position:center center;background-repeat:no-repeat;-webkit-background-size:cover;-moz-background-size:cover;-o-background-size:cover;background-size:cover;\" ><\/div><div class=\"fusion-builder-row fusion-row\"><div class=\"fusion-layout-column fusion_builder_column fusion-builder-column-0 fusion_builder_column_1_1 1_1 fusion-one-full fusion-column-first fusion-column-last\" style=\"margin-top:0px;margin-bottom:0px;\"><div class=\"fusion-column-wrapper fusion-flex-column-wrapper-legacy\" style=\"background-position:left top;background-repeat:no-repeat;-webkit-background-size:cover;-moz-background-size:cover;-o-background-size:cover;background-size:cover;background-color:rgba(255,255,255,0.7);padding: 6% 8% 6% 8%;\"><div class=\"fusion-text fusion-text-1 caption\"><p style=\"text-align: center;\">Noticias\u2014 3 min de lectura<\/p>\n<\/div><style type=\"text\/css\"><\/style><div class=\"fusion-title title fusion-title-1 fusion-sep-none fusion-title-center fusion-title-text fusion-title-size-two\" style=\"margin-top:30px;margin-right:0px;margin-bottom:20px;margin-left:0px;\"><h2 class=\"title-heading-center fusion-responsive-typography-calculated\" style=\"margin:0;--fontSize:50;line-height:1.28;\">Crece el consumo de productos de peluquer\u00eda en Espa\u00f1a<\/h2><\/div><div class=\"fusion-clearfix\"><\/div><\/div><\/div><\/div><\/div><div class=\"fusion-fullwidth fullwidth-box fusion-builder-row-2 fusion-parallax-none nonhundred-percent-fullwidth non-hundred-percent-height-scrolling fusion-no-large-visibility\" style=\"background-color: rgba(255,255,255,0);background-image: url(&quot;https:\/\/termixuri2.pre-testing.com\/blog-int\/wp-content\/uploads\/2019\/11\/cosmobeautybcn_bestsellers-1.jpg&quot;);background-position: center center;background-repeat: no-repeat;padding-top:0px;padding-right:0px;padding-bottom:0px;padding-left:0px;margin-bottom: 0px;margin-top: 0px;border-width: 0px 0px 0px 0px;border-color:#eae9e9;border-style:solid;-webkit-background-size:cover;-moz-background-size:cover;-o-background-size:cover;background-size:cover;\" ><div class=\"fusion-builder-row fusion-row\"><div class=\"fusion-layout-column fusion_builder_column fusion-builder-column-1 fusion_builder_column_1_1 1_1 fusion-one-full fusion-column-first fusion-column-last fusion-column-inner-bg-wrapper\" style=\"margin-top:20px;margin-bottom:20px;\"><div class=\"fusion-column-wrapper fusion-flex-column-wrapper-legacy\" style=\"padding: 10% 0px 10% 0px;\" data-bg-url=\"http:\/\/termixnew.pre-testing.com\/blog\/wp-content\/uploads\/2019\/03\/single-blog-post-feat.jpg\"><div class=\"fusion-sep-clear\"><\/div><div class=\"fusion-separator fusion-no-large-visibility fusion-full-width-sep\" style=\"margin-left: auto;margin-right: auto;margin-top:200px;width:100%;\"><\/div><div class=\"fusion-sep-clear\"><\/div><div class=\"fusion-clearfix\"><\/div><\/div><span class=\"fusion-column-inner-bg hover-type-zoomout\"><a class=\"fusion-column-anchor\"><span class=\"fusion-column-inner-bg-image\" style=\"background-image: url(&#039;http:\/\/termixnew.pre-testing.com\/blog\/wp-content\/uploads\/2019\/03\/single-blog-post-feat.jpg&#039;);background-position:center center;background-repeat:no-repeat;-webkit-background-size:cover;-moz-background-size:cover;-o-background-size:cover;background-size:cover;\"><\/span><\/a><\/span><\/div><div class=\"fusion-layout-column fusion_builder_column fusion-builder-column-2 fusion_builder_column_1_1 1_1 fusion-one-full fusion-column-first fusion-column-last\" style=\"margin-top:0px;margin-bottom:0px;\"><div class=\"fusion-column-wrapper fusion-flex-column-wrapper-legacy\" style=\"background-position:left top;background-repeat:no-repeat;-webkit-background-size:cover;-moz-background-size:cover;-o-background-size:cover;background-size:cover;background-color:#ffffff;padding: 6% 0px 0px 0px;\"><div class=\"fusion-text fusion-text-2 caption\"><p style=\"text-align: center;\">Noticias\u2014 3 min de lectura<\/p>\n<\/div><style type=\"text\/css\"><\/style><div class=\"fusion-title title fusion-title-2 fusion-sep-none fusion-title-center fusion-title-text fusion-title-size-two\" style=\"margin-top:30px;margin-right:0px;margin-bottom:20px;margin-left:0px;\"><h2 class=\"title-heading-center fusion-responsive-typography-calculated\" style=\"margin:0;--fontSize:50;line-height:1.28;\">Crece el consumo de productos de peluquer\u00eda en Espa\u00f1a<\/h2><\/div><div class=\"fusion-clearfix\"><\/div><\/div><\/div><\/div><\/div><div class=\"fusion-fullwidth fullwidth-box fusion-builder-row-3 nonhundred-percent-fullwidth non-hundred-percent-height-scrolling\" style=\"background-color: rgba(255,255,255,0);background-position: center center;background-repeat: no-repeat;padding-top:10px;padding-right:0px;padding-bottom:4%;padding-left:0px;margin-bottom: 0px;margin-top: 0px;border-width: 0px 0px 0px 0px;border-color:#eae9e9;border-style:solid;\" ><div class=\"fusion-builder-row fusion-row\"><div class=\"fusion-layout-column fusion_builder_column fusion-builder-column-3 fusion_builder_column_1_6 1_6 fusion-one-sixth fusion-column-first fusion-no-small-visibility fusion-no-medium-visibility\" style=\"width:16.666666666667%;width:calc(16.666666666667% - ( ( 0 + 0 ) * 0.16666666666667 ) );margin-right: 0px;margin-top:20px;margin-bottom:20px;\"><div class=\"fusion-column-wrapper fusion-flex-column-wrapper-legacy\" style=\"background-position:left top;background-repeat:no-repeat;-webkit-background-size:cover;-moz-background-size:cover;-o-background-size:cover;background-size:cover;padding: 0px 0px 0px 0px;\"><div class=\"fusion-clearfix\"><\/div><\/div><\/div><div class=\"fusion-layout-column fusion_builder_column fusion-builder-column-4 fusion_builder_column_2_3 2_3 fusion-two-third\" style=\"width:66.666666666667%;width:calc(66.666666666667% - ( ( 0 + 0 ) * 0.66666666666667 ) );margin-right: 0px;margin-top:20px;margin-bottom:20px;\"><div class=\"fusion-column-wrapper fusion-flex-column-wrapper-legacy\" style=\"background-position:left top;background-repeat:no-repeat;-webkit-background-size:cover;-moz-background-size:cover;-o-background-size:cover;background-size:cover;padding: 0px 0px 0px 0px;\"><div class=\"fusion-sep-clear\"><\/div><div class=\"fusion-separator fusion-full-width-sep\" style=\"margin-left: auto;margin-right: auto;margin-top:30px;width:100%;\"><\/div><div class=\"fusion-sep-clear\"><\/div><div class=\"fusion-text fusion-text-3\"><p>Cada vez nos hacemos m\u00e1s tratamientos capilares en casa, y para ello utilizamos productos de peluquer\u00eda de marcas profesionales. Estas son las principales conclusiones del informe sobre la situaci\u00f3n del canal Profesional en el sector de la belleza en Espa\u00f1a realizado por la consultora Kantar Worldpanel, l\u00edder en investigaci\u00f3n de mercados basada en paneles de consumo.<\/p>\n<\/div><div class=\"fusion-sep-clear\"><\/div><div class=\"fusion-separator fusion-full-width-sep\" style=\"margin-left: auto;margin-right: auto;margin-top:30px;width:100%;\"><\/div><div class=\"fusion-sep-clear\"><\/div><div class=\"fusion-clearfix\"><\/div><\/div><\/div><div class=\"fusion-layout-column fusion_builder_column fusion-builder-column-5 fusion_builder_column_1_6 1_6 fusion-one-sixth fusion-column-last fusion-no-small-visibility fusion-no-medium-visibility\" style=\"width:16.666666666667%;width:calc(16.666666666667% - ( ( 0 + 0 ) * 0.16666666666667 ) );margin-top:20px;margin-bottom:20px;\"><div class=\"fusion-column-wrapper fusion-flex-column-wrapper-legacy\" style=\"background-position:left top;background-repeat:no-repeat;-webkit-background-size:cover;-moz-background-size:cover;-o-background-size:cover;background-size:cover;padding: 0px 0px 0px 0px;\"><div class=\"fusion-clearfix\"><\/div><\/div><\/div><\/div><\/div><div class=\"fusion-fullwidth fullwidth-box fusion-builder-row-4 fusion-parallax-none nonhundred-percent-fullwidth hundred-percent-height hundred-percent-height-center-content non-hundred-percent-height-scrolling\" style=\"background-color: rgba(255,255,255,0);background-image: url(&quot;https:\/\/termixuri2.pre-testing.com\/blog-int\/wp-content\/uploads\/2019\/11\/termix-will-be-attending-to-salon-look-chile-and-inbeauty-lisbon.jpg&quot;);background-position: center center;background-repeat: no-repeat;padding-top:0px;padding-right:0px;padding-bottom:0px;padding-left:0px;margin-bottom: 0px;margin-top: 0px;border-width: 0px 0px 0px 0px;border-color:#eae9e9;border-style:solid;-webkit-background-size:cover;-moz-background-size:cover;-o-background-size:cover;background-size:cover;\" ><div class=\"fusion-fullwidth-center-content\"><div class=\"fusion-builder-row fusion-row\"><div class=\"fusion-layout-column fusion_builder_column fusion-builder-column-6 fusion_builder_column_1_6 1_6 fusion-one-sixth fusion-column-first fusion-no-small-visibility fusion-no-medium-visibility\" style=\"width:16.666666666667%;width:calc(16.666666666667% - ( ( 0 + 4% ) * 0.16666666666667 ) );margin-right: 0px;margin-top:20px;margin-bottom:20px;\"><div class=\"fusion-column-wrapper fusion-flex-column-wrapper-legacy\" style=\"background-position:left top;background-repeat:no-repeat;-webkit-background-size:cover;-moz-background-size:cover;-o-background-size:cover;background-size:cover;padding: 0px 0px 0px 0px;\"><div class=\"fusion-clearfix\"><\/div><\/div><\/div><div class=\"fusion-layout-column fusion_builder_column fusion-builder-column-7 fusion_builder_column_2_3 2_3 fusion-two-third fusion-column-inner-bg-wrapper fusion-animated\" style=\"width:66.666666666667%;width:calc(66.666666666667% - ( ( 0 + 4% ) * 0.66666666666667 ) );margin-right: 4%;margin-top:0px;margin-bottom:0px;\" data-animationType=\"fadeInUp\" data-animationDuration=\"0.3\" data-animationOffset=\"100%\"><div class=\"fusion-column-wrapper fusion-flex-column-wrapper-legacy\" style=\"padding: 0px 0px 0px 0px;\"><style type=\"text\/css\"><\/style><div class=\"fusion-title title fusion-title-3 fusion-sep-none fusion-title-text fusion-title-size-three\" style=\"margin-top:16px;margin-right:0px;margin-bottom:16px;margin-left:0px;\"><h3 class=\"title-heading-left fusion-responsive-typography-calculated\" style=\"margin:0;--fontSize:40;line-height:1.4;\"><\/h3><\/div><div class=\"fusion-clearfix\"><\/div><\/div><span class=\"fusion-column-inner-bg hover-type-zoomout\"><a class=\"fusion-column-anchor\"><span class=\"fusion-column-inner-bg-image\" style=\"background-position:left top;background-repeat:no-repeat;-webkit-background-size:cover;-moz-background-size:cover;-o-background-size:cover;background-size:cover;\"><\/span><\/a><\/span><\/div><div class=\"fusion-layout-column fusion_builder_column fusion-builder-column-8 fusion_builder_column_1_6 1_6 fusion-one-sixth fusion-column-last fusion-no-small-visibility fusion-no-medium-visibility\" style=\"width:16.666666666667%;width:calc(16.666666666667% - ( ( 0 + 4% ) * 0.16666666666667 ) );margin-top:20px;margin-bottom:20px;\"><div class=\"fusion-column-wrapper fusion-flex-column-wrapper-legacy\" style=\"background-position:left top;background-repeat:no-repeat;-webkit-background-size:cover;-moz-background-size:cover;-o-background-size:cover;background-size:cover;padding: 0px 0px 0px 0px;\"><div class=\"fusion-clearfix\"><\/div><\/div><\/div><\/div><\/div><\/div><div class=\"fusion-fullwidth fullwidth-box fusion-builder-row-5 nonhundred-percent-fullwidth non-hundred-percent-height-scrolling\" style=\"background-color: rgba(255,255,255,0);background-position: center center;background-repeat: no-repeat;padding-top:5%;padding-right:0px;padding-bottom:0px;padding-left:0px;margin-bottom: 0px;margin-top: 0px;border-width: 0px 0px 0px 0px;border-color:#eae9e9;border-style:solid;\" ><div class=\"fusion-builder-row fusion-row\"><div class=\"fusion-layout-column fusion_builder_column fusion-builder-column-9 fusion_builder_column_1_6 1_6 fusion-one-sixth fusion-column-first fusion-no-small-visibility fusion-no-medium-visibility\" style=\"width:16.666666666667%;width:calc(16.666666666667% - ( ( 0 ) * 0.16666666666667 ) );margin-right: 0px;margin-top:20px;margin-bottom:20px;\"><div class=\"fusion-column-wrapper fusion-flex-column-wrapper-legacy\" style=\"background-position:left top;background-repeat:no-repeat;-webkit-background-size:cover;-moz-background-size:cover;-o-background-size:cover;background-size:cover;padding: 0px 0px 0px 0px;\"><div class=\"fusion-clearfix\"><\/div><\/div><\/div><div class=\"fusion-layout-column fusion_builder_column fusion-builder-column-10 fusion_builder_column_2_3 2_3 fusion-two-third fusion-column-last\" style=\"width:66.666666666667%;width:calc(66.666666666667% - ( ( 0 ) * 0.66666666666667 ) );margin-top:20px;margin-bottom:20px;\"><div class=\"fusion-column-wrapper fusion-flex-column-wrapper-legacy\" style=\"background-position:left top;background-repeat:no-repeat;-webkit-background-size:cover;-moz-background-size:cover;-o-background-size:cover;background-size:cover;padding: 0px 0px 0px 0px;\"><div class=\"fusion-text fusion-text-4\"><h2>Seg\u00fan la investigaci\u00f3n&#8230;<\/h2>\n<p>El mercado de la belleza, en recesi\u00f3n hasta ahora por la ca\u00edda de precios, se va recuperando gracias a la atracci\u00f3n de nuevos compradores.<\/p>\n<p>En este contexto, el canal profesional crece por encima del resto. Pese a que \u00fanicamente el 8% de los compradores de productos de belleza compran alg\u00fan producto en 2014 en el canal profesional, cada vez m\u00e1s individuos demandan productos de peluquer\u00eda profesional (aumenta un 3% el gasto en 2014). De este 8%, adem\u00e1s, un 37% es fiel, lo que convierte el canal en un gran potencial de venta.<\/p>\n<p>Seg\u00fan el informe, 26,6 millones de personas acudieron a la peluquer\u00eda como m\u00ednimo una vez en 2014. Los mismos que lo hicieron en 2013, aunque cada vez m\u00e1s hay menos espa\u00f1oles en la peluquer\u00eda debido a la crisis.<\/p>\n<h2>Consecuencias<\/h2>\n<p>Otra de las consecuencias es el descenso en el gasto medio. Dichos gastos pasan de 23,8\u20ac por visita en 2012 a 21\u20ac por visita en 2014. Pese a ello, en lugar de tardar 80 d\u00edas en ir a la peluquer\u00eda, tardamos 72. Es decir, seguimos yendo a estos centros de bellezas, pero reducimos el gasto y la frecuencia de visita. A cambio compramos los productos que nos recomienda el peluquero para poder hacernos un tratamiento profesional en casa.<\/p>\n<p>As\u00ed, con gente m\u00e1s experta para hacerlo en casa y buscando ahorro, las peluquer\u00edas tienen la oportunidad de prescripci\u00f3n para recuperar el gasto de visitas perdidas a sus centros. Otro de los grandes potenciales es el cliente masculino. Cada vez m\u00e1s hombres acuden a la peluquer\u00eda. En 2014, de los 18,6 millones de hombres potenciales, 11,6 millones son clientes de peluquer\u00eda. En el \u00faltimo a\u00f1o tambi\u00e9n, la edad del consumidor m\u00e1s fiel se sit\u00faa en dos polos opuestos. Por debajo de los 25 a\u00f1os y por encima de los 50 a\u00f1os. En comparaci\u00f3n con otros grupos, los consumidores m\u00e1s mayores eligen marcas de mayor calidad.<\/p>\n<h2>El sector de la peluquer\u00eda en Espa\u00f1a<\/h2>\n<p>El sector de empresas, fabricantes, distribuidoras y mayoristas de productos destinados al sector profesional de peluquer\u00eda y est\u00e9tica en Espa\u00f1a est\u00e1 constituido por unas 1.800 empresas.<\/p>\n<p>Estas empresas se caracterizan por ser en su gran mayor\u00eda pymes o micropymes, con una larga trayectoria en el mercado.<\/p>\n<p>La elevada atomizaci\u00f3n de este tejido profesional permite cubrir toda la geograf\u00eda espa\u00f1ola y disponer de una diversa y amplia cartera de productos para dar respuesta a la demanda de los m\u00e1s de 50.000 establecimientos de peluquer\u00eda y est\u00e9tica que se estima hay en nuestro pa\u00eds.<\/p>\n<p>En 2013 dichos establecimientos generaron una facturaci\u00f3n superior a los 7.000 millones de euros.<\/p>\n<\/div><div class=\"fusion-clearfix\"><\/div><\/div><\/div><\/div><\/div><\/p>\n","protected":false},"excerpt":{"rendered":"<p>\t\t\t\tCada vez nos hacemos m\u00e1s tratamientos capilares en casa, y para ello utilizamos marcas profesionales de peluquer\u00eda. Estas son las principales conclusiones del informe sobre la situaci\u00f3n del canal Profesional en el sector de la belleza en Espa\u00f1a.\t\t<\/p>\n","protected":false},"author":2,"featured_media":21807,"comment_status":"open","ping_status":"open","sticky":false,"template":"","format":"standard","meta":[],"categories":[33,6],"tags":[],"yoast_head":"<!-- This site is optimized with the Yoast SEO plugin v20.0 - https:\/\/yoast.com\/wordpress\/plugins\/seo\/ -->\n<title>Crece el consumo de productos de peluquer\u00eda profesional -Termix<\/title>\n<meta name=\"description\" content=\"Cada vez nos hacemos m\u00e1s tratamientos capilares en casa, y para ello utilizamos productos de peluquer\u00eda de marcas profesionales. Estas son las conclusiones del...\" \/>\n<meta name=\"robots\" content=\"index, follow, max-snippet:-1, max-image-preview:large, max-video-preview:-1\" \/>\n<link rel=\"canonical\" href=\"https:\/\/termix.net\/blog-int\/es\/crece-el-consumo-en-productos-de-peluqueria-profesional\/\" \/>\n<meta property=\"og:locale\" content=\"es_ES\" \/>\n<meta property=\"og:type\" content=\"article\" \/>\n<meta property=\"og:title\" content=\"Crece el consumo de productos de peluquer\u00eda profesional -Termix\" \/>\n<meta property=\"og:description\" content=\"Cada vez nos hacemos m\u00e1s tratamientos capilares en casa, y para ello utilizamos productos de peluquer\u00eda de marcas profesionales. Estas son las conclusiones del...\" \/>\n<meta property=\"og:url\" content=\"https:\/\/termix.net\/blog-int\/es\/crece-el-consumo-en-productos-de-peluqueria-profesional\/\" \/>\n<meta property=\"og:site_name\" content=\"Blog Termix Spain\" \/>\n<meta property=\"article:published_time\" content=\"2015-06-03T09:16:11+00:00\" \/>\n<meta property=\"article:modified_time\" content=\"2019-12-10T12:21:44+00:00\" \/>\n<meta property=\"og:image\" content=\"https:\/\/termix.net\/blog-int\/wp-content\/uploads\/2019\/04\/cosmobeauty-barcelona_.jpg\" \/>\n\t<meta property=\"og:image:width\" content=\"1160\" \/>\n\t<meta property=\"og:image:height\" content=\"660\" \/>\n\t<meta property=\"og:image:type\" content=\"image\/jpeg\" \/>\n<meta name=\"author\" content=\"TermixTeam\" \/>\n<meta name=\"twitter:card\" content=\"summary_large_image\" \/>\n<meta name=\"twitter:label1\" content=\"Escrito por\" \/>\n\t<meta name=\"twitter:data1\" content=\"TermixTeam\" \/>\n\t<meta name=\"twitter:label2\" content=\"Tiempo de lectura\" \/>\n\t<meta name=\"twitter:data2\" content=\"12 minutos\" \/>\n<script type=\"application\/ld+json\" class=\"yoast-schema-graph\">{\"@context\":\"https:\/\/schema.org\",\"@graph\":[{\"@type\":\"Article\",\"@id\":\"https:\/\/termix.net\/blog-int\/es\/crece-el-consumo-en-productos-de-peluqueria-profesional\/#article\",\"isPartOf\":{\"@id\":\"https:\/\/termix.net\/blog-int\/es\/crece-el-consumo-en-productos-de-peluqueria-profesional\/\"},\"author\":{\"name\":\"TermixTeam\",\"@id\":\"https:\/\/termix.net\/blog-int\/es\/#\/schema\/person\/9096c98bdf03c8ddf91ad7172f254f40\"},\"headline\":\"CRECE EL CONSUMO EN PRODUCTOS DE PELUQUER\u00cdA PROFESIONAL\",\"datePublished\":\"2015-06-03T09:16:11+00:00\",\"dateModified\":\"2019-12-10T12:21:44+00:00\",\"mainEntityOfPage\":{\"@id\":\"https:\/\/termix.net\/blog-int\/es\/crece-el-consumo-en-productos-de-peluqueria-profesional\/\"},\"wordCount\":2373,\"commentCount\":0,\"publisher\":{\"@id\":\"https:\/\/termix.net\/blog-int\/es\/#organization\"},\"articleSection\":[\"Actualidad Termix\",\"NOTICIAS\"],\"inLanguage\":\"es\",\"potentialAction\":[{\"@type\":\"CommentAction\",\"name\":\"Comment\",\"target\":[\"https:\/\/termix.net\/blog-int\/es\/crece-el-consumo-en-productos-de-peluqueria-profesional\/#respond\"]}]},{\"@type\":\"WebPage\",\"@id\":\"https:\/\/termix.net\/blog-int\/es\/crece-el-consumo-en-productos-de-peluqueria-profesional\/\",\"url\":\"https:\/\/termix.net\/blog-int\/es\/crece-el-consumo-en-productos-de-peluqueria-profesional\/\",\"name\":\"Crece el consumo de productos de peluquer\u00eda profesional -Termix\",\"isPartOf\":{\"@id\":\"https:\/\/termix.net\/blog-int\/es\/#website\"},\"datePublished\":\"2015-06-03T09:16:11+00:00\",\"dateModified\":\"2019-12-10T12:21:44+00:00\",\"description\":\"Cada vez nos hacemos m\u00e1s tratamientos capilares en casa, y para ello utilizamos productos de peluquer\u00eda de marcas profesionales. Estas son las conclusiones del...\",\"breadcrumb\":{\"@id\":\"https:\/\/termix.net\/blog-int\/es\/crece-el-consumo-en-productos-de-peluqueria-profesional\/#breadcrumb\"},\"inLanguage\":\"es\",\"potentialAction\":[{\"@type\":\"ReadAction\",\"target\":[\"https:\/\/termix.net\/blog-int\/es\/crece-el-consumo-en-productos-de-peluqueria-profesional\/\"]}]},{\"@type\":\"BreadcrumbList\",\"@id\":\"https:\/\/termix.net\/blog-int\/es\/crece-el-consumo-en-productos-de-peluqueria-profesional\/#breadcrumb\",\"itemListElement\":[{\"@type\":\"ListItem\",\"position\":1,\"name\":\"Home\",\"item\":\"https:\/\/termix.net\/blog-int\/es\/\"},{\"@type\":\"ListItem\",\"position\":2,\"name\":\"CRECE EL CONSUMO EN PRODUCTOS DE PELUQUER\u00cdA PROFESIONAL\"}]},{\"@type\":\"WebSite\",\"@id\":\"https:\/\/termix.net\/blog-int\/es\/#website\",\"url\":\"https:\/\/termix.net\/blog-int\/es\/\",\"name\":\"Blog Termix Spain\",\"description\":\"Blog de tendencias y productos de peluquer\u00eda profesional.\",\"publisher\":{\"@id\":\"https:\/\/termix.net\/blog-int\/es\/#organization\"},\"potentialAction\":[{\"@type\":\"SearchAction\",\"target\":{\"@type\":\"EntryPoint\",\"urlTemplate\":\"https:\/\/termix.net\/blog-int\/es\/?s={search_term_string}\"},\"query-input\":\"required name=search_term_string\"}],\"inLanguage\":\"es\"},{\"@type\":\"Organization\",\"@id\":\"https:\/\/termix.net\/blog-int\/es\/#organization\",\"name\":\"Dols Industrial de Peluquer\u00eda SA\",\"url\":\"https:\/\/termix.net\/blog-int\/es\/\",\"logo\":{\"@type\":\"ImageObject\",\"inLanguage\":\"es\",\"@id\":\"https:\/\/termix.net\/blog-int\/es\/#\/schema\/logo\/image\/\",\"url\":\"https:\/\/termix.net\/blog-int\/wp-content\/uploads\/2020\/10\/OGbDAeng.jpeg\",\"contentUrl\":\"https:\/\/termix.net\/blog-int\/wp-content\/uploads\/2020\/10\/OGbDAeng.jpeg\",\"width\":800,\"height\":800,\"caption\":\"Dols Industrial de Peluquer\u00eda SA\"},\"image\":{\"@id\":\"https:\/\/termix.net\/blog-int\/es\/#\/schema\/logo\/image\/\"}},{\"@type\":\"Person\",\"@id\":\"https:\/\/termix.net\/blog-int\/es\/#\/schema\/person\/9096c98bdf03c8ddf91ad7172f254f40\",\"name\":\"TermixTeam\",\"image\":{\"@type\":\"ImageObject\",\"inLanguage\":\"es\",\"@id\":\"https:\/\/termix.net\/blog-int\/es\/#\/schema\/person\/image\/\",\"url\":\"https:\/\/secure.gravatar.com\/avatar\/d89f61f6bd1c29a4acb231736d1c74b3?s=96&d=mm&r=g\",\"contentUrl\":\"https:\/\/secure.gravatar.com\/avatar\/d89f61f6bd1c29a4acb231736d1c74b3?s=96&d=mm&r=g\",\"caption\":\"TermixTeam\"},\"url\":\"https:\/\/termix.net\/blog-int\/es\/author\/termixteam\/\"}]}<\/script>\n<!-- \/ Yoast SEO plugin. -->","yoast_head_json":{"title":"Crece el consumo de productos de peluquer\u00eda profesional -Termix","description":"Cada vez nos hacemos m\u00e1s tratamientos capilares en casa, y para ello utilizamos productos de peluquer\u00eda de marcas profesionales. Estas son las conclusiones del...","robots":{"index":"index","follow":"follow","max-snippet":"max-snippet:-1","max-image-preview":"max-image-preview:large","max-video-preview":"max-video-preview:-1"},"canonical":"https:\/\/termix.net\/blog-int\/es\/crece-el-consumo-en-productos-de-peluqueria-profesional\/","og_locale":"es_ES","og_type":"article","og_title":"Crece el consumo de productos de peluquer\u00eda profesional -Termix","og_description":"Cada vez nos hacemos m\u00e1s tratamientos capilares en casa, y para ello utilizamos productos de peluquer\u00eda de marcas profesionales. Estas son las conclusiones del...","og_url":"https:\/\/termix.net\/blog-int\/es\/crece-el-consumo-en-productos-de-peluqueria-profesional\/","og_site_name":"Blog Termix Spain","article_published_time":"2015-06-03T09:16:11+00:00","article_modified_time":"2019-12-10T12:21:44+00:00","og_image":[{"width":1160,"height":660,"url":"https:\/\/termix.net\/blog-int\/wp-content\/uploads\/2019\/04\/cosmobeauty-barcelona_.jpg","type":"image\/jpeg"}],"author":"TermixTeam","twitter_card":"summary_large_image","twitter_misc":{"Escrito por":"TermixTeam","Tiempo de lectura":"12 minutos"},"schema":{"@context":"https:\/\/schema.org","@graph":[{"@type":"Article","@id":"https:\/\/termix.net\/blog-int\/es\/crece-el-consumo-en-productos-de-peluqueria-profesional\/#article","isPartOf":{"@id":"https:\/\/termix.net\/blog-int\/es\/crece-el-consumo-en-productos-de-peluqueria-profesional\/"},"author":{"name":"TermixTeam","@id":"https:\/\/termix.net\/blog-int\/es\/#\/schema\/person\/9096c98bdf03c8ddf91ad7172f254f40"},"headline":"CRECE EL CONSUMO EN PRODUCTOS DE PELUQUER\u00cdA PROFESIONAL","datePublished":"2015-06-03T09:16:11+00:00","dateModified":"2019-12-10T12:21:44+00:00","mainEntityOfPage":{"@id":"https:\/\/termix.net\/blog-int\/es\/crece-el-consumo-en-productos-de-peluqueria-profesional\/"},"wordCount":2373,"commentCount":0,"publisher":{"@id":"https:\/\/termix.net\/blog-int\/es\/#organization"},"articleSection":["Actualidad Termix","NOTICIAS"],"inLanguage":"es","potentialAction":[{"@type":"CommentAction","name":"Comment","target":["https:\/\/termix.net\/blog-int\/es\/crece-el-consumo-en-productos-de-peluqueria-profesional\/#respond"]}]},{"@type":"WebPage","@id":"https:\/\/termix.net\/blog-int\/es\/crece-el-consumo-en-productos-de-peluqueria-profesional\/","url":"https:\/\/termix.net\/blog-int\/es\/crece-el-consumo-en-productos-de-peluqueria-profesional\/","name":"Crece el consumo de productos de peluquer\u00eda profesional -Termix","isPartOf":{"@id":"https:\/\/termix.net\/blog-int\/es\/#website"},"datePublished":"2015-06-03T09:16:11+00:00","dateModified":"2019-12-10T12:21:44+00:00","description":"Cada vez nos hacemos m\u00e1s tratamientos capilares en casa, y para ello utilizamos productos de peluquer\u00eda de marcas profesionales. Estas son las conclusiones del...","breadcrumb":{"@id":"https:\/\/termix.net\/blog-int\/es\/crece-el-consumo-en-productos-de-peluqueria-profesional\/#breadcrumb"},"inLanguage":"es","potentialAction":[{"@type":"ReadAction","target":["https:\/\/termix.net\/blog-int\/es\/crece-el-consumo-en-productos-de-peluqueria-profesional\/"]}]},{"@type":"BreadcrumbList","@id":"https:\/\/termix.net\/blog-int\/es\/crece-el-consumo-en-productos-de-peluqueria-profesional\/#breadcrumb","itemListElement":[{"@type":"ListItem","position":1,"name":"Home","item":"https:\/\/termix.net\/blog-int\/es\/"},{"@type":"ListItem","position":2,"name":"CRECE EL CONSUMO EN PRODUCTOS DE PELUQUER\u00cdA PROFESIONAL"}]},{"@type":"WebSite","@id":"https:\/\/termix.net\/blog-int\/es\/#website","url":"https:\/\/termix.net\/blog-int\/es\/","name":"Blog Termix Spain","description":"Blog de tendencias y productos de peluquer\u00eda profesional.","publisher":{"@id":"https:\/\/termix.net\/blog-int\/es\/#organization"},"potentialAction":[{"@type":"SearchAction","target":{"@type":"EntryPoint","urlTemplate":"https:\/\/termix.net\/blog-int\/es\/?s={search_term_string}"},"query-input":"required name=search_term_string"}],"inLanguage":"es"},{"@type":"Organization","@id":"https:\/\/termix.net\/blog-int\/es\/#organization","name":"Dols Industrial de Peluquer\u00eda SA","url":"https:\/\/termix.net\/blog-int\/es\/","logo":{"@type":"ImageObject","inLanguage":"es","@id":"https:\/\/termix.net\/blog-int\/es\/#\/schema\/logo\/image\/","url":"https:\/\/termix.net\/blog-int\/wp-content\/uploads\/2020\/10\/OGbDAeng.jpeg","contentUrl":"https:\/\/termix.net\/blog-int\/wp-content\/uploads\/2020\/10\/OGbDAeng.jpeg","width":800,"height":800,"caption":"Dols Industrial de Peluquer\u00eda SA"},"image":{"@id":"https:\/\/termix.net\/blog-int\/es\/#\/schema\/logo\/image\/"}},{"@type":"Person","@id":"https:\/\/termix.net\/blog-int\/es\/#\/schema\/person\/9096c98bdf03c8ddf91ad7172f254f40","name":"TermixTeam","image":{"@type":"ImageObject","inLanguage":"es","@id":"https:\/\/termix.net\/blog-int\/es\/#\/schema\/person\/image\/","url":"https:\/\/secure.gravatar.com\/avatar\/d89f61f6bd1c29a4acb231736d1c74b3?s=96&d=mm&r=g","contentUrl":"https:\/\/secure.gravatar.com\/avatar\/d89f61f6bd1c29a4acb231736d1c74b3?s=96&d=mm&r=g","caption":"TermixTeam"},"url":"https:\/\/termix.net\/blog-int\/es\/author\/termixteam\/"}]}},"_links":{"self":[{"href":"https:\/\/termix.net\/blog-int\/es\/wp-json\/wp\/v2\/posts\/8282"}],"collection":[{"href":"https:\/\/termix.net\/blog-int\/es\/wp-json\/wp\/v2\/posts"}],"about":[{"href":"https:\/\/termix.net\/blog-int\/es\/wp-json\/wp\/v2\/types\/post"}],"author":[{"embeddable":true,"href":"https:\/\/termix.net\/blog-int\/es\/wp-json\/wp\/v2\/users\/2"}],"replies":[{"embeddable":true,"href":"https:\/\/termix.net\/blog-int\/es\/wp-json\/wp\/v2\/comments?post=8282"}],"version-history":[{"count":2,"href":"https:\/\/termix.net\/blog-int\/es\/wp-json\/wp\/v2\/posts\/8282\/revisions"}],"predecessor-version":[{"id":22511,"href":"https:\/\/termix.net\/blog-int\/es\/wp-json\/wp\/v2\/posts\/8282\/revisions\/22511"}],"wp:featuredmedia":[{"embeddable":true,"href":"https:\/\/termix.net\/blog-int\/es\/wp-json\/wp\/v2\/media\/21807"}],"wp:attachment":[{"href":"https:\/\/termix.net\/blog-int\/es\/wp-json\/wp\/v2\/media?parent=8282"}],"wp:term":[{"taxonomy":"category","embeddable":true,"href":"https:\/\/termix.net\/blog-int\/es\/wp-json\/wp\/v2\/categories?post=8282"},{"taxonomy":"post_tag","embeddable":true,"href":"https:\/\/termix.net\/blog-int\/es\/wp-json\/wp\/v2\/tags?post=8282"}],"curies":[{"name":"wp","href":"https:\/\/api.w.org\/{rel}","templated":true}]}}