{"id":8276,"date":"2015-06-02T12:36:37","date_gmt":"2015-06-02T12:36:37","guid":{"rendered":"http:\/\/termix.net\/?p=4403"},"modified":"2019-12-10T13:11:26","modified_gmt":"2019-12-10T12:11:26","slug":"nuevo-difusor-universal-hair-tech-la-revolucion-para-los-cabellos-rizados","status":"publish","type":"post","link":"https:\/\/termix.net\/blog-int\/es\/nuevo-difusor-universal-hair-tech-la-revolucion-para-los-cabellos-rizados\/","title":{"rendered":"DIFUSOR UNIVERSAL (H)AIR-TECH, LA REVOLUCI\u00d3N PARA LOS CABELLOS RIZADOS"},"content":{"rendered":"<p><div class=\"fusion-fullwidth fullwidth-box fusion-builder-row-1 faded-background fusion-parallax-none nonhundred-percent-fullwidth non-hundred-percent-height-scrolling fusion-no-small-visibility fusion-no-medium-visibility\" style=\"background-position: center center;background-repeat: no-repeat;padding-top:24%;padding-right:3%;padding-bottom:0px;padding-left:3%;margin-bottom: 0px;margin-top: 0px;border-width: 0px 0px 0px 0px;border-color:#eae9e9;border-style:solid;-webkit-background-size:cover;-moz-background-size:cover;-o-background-size:cover;background-size:cover;\" ><div class=\"fullwidth-faded\" style=\"background-color:#181818;background-image: url(https:\/\/termixuri2.pre-testing.com\/blog-int\/wp-content\/uploads\/2019\/11\/secador-profesionalweb.jpg);background-position:center center;background-repeat:no-repeat;-webkit-background-size:cover;-moz-background-size:cover;-o-background-size:cover;background-size:cover;\" ><\/div><div class=\"fusion-builder-row fusion-row\"><div class=\"fusion-layout-column fusion_builder_column fusion-builder-column-0 fusion_builder_column_1_1 1_1 fusion-one-full fusion-column-first fusion-column-last\" style=\"margin-top:0px;margin-bottom:0px;\"><div class=\"fusion-column-wrapper fusion-flex-column-wrapper-legacy\" style=\"background-position:left top;background-repeat:no-repeat;-webkit-background-size:cover;-moz-background-size:cover;-o-background-size:cover;background-size:cover;background-color:rgba(255,255,255,0.7);padding: 6% 8% 6% 8%;\"><div class=\"fusion-text fusion-text-1 caption\"><p style=\"text-align: center;\">Noticias\u2014 3 min de lectura<\/p>\n<\/div><style type=\"text\/css\"><\/style><div class=\"fusion-title title fusion-title-1 fusion-sep-none fusion-title-center fusion-title-text fusion-title-size-two\" style=\"margin-top:30px;margin-right:0px;margin-bottom:20px;margin-left:0px;\"><h2 class=\"title-heading-center fusion-responsive-typography-calculated\" style=\"margin:0;--fontSize:50;line-height:1.28;\">Difusor Universal (H)air-Tech, la revoluci\u00f3n para los cabellos rizados<\/h2><\/div><div class=\"fusion-clearfix\"><\/div><\/div><\/div><\/div><\/div><div class=\"fusion-fullwidth fullwidth-box fusion-builder-row-2 fusion-parallax-none nonhundred-percent-fullwidth non-hundred-percent-height-scrolling fusion-no-large-visibility\" style=\"background-color: rgba(255,255,255,0);background-image: url(&quot;https:\/\/termixuri2.pre-testing.com\/blog-int\/wp-content\/uploads\/2019\/11\/secador-profesionalweb.jpg&quot;);background-position: center center;background-repeat: no-repeat;padding-top:0px;padding-right:0px;padding-bottom:0px;padding-left:0px;margin-bottom: 0px;margin-top: 0px;border-width: 0px 0px 0px 0px;border-color:#eae9e9;border-style:solid;-webkit-background-size:cover;-moz-background-size:cover;-o-background-size:cover;background-size:cover;\" ><div class=\"fusion-builder-row fusion-row\"><div class=\"fusion-layout-column fusion_builder_column fusion-builder-column-1 fusion_builder_column_1_1 1_1 fusion-one-full fusion-column-first fusion-column-last fusion-column-inner-bg-wrapper\" style=\"margin-top:20px;margin-bottom:20px;\"><div class=\"fusion-column-wrapper fusion-flex-column-wrapper-legacy\" style=\"padding: 10% 0px 10% 0px;\" data-bg-url=\"http:\/\/termixnew.pre-testing.com\/blog\/wp-content\/uploads\/2019\/03\/single-blog-post-feat.jpg\"><div class=\"fusion-sep-clear\"><\/div><div class=\"fusion-separator fusion-no-large-visibility fusion-full-width-sep\" style=\"margin-left: auto;margin-right: auto;margin-top:200px;width:100%;\"><\/div><div class=\"fusion-sep-clear\"><\/div><div class=\"fusion-clearfix\"><\/div><\/div><span class=\"fusion-column-inner-bg hover-type-zoomout\"><a class=\"fusion-column-anchor\"><span class=\"fusion-column-inner-bg-image\" style=\"background-image: url(&#039;http:\/\/termixnew.pre-testing.com\/blog\/wp-content\/uploads\/2019\/03\/single-blog-post-feat.jpg&#039;);background-position:center center;background-repeat:no-repeat;-webkit-background-size:cover;-moz-background-size:cover;-o-background-size:cover;background-size:cover;\"><\/span><\/a><\/span><\/div><div class=\"fusion-layout-column fusion_builder_column fusion-builder-column-2 fusion_builder_column_1_1 1_1 fusion-one-full fusion-column-first fusion-column-last\" style=\"margin-top:0px;margin-bottom:0px;\"><div class=\"fusion-column-wrapper fusion-flex-column-wrapper-legacy\" style=\"background-position:left top;background-repeat:no-repeat;-webkit-background-size:cover;-moz-background-size:cover;-o-background-size:cover;background-size:cover;background-color:#ffffff;padding: 6% 0px 0px 0px;\"><div class=\"fusion-text fusion-text-2 caption\"><p style=\"text-align: center;\">Noticias\u2014 3 min de lectura<\/p>\n<\/div><style type=\"text\/css\"><\/style><div class=\"fusion-title title fusion-title-2 fusion-sep-none fusion-title-center fusion-title-text fusion-title-size-two\" style=\"margin-top:30px;margin-right:0px;margin-bottom:20px;margin-left:0px;\"><h2 class=\"title-heading-center fusion-responsive-typography-calculated\" style=\"margin:0;--fontSize:50;line-height:1.28;\">Difusor Universal (H)air-Tech, la revoluci\u00f3n para los cabellos rizados<\/h2><\/div><div class=\"fusion-clearfix\"><\/div><\/div><\/div><\/div><\/div><div class=\"fusion-fullwidth fullwidth-box fusion-builder-row-3 nonhundred-percent-fullwidth non-hundred-percent-height-scrolling\" style=\"background-color: rgba(255,255,255,0);background-position: center center;background-repeat: no-repeat;padding-top:10px;padding-right:0px;padding-bottom:4%;padding-left:0px;margin-bottom: 0px;margin-top: 0px;border-width: 0px 0px 0px 0px;border-color:#eae9e9;border-style:solid;\" ><div class=\"fusion-builder-row fusion-row\"><div class=\"fusion-layout-column fusion_builder_column fusion-builder-column-3 fusion_builder_column_1_6 1_6 fusion-one-sixth fusion-column-first fusion-no-small-visibility fusion-no-medium-visibility\" style=\"width:16.666666666667%;width:calc(16.666666666667% - ( ( 0 + 0 ) * 0.16666666666667 ) );margin-right: 0px;margin-top:20px;margin-bottom:20px;\"><div class=\"fusion-column-wrapper fusion-flex-column-wrapper-legacy\" style=\"background-position:left top;background-repeat:no-repeat;-webkit-background-size:cover;-moz-background-size:cover;-o-background-size:cover;background-size:cover;padding: 0px 0px 0px 0px;\"><div class=\"fusion-clearfix\"><\/div><\/div><\/div><div class=\"fusion-layout-column fusion_builder_column fusion-builder-column-4 fusion_builder_column_2_3 2_3 fusion-two-third\" style=\"width:66.666666666667%;width:calc(66.666666666667% - ( ( 0 + 0 ) * 0.66666666666667 ) );margin-right: 0px;margin-top:20px;margin-bottom:20px;\"><div class=\"fusion-column-wrapper fusion-flex-column-wrapper-legacy\" style=\"background-position:left top;background-repeat:no-repeat;-webkit-background-size:cover;-moz-background-size:cover;-o-background-size:cover;background-size:cover;padding: 0px 0px 0px 0px;\"><div class=\"fusion-sep-clear\"><\/div><div class=\"fusion-separator fusion-full-width-sep\" style=\"margin-left: auto;margin-right: auto;margin-top:30px;width:100%;\"><\/div><div class=\"fusion-sep-clear\"><\/div><div class=\"fusion-text fusion-text-3\"><p style=\"font-size: 25px;\">Termix lanza su nuevo difusor universal profesional (H)AIR-TECH para conseguir ondas y rizos perfectamente definidos, sin encrespamiento y con un volumen natural.<\/p>\n<\/div><div class=\"fusion-sep-clear\"><\/div><div class=\"fusion-separator fusion-full-width-sep\" style=\"margin-left: auto;margin-right: auto;margin-top:30px;width:100%;\"><\/div><div class=\"fusion-sep-clear\"><\/div><div class=\"fusion-clearfix\"><\/div><\/div><\/div><div class=\"fusion-layout-column fusion_builder_column fusion-builder-column-5 fusion_builder_column_1_6 1_6 fusion-one-sixth fusion-column-last fusion-no-small-visibility fusion-no-medium-visibility\" style=\"width:16.666666666667%;width:calc(16.666666666667% - ( ( 0 + 0 ) * 0.16666666666667 ) );margin-top:20px;margin-bottom:20px;\"><div class=\"fusion-column-wrapper fusion-flex-column-wrapper-legacy\" style=\"background-position:left top;background-repeat:no-repeat;-webkit-background-size:cover;-moz-background-size:cover;-o-background-size:cover;background-size:cover;padding: 0px 0px 0px 0px;\"><div class=\"fusion-clearfix\"><\/div><\/div><\/div><\/div><\/div><div class=\"fusion-fullwidth fullwidth-box fusion-builder-row-4 fusion-parallax-none nonhundred-percent-fullwidth hundred-percent-height hundred-percent-height-center-content non-hundred-percent-height-scrolling\" style=\"background-color: rgba(255,255,255,0);background-image: url(&quot;https:\/\/termixuri2.pre-testing.com\/blog-int\/wp-content\/uploads\/2019\/11\/con-el-secador-compacto-profesioanl-4300-de-termix-damos-volumen-al-cabello.jpg&quot;);background-position: center center;background-repeat: no-repeat;padding-top:0px;padding-right:0px;padding-bottom:0px;padding-left:0px;margin-bottom: 0px;margin-top: 0px;border-width: 0px 0px 0px 0px;border-color:#eae9e9;border-style:solid;-webkit-background-size:cover;-moz-background-size:cover;-o-background-size:cover;background-size:cover;\" ><div class=\"fusion-fullwidth-center-content\"><div class=\"fusion-builder-row fusion-row\"><div class=\"fusion-layout-column fusion_builder_column fusion-builder-column-6 fusion_builder_column_1_6 1_6 fusion-one-sixth fusion-column-first fusion-no-small-visibility fusion-no-medium-visibility\" style=\"width:16.666666666667%;width:calc(16.666666666667% - ( ( 0 + 4% ) * 0.16666666666667 ) );margin-right: 0px;margin-top:20px;margin-bottom:20px;\"><div class=\"fusion-column-wrapper fusion-flex-column-wrapper-legacy\" style=\"background-position:left top;background-repeat:no-repeat;-webkit-background-size:cover;-moz-background-size:cover;-o-background-size:cover;background-size:cover;padding: 0px 0px 0px 0px;\"><div class=\"fusion-clearfix\"><\/div><\/div><\/div><div class=\"fusion-layout-column fusion_builder_column fusion-builder-column-7 fusion_builder_column_2_3 2_3 fusion-two-third fusion-column-inner-bg-wrapper fusion-animated\" style=\"width:66.666666666667%;width:calc(66.666666666667% - ( ( 0 + 4% ) * 0.66666666666667 ) );margin-right: 4%;margin-top:0px;margin-bottom:0px;\" data-animationType=\"fadeInUp\" data-animationDuration=\"0.3\" data-animationOffset=\"100%\"><div class=\"fusion-column-wrapper fusion-flex-column-wrapper-legacy\" style=\"padding: 0px 0px 0px 0px;\"><div class=\"fusion-clearfix\"><\/div><\/div><span class=\"fusion-column-inner-bg hover-type-zoomout\"><a class=\"fusion-column-anchor\"><span class=\"fusion-column-inner-bg-image\" style=\"background-position:left top;background-repeat:no-repeat;-webkit-background-size:cover;-moz-background-size:cover;-o-background-size:cover;background-size:cover;\"><\/span><\/a><\/span><\/div><div class=\"fusion-layout-column fusion_builder_column fusion-builder-column-8 fusion_builder_column_1_6 1_6 fusion-one-sixth fusion-column-last fusion-no-small-visibility fusion-no-medium-visibility\" style=\"width:16.666666666667%;width:calc(16.666666666667% - ( ( 0 + 4% ) * 0.16666666666667 ) );margin-top:20px;margin-bottom:20px;\"><div class=\"fusion-column-wrapper fusion-flex-column-wrapper-legacy\" style=\"background-position:left top;background-repeat:no-repeat;-webkit-background-size:cover;-moz-background-size:cover;-o-background-size:cover;background-size:cover;padding: 0px 0px 0px 0px;\"><div class=\"fusion-clearfix\"><\/div><\/div><\/div><\/div><\/div><\/div><div class=\"fusion-fullwidth fullwidth-box fusion-builder-row-5 nonhundred-percent-fullwidth non-hundred-percent-height-scrolling\" style=\"background-color: rgba(255,255,255,0);background-position: center center;background-repeat: no-repeat;padding-top:5%;padding-right:0px;padding-bottom:0px;padding-left:0px;margin-bottom: 0px;margin-top: 0px;border-width: 0px 0px 0px 0px;border-color:#eae9e9;border-style:solid;\" ><div class=\"fusion-builder-row fusion-row\"><div class=\"fusion-layout-column fusion_builder_column fusion-builder-column-9 fusion_builder_column_1_6 1_6 fusion-one-sixth fusion-column-first fusion-no-small-visibility fusion-no-medium-visibility\" style=\"width:16.666666666667%;width:calc(16.666666666667% - ( ( 0 ) * 0.16666666666667 ) );margin-right: 0px;margin-top:20px;margin-bottom:20px;\"><div class=\"fusion-column-wrapper fusion-flex-column-wrapper-legacy\" style=\"background-position:left top;background-repeat:no-repeat;-webkit-background-size:cover;-moz-background-size:cover;-o-background-size:cover;background-size:cover;padding: 0px 0px 0px 0px;\"><div class=\"fusion-clearfix\"><\/div><\/div><\/div><div class=\"fusion-layout-column fusion_builder_column fusion-builder-column-10 fusion_builder_column_2_3 2_3 fusion-two-third fusion-column-last\" style=\"width:66.666666666667%;width:calc(66.666666666667% - ( ( 0 ) * 0.66666666666667 ) );margin-top:20px;margin-bottom:20px;\"><div class=\"fusion-column-wrapper fusion-flex-column-wrapper-legacy\" style=\"background-position:left top;background-repeat:no-repeat;-webkit-background-size:cover;-moz-background-size:cover;-o-background-size:cover;background-size:cover;padding: 0px 0px 0px 0px;\"><style type=\"text\/css\"><\/style><div class=\"fusion-title title fusion-title-3 fusion-sep-none fusion-title-text fusion-title-size-three\" style=\"margin-top:16px;margin-right:0px;margin-bottom:16px;margin-left:0px;\"><h3 class=\"title-heading-left fusion-responsive-typography-calculated\" style=\"margin:0;--fontSize:40;line-height:1.4;\"><\/h3><\/div><div class=\"fusion-text fusion-text-4\"><p>Frente a otros difusores convencionales, el difusor universal (H)AIR-TECH de Termix destaca por su nuevo e innovador funcionamiento: Mientras que la mayor\u00eda de difusores expulsan aire y calor al mismo tiempo, \u00e9ste incorpora un filtro interior que controla y minimiza el <strong>caudal del aire<\/strong> a la vez que mantiene la temperatura<strong>.<\/strong><\/p>\n<p>Esto se traduce en que distribuye uniformemente el calor y el aire de una forma suave y eficaz ayudando a definir el cabello rizado u ondulado. Con este nuevo sistema de distribuci\u00f3n de calor, el profesional obtiene mayor control sobre el cabello, sin deshacer el rizo ni encresparlo. Un resultado cada vez m\u00e1s demandado entre las consumidoras con esta tipolog\u00eda de cabello que renuncian al uso del difusor para conseguir un volumen natural.<\/p>\n<p><img decoding=\"async\" class=\"size-full wp-image-22502 aligncenter\" src=\"https:\/\/termixuri2.pre-testing.com\/blog-int\/wp-content\/uploads\/2015\/06\/products_web534x534px_difusorA.jpg\" alt=\"difusor hairtech termix \" width=\"534\" height=\"534\" srcset=\"https:\/\/termix.net\/blog-int\/wp-content\/uploads\/2015\/06\/products_web534x534px_difusorA-66x66.jpg 66w, https:\/\/termix.net\/blog-int\/wp-content\/uploads\/2015\/06\/products_web534x534px_difusorA-150x150.jpg 150w, https:\/\/termix.net\/blog-int\/wp-content\/uploads\/2015\/06\/products_web534x534px_difusorA-200x200.jpg 200w, https:\/\/termix.net\/blog-int\/wp-content\/uploads\/2015\/06\/products_web534x534px_difusorA-300x300.jpg 300w, https:\/\/termix.net\/blog-int\/wp-content\/uploads\/2015\/06\/products_web534x534px_difusorA-400x400.jpg 400w, https:\/\/termix.net\/blog-int\/wp-content\/uploads\/2015\/06\/products_web534x534px_difusorA.jpg 534w\" sizes=\"(max-width: 534px) 100vw, 534px\" \/><\/p>\n<p>Adem\u00e1s de ser ligero y resistente, incorpora una boquilla de silicona universal que se adapta a la mayor\u00eda de secadores de pelo. El nuevo <strong>difusor universal (H)AIR-TECH<\/strong> de Termix est\u00e1 dise\u00f1ado con materiales de primera calidad que resisten altas temperaturas y garantizan la m\u00e1xima duraci\u00f3n.<\/p>\n<\/div><div class=\"fusion-clearfix\"><\/div><\/div><\/div><\/div><\/div><\/p>\n","protected":false},"excerpt":{"rendered":"<p>\t\t\t\tTermix lanza su nuevo difusor universal profesional (H)AIR-TECH para conseguir ondas y rizos perfectamente definidos, sin encrespamiento y con un volumen natural gracias a su nuevo sistema de distribuci\u00f3n del calor. \t\t<\/p>\n","protected":false},"author":2,"featured_media":4065,"comment_status":"open","ping_status":"open","sticky":false,"template":"","format":"standard","meta":[],"categories":[33,6],"tags":[],"yoast_head":"<!-- This site is optimized with the Yoast SEO plugin v20.0 - https:\/\/yoast.com\/wordpress\/plugins\/seo\/ -->\n<title>NUEVO DIFUSOR UNIVERSAL (H)AIR-TECH - Termix<\/title>\n<meta name=\"description\" content=\"Nuevo difusor universal profesional (H)AIR-TECH de Termix para conseguir ondas y rizos perfectamente definidos, sin encrespamiento y con un volumen natural.\" \/>\n<meta name=\"robots\" content=\"noindex, follow\" \/>\n<meta property=\"og:locale\" content=\"es_ES\" \/>\n<meta property=\"og:type\" content=\"article\" \/>\n<meta property=\"og:title\" content=\"NUEVO DIFUSOR UNIVERSAL (H)AIR-TECH - Termix\" \/>\n<meta property=\"og:description\" content=\"Nuevo difusor universal profesional (H)AIR-TECH de Termix para conseguir ondas y rizos perfectamente definidos, sin encrespamiento y con un volumen natural.\" \/>\n<meta property=\"og:url\" content=\"https:\/\/termix.net\/blog-int\/es\/nuevo-difusor-universal-hair-tech-la-revolucion-para-los-cabellos-rizados\/\" \/>\n<meta property=\"og:site_name\" content=\"Blog Termix Spain\" \/>\n<meta property=\"article:published_time\" content=\"2015-06-02T12:36:37+00:00\" \/>\n<meta property=\"article:modified_time\" content=\"2019-12-10T12:11:26+00:00\" \/>\n<meta property=\"og:image\" content=\"https:\/\/termix.net\/blog-int\/wp-content\/uploads\/2019\/11\/secador-profesionalweb.jpg\" \/>\n\t<meta property=\"og:image:width\" content=\"1160\" \/>\n\t<meta property=\"og:image:height\" content=\"660\" \/>\n\t<meta property=\"og:image:type\" content=\"image\/jpeg\" \/>\n<meta name=\"author\" content=\"TermixTeam\" \/>\n<meta name=\"twitter:card\" content=\"summary_large_image\" \/>\n<meta name=\"twitter:label1\" content=\"Escrito por\" \/>\n\t<meta name=\"twitter:data1\" content=\"TermixTeam\" \/>\n\t<meta name=\"twitter:label2\" content=\"Tiempo de lectura\" \/>\n\t<meta name=\"twitter:data2\" content=\"10 minutos\" \/>\n<script type=\"application\/ld+json\" class=\"yoast-schema-graph\">{\"@context\":\"https:\/\/schema.org\",\"@graph\":[{\"@type\":\"Article\",\"@id\":\"https:\/\/termix.net\/blog-int\/es\/nuevo-difusor-universal-hair-tech-la-revolucion-para-los-cabellos-rizados\/#article\",\"isPartOf\":{\"@id\":\"https:\/\/termix.net\/blog-int\/es\/nuevo-difusor-universal-hair-tech-la-revolucion-para-los-cabellos-rizados\/\"},\"author\":{\"name\":\"TermixTeam\",\"@id\":\"https:\/\/termix.net\/blog-int\/es\/#\/schema\/person\/9096c98bdf03c8ddf91ad7172f254f40\"},\"headline\":\"DIFUSOR UNIVERSAL (H)AIR-TECH, LA REVOLUCI\u00d3N PARA LOS CABELLOS RIZADOS\",\"datePublished\":\"2015-06-02T12:36:37+00:00\",\"dateModified\":\"2019-12-10T12:11:26+00:00\",\"mainEntityOfPage\":{\"@id\":\"https:\/\/termix.net\/blog-int\/es\/nuevo-difusor-universal-hair-tech-la-revolucion-para-los-cabellos-rizados\/\"},\"wordCount\":2064,\"commentCount\":0,\"publisher\":{\"@id\":\"https:\/\/termix.net\/blog-int\/es\/#organization\"},\"articleSection\":[\"Actualidad Termix\",\"NOTICIAS\"],\"inLanguage\":\"es\",\"potentialAction\":[{\"@type\":\"CommentAction\",\"name\":\"Comment\",\"target\":[\"https:\/\/termix.net\/blog-int\/es\/nuevo-difusor-universal-hair-tech-la-revolucion-para-los-cabellos-rizados\/#respond\"]}]},{\"@type\":\"WebPage\",\"@id\":\"https:\/\/termix.net\/blog-int\/es\/nuevo-difusor-universal-hair-tech-la-revolucion-para-los-cabellos-rizados\/\",\"url\":\"https:\/\/termix.net\/blog-int\/es\/nuevo-difusor-universal-hair-tech-la-revolucion-para-los-cabellos-rizados\/\",\"name\":\"NUEVO DIFUSOR UNIVERSAL (H)AIR-TECH - Termix\",\"isPartOf\":{\"@id\":\"https:\/\/termix.net\/blog-int\/es\/#website\"},\"datePublished\":\"2015-06-02T12:36:37+00:00\",\"dateModified\":\"2019-12-10T12:11:26+00:00\",\"description\":\"Nuevo difusor universal profesional (H)AIR-TECH de Termix para conseguir ondas y rizos perfectamente definidos, sin encrespamiento y con un volumen natural.\",\"breadcrumb\":{\"@id\":\"https:\/\/termix.net\/blog-int\/es\/nuevo-difusor-universal-hair-tech-la-revolucion-para-los-cabellos-rizados\/#breadcrumb\"},\"inLanguage\":\"es\",\"potentialAction\":[{\"@type\":\"ReadAction\",\"target\":[\"https:\/\/termix.net\/blog-int\/es\/nuevo-difusor-universal-hair-tech-la-revolucion-para-los-cabellos-rizados\/\"]}]},{\"@type\":\"BreadcrumbList\",\"@id\":\"https:\/\/termix.net\/blog-int\/es\/nuevo-difusor-universal-hair-tech-la-revolucion-para-los-cabellos-rizados\/#breadcrumb\",\"itemListElement\":[{\"@type\":\"ListItem\",\"position\":1,\"name\":\"Home\",\"item\":\"https:\/\/termix.net\/blog-int\/es\/\"},{\"@type\":\"ListItem\",\"position\":2,\"name\":\"DIFUSOR UNIVERSAL (H)AIR-TECH, LA REVOLUCI\u00d3N PARA LOS CABELLOS RIZADOS\"}]},{\"@type\":\"WebSite\",\"@id\":\"https:\/\/termix.net\/blog-int\/es\/#website\",\"url\":\"https:\/\/termix.net\/blog-int\/es\/\",\"name\":\"Blog Termix Spain\",\"description\":\"Blog de tendencias y productos de peluquer\u00eda profesional.\",\"publisher\":{\"@id\":\"https:\/\/termix.net\/blog-int\/es\/#organization\"},\"potentialAction\":[{\"@type\":\"SearchAction\",\"target\":{\"@type\":\"EntryPoint\",\"urlTemplate\":\"https:\/\/termix.net\/blog-int\/es\/?s={search_term_string}\"},\"query-input\":\"required name=search_term_string\"}],\"inLanguage\":\"es\"},{\"@type\":\"Organization\",\"@id\":\"https:\/\/termix.net\/blog-int\/es\/#organization\",\"name\":\"Dols Industrial de Peluquer\u00eda SA\",\"url\":\"https:\/\/termix.net\/blog-int\/es\/\",\"logo\":{\"@type\":\"ImageObject\",\"inLanguage\":\"es\",\"@id\":\"https:\/\/termix.net\/blog-int\/es\/#\/schema\/logo\/image\/\",\"url\":\"https:\/\/termix.net\/blog-int\/wp-content\/uploads\/2020\/10\/OGbDAeng.jpeg\",\"contentUrl\":\"https:\/\/termix.net\/blog-int\/wp-content\/uploads\/2020\/10\/OGbDAeng.jpeg\",\"width\":800,\"height\":800,\"caption\":\"Dols Industrial de Peluquer\u00eda SA\"},\"image\":{\"@id\":\"https:\/\/termix.net\/blog-int\/es\/#\/schema\/logo\/image\/\"}},{\"@type\":\"Person\",\"@id\":\"https:\/\/termix.net\/blog-int\/es\/#\/schema\/person\/9096c98bdf03c8ddf91ad7172f254f40\",\"name\":\"TermixTeam\",\"image\":{\"@type\":\"ImageObject\",\"inLanguage\":\"es\",\"@id\":\"https:\/\/termix.net\/blog-int\/es\/#\/schema\/person\/image\/\",\"url\":\"https:\/\/secure.gravatar.com\/avatar\/d89f61f6bd1c29a4acb231736d1c74b3?s=96&d=mm&r=g\",\"contentUrl\":\"https:\/\/secure.gravatar.com\/avatar\/d89f61f6bd1c29a4acb231736d1c74b3?s=96&d=mm&r=g\",\"caption\":\"TermixTeam\"},\"url\":\"https:\/\/termix.net\/blog-int\/es\/author\/termixteam\/\"}]}<\/script>\n<!-- \/ Yoast SEO plugin. -->","yoast_head_json":{"title":"NUEVO DIFUSOR UNIVERSAL (H)AIR-TECH - Termix","description":"Nuevo difusor universal profesional (H)AIR-TECH de Termix para conseguir ondas y rizos perfectamente definidos, sin encrespamiento y con un volumen natural.","robots":{"index":"noindex","follow":"follow"},"og_locale":"es_ES","og_type":"article","og_title":"NUEVO DIFUSOR UNIVERSAL (H)AIR-TECH - Termix","og_description":"Nuevo difusor universal profesional (H)AIR-TECH de Termix para conseguir ondas y rizos perfectamente definidos, sin encrespamiento y con un volumen natural.","og_url":"https:\/\/termix.net\/blog-int\/es\/nuevo-difusor-universal-hair-tech-la-revolucion-para-los-cabellos-rizados\/","og_site_name":"Blog Termix Spain","article_published_time":"2015-06-02T12:36:37+00:00","article_modified_time":"2019-12-10T12:11:26+00:00","og_image":[{"width":1160,"height":660,"url":"https:\/\/termix.net\/blog-int\/wp-content\/uploads\/2019\/11\/secador-profesionalweb.jpg","type":"image\/jpeg"}],"author":"TermixTeam","twitter_card":"summary_large_image","twitter_misc":{"Escrito por":"TermixTeam","Tiempo de lectura":"10 minutos"},"schema":{"@context":"https:\/\/schema.org","@graph":[{"@type":"Article","@id":"https:\/\/termix.net\/blog-int\/es\/nuevo-difusor-universal-hair-tech-la-revolucion-para-los-cabellos-rizados\/#article","isPartOf":{"@id":"https:\/\/termix.net\/blog-int\/es\/nuevo-difusor-universal-hair-tech-la-revolucion-para-los-cabellos-rizados\/"},"author":{"name":"TermixTeam","@id":"https:\/\/termix.net\/blog-int\/es\/#\/schema\/person\/9096c98bdf03c8ddf91ad7172f254f40"},"headline":"DIFUSOR UNIVERSAL (H)AIR-TECH, LA REVOLUCI\u00d3N PARA LOS CABELLOS RIZADOS","datePublished":"2015-06-02T12:36:37+00:00","dateModified":"2019-12-10T12:11:26+00:00","mainEntityOfPage":{"@id":"https:\/\/termix.net\/blog-int\/es\/nuevo-difusor-universal-hair-tech-la-revolucion-para-los-cabellos-rizados\/"},"wordCount":2064,"commentCount":0,"publisher":{"@id":"https:\/\/termix.net\/blog-int\/es\/#organization"},"articleSection":["Actualidad Termix","NOTICIAS"],"inLanguage":"es","potentialAction":[{"@type":"CommentAction","name":"Comment","target":["https:\/\/termix.net\/blog-int\/es\/nuevo-difusor-universal-hair-tech-la-revolucion-para-los-cabellos-rizados\/#respond"]}]},{"@type":"WebPage","@id":"https:\/\/termix.net\/blog-int\/es\/nuevo-difusor-universal-hair-tech-la-revolucion-para-los-cabellos-rizados\/","url":"https:\/\/termix.net\/blog-int\/es\/nuevo-difusor-universal-hair-tech-la-revolucion-para-los-cabellos-rizados\/","name":"NUEVO DIFUSOR UNIVERSAL (H)AIR-TECH - Termix","isPartOf":{"@id":"https:\/\/termix.net\/blog-int\/es\/#website"},"datePublished":"2015-06-02T12:36:37+00:00","dateModified":"2019-12-10T12:11:26+00:00","description":"Nuevo difusor universal profesional (H)AIR-TECH de Termix para conseguir ondas y rizos perfectamente definidos, sin encrespamiento y con un volumen natural.","breadcrumb":{"@id":"https:\/\/termix.net\/blog-int\/es\/nuevo-difusor-universal-hair-tech-la-revolucion-para-los-cabellos-rizados\/#breadcrumb"},"inLanguage":"es","potentialAction":[{"@type":"ReadAction","target":["https:\/\/termix.net\/blog-int\/es\/nuevo-difusor-universal-hair-tech-la-revolucion-para-los-cabellos-rizados\/"]}]},{"@type":"BreadcrumbList","@id":"https:\/\/termix.net\/blog-int\/es\/nuevo-difusor-universal-hair-tech-la-revolucion-para-los-cabellos-rizados\/#breadcrumb","itemListElement":[{"@type":"ListItem","position":1,"name":"Home","item":"https:\/\/termix.net\/blog-int\/es\/"},{"@type":"ListItem","position":2,"name":"DIFUSOR UNIVERSAL (H)AIR-TECH, LA REVOLUCI\u00d3N PARA LOS CABELLOS RIZADOS"}]},{"@type":"WebSite","@id":"https:\/\/termix.net\/blog-int\/es\/#website","url":"https:\/\/termix.net\/blog-int\/es\/","name":"Blog Termix Spain","description":"Blog de tendencias y productos de peluquer\u00eda profesional.","publisher":{"@id":"https:\/\/termix.net\/blog-int\/es\/#organization"},"potentialAction":[{"@type":"SearchAction","target":{"@type":"EntryPoint","urlTemplate":"https:\/\/termix.net\/blog-int\/es\/?s={search_term_string}"},"query-input":"required name=search_term_string"}],"inLanguage":"es"},{"@type":"Organization","@id":"https:\/\/termix.net\/blog-int\/es\/#organization","name":"Dols Industrial de Peluquer\u00eda SA","url":"https:\/\/termix.net\/blog-int\/es\/","logo":{"@type":"ImageObject","inLanguage":"es","@id":"https:\/\/termix.net\/blog-int\/es\/#\/schema\/logo\/image\/","url":"https:\/\/termix.net\/blog-int\/wp-content\/uploads\/2020\/10\/OGbDAeng.jpeg","contentUrl":"https:\/\/termix.net\/blog-int\/wp-content\/uploads\/2020\/10\/OGbDAeng.jpeg","width":800,"height":800,"caption":"Dols Industrial de Peluquer\u00eda SA"},"image":{"@id":"https:\/\/termix.net\/blog-int\/es\/#\/schema\/logo\/image\/"}},{"@type":"Person","@id":"https:\/\/termix.net\/blog-int\/es\/#\/schema\/person\/9096c98bdf03c8ddf91ad7172f254f40","name":"TermixTeam","image":{"@type":"ImageObject","inLanguage":"es","@id":"https:\/\/termix.net\/blog-int\/es\/#\/schema\/person\/image\/","url":"https:\/\/secure.gravatar.com\/avatar\/d89f61f6bd1c29a4acb231736d1c74b3?s=96&d=mm&r=g","contentUrl":"https:\/\/secure.gravatar.com\/avatar\/d89f61f6bd1c29a4acb231736d1c74b3?s=96&d=mm&r=g","caption":"TermixTeam"},"url":"https:\/\/termix.net\/blog-int\/es\/author\/termixteam\/"}]}},"_links":{"self":[{"href":"https:\/\/termix.net\/blog-int\/es\/wp-json\/wp\/v2\/posts\/8276"}],"collection":[{"href":"https:\/\/termix.net\/blog-int\/es\/wp-json\/wp\/v2\/posts"}],"about":[{"href":"https:\/\/termix.net\/blog-int\/es\/wp-json\/wp\/v2\/types\/post"}],"author":[{"embeddable":true,"href":"https:\/\/termix.net\/blog-int\/es\/wp-json\/wp\/v2\/users\/2"}],"replies":[{"embeddable":true,"href":"https:\/\/termix.net\/blog-int\/es\/wp-json\/wp\/v2\/comments?post=8276"}],"version-history":[{"count":2,"href":"https:\/\/termix.net\/blog-int\/es\/wp-json\/wp\/v2\/posts\/8276\/revisions"}],"predecessor-version":[{"id":22504,"href":"https:\/\/termix.net\/blog-int\/es\/wp-json\/wp\/v2\/posts\/8276\/revisions\/22504"}],"wp:featuredmedia":[{"embeddable":true,"href":"https:\/\/termix.net\/blog-int\/es\/wp-json\/wp\/v2\/media\/4065"}],"wp:attachment":[{"href":"https:\/\/termix.net\/blog-int\/es\/wp-json\/wp\/v2\/media?parent=8276"}],"wp:term":[{"taxonomy":"category","embeddable":true,"href":"https:\/\/termix.net\/blog-int\/es\/wp-json\/wp\/v2\/categories?post=8276"},{"taxonomy":"post_tag","embeddable":true,"href":"https:\/\/termix.net\/blog-int\/es\/wp-json\/wp\/v2\/tags?post=8276"}],"curies":[{"name":"wp","href":"https:\/\/api.w.org\/{rel}","templated":true}]}}