{"id":8260,"date":"2015-03-30T12:13:03","date_gmt":"2015-03-30T12:13:03","guid":{"rendered":"http:\/\/termix.net\/?p=3918"},"modified":"2019-12-02T10:41:16","modified_gmt":"2019-12-02T09:41:16","slug":"termix-enamora-al-publico-de-cosmoprof-bolonia-2015","status":"publish","type":"post","link":"https:\/\/termix.net\/blog-int\/es\/termix-enamora-al-publico-de-cosmoprof-bolonia-2015\/","title":{"rendered":"Termix enamora al p\u00fablico de Cosmoprof Bolonia 2015"},"content":{"rendered":"<h1 style=\"text-align: center;\">Termix enamora al p\u00fablico de Cosmoprof Bolonia 2015<\/h1>\n<p style=\"text-align: center;\">Se ha convertido un a\u00f1o m\u00e1s la gran cita internacional de la belleza y la cosm\u00e9tica. Fiel a su cita en los principales eventos del sector, <strong>Termix<\/strong> estuvo presente en <strong>Cosmoprof Worldwide Bologna<\/strong> (Italia), celebrada del 20 al 23 de marzo en el recinto ferial de Bolonia.<\/p>\n<p>&nbsp;<\/p>\n<p><img decoding=\"async\" class=\"size-full wp-image-21660 aligncenter\" src=\"https:\/\/termixuri2.pre-testing.com\/blog-int\/wp-content\/uploads\/2015\/03\/bannerweb2_news800x400_cosmoprof.jpg\" alt=\"Termix en Cosmoprof Bolonia 2015\" width=\"800\" height=\"400\" srcset=\"https:\/\/termix.net\/blog-int\/wp-content\/uploads\/2015\/03\/bannerweb2_news800x400_cosmoprof-200x100.jpg 200w, https:\/\/termix.net\/blog-int\/wp-content\/uploads\/2015\/03\/bannerweb2_news800x400_cosmoprof-300x150.jpg 300w, https:\/\/termix.net\/blog-int\/wp-content\/uploads\/2015\/03\/bannerweb2_news800x400_cosmoprof-400x200.jpg 400w, https:\/\/termix.net\/blog-int\/wp-content\/uploads\/2015\/03\/bannerweb2_news800x400_cosmoprof-600x300.jpg 600w, https:\/\/termix.net\/blog-int\/wp-content\/uploads\/2015\/03\/bannerweb2_news800x400_cosmoprof-768x384.jpg 768w, https:\/\/termix.net\/blog-int\/wp-content\/uploads\/2015\/03\/bannerweb2_news800x400_cosmoprof.jpg 800w\" sizes=\"(max-width: 800px) 100vw, 800px\" \/><\/p>\n<p>&nbsp;<\/p>\n<p style=\"text-align: justify;\">El mejor escaparte de las \u00faltimas tendencias y novedades de la industria de la belleza, como las que present\u00f3 <strong>Termix <\/strong>en su stand y en el de su distribuidor, y entre las que destac\u00f3 los <strong>nuevos cepillos C\u00b7Ramic Color I Love Termix<\/strong>, que encandilaron al p\u00fablico. De la mano del rojo, la nueva propuesta de la marca l\u00edder en herramientas de peluquer\u00eda profesional, consigui\u00f3 su objetivo: <strong>inspirar a los profesionales del sector y a conectar con ellos por todo el mundo en un nivel emocional<\/strong>. \u00a0Entre otras novedades, tambi\u00e9n se presentaron las <strong>m\u00e1quinas de corte y contornos de Termix<\/strong>, con gran aceptaci\u00f3n entre el p\u00fablico masculino y profesional.<\/p>\n<p style=\"text-align: justify;\"><strong>Cosmoprof Worldwide Bologna 2015<\/strong> se ha convertido en el punto de encuentro imprescindible para las empresas de mayor prestigio del sector, este a\u00f1o adem\u00e1s, batiendo r\u00e9cords de participaci\u00f3n y asistencia: casi <strong>2.500 expositores y 248.000 visitantes (un 20% m\u00e1s que en 2014). <\/strong>Entre espectaculares puestas de escena, talleres y concursos, no hay duda de que la 48 edici\u00f3n de <strong>Cosmoprof Worlwide Bologna<\/strong> ha vuelto a convertirla en la feria de referencia para el mundo de la belleza.<\/p>\n","protected":false},"excerpt":{"rendered":"<p>\t\t\t\tLos cepillos C\u00b7Ramic Color I Love Termix encandilaron al p\u00fablico profesional de Cosmoprof Worldwide Bolonia, una de las citas internacionales m\u00e1s importantes del mundo de la belleza. \t\t<\/p>\n","protected":false},"author":2,"featured_media":21660,"comment_status":"open","ping_status":"open","sticky":false,"template":"","format":"standard","meta":[],"categories":[6],"tags":[],"yoast_head":"<!-- This site is optimized with the Yoast SEO plugin v20.0 - https:\/\/yoast.com\/wordpress\/plugins\/seo\/ -->\n<title>Termix enamora al p\u00fablico de Cosmoprof Bolonia 2015 - Blog Termix Spain<\/title>\n<meta name=\"description\" content=\"Blog Termix Spain Termix enamora al p\u00fablico de Cosmoprof Bolonia 2015 -\" \/>\n<meta name=\"robots\" content=\"noindex, follow\" \/>\n<meta property=\"og:locale\" content=\"es_ES\" \/>\n<meta property=\"og:type\" content=\"article\" \/>\n<meta property=\"og:title\" content=\"Termix enamora al p\u00fablico de Cosmoprof Bolonia 2015 - Blog Termix Spain\" \/>\n<meta property=\"og:description\" content=\"Blog Termix Spain Termix enamora al p\u00fablico de Cosmoprof Bolonia 2015 -\" \/>\n<meta property=\"og:url\" content=\"https:\/\/termix.net\/blog-int\/es\/termix-enamora-al-publico-de-cosmoprof-bolonia-2015\/\" \/>\n<meta property=\"og:site_name\" content=\"Blog Termix Spain\" \/>\n<meta property=\"article:published_time\" content=\"2015-03-30T12:13:03+00:00\" \/>\n<meta property=\"article:modified_time\" content=\"2019-12-02T09:41:16+00:00\" \/>\n<meta property=\"og:image\" content=\"https:\/\/termix.net\/blog-int\/wp-content\/uploads\/2015\/03\/bannerweb2_news800x400_cosmoprof.jpg\" \/>\n\t<meta property=\"og:image:width\" content=\"800\" \/>\n\t<meta property=\"og:image:height\" content=\"400\" \/>\n\t<meta property=\"og:image:type\" content=\"image\/jpeg\" \/>\n<meta name=\"author\" content=\"TermixTeam\" \/>\n<meta name=\"twitter:card\" content=\"summary_large_image\" \/>\n<meta name=\"twitter:label1\" content=\"Escrito por\" \/>\n\t<meta name=\"twitter:data1\" content=\"TermixTeam\" \/>\n\t<meta name=\"twitter:label2\" content=\"Tiempo de lectura\" \/>\n\t<meta name=\"twitter:data2\" content=\"1 minuto\" \/>\n<script type=\"application\/ld+json\" class=\"yoast-schema-graph\">{\"@context\":\"https:\/\/schema.org\",\"@graph\":[{\"@type\":\"Article\",\"@id\":\"https:\/\/termix.net\/blog-int\/es\/termix-enamora-al-publico-de-cosmoprof-bolonia-2015\/#article\",\"isPartOf\":{\"@id\":\"https:\/\/termix.net\/blog-int\/es\/termix-enamora-al-publico-de-cosmoprof-bolonia-2015\/\"},\"author\":{\"name\":\"TermixTeam\",\"@id\":\"https:\/\/termix.net\/blog-int\/es\/#\/schema\/person\/9096c98bdf03c8ddf91ad7172f254f40\"},\"headline\":\"Termix enamora al p\u00fablico de Cosmoprof Bolonia 2015\",\"datePublished\":\"2015-03-30T12:13:03+00:00\",\"dateModified\":\"2019-12-02T09:41:16+00:00\",\"mainEntityOfPage\":{\"@id\":\"https:\/\/termix.net\/blog-int\/es\/termix-enamora-al-publico-de-cosmoprof-bolonia-2015\/\"},\"wordCount\":259,\"commentCount\":0,\"publisher\":{\"@id\":\"https:\/\/termix.net\/blog-int\/es\/#organization\"},\"articleSection\":[\"NOTICIAS\"],\"inLanguage\":\"es\",\"potentialAction\":[{\"@type\":\"CommentAction\",\"name\":\"Comment\",\"target\":[\"https:\/\/termix.net\/blog-int\/es\/termix-enamora-al-publico-de-cosmoprof-bolonia-2015\/#respond\"]}]},{\"@type\":\"WebPage\",\"@id\":\"https:\/\/termix.net\/blog-int\/es\/termix-enamora-al-publico-de-cosmoprof-bolonia-2015\/\",\"url\":\"https:\/\/termix.net\/blog-int\/es\/termix-enamora-al-publico-de-cosmoprof-bolonia-2015\/\",\"name\":\"Termix enamora al p\u00fablico de Cosmoprof Bolonia 2015 - Blog Termix Spain\",\"isPartOf\":{\"@id\":\"https:\/\/termix.net\/blog-int\/es\/#website\"},\"datePublished\":\"2015-03-30T12:13:03+00:00\",\"dateModified\":\"2019-12-02T09:41:16+00:00\",\"description\":\"Blog Termix Spain Termix enamora al p\u00fablico de Cosmoprof Bolonia 2015 -\",\"breadcrumb\":{\"@id\":\"https:\/\/termix.net\/blog-int\/es\/termix-enamora-al-publico-de-cosmoprof-bolonia-2015\/#breadcrumb\"},\"inLanguage\":\"es\",\"potentialAction\":[{\"@type\":\"ReadAction\",\"target\":[\"https:\/\/termix.net\/blog-int\/es\/termix-enamora-al-publico-de-cosmoprof-bolonia-2015\/\"]}]},{\"@type\":\"BreadcrumbList\",\"@id\":\"https:\/\/termix.net\/blog-int\/es\/termix-enamora-al-publico-de-cosmoprof-bolonia-2015\/#breadcrumb\",\"itemListElement\":[{\"@type\":\"ListItem\",\"position\":1,\"name\":\"Home\",\"item\":\"https:\/\/termix.net\/blog-int\/es\/\"},{\"@type\":\"ListItem\",\"position\":2,\"name\":\"Termix enamora al p\u00fablico de Cosmoprof Bolonia 2015\"}]},{\"@type\":\"WebSite\",\"@id\":\"https:\/\/termix.net\/blog-int\/es\/#website\",\"url\":\"https:\/\/termix.net\/blog-int\/es\/\",\"name\":\"Blog Termix Spain\",\"description\":\"Blog de tendencias y productos de peluquer\u00eda profesional.\",\"publisher\":{\"@id\":\"https:\/\/termix.net\/blog-int\/es\/#organization\"},\"potentialAction\":[{\"@type\":\"SearchAction\",\"target\":{\"@type\":\"EntryPoint\",\"urlTemplate\":\"https:\/\/termix.net\/blog-int\/es\/?s={search_term_string}\"},\"query-input\":\"required name=search_term_string\"}],\"inLanguage\":\"es\"},{\"@type\":\"Organization\",\"@id\":\"https:\/\/termix.net\/blog-int\/es\/#organization\",\"name\":\"Dols Industrial de Peluquer\u00eda SA\",\"url\":\"https:\/\/termix.net\/blog-int\/es\/\",\"logo\":{\"@type\":\"ImageObject\",\"inLanguage\":\"es\",\"@id\":\"https:\/\/termix.net\/blog-int\/es\/#\/schema\/logo\/image\/\",\"url\":\"https:\/\/termix.net\/blog-int\/wp-content\/uploads\/2020\/10\/OGbDAeng.jpeg\",\"contentUrl\":\"https:\/\/termix.net\/blog-int\/wp-content\/uploads\/2020\/10\/OGbDAeng.jpeg\",\"width\":800,\"height\":800,\"caption\":\"Dols Industrial de Peluquer\u00eda SA\"},\"image\":{\"@id\":\"https:\/\/termix.net\/blog-int\/es\/#\/schema\/logo\/image\/\"}},{\"@type\":\"Person\",\"@id\":\"https:\/\/termix.net\/blog-int\/es\/#\/schema\/person\/9096c98bdf03c8ddf91ad7172f254f40\",\"name\":\"TermixTeam\",\"image\":{\"@type\":\"ImageObject\",\"inLanguage\":\"es\",\"@id\":\"https:\/\/termix.net\/blog-int\/es\/#\/schema\/person\/image\/\",\"url\":\"https:\/\/secure.gravatar.com\/avatar\/d89f61f6bd1c29a4acb231736d1c74b3?s=96&d=mm&r=g\",\"contentUrl\":\"https:\/\/secure.gravatar.com\/avatar\/d89f61f6bd1c29a4acb231736d1c74b3?s=96&d=mm&r=g\",\"caption\":\"TermixTeam\"},\"url\":\"https:\/\/termix.net\/blog-int\/es\/author\/termixteam\/\"}]}<\/script>\n<!-- \/ Yoast SEO plugin. -->","yoast_head_json":{"title":"Termix enamora al p\u00fablico de Cosmoprof Bolonia 2015 - Blog Termix Spain","description":"Blog Termix Spain Termix enamora al p\u00fablico de Cosmoprof Bolonia 2015 -","robots":{"index":"noindex","follow":"follow"},"og_locale":"es_ES","og_type":"article","og_title":"Termix enamora al p\u00fablico de Cosmoprof Bolonia 2015 - Blog Termix Spain","og_description":"Blog Termix Spain Termix enamora al p\u00fablico de Cosmoprof Bolonia 2015 -","og_url":"https:\/\/termix.net\/blog-int\/es\/termix-enamora-al-publico-de-cosmoprof-bolonia-2015\/","og_site_name":"Blog Termix Spain","article_published_time":"2015-03-30T12:13:03+00:00","article_modified_time":"2019-12-02T09:41:16+00:00","og_image":[{"width":800,"height":400,"url":"https:\/\/termix.net\/blog-int\/wp-content\/uploads\/2015\/03\/bannerweb2_news800x400_cosmoprof.jpg","type":"image\/jpeg"}],"author":"TermixTeam","twitter_card":"summary_large_image","twitter_misc":{"Escrito por":"TermixTeam","Tiempo de lectura":"1 minuto"},"schema":{"@context":"https:\/\/schema.org","@graph":[{"@type":"Article","@id":"https:\/\/termix.net\/blog-int\/es\/termix-enamora-al-publico-de-cosmoprof-bolonia-2015\/#article","isPartOf":{"@id":"https:\/\/termix.net\/blog-int\/es\/termix-enamora-al-publico-de-cosmoprof-bolonia-2015\/"},"author":{"name":"TermixTeam","@id":"https:\/\/termix.net\/blog-int\/es\/#\/schema\/person\/9096c98bdf03c8ddf91ad7172f254f40"},"headline":"Termix enamora al p\u00fablico de Cosmoprof Bolonia 2015","datePublished":"2015-03-30T12:13:03+00:00","dateModified":"2019-12-02T09:41:16+00:00","mainEntityOfPage":{"@id":"https:\/\/termix.net\/blog-int\/es\/termix-enamora-al-publico-de-cosmoprof-bolonia-2015\/"},"wordCount":259,"commentCount":0,"publisher":{"@id":"https:\/\/termix.net\/blog-int\/es\/#organization"},"articleSection":["NOTICIAS"],"inLanguage":"es","potentialAction":[{"@type":"CommentAction","name":"Comment","target":["https:\/\/termix.net\/blog-int\/es\/termix-enamora-al-publico-de-cosmoprof-bolonia-2015\/#respond"]}]},{"@type":"WebPage","@id":"https:\/\/termix.net\/blog-int\/es\/termix-enamora-al-publico-de-cosmoprof-bolonia-2015\/","url":"https:\/\/termix.net\/blog-int\/es\/termix-enamora-al-publico-de-cosmoprof-bolonia-2015\/","name":"Termix enamora al p\u00fablico de Cosmoprof Bolonia 2015 - Blog Termix Spain","isPartOf":{"@id":"https:\/\/termix.net\/blog-int\/es\/#website"},"datePublished":"2015-03-30T12:13:03+00:00","dateModified":"2019-12-02T09:41:16+00:00","description":"Blog Termix Spain Termix enamora al p\u00fablico de Cosmoprof Bolonia 2015 -","breadcrumb":{"@id":"https:\/\/termix.net\/blog-int\/es\/termix-enamora-al-publico-de-cosmoprof-bolonia-2015\/#breadcrumb"},"inLanguage":"es","potentialAction":[{"@type":"ReadAction","target":["https:\/\/termix.net\/blog-int\/es\/termix-enamora-al-publico-de-cosmoprof-bolonia-2015\/"]}]},{"@type":"BreadcrumbList","@id":"https:\/\/termix.net\/blog-int\/es\/termix-enamora-al-publico-de-cosmoprof-bolonia-2015\/#breadcrumb","itemListElement":[{"@type":"ListItem","position":1,"name":"Home","item":"https:\/\/termix.net\/blog-int\/es\/"},{"@type":"ListItem","position":2,"name":"Termix enamora al p\u00fablico de Cosmoprof Bolonia 2015"}]},{"@type":"WebSite","@id":"https:\/\/termix.net\/blog-int\/es\/#website","url":"https:\/\/termix.net\/blog-int\/es\/","name":"Blog Termix Spain","description":"Blog de tendencias y productos de peluquer\u00eda profesional.","publisher":{"@id":"https:\/\/termix.net\/blog-int\/es\/#organization"},"potentialAction":[{"@type":"SearchAction","target":{"@type":"EntryPoint","urlTemplate":"https:\/\/termix.net\/blog-int\/es\/?s={search_term_string}"},"query-input":"required name=search_term_string"}],"inLanguage":"es"},{"@type":"Organization","@id":"https:\/\/termix.net\/blog-int\/es\/#organization","name":"Dols Industrial de Peluquer\u00eda SA","url":"https:\/\/termix.net\/blog-int\/es\/","logo":{"@type":"ImageObject","inLanguage":"es","@id":"https:\/\/termix.net\/blog-int\/es\/#\/schema\/logo\/image\/","url":"https:\/\/termix.net\/blog-int\/wp-content\/uploads\/2020\/10\/OGbDAeng.jpeg","contentUrl":"https:\/\/termix.net\/blog-int\/wp-content\/uploads\/2020\/10\/OGbDAeng.jpeg","width":800,"height":800,"caption":"Dols Industrial de Peluquer\u00eda SA"},"image":{"@id":"https:\/\/termix.net\/blog-int\/es\/#\/schema\/logo\/image\/"}},{"@type":"Person","@id":"https:\/\/termix.net\/blog-int\/es\/#\/schema\/person\/9096c98bdf03c8ddf91ad7172f254f40","name":"TermixTeam","image":{"@type":"ImageObject","inLanguage":"es","@id":"https:\/\/termix.net\/blog-int\/es\/#\/schema\/person\/image\/","url":"https:\/\/secure.gravatar.com\/avatar\/d89f61f6bd1c29a4acb231736d1c74b3?s=96&d=mm&r=g","contentUrl":"https:\/\/secure.gravatar.com\/avatar\/d89f61f6bd1c29a4acb231736d1c74b3?s=96&d=mm&r=g","caption":"TermixTeam"},"url":"https:\/\/termix.net\/blog-int\/es\/author\/termixteam\/"}]}},"_links":{"self":[{"href":"https:\/\/termix.net\/blog-int\/es\/wp-json\/wp\/v2\/posts\/8260"}],"collection":[{"href":"https:\/\/termix.net\/blog-int\/es\/wp-json\/wp\/v2\/posts"}],"about":[{"href":"https:\/\/termix.net\/blog-int\/es\/wp-json\/wp\/v2\/types\/post"}],"author":[{"embeddable":true,"href":"https:\/\/termix.net\/blog-int\/es\/wp-json\/wp\/v2\/users\/2"}],"replies":[{"embeddable":true,"href":"https:\/\/termix.net\/blog-int\/es\/wp-json\/wp\/v2\/comments?post=8260"}],"version-history":[{"count":3,"href":"https:\/\/termix.net\/blog-int\/es\/wp-json\/wp\/v2\/posts\/8260\/revisions"}],"predecessor-version":[{"id":21663,"href":"https:\/\/termix.net\/blog-int\/es\/wp-json\/wp\/v2\/posts\/8260\/revisions\/21663"}],"wp:featuredmedia":[{"embeddable":true,"href":"https:\/\/termix.net\/blog-int\/es\/wp-json\/wp\/v2\/media\/21660"}],"wp:attachment":[{"href":"https:\/\/termix.net\/blog-int\/es\/wp-json\/wp\/v2\/media?parent=8260"}],"wp:term":[{"taxonomy":"category","embeddable":true,"href":"https:\/\/termix.net\/blog-int\/es\/wp-json\/wp\/v2\/categories?post=8260"},{"taxonomy":"post_tag","embeddable":true,"href":"https:\/\/termix.net\/blog-int\/es\/wp-json\/wp\/v2\/tags?post=8260"}],"curies":[{"name":"wp","href":"https:\/\/api.w.org\/{rel}","templated":true}]}}