{"id":8235,"date":"2014-12-01T10:35:01","date_gmt":"2014-12-01T10:35:01","guid":{"rendered":"http:\/\/termix.net\/?p=611"},"modified":"2019-11-29T08:18:44","modified_gmt":"2019-11-29T07:18:44","slug":"vive-la-navidad-mas-especial-sorteo-peluqueria","status":"publish","type":"post","link":"https:\/\/termix.net\/blog-int\/es\/vive-la-navidad-mas-especial-sorteo-peluqueria\/","title":{"rendered":"Vive la navidad m\u00e1s especial &#8211; sorteo de peluquer\u00eda"},"content":{"rendered":"<h1 style=\"text-align: center;\">Vive la navidad m\u00e1s especial &#8211; sorteo de peluquer\u00eda<\/h1>\n<p style=\"text-align: center;\"><strong>Se acerca la Navidad y con ella&#8230;\u00a1los regalos! <\/strong><\/p>\n<p style=\"text-align: center;\">Y en Termix no quer\u00edamos perdernos la oportunidad de compartir con vosotros la magia de estas fechas con un nuevo sorteo muy especial.\u00a0Si te portas bien,<strong> \u00a1estos regalos Termix pueden ser tuyos!<\/strong> Solo tienes que seguir algunos sencillos pasos para que puedas participar.<\/p>\n<p>&nbsp;<\/p>\n<h3><em><img decoding=\"async\" class=\"alignnone wp-image-21564\" src=\"https:\/\/termixuri2.pre-testing.com\/blog-int\/wp-content\/uploads\/2014\/12\/bannernews3_sorteonavidad-763x381.jpg\" alt=\"sorteo de navidad Termix\" width=\"1273\" height=\"602\" \/> \u00a0<\/em><\/h3>\n<p>&nbsp;<\/p>\n<h3 style=\"text-align: justify;\"><\/h3>\n<p style=\"text-align: justify;\">Como cada mes ponemos en marcha un nuevo sorteo Termix a trav\u00e9s de nuestras redes sociales. Y en esta ocasi\u00f3n, para celebrar la Navidad por todo lo alto, hemos pensado haceros un regalo de lo m\u00e1s personal y \u00fanico con el sorteo de 3 packs #NavidadconTermix que incluyen un Secador Termix Profesional y \u00a1un cepillo Termix personalizado! Solo tienes que seguir los pasos de participaci\u00f3n y si ganas, te damos la opci\u00f3n de que elijas un nombre para poner en el modelo de cepillo y di\u00e1metro que t\u00fa quieras. Sin duda, un premio personalizado para ti o para que regales estas Navidades.<\/p>\n<p>&nbsp;<\/p>\n<h3><em><img decoding=\"async\" class=\"alignnone size-full wp-image-21568\" src=\"https:\/\/termixuri2.pre-testing.com\/blog-int\/wp-content\/uploads\/2014\/12\/bannernews4_sorteonavidad-763x381.jpg\" alt=\"\" width=\"763\" height=\"381\" srcset=\"https:\/\/termix.net\/blog-int\/wp-content\/uploads\/2014\/12\/bannernews4_sorteonavidad-763x381-200x100.jpg 200w, https:\/\/termix.net\/blog-int\/wp-content\/uploads\/2014\/12\/bannernews4_sorteonavidad-763x381-300x150.jpg 300w, https:\/\/termix.net\/blog-int\/wp-content\/uploads\/2014\/12\/bannernews4_sorteonavidad-763x381-400x200.jpg 400w, https:\/\/termix.net\/blog-int\/wp-content\/uploads\/2014\/12\/bannernews4_sorteonavidad-763x381-600x300.jpg 600w, https:\/\/termix.net\/blog-int\/wp-content\/uploads\/2014\/12\/bannernews4_sorteonavidad-763x381.jpg 763w\" sizes=\"(max-width: 763px) 100vw, 763px\" \/><\/em><\/h3>\n<h2 style=\"text-align: justify;\"><span style=\"color: #000000;\">\u00bfC\u00f3mo participar en SORTEO PELUQUER\u00cdA TERMIX ?\u00a0<\/span><\/h2>\n<ol style=\"text-align: justify;\">\n<li>Hazte fan de nuestras p\u00e1ginas de <strong>Facebook <\/strong>y\/o <strong>Twitter<\/strong><\/li>\n<li>Registra tu\u00a0<strong> participaci\u00f3n<\/strong><\/li>\n<li>Contesta a nuestra pregunta: \u00bfQu\u00e9 buscas en una plancha de pelo?<\/li>\n<li>Cu\u00e9ntanos por qu\u00e9 regalar\u00edas Termix estas Navidades en nuestro muro de Facebook o Twitter seguida del<strong> hashtag<em>#NavidadconTermix<\/em><\/strong><\/li>\n<\/ol>\n<p style=\"text-align: justify;\"><strong>\u00a1Y ya est\u00e1s dentro del sorteo! \u00a1Mucha suerte!<\/strong><\/p>\n<h3><em><img decoding=\"async\" class=\"size-full wp-image-21566 aligncenter\" src=\"https:\/\/termixuri2.pre-testing.com\/blog-int\/wp-content\/uploads\/2014\/12\/bannernews5_sorteonavidad-763x381.jpg\" alt=\"\" width=\"763\" height=\"381\" srcset=\"https:\/\/termix.net\/blog-int\/wp-content\/uploads\/2014\/12\/bannernews5_sorteonavidad-763x381-200x100.jpg 200w, https:\/\/termix.net\/blog-int\/wp-content\/uploads\/2014\/12\/bannernews5_sorteonavidad-763x381-300x150.jpg 300w, https:\/\/termix.net\/blog-int\/wp-content\/uploads\/2014\/12\/bannernews5_sorteonavidad-763x381-400x200.jpg 400w, https:\/\/termix.net\/blog-int\/wp-content\/uploads\/2014\/12\/bannernews5_sorteonavidad-763x381-600x300.jpg 600w, https:\/\/termix.net\/blog-int\/wp-content\/uploads\/2014\/12\/bannernews5_sorteonavidad-763x381.jpg 763w\" sizes=\"(max-width: 763px) 100vw, 763px\" \/><\/em><\/h3>\n<p style=\"text-align: justify;\">El pr\u00f3ximo 8 de diciembre a las 10.00 horas termina el sorteo. Ese mismo d\u00eda anunciaremos los ganadores en esta p\u00e1gina web y les enviaremos un email de confirmaci\u00f3n.<\/p>\n<p style=\"text-align: justify;\">Vive la Navidad de una manera muy especial con Termix, l\u00edder en herramientas de peluquer\u00eda\u00a0profesional que tiene como principal compromiso ofrecer la m\u00e1xima calidad\u00a0y servicio a sus clientes. Dentro de esta filosof\u00eda, se enmarca la\u00a0larga experiencia de la compa\u00f1\u00eda, con\u00a030 a\u00f1os de dedicaci\u00f3n y compromiso, siempre ofreciendo los mejores productos del mercado.<\/p>\n<h3><em>\u00a0<\/em><\/h3>\n<h3 style=\"text-align: center;\"><em>\u00a1Gracias por participar y suerte!<\/em><\/h3>\n<p style=\"text-align: center;\"><em>Sorteo V\u00e1lido del 24 de noviembre de 2014 al 8 de diciembre de 2014.\u00a0<\/em><\/p>\n","protected":false},"excerpt":{"rendered":"<p>\t\t\t\tNuevo sorteo Termix para estas Navidades. Participa y gana uno de los 3 packs formados por un secador Termix profesional y un cepillo Termix personalizado. \u00a1No te lo pierdas!\t\t<\/p>\n","protected":false},"author":2,"featured_media":21564,"comment_status":"open","ping_status":"open","sticky":false,"template":"","format":"standard","meta":[],"categories":[6],"tags":[],"yoast_head":"<!-- This site is optimized with the Yoast SEO plugin v20.0 - https:\/\/yoast.com\/wordpress\/plugins\/seo\/ -->\n<title>Vive la Navidad m\u00e1s especial -Termix SORTEO PELUQUER\u00cdA<\/title>\n<meta name=\"description\" content=\"Nuevo sorteo #NavidadTermix en Redes Sociales. Sorteamos 3 packs con productos Termix personalizados. \u00a1Participa y gana!\" \/>\n<meta name=\"robots\" content=\"index, follow, max-snippet:-1, max-image-preview:large, max-video-preview:-1\" \/>\n<link rel=\"canonical\" href=\"https:\/\/termix.net\/blog-int\/es\/vive-la-navidad-mas-especial-sorteo-peluqueria\/\" \/>\n<meta property=\"og:locale\" content=\"es_ES\" \/>\n<meta property=\"og:type\" content=\"article\" \/>\n<meta property=\"og:title\" content=\"Vive la Navidad m\u00e1s especial -Termix SORTEO PELUQUER\u00cdA\" \/>\n<meta property=\"og:description\" content=\"Nuevo sorteo #NavidadTermix en Redes Sociales. Sorteamos 3 packs con productos Termix personalizados. \u00a1Participa y gana!\" \/>\n<meta property=\"og:url\" content=\"https:\/\/termix.net\/blog-int\/es\/vive-la-navidad-mas-especial-sorteo-peluqueria\/\" \/>\n<meta property=\"og:site_name\" content=\"Blog Termix Spain\" \/>\n<meta property=\"article:published_time\" content=\"2014-12-01T10:35:01+00:00\" \/>\n<meta property=\"article:modified_time\" content=\"2019-11-29T07:18:44+00:00\" \/>\n<meta property=\"og:image\" content=\"https:\/\/termix.net\/blog-int\/wp-content\/uploads\/2014\/12\/bannernews3_sorteonavidad-763x381.jpg\" \/>\n\t<meta property=\"og:image:width\" content=\"763\" \/>\n\t<meta property=\"og:image:height\" content=\"381\" \/>\n\t<meta property=\"og:image:type\" content=\"image\/jpeg\" \/>\n<meta name=\"author\" content=\"TermixTeam\" \/>\n<meta name=\"twitter:card\" content=\"summary_large_image\" \/>\n<meta name=\"twitter:label1\" content=\"Escrito por\" \/>\n\t<meta name=\"twitter:data1\" content=\"TermixTeam\" \/>\n\t<meta name=\"twitter:label2\" content=\"Tiempo de lectura\" \/>\n\t<meta name=\"twitter:data2\" content=\"2 minutos\" \/>\n<script type=\"application\/ld+json\" class=\"yoast-schema-graph\">{\"@context\":\"https:\/\/schema.org\",\"@graph\":[{\"@type\":\"Article\",\"@id\":\"https:\/\/termix.net\/blog-int\/es\/vive-la-navidad-mas-especial-sorteo-peluqueria\/#article\",\"isPartOf\":{\"@id\":\"https:\/\/termix.net\/blog-int\/es\/vive-la-navidad-mas-especial-sorteo-peluqueria\/\"},\"author\":{\"name\":\"TermixTeam\",\"@id\":\"https:\/\/termix.net\/blog-int\/es\/#\/schema\/person\/9096c98bdf03c8ddf91ad7172f254f40\"},\"headline\":\"Vive la navidad m\u00e1s especial &#8211; sorteo de peluquer\u00eda\",\"datePublished\":\"2014-12-01T10:35:01+00:00\",\"dateModified\":\"2019-11-29T07:18:44+00:00\",\"mainEntityOfPage\":{\"@id\":\"https:\/\/termix.net\/blog-int\/es\/vive-la-navidad-mas-especial-sorteo-peluqueria\/\"},\"wordCount\":358,\"commentCount\":0,\"publisher\":{\"@id\":\"https:\/\/termix.net\/blog-int\/es\/#organization\"},\"articleSection\":[\"NOTICIAS\"],\"inLanguage\":\"es\",\"potentialAction\":[{\"@type\":\"CommentAction\",\"name\":\"Comment\",\"target\":[\"https:\/\/termix.net\/blog-int\/es\/vive-la-navidad-mas-especial-sorteo-peluqueria\/#respond\"]}]},{\"@type\":\"WebPage\",\"@id\":\"https:\/\/termix.net\/blog-int\/es\/vive-la-navidad-mas-especial-sorteo-peluqueria\/\",\"url\":\"https:\/\/termix.net\/blog-int\/es\/vive-la-navidad-mas-especial-sorteo-peluqueria\/\",\"name\":\"Vive la Navidad m\u00e1s especial -Termix SORTEO PELUQUER\u00cdA\",\"isPartOf\":{\"@id\":\"https:\/\/termix.net\/blog-int\/es\/#website\"},\"datePublished\":\"2014-12-01T10:35:01+00:00\",\"dateModified\":\"2019-11-29T07:18:44+00:00\",\"description\":\"Nuevo sorteo #NavidadTermix en Redes Sociales. Sorteamos 3 packs con productos Termix personalizados. \u00a1Participa y gana!\",\"breadcrumb\":{\"@id\":\"https:\/\/termix.net\/blog-int\/es\/vive-la-navidad-mas-especial-sorteo-peluqueria\/#breadcrumb\"},\"inLanguage\":\"es\",\"potentialAction\":[{\"@type\":\"ReadAction\",\"target\":[\"https:\/\/termix.net\/blog-int\/es\/vive-la-navidad-mas-especial-sorteo-peluqueria\/\"]}]},{\"@type\":\"BreadcrumbList\",\"@id\":\"https:\/\/termix.net\/blog-int\/es\/vive-la-navidad-mas-especial-sorteo-peluqueria\/#breadcrumb\",\"itemListElement\":[{\"@type\":\"ListItem\",\"position\":1,\"name\":\"Home\",\"item\":\"https:\/\/termix.net\/blog-int\/es\/\"},{\"@type\":\"ListItem\",\"position\":2,\"name\":\"Vive la navidad m\u00e1s especial &#8211; sorteo de peluquer\u00eda\"}]},{\"@type\":\"WebSite\",\"@id\":\"https:\/\/termix.net\/blog-int\/es\/#website\",\"url\":\"https:\/\/termix.net\/blog-int\/es\/\",\"name\":\"Blog Termix Spain\",\"description\":\"Blog de tendencias y productos de peluquer\u00eda profesional.\",\"publisher\":{\"@id\":\"https:\/\/termix.net\/blog-int\/es\/#organization\"},\"potentialAction\":[{\"@type\":\"SearchAction\",\"target\":{\"@type\":\"EntryPoint\",\"urlTemplate\":\"https:\/\/termix.net\/blog-int\/es\/?s={search_term_string}\"},\"query-input\":\"required name=search_term_string\"}],\"inLanguage\":\"es\"},{\"@type\":\"Organization\",\"@id\":\"https:\/\/termix.net\/blog-int\/es\/#organization\",\"name\":\"Dols Industrial de Peluquer\u00eda SA\",\"url\":\"https:\/\/termix.net\/blog-int\/es\/\",\"logo\":{\"@type\":\"ImageObject\",\"inLanguage\":\"es\",\"@id\":\"https:\/\/termix.net\/blog-int\/es\/#\/schema\/logo\/image\/\",\"url\":\"https:\/\/termix.net\/blog-int\/wp-content\/uploads\/2020\/10\/OGbDAeng.jpeg\",\"contentUrl\":\"https:\/\/termix.net\/blog-int\/wp-content\/uploads\/2020\/10\/OGbDAeng.jpeg\",\"width\":800,\"height\":800,\"caption\":\"Dols Industrial de Peluquer\u00eda SA\"},\"image\":{\"@id\":\"https:\/\/termix.net\/blog-int\/es\/#\/schema\/logo\/image\/\"}},{\"@type\":\"Person\",\"@id\":\"https:\/\/termix.net\/blog-int\/es\/#\/schema\/person\/9096c98bdf03c8ddf91ad7172f254f40\",\"name\":\"TermixTeam\",\"image\":{\"@type\":\"ImageObject\",\"inLanguage\":\"es\",\"@id\":\"https:\/\/termix.net\/blog-int\/es\/#\/schema\/person\/image\/\",\"url\":\"https:\/\/secure.gravatar.com\/avatar\/d89f61f6bd1c29a4acb231736d1c74b3?s=96&d=mm&r=g\",\"contentUrl\":\"https:\/\/secure.gravatar.com\/avatar\/d89f61f6bd1c29a4acb231736d1c74b3?s=96&d=mm&r=g\",\"caption\":\"TermixTeam\"},\"url\":\"https:\/\/termix.net\/blog-int\/es\/author\/termixteam\/\"}]}<\/script>\n<!-- \/ Yoast SEO plugin. -->","yoast_head_json":{"title":"Vive la Navidad m\u00e1s especial -Termix SORTEO PELUQUER\u00cdA","description":"Nuevo sorteo #NavidadTermix en Redes Sociales. Sorteamos 3 packs con productos Termix personalizados. \u00a1Participa y gana!","robots":{"index":"index","follow":"follow","max-snippet":"max-snippet:-1","max-image-preview":"max-image-preview:large","max-video-preview":"max-video-preview:-1"},"canonical":"https:\/\/termix.net\/blog-int\/es\/vive-la-navidad-mas-especial-sorteo-peluqueria\/","og_locale":"es_ES","og_type":"article","og_title":"Vive la Navidad m\u00e1s especial -Termix SORTEO PELUQUER\u00cdA","og_description":"Nuevo sorteo #NavidadTermix en Redes Sociales. Sorteamos 3 packs con productos Termix personalizados. \u00a1Participa y gana!","og_url":"https:\/\/termix.net\/blog-int\/es\/vive-la-navidad-mas-especial-sorteo-peluqueria\/","og_site_name":"Blog Termix Spain","article_published_time":"2014-12-01T10:35:01+00:00","article_modified_time":"2019-11-29T07:18:44+00:00","og_image":[{"width":763,"height":381,"url":"https:\/\/termix.net\/blog-int\/wp-content\/uploads\/2014\/12\/bannernews3_sorteonavidad-763x381.jpg","type":"image\/jpeg"}],"author":"TermixTeam","twitter_card":"summary_large_image","twitter_misc":{"Escrito por":"TermixTeam","Tiempo de lectura":"2 minutos"},"schema":{"@context":"https:\/\/schema.org","@graph":[{"@type":"Article","@id":"https:\/\/termix.net\/blog-int\/es\/vive-la-navidad-mas-especial-sorteo-peluqueria\/#article","isPartOf":{"@id":"https:\/\/termix.net\/blog-int\/es\/vive-la-navidad-mas-especial-sorteo-peluqueria\/"},"author":{"name":"TermixTeam","@id":"https:\/\/termix.net\/blog-int\/es\/#\/schema\/person\/9096c98bdf03c8ddf91ad7172f254f40"},"headline":"Vive la navidad m\u00e1s especial &#8211; sorteo de peluquer\u00eda","datePublished":"2014-12-01T10:35:01+00:00","dateModified":"2019-11-29T07:18:44+00:00","mainEntityOfPage":{"@id":"https:\/\/termix.net\/blog-int\/es\/vive-la-navidad-mas-especial-sorteo-peluqueria\/"},"wordCount":358,"commentCount":0,"publisher":{"@id":"https:\/\/termix.net\/blog-int\/es\/#organization"},"articleSection":["NOTICIAS"],"inLanguage":"es","potentialAction":[{"@type":"CommentAction","name":"Comment","target":["https:\/\/termix.net\/blog-int\/es\/vive-la-navidad-mas-especial-sorteo-peluqueria\/#respond"]}]},{"@type":"WebPage","@id":"https:\/\/termix.net\/blog-int\/es\/vive-la-navidad-mas-especial-sorteo-peluqueria\/","url":"https:\/\/termix.net\/blog-int\/es\/vive-la-navidad-mas-especial-sorteo-peluqueria\/","name":"Vive la Navidad m\u00e1s especial -Termix SORTEO PELUQUER\u00cdA","isPartOf":{"@id":"https:\/\/termix.net\/blog-int\/es\/#website"},"datePublished":"2014-12-01T10:35:01+00:00","dateModified":"2019-11-29T07:18:44+00:00","description":"Nuevo sorteo #NavidadTermix en Redes Sociales. Sorteamos 3 packs con productos Termix personalizados. \u00a1Participa y gana!","breadcrumb":{"@id":"https:\/\/termix.net\/blog-int\/es\/vive-la-navidad-mas-especial-sorteo-peluqueria\/#breadcrumb"},"inLanguage":"es","potentialAction":[{"@type":"ReadAction","target":["https:\/\/termix.net\/blog-int\/es\/vive-la-navidad-mas-especial-sorteo-peluqueria\/"]}]},{"@type":"BreadcrumbList","@id":"https:\/\/termix.net\/blog-int\/es\/vive-la-navidad-mas-especial-sorteo-peluqueria\/#breadcrumb","itemListElement":[{"@type":"ListItem","position":1,"name":"Home","item":"https:\/\/termix.net\/blog-int\/es\/"},{"@type":"ListItem","position":2,"name":"Vive la navidad m\u00e1s especial &#8211; sorteo de peluquer\u00eda"}]},{"@type":"WebSite","@id":"https:\/\/termix.net\/blog-int\/es\/#website","url":"https:\/\/termix.net\/blog-int\/es\/","name":"Blog Termix Spain","description":"Blog de tendencias y productos de peluquer\u00eda profesional.","publisher":{"@id":"https:\/\/termix.net\/blog-int\/es\/#organization"},"potentialAction":[{"@type":"SearchAction","target":{"@type":"EntryPoint","urlTemplate":"https:\/\/termix.net\/blog-int\/es\/?s={search_term_string}"},"query-input":"required name=search_term_string"}],"inLanguage":"es"},{"@type":"Organization","@id":"https:\/\/termix.net\/blog-int\/es\/#organization","name":"Dols Industrial de Peluquer\u00eda SA","url":"https:\/\/termix.net\/blog-int\/es\/","logo":{"@type":"ImageObject","inLanguage":"es","@id":"https:\/\/termix.net\/blog-int\/es\/#\/schema\/logo\/image\/","url":"https:\/\/termix.net\/blog-int\/wp-content\/uploads\/2020\/10\/OGbDAeng.jpeg","contentUrl":"https:\/\/termix.net\/blog-int\/wp-content\/uploads\/2020\/10\/OGbDAeng.jpeg","width":800,"height":800,"caption":"Dols Industrial de Peluquer\u00eda SA"},"image":{"@id":"https:\/\/termix.net\/blog-int\/es\/#\/schema\/logo\/image\/"}},{"@type":"Person","@id":"https:\/\/termix.net\/blog-int\/es\/#\/schema\/person\/9096c98bdf03c8ddf91ad7172f254f40","name":"TermixTeam","image":{"@type":"ImageObject","inLanguage":"es","@id":"https:\/\/termix.net\/blog-int\/es\/#\/schema\/person\/image\/","url":"https:\/\/secure.gravatar.com\/avatar\/d89f61f6bd1c29a4acb231736d1c74b3?s=96&d=mm&r=g","contentUrl":"https:\/\/secure.gravatar.com\/avatar\/d89f61f6bd1c29a4acb231736d1c74b3?s=96&d=mm&r=g","caption":"TermixTeam"},"url":"https:\/\/termix.net\/blog-int\/es\/author\/termixteam\/"}]}},"_links":{"self":[{"href":"https:\/\/termix.net\/blog-int\/es\/wp-json\/wp\/v2\/posts\/8235"}],"collection":[{"href":"https:\/\/termix.net\/blog-int\/es\/wp-json\/wp\/v2\/posts"}],"about":[{"href":"https:\/\/termix.net\/blog-int\/es\/wp-json\/wp\/v2\/types\/post"}],"author":[{"embeddable":true,"href":"https:\/\/termix.net\/blog-int\/es\/wp-json\/wp\/v2\/users\/2"}],"replies":[{"embeddable":true,"href":"https:\/\/termix.net\/blog-int\/es\/wp-json\/wp\/v2\/comments?post=8235"}],"version-history":[{"count":3,"href":"https:\/\/termix.net\/blog-int\/es\/wp-json\/wp\/v2\/posts\/8235\/revisions"}],"predecessor-version":[{"id":21571,"href":"https:\/\/termix.net\/blog-int\/es\/wp-json\/wp\/v2\/posts\/8235\/revisions\/21571"}],"wp:featuredmedia":[{"embeddable":true,"href":"https:\/\/termix.net\/blog-int\/es\/wp-json\/wp\/v2\/media\/21564"}],"wp:attachment":[{"href":"https:\/\/termix.net\/blog-int\/es\/wp-json\/wp\/v2\/media?parent=8235"}],"wp:term":[{"taxonomy":"category","embeddable":true,"href":"https:\/\/termix.net\/blog-int\/es\/wp-json\/wp\/v2\/categories?post=8235"},{"taxonomy":"post_tag","embeddable":true,"href":"https:\/\/termix.net\/blog-int\/es\/wp-json\/wp\/v2\/tags?post=8235"}],"curies":[{"name":"wp","href":"https:\/\/api.w.org\/{rel}","templated":true}]}}