{"id":3903,"date":"2015-03-27T08:20:52","date_gmt":"2015-03-27T08:20:52","guid":{"rendered":"http:\/\/termix.net\/?p=3903"},"modified":"2019-12-02T10:46:33","modified_gmt":"2019-12-02T09:46:33","slug":"peinados-para-ninas-hechos-por-sus-padres-termix","status":"publish","type":"post","link":"https:\/\/termix.net\/blog-int\/es\/peinados-para-ninas-hechos-por-sus-padres-termix\/","title":{"rendered":"Padres e hijas, el curioso t\u00e1ndem para un peinado perfecto"},"content":{"rendered":"<p>&nbsp;<\/p>\n<h1 style=\"text-align: center;\">Padres e hijas, el curioso t\u00e1ndem para un peinado perfecto<\/h1>\n<h3>Se convirti\u00f3 en una masterclass sin precedentes, donde el entusiasmo y la diversi\u00f3n acabaron por ganarle el pulso al temor de peinar a sus hijas. Termix ha colaborado con la iniciativa \u201cFathers and Daughters\u201d, organizada por el famoso estilista malague\u00f1o <strong>Boris Soler<\/strong> en el que diez padres han aprendido a peinar a sus hijas.<\/h3>\n<p><img decoding=\"async\" class=\"size-full wp-image-21666 aligncenter\" src=\"https:\/\/termixuri2.pre-testing.com\/blog-int\/wp-content\/uploads\/2015\/03\/Termix-y-Boris-Soler-ensenan-a-padres-a-peinar-a-sus-hijas.jpg\" alt=\"Termix-y-Boris-Soler-ensenan-a-padres-a-peinar-a-sus-hijas\" width=\"800\" height=\"400\" srcset=\"https:\/\/termix.net\/blog-int\/wp-content\/uploads\/2015\/03\/Termix-y-Boris-Soler-ensenan-a-padres-a-peinar-a-sus-hijas-200x100.jpg 200w, https:\/\/termix.net\/blog-int\/wp-content\/uploads\/2015\/03\/Termix-y-Boris-Soler-ensenan-a-padres-a-peinar-a-sus-hijas-300x150.jpg 300w, https:\/\/termix.net\/blog-int\/wp-content\/uploads\/2015\/03\/Termix-y-Boris-Soler-ensenan-a-padres-a-peinar-a-sus-hijas-400x200.jpg 400w, https:\/\/termix.net\/blog-int\/wp-content\/uploads\/2015\/03\/Termix-y-Boris-Soler-ensenan-a-padres-a-peinar-a-sus-hijas-600x300.jpg 600w, https:\/\/termix.net\/blog-int\/wp-content\/uploads\/2015\/03\/Termix-y-Boris-Soler-ensenan-a-padres-a-peinar-a-sus-hijas-768x384.jpg 768w, https:\/\/termix.net\/blog-int\/wp-content\/uploads\/2015\/03\/Termix-y-Boris-Soler-ensenan-a-padres-a-peinar-a-sus-hijas.jpg 800w\" sizes=\"(max-width: 800px) 100vw, 800px\" \/><\/p>\n<h2><\/h2>\n<h2>Aprendiendo juntos<\/h2>\n<p style=\"text-align: justify;\">Padres e hijas no siempre son el t\u00e1ndem perfecto cuando se trata de peinados. Pero <em>\u201clo que no se sabe, se aprende\u201d<\/em>, afirma Boris Soler, y as\u00ed lo hicieron \u00a1y con nota! <strong>Termix puso las herramientas, Boris Soler <\/strong>la t\u00e9cnica y ellos mucha voluntad y m\u00e1s cari\u00f1o\u00a0para aprender como se hacen los<strong> peinados para ni\u00f1as.<\/strong>\u00a0Con estos ingredientes, la iniciativa \u201cFathers and Daughters\u201d se convirti\u00f3 en una jornada que no olvidaran. Sobre todo las peque\u00f1as de la familia que ahora lucir\u00e1n como aut\u00e9nticas princesas.\u00a0 Disfrutar\u00e1n desde una simple coleta hasta algunos peinados m\u00e1s complejos como la trenza de espiga.<\/p>\n<h2>Padres disfrutan mientras aprenden a hacer peinados a sus hijas<\/h2>\n<p style=\"text-align: justify;\"><em>\u201cGracias a esta iniciativa hemos aprendido a dedicarles unos minutos a nuestras hijas e incluso a saber pasar la plancha de pelo Termix&#8230;..<\/em> La experiencia ha sido genial y las ni\u00f1as est\u00e1n encantadas\u201d, comenta Rafael Orellana. Sus hijas quedaron encantadas y sobre todo sorprendidas.<em> \u201cMe ha gustado mucho que mi padre me peinara y me hiciera una trenza de espiga, lo cre\u00eda incapaz&#8230;. Lo pas\u00e9 genial y mi padre creo que m\u00e1s que yo\u201d<\/em> a\u00f1ade su hija Aroa.<\/p>\n<p style=\"text-align: justify;\">Para otro de los padres participantes, Norberto Obreg\u00f3n, \u201c<em>simplemente la complicidad que se crea en un gesto tan sencillo como hacerle una coleta a tu hija es impagable.<\/em> Ver disfrutar a tus hijas de tu torpeza con algo tan \u00absencillo\u00bb no tiene precio. \u00bfEl lado negativo? Ahora mis hijas Martina y Valentina quieren ir todos los d\u00edas al colegio con el pelo rizado&#8230;\u201d<\/p>\n<p style=\"text-align: justify;\">Con padres e hijas contentas, <strong>el objetivo del curso se cumpli\u00f3 con sobresaliente.<\/strong> Los padres no solo han aprendido a peinar a sus hijas sino que, con la lecci\u00f3n aprendida, aseguran que ahora ya es solo cuesti\u00f3n de \u2018innovar\u2019. \u201c<em>Esta semana he peinado 4 veces a mi hija. M\u00e1s all\u00e1 de aprender a hacer una coleta, esta iniciativa me ha regalado 5 minutos m\u00e1s con mi hija cada ma\u00f1ana<\/em>\u201d, asegura Arturo Mor\u00e1n.<\/p>\n<p style=\"text-align: justify;\">\n","protected":false},"excerpt":{"rendered":"<p>\t\t\t\tTermix ha colaborado con la iniciativa \u201cFathers and Daughters\u201d, organizada por el famoso estilista malague\u00f1o Boris Soler en el que diez padres han aprendido a peinar a sus hijas y \u00a1con nota!\t\t<\/p>\n","protected":false},"author":2,"featured_media":21666,"comment_status":"open","ping_status":"open","sticky":false,"template":"","format":"standard","meta":[],"categories":[6],"tags":[27],"yoast_head":"<!-- This site is optimized with the Yoast SEO plugin v20.0 - https:\/\/yoast.com\/wordpress\/plugins\/seo\/ -->\n<title>Peinados para ni\u00f1as hechos por sus padres- Termix<\/title>\n<meta name=\"description\" content=\"Padres e hijas no siempre son el t\u00e1ndem perfecto cuando se trata de peinados. Pero \u201clo que no se sabe, se aprende\u201d, afirma Boris Soler, y as\u00ed lo hicieron \u00a1y con nota! Termix puso las herramientas, Boris Soler la t\u00e9cnica y ellos mucha voluntad y m\u00e1s cari\u00f1o para aprender como se hacen los peinados para ni\u00f1as.\" \/>\n<meta name=\"robots\" content=\"index, follow, max-snippet:-1, max-image-preview:large, max-video-preview:-1\" \/>\n<link rel=\"canonical\" href=\"https:\/\/termix.net\/blog-int\/es\/peinados-para-ninas-hechos-por-sus-padres-termix\/\" \/>\n<meta property=\"og:locale\" content=\"es_ES\" \/>\n<meta property=\"og:type\" content=\"article\" \/>\n<meta property=\"og:title\" content=\"Peinados para ni\u00f1as hechos por sus padres- Termix\" \/>\n<meta property=\"og:description\" content=\"Padres e hijas no siempre son el t\u00e1ndem perfecto cuando se trata de peinados. Pero \u201clo que no se sabe, se aprende\u201d, afirma Boris Soler, y as\u00ed lo hicieron \u00a1y con nota! Termix puso las herramientas, Boris Soler la t\u00e9cnica y ellos mucha voluntad y m\u00e1s cari\u00f1o para aprender como se hacen los peinados para ni\u00f1as.\" \/>\n<meta property=\"og:url\" content=\"https:\/\/termix.net\/blog-int\/es\/peinados-para-ninas-hechos-por-sus-padres-termix\/\" \/>\n<meta property=\"og:site_name\" content=\"Blog Termix Spain\" \/>\n<meta property=\"article:published_time\" content=\"2015-03-27T08:20:52+00:00\" \/>\n<meta property=\"article:modified_time\" content=\"2019-12-02T09:46:33+00:00\" \/>\n<meta property=\"og:image\" content=\"https:\/\/termix.net\/blog-int\/wp-content\/uploads\/2015\/03\/Termix-y-Boris-Soler-ensenan-a-padres-a-peinar-a-sus-hijas.jpg\" \/>\n\t<meta property=\"og:image:width\" content=\"800\" \/>\n\t<meta property=\"og:image:height\" content=\"400\" \/>\n\t<meta property=\"og:image:type\" content=\"image\/jpeg\" \/>\n<meta name=\"author\" content=\"TermixTeam\" \/>\n<meta name=\"twitter:card\" content=\"summary_large_image\" \/>\n<meta name=\"twitter:label1\" content=\"Escrito por\" \/>\n\t<meta name=\"twitter:data1\" content=\"TermixTeam\" \/>\n\t<meta name=\"twitter:label2\" content=\"Tiempo de lectura\" \/>\n\t<meta name=\"twitter:data2\" content=\"2 minutos\" \/>\n<script type=\"application\/ld+json\" class=\"yoast-schema-graph\">{\"@context\":\"https:\/\/schema.org\",\"@graph\":[{\"@type\":\"Article\",\"@id\":\"https:\/\/termix.net\/blog-int\/es\/peinados-para-ninas-hechos-por-sus-padres-termix\/#article\",\"isPartOf\":{\"@id\":\"https:\/\/termix.net\/blog-int\/es\/peinados-para-ninas-hechos-por-sus-padres-termix\/\"},\"author\":{\"name\":\"TermixTeam\",\"@id\":\"https:\/\/termix.net\/blog-int\/es\/#\/schema\/person\/9096c98bdf03c8ddf91ad7172f254f40\"},\"headline\":\"Padres e hijas, el curioso t\u00e1ndem para un peinado perfecto\",\"datePublished\":\"2015-03-27T08:20:52+00:00\",\"dateModified\":\"2019-12-02T09:46:33+00:00\",\"mainEntityOfPage\":{\"@id\":\"https:\/\/termix.net\/blog-int\/es\/peinados-para-ninas-hechos-por-sus-padres-termix\/\"},\"wordCount\":425,\"commentCount\":0,\"publisher\":{\"@id\":\"https:\/\/termix.net\/blog-int\/es\/#organization\"},\"keywords\":[\"peinados f\u00e1ciles\"],\"articleSection\":[\"NOTICIAS\"],\"inLanguage\":\"es\",\"potentialAction\":[{\"@type\":\"CommentAction\",\"name\":\"Comment\",\"target\":[\"https:\/\/termix.net\/blog-int\/es\/peinados-para-ninas-hechos-por-sus-padres-termix\/#respond\"]}]},{\"@type\":\"WebPage\",\"@id\":\"https:\/\/termix.net\/blog-int\/es\/peinados-para-ninas-hechos-por-sus-padres-termix\/\",\"url\":\"https:\/\/termix.net\/blog-int\/es\/peinados-para-ninas-hechos-por-sus-padres-termix\/\",\"name\":\"Peinados para ni\u00f1as hechos por sus padres- Termix\",\"isPartOf\":{\"@id\":\"https:\/\/termix.net\/blog-int\/es\/#website\"},\"datePublished\":\"2015-03-27T08:20:52+00:00\",\"dateModified\":\"2019-12-02T09:46:33+00:00\",\"description\":\"Padres e hijas no siempre son el t\u00e1ndem perfecto cuando se trata de peinados. Pero \u201clo que no se sabe, se aprende\u201d, afirma Boris Soler, y as\u00ed lo hicieron \u00a1y con nota! Termix puso las herramientas, Boris Soler la t\u00e9cnica y ellos mucha voluntad y m\u00e1s cari\u00f1o para aprender como se hacen los peinados para ni\u00f1as.\",\"breadcrumb\":{\"@id\":\"https:\/\/termix.net\/blog-int\/es\/peinados-para-ninas-hechos-por-sus-padres-termix\/#breadcrumb\"},\"inLanguage\":\"es\",\"potentialAction\":[{\"@type\":\"ReadAction\",\"target\":[\"https:\/\/termix.net\/blog-int\/es\/peinados-para-ninas-hechos-por-sus-padres-termix\/\"]}]},{\"@type\":\"BreadcrumbList\",\"@id\":\"https:\/\/termix.net\/blog-int\/es\/peinados-para-ninas-hechos-por-sus-padres-termix\/#breadcrumb\",\"itemListElement\":[{\"@type\":\"ListItem\",\"position\":1,\"name\":\"Home\",\"item\":\"https:\/\/termix.net\/blog-int\/es\/\"},{\"@type\":\"ListItem\",\"position\":2,\"name\":\"Padres e hijas, el curioso t\u00e1ndem para un peinado perfecto\"}]},{\"@type\":\"WebSite\",\"@id\":\"https:\/\/termix.net\/blog-int\/es\/#website\",\"url\":\"https:\/\/termix.net\/blog-int\/es\/\",\"name\":\"Blog Termix Spain\",\"description\":\"Blog de tendencias y productos de peluquer\u00eda profesional.\",\"publisher\":{\"@id\":\"https:\/\/termix.net\/blog-int\/es\/#organization\"},\"potentialAction\":[{\"@type\":\"SearchAction\",\"target\":{\"@type\":\"EntryPoint\",\"urlTemplate\":\"https:\/\/termix.net\/blog-int\/es\/?s={search_term_string}\"},\"query-input\":\"required name=search_term_string\"}],\"inLanguage\":\"es\"},{\"@type\":\"Organization\",\"@id\":\"https:\/\/termix.net\/blog-int\/es\/#organization\",\"name\":\"Dols Industrial de Peluquer\u00eda SA\",\"url\":\"https:\/\/termix.net\/blog-int\/es\/\",\"logo\":{\"@type\":\"ImageObject\",\"inLanguage\":\"es\",\"@id\":\"https:\/\/termix.net\/blog-int\/es\/#\/schema\/logo\/image\/\",\"url\":\"https:\/\/termix.net\/blog-int\/wp-content\/uploads\/2020\/10\/OGbDAeng.jpeg\",\"contentUrl\":\"https:\/\/termix.net\/blog-int\/wp-content\/uploads\/2020\/10\/OGbDAeng.jpeg\",\"width\":800,\"height\":800,\"caption\":\"Dols Industrial de Peluquer\u00eda SA\"},\"image\":{\"@id\":\"https:\/\/termix.net\/blog-int\/es\/#\/schema\/logo\/image\/\"}},{\"@type\":\"Person\",\"@id\":\"https:\/\/termix.net\/blog-int\/es\/#\/schema\/person\/9096c98bdf03c8ddf91ad7172f254f40\",\"name\":\"TermixTeam\",\"image\":{\"@type\":\"ImageObject\",\"inLanguage\":\"es\",\"@id\":\"https:\/\/termix.net\/blog-int\/es\/#\/schema\/person\/image\/\",\"url\":\"https:\/\/secure.gravatar.com\/avatar\/d89f61f6bd1c29a4acb231736d1c74b3?s=96&d=mm&r=g\",\"contentUrl\":\"https:\/\/secure.gravatar.com\/avatar\/d89f61f6bd1c29a4acb231736d1c74b3?s=96&d=mm&r=g\",\"caption\":\"TermixTeam\"},\"url\":\"https:\/\/termix.net\/blog-int\/es\/author\/termixteam\/\"}]}<\/script>\n<!-- \/ Yoast SEO plugin. -->","yoast_head_json":{"title":"Peinados para ni\u00f1as hechos por sus padres- Termix","description":"Padres e hijas no siempre son el t\u00e1ndem perfecto cuando se trata de peinados. Pero \u201clo que no se sabe, se aprende\u201d, afirma Boris Soler, y as\u00ed lo hicieron \u00a1y con nota! Termix puso las herramientas, Boris Soler la t\u00e9cnica y ellos mucha voluntad y m\u00e1s cari\u00f1o para aprender como se hacen los peinados para ni\u00f1as.","robots":{"index":"index","follow":"follow","max-snippet":"max-snippet:-1","max-image-preview":"max-image-preview:large","max-video-preview":"max-video-preview:-1"},"canonical":"https:\/\/termix.net\/blog-int\/es\/peinados-para-ninas-hechos-por-sus-padres-termix\/","og_locale":"es_ES","og_type":"article","og_title":"Peinados para ni\u00f1as hechos por sus padres- Termix","og_description":"Padres e hijas no siempre son el t\u00e1ndem perfecto cuando se trata de peinados. Pero \u201clo que no se sabe, se aprende\u201d, afirma Boris Soler, y as\u00ed lo hicieron \u00a1y con nota! Termix puso las herramientas, Boris Soler la t\u00e9cnica y ellos mucha voluntad y m\u00e1s cari\u00f1o para aprender como se hacen los peinados para ni\u00f1as.","og_url":"https:\/\/termix.net\/blog-int\/es\/peinados-para-ninas-hechos-por-sus-padres-termix\/","og_site_name":"Blog Termix Spain","article_published_time":"2015-03-27T08:20:52+00:00","article_modified_time":"2019-12-02T09:46:33+00:00","og_image":[{"width":800,"height":400,"url":"https:\/\/termix.net\/blog-int\/wp-content\/uploads\/2015\/03\/Termix-y-Boris-Soler-ensenan-a-padres-a-peinar-a-sus-hijas.jpg","type":"image\/jpeg"}],"author":"TermixTeam","twitter_card":"summary_large_image","twitter_misc":{"Escrito por":"TermixTeam","Tiempo de lectura":"2 minutos"},"schema":{"@context":"https:\/\/schema.org","@graph":[{"@type":"Article","@id":"https:\/\/termix.net\/blog-int\/es\/peinados-para-ninas-hechos-por-sus-padres-termix\/#article","isPartOf":{"@id":"https:\/\/termix.net\/blog-int\/es\/peinados-para-ninas-hechos-por-sus-padres-termix\/"},"author":{"name":"TermixTeam","@id":"https:\/\/termix.net\/blog-int\/es\/#\/schema\/person\/9096c98bdf03c8ddf91ad7172f254f40"},"headline":"Padres e hijas, el curioso t\u00e1ndem para un peinado perfecto","datePublished":"2015-03-27T08:20:52+00:00","dateModified":"2019-12-02T09:46:33+00:00","mainEntityOfPage":{"@id":"https:\/\/termix.net\/blog-int\/es\/peinados-para-ninas-hechos-por-sus-padres-termix\/"},"wordCount":425,"commentCount":0,"publisher":{"@id":"https:\/\/termix.net\/blog-int\/es\/#organization"},"keywords":["peinados f\u00e1ciles"],"articleSection":["NOTICIAS"],"inLanguage":"es","potentialAction":[{"@type":"CommentAction","name":"Comment","target":["https:\/\/termix.net\/blog-int\/es\/peinados-para-ninas-hechos-por-sus-padres-termix\/#respond"]}]},{"@type":"WebPage","@id":"https:\/\/termix.net\/blog-int\/es\/peinados-para-ninas-hechos-por-sus-padres-termix\/","url":"https:\/\/termix.net\/blog-int\/es\/peinados-para-ninas-hechos-por-sus-padres-termix\/","name":"Peinados para ni\u00f1as hechos por sus padres- Termix","isPartOf":{"@id":"https:\/\/termix.net\/blog-int\/es\/#website"},"datePublished":"2015-03-27T08:20:52+00:00","dateModified":"2019-12-02T09:46:33+00:00","description":"Padres e hijas no siempre son el t\u00e1ndem perfecto cuando se trata de peinados. Pero \u201clo que no se sabe, se aprende\u201d, afirma Boris Soler, y as\u00ed lo hicieron \u00a1y con nota! Termix puso las herramientas, Boris Soler la t\u00e9cnica y ellos mucha voluntad y m\u00e1s cari\u00f1o para aprender como se hacen los peinados para ni\u00f1as.","breadcrumb":{"@id":"https:\/\/termix.net\/blog-int\/es\/peinados-para-ninas-hechos-por-sus-padres-termix\/#breadcrumb"},"inLanguage":"es","potentialAction":[{"@type":"ReadAction","target":["https:\/\/termix.net\/blog-int\/es\/peinados-para-ninas-hechos-por-sus-padres-termix\/"]}]},{"@type":"BreadcrumbList","@id":"https:\/\/termix.net\/blog-int\/es\/peinados-para-ninas-hechos-por-sus-padres-termix\/#breadcrumb","itemListElement":[{"@type":"ListItem","position":1,"name":"Home","item":"https:\/\/termix.net\/blog-int\/es\/"},{"@type":"ListItem","position":2,"name":"Padres e hijas, el curioso t\u00e1ndem para un peinado perfecto"}]},{"@type":"WebSite","@id":"https:\/\/termix.net\/blog-int\/es\/#website","url":"https:\/\/termix.net\/blog-int\/es\/","name":"Blog Termix Spain","description":"Blog de tendencias y productos de peluquer\u00eda profesional.","publisher":{"@id":"https:\/\/termix.net\/blog-int\/es\/#organization"},"potentialAction":[{"@type":"SearchAction","target":{"@type":"EntryPoint","urlTemplate":"https:\/\/termix.net\/blog-int\/es\/?s={search_term_string}"},"query-input":"required name=search_term_string"}],"inLanguage":"es"},{"@type":"Organization","@id":"https:\/\/termix.net\/blog-int\/es\/#organization","name":"Dols Industrial de Peluquer\u00eda SA","url":"https:\/\/termix.net\/blog-int\/es\/","logo":{"@type":"ImageObject","inLanguage":"es","@id":"https:\/\/termix.net\/blog-int\/es\/#\/schema\/logo\/image\/","url":"https:\/\/termix.net\/blog-int\/wp-content\/uploads\/2020\/10\/OGbDAeng.jpeg","contentUrl":"https:\/\/termix.net\/blog-int\/wp-content\/uploads\/2020\/10\/OGbDAeng.jpeg","width":800,"height":800,"caption":"Dols Industrial de Peluquer\u00eda SA"},"image":{"@id":"https:\/\/termix.net\/blog-int\/es\/#\/schema\/logo\/image\/"}},{"@type":"Person","@id":"https:\/\/termix.net\/blog-int\/es\/#\/schema\/person\/9096c98bdf03c8ddf91ad7172f254f40","name":"TermixTeam","image":{"@type":"ImageObject","inLanguage":"es","@id":"https:\/\/termix.net\/blog-int\/es\/#\/schema\/person\/image\/","url":"https:\/\/secure.gravatar.com\/avatar\/d89f61f6bd1c29a4acb231736d1c74b3?s=96&d=mm&r=g","contentUrl":"https:\/\/secure.gravatar.com\/avatar\/d89f61f6bd1c29a4acb231736d1c74b3?s=96&d=mm&r=g","caption":"TermixTeam"},"url":"https:\/\/termix.net\/blog-int\/es\/author\/termixteam\/"}]}},"_links":{"self":[{"href":"https:\/\/termix.net\/blog-int\/es\/wp-json\/wp\/v2\/posts\/3903"}],"collection":[{"href":"https:\/\/termix.net\/blog-int\/es\/wp-json\/wp\/v2\/posts"}],"about":[{"href":"https:\/\/termix.net\/blog-int\/es\/wp-json\/wp\/v2\/types\/post"}],"author":[{"embeddable":true,"href":"https:\/\/termix.net\/blog-int\/es\/wp-json\/wp\/v2\/users\/2"}],"replies":[{"embeddable":true,"href":"https:\/\/termix.net\/blog-int\/es\/wp-json\/wp\/v2\/comments?post=3903"}],"version-history":[{"count":3,"href":"https:\/\/termix.net\/blog-int\/es\/wp-json\/wp\/v2\/posts\/3903\/revisions"}],"predecessor-version":[{"id":21669,"href":"https:\/\/termix.net\/blog-int\/es\/wp-json\/wp\/v2\/posts\/3903\/revisions\/21669"}],"wp:featuredmedia":[{"embeddable":true,"href":"https:\/\/termix.net\/blog-int\/es\/wp-json\/wp\/v2\/media\/21666"}],"wp:attachment":[{"href":"https:\/\/termix.net\/blog-int\/es\/wp-json\/wp\/v2\/media?parent=3903"}],"wp:term":[{"taxonomy":"category","embeddable":true,"href":"https:\/\/termix.net\/blog-int\/es\/wp-json\/wp\/v2\/categories?post=3903"},{"taxonomy":"post_tag","embeddable":true,"href":"https:\/\/termix.net\/blog-int\/es\/wp-json\/wp\/v2\/tags?post=3903"}],"curies":[{"name":"wp","href":"https:\/\/api.w.org\/{rel}","templated":true}]}}