{"id":3761,"date":"2015-03-13T11:35:43","date_gmt":"2015-03-13T11:35:43","guid":{"rendered":"http:\/\/termix.net\/?p=3761"},"modified":"2019-12-02T11:02:45","modified_gmt":"2019-12-02T10:02:45","slug":"master-class-fatherdaughters-con-boris-soler-y-termix","status":"publish","type":"post","link":"https:\/\/termix.net\/blog-int\/es\/master-class-fatherdaughters-con-boris-soler-y-termix\/","title":{"rendered":"Master Class Fathers&#038;Daughters con Boris Soler y Termix"},"content":{"rendered":"<h1 style=\"text-align: center;\">Master Class Fathers&amp;Daughters con Boris Soler y Termix<\/h1>\n<p style=\"text-align: center;\">21 de marzo &#8211; Fathers&amp;Daughters &#8211;<\/p>\n<p style=\"text-align: justify;\">10 valientes se han propuesto destronar a las madres para enfundase en el papel de peluqueros para que sus hijas luzcan como aut\u00e9nticas princesas. O al menos, eso intentar\u00e1n.\u00a0<strong>Boris Soler<\/strong>, estilista profesional, prepara para el 21 de marzo una Master Class, titulada <strong>Fathers&amp;daughters,<\/strong> para que\u00a0ellos\u00a0tambi\u00e9n aprendan\u00a0c\u00f3mo peinar a sus hijas peque\u00f1as para ir al colegio o para cualquier otra ocasi\u00f3n, con la colaboraci\u00f3n Termix que ser\u00e1 el responsable de aportar todo el material para la clase.<\/p>\n<h2 style=\"text-align: justify;\"><strong>\u00bfQui\u00e9n dijo que los padres no pueden peinar a sus hijas?<\/strong><\/h2>\n<p><img decoding=\"async\" class=\"size-full wp-image-21666 aligncenter\" src=\"https:\/\/termixuri2.pre-testing.com\/blog-int\/wp-content\/uploads\/2015\/03\/Termix-y-Boris-Soler-ensenan-a-padres-a-peinar-a-sus-hijas.jpg\" alt=\"Termix-y-Boris-Soler-ensenan-a-padres-a-peinar-a-sus-hijas\" width=\"800\" height=\"400\" srcset=\"https:\/\/termix.net\/blog-int\/wp-content\/uploads\/2015\/03\/Termix-y-Boris-Soler-ensenan-a-padres-a-peinar-a-sus-hijas-200x100.jpg 200w, https:\/\/termix.net\/blog-int\/wp-content\/uploads\/2015\/03\/Termix-y-Boris-Soler-ensenan-a-padres-a-peinar-a-sus-hijas-300x150.jpg 300w, https:\/\/termix.net\/blog-int\/wp-content\/uploads\/2015\/03\/Termix-y-Boris-Soler-ensenan-a-padres-a-peinar-a-sus-hijas-400x200.jpg 400w, https:\/\/termix.net\/blog-int\/wp-content\/uploads\/2015\/03\/Termix-y-Boris-Soler-ensenan-a-padres-a-peinar-a-sus-hijas-600x300.jpg 600w, https:\/\/termix.net\/blog-int\/wp-content\/uploads\/2015\/03\/Termix-y-Boris-Soler-ensenan-a-padres-a-peinar-a-sus-hijas-768x384.jpg 768w, https:\/\/termix.net\/blog-int\/wp-content\/uploads\/2015\/03\/Termix-y-Boris-Soler-ensenan-a-padres-a-peinar-a-sus-hijas.jpg 800w\" sizes=\"(max-width: 800px) 100vw, 800px\" \/><\/p>\n<p>&nbsp;<\/p>\n<h2 style=\"text-align: justify;\"><strong>\u00bfConseguir\u00e1n\u00a0aprender a hacer coletas, trenzas y otros peinados?<\/strong><\/h2>\n<p style=\"text-align: justify;\">\u00a0A cada padre se le entregar\u00e1 el material compuesto por una raqueta y dos peines diferentes. Una jornada en la que, Boris Soler explicar\u00e1 a los padres lo b\u00e1sico en peinados infantiles \u00a0para que a partir de ahora disfruten de ese momento con sus ni\u00f1as, que a partir de ahora presumir\u00e1n de peinados a la \u00faltima.<\/p>\n<h2 style=\"text-align: justify;\"><span style=\"color: #000000;\">Material Termix para la clase:<\/span><\/h2>\n<ul>\n<li style=\"text-align: justify;\">Raquetas<\/li>\n<li style=\"text-align: justify;\">Peines Titanio 802<\/li>\n<li style=\"text-align: justify;\">Peines Titanio 814<\/li>\n<li style=\"text-align: justify;\">Capas Evolution<\/li>\n<\/ul>\n<p style=\"text-align: justify;\">\n","protected":false},"excerpt":{"rendered":"<p>\t\t\t\tEl estilista Boris Soler, junto con Termix, prepara para el 21 de marzo una Master Class, titulada Fathers&#038;daughters, para que los padres tambi\u00e9n aprendan c\u00f3mo peinar a sus hijas peque\u00f1as para que ellas tambi\u00e9n luzcan como aut\u00e9nticas princesas. \u00bfListos para la clase?\t\t<\/p>\n","protected":false},"author":2,"featured_media":21666,"comment_status":"open","ping_status":"open","sticky":false,"template":"","format":"standard","meta":[],"categories":[6],"tags":[],"yoast_head":"<!-- This site is optimized with the Yoast SEO plugin v20.0 - https:\/\/yoast.com\/wordpress\/plugins\/seo\/ -->\n<title>Master Class Fathers&amp;Daughters con Boris Soler y Termix - Blog Termix Spain<\/title>\n<meta name=\"description\" content=\"Blog Termix Spain Master Class Fathers&amp;Daughters con Boris Soler y Termix -\" \/>\n<meta name=\"robots\" content=\"noindex, follow\" \/>\n<meta property=\"og:locale\" content=\"es_ES\" \/>\n<meta property=\"og:type\" content=\"article\" \/>\n<meta property=\"og:title\" content=\"Master Class Fathers&amp;Daughters con Boris Soler y Termix - Blog Termix Spain\" \/>\n<meta property=\"og:description\" content=\"Blog Termix Spain Master Class Fathers&amp;Daughters con Boris Soler y Termix -\" \/>\n<meta property=\"og:url\" content=\"https:\/\/termix.net\/blog-int\/es\/master-class-fatherdaughters-con-boris-soler-y-termix\/\" \/>\n<meta property=\"og:site_name\" content=\"Blog Termix Spain\" \/>\n<meta property=\"article:published_time\" content=\"2015-03-13T11:35:43+00:00\" \/>\n<meta property=\"article:modified_time\" content=\"2019-12-02T10:02:45+00:00\" \/>\n<meta property=\"og:image\" content=\"https:\/\/termix.net\/blog-int\/wp-content\/uploads\/2015\/03\/Termix-y-Boris-Soler-ensenan-a-padres-a-peinar-a-sus-hijas.jpg\" \/>\n\t<meta property=\"og:image:width\" content=\"800\" \/>\n\t<meta property=\"og:image:height\" content=\"400\" \/>\n\t<meta property=\"og:image:type\" content=\"image\/jpeg\" \/>\n<meta name=\"author\" content=\"TermixTeam\" \/>\n<meta name=\"twitter:card\" content=\"summary_large_image\" \/>\n<meta name=\"twitter:label1\" content=\"Escrito por\" \/>\n\t<meta name=\"twitter:data1\" content=\"TermixTeam\" \/>\n\t<meta name=\"twitter:label2\" content=\"Tiempo de lectura\" \/>\n\t<meta name=\"twitter:data2\" content=\"1 minuto\" \/>\n<script type=\"application\/ld+json\" class=\"yoast-schema-graph\">{\"@context\":\"https:\/\/schema.org\",\"@graph\":[{\"@type\":\"Article\",\"@id\":\"https:\/\/termix.net\/blog-int\/es\/master-class-fatherdaughters-con-boris-soler-y-termix\/#article\",\"isPartOf\":{\"@id\":\"https:\/\/termix.net\/blog-int\/es\/master-class-fatherdaughters-con-boris-soler-y-termix\/\"},\"author\":{\"name\":\"TermixTeam\",\"@id\":\"https:\/\/termix.net\/blog-int\/es\/#\/schema\/person\/9096c98bdf03c8ddf91ad7172f254f40\"},\"headline\":\"Master Class Fathers&#038;Daughters con Boris Soler y Termix\",\"datePublished\":\"2015-03-13T11:35:43+00:00\",\"dateModified\":\"2019-12-02T10:02:45+00:00\",\"mainEntityOfPage\":{\"@id\":\"https:\/\/termix.net\/blog-int\/es\/master-class-fatherdaughters-con-boris-soler-y-termix\/\"},\"wordCount\":207,\"commentCount\":0,\"publisher\":{\"@id\":\"https:\/\/termix.net\/blog-int\/es\/#organization\"},\"articleSection\":[\"NOTICIAS\"],\"inLanguage\":\"es\",\"potentialAction\":[{\"@type\":\"CommentAction\",\"name\":\"Comment\",\"target\":[\"https:\/\/termix.net\/blog-int\/es\/master-class-fatherdaughters-con-boris-soler-y-termix\/#respond\"]}]},{\"@type\":\"WebPage\",\"@id\":\"https:\/\/termix.net\/blog-int\/es\/master-class-fatherdaughters-con-boris-soler-y-termix\/\",\"url\":\"https:\/\/termix.net\/blog-int\/es\/master-class-fatherdaughters-con-boris-soler-y-termix\/\",\"name\":\"Master Class Fathers&Daughters con Boris Soler y Termix - Blog Termix Spain\",\"isPartOf\":{\"@id\":\"https:\/\/termix.net\/blog-int\/es\/#website\"},\"datePublished\":\"2015-03-13T11:35:43+00:00\",\"dateModified\":\"2019-12-02T10:02:45+00:00\",\"description\":\"Blog Termix Spain Master Class Fathers&Daughters con Boris Soler y Termix -\",\"breadcrumb\":{\"@id\":\"https:\/\/termix.net\/blog-int\/es\/master-class-fatherdaughters-con-boris-soler-y-termix\/#breadcrumb\"},\"inLanguage\":\"es\",\"potentialAction\":[{\"@type\":\"ReadAction\",\"target\":[\"https:\/\/termix.net\/blog-int\/es\/master-class-fatherdaughters-con-boris-soler-y-termix\/\"]}]},{\"@type\":\"BreadcrumbList\",\"@id\":\"https:\/\/termix.net\/blog-int\/es\/master-class-fatherdaughters-con-boris-soler-y-termix\/#breadcrumb\",\"itemListElement\":[{\"@type\":\"ListItem\",\"position\":1,\"name\":\"Home\",\"item\":\"https:\/\/termix.net\/blog-int\/es\/\"},{\"@type\":\"ListItem\",\"position\":2,\"name\":\"Master Class Fathers&#038;Daughters con Boris Soler y Termix\"}]},{\"@type\":\"WebSite\",\"@id\":\"https:\/\/termix.net\/blog-int\/es\/#website\",\"url\":\"https:\/\/termix.net\/blog-int\/es\/\",\"name\":\"Blog Termix Spain\",\"description\":\"Blog de tendencias y productos de peluquer\u00eda profesional.\",\"publisher\":{\"@id\":\"https:\/\/termix.net\/blog-int\/es\/#organization\"},\"potentialAction\":[{\"@type\":\"SearchAction\",\"target\":{\"@type\":\"EntryPoint\",\"urlTemplate\":\"https:\/\/termix.net\/blog-int\/es\/?s={search_term_string}\"},\"query-input\":\"required name=search_term_string\"}],\"inLanguage\":\"es\"},{\"@type\":\"Organization\",\"@id\":\"https:\/\/termix.net\/blog-int\/es\/#organization\",\"name\":\"Dols Industrial de Peluquer\u00eda SA\",\"url\":\"https:\/\/termix.net\/blog-int\/es\/\",\"logo\":{\"@type\":\"ImageObject\",\"inLanguage\":\"es\",\"@id\":\"https:\/\/termix.net\/blog-int\/es\/#\/schema\/logo\/image\/\",\"url\":\"https:\/\/termix.net\/blog-int\/wp-content\/uploads\/2020\/10\/OGbDAeng.jpeg\",\"contentUrl\":\"https:\/\/termix.net\/blog-int\/wp-content\/uploads\/2020\/10\/OGbDAeng.jpeg\",\"width\":800,\"height\":800,\"caption\":\"Dols Industrial de Peluquer\u00eda SA\"},\"image\":{\"@id\":\"https:\/\/termix.net\/blog-int\/es\/#\/schema\/logo\/image\/\"}},{\"@type\":\"Person\",\"@id\":\"https:\/\/termix.net\/blog-int\/es\/#\/schema\/person\/9096c98bdf03c8ddf91ad7172f254f40\",\"name\":\"TermixTeam\",\"image\":{\"@type\":\"ImageObject\",\"inLanguage\":\"es\",\"@id\":\"https:\/\/termix.net\/blog-int\/es\/#\/schema\/person\/image\/\",\"url\":\"https:\/\/secure.gravatar.com\/avatar\/d89f61f6bd1c29a4acb231736d1c74b3?s=96&d=mm&r=g\",\"contentUrl\":\"https:\/\/secure.gravatar.com\/avatar\/d89f61f6bd1c29a4acb231736d1c74b3?s=96&d=mm&r=g\",\"caption\":\"TermixTeam\"},\"url\":\"https:\/\/termix.net\/blog-int\/es\/author\/termixteam\/\"}]}<\/script>\n<!-- \/ Yoast SEO plugin. -->","yoast_head_json":{"title":"Master Class Fathers&Daughters con Boris Soler y Termix - Blog Termix Spain","description":"Blog Termix Spain Master Class Fathers&Daughters con Boris Soler y Termix -","robots":{"index":"noindex","follow":"follow"},"og_locale":"es_ES","og_type":"article","og_title":"Master Class Fathers&Daughters con Boris Soler y Termix - Blog Termix Spain","og_description":"Blog Termix Spain Master Class Fathers&Daughters con Boris Soler y Termix -","og_url":"https:\/\/termix.net\/blog-int\/es\/master-class-fatherdaughters-con-boris-soler-y-termix\/","og_site_name":"Blog Termix Spain","article_published_time":"2015-03-13T11:35:43+00:00","article_modified_time":"2019-12-02T10:02:45+00:00","og_image":[{"width":800,"height":400,"url":"https:\/\/termix.net\/blog-int\/wp-content\/uploads\/2015\/03\/Termix-y-Boris-Soler-ensenan-a-padres-a-peinar-a-sus-hijas.jpg","type":"image\/jpeg"}],"author":"TermixTeam","twitter_card":"summary_large_image","twitter_misc":{"Escrito por":"TermixTeam","Tiempo de lectura":"1 minuto"},"schema":{"@context":"https:\/\/schema.org","@graph":[{"@type":"Article","@id":"https:\/\/termix.net\/blog-int\/es\/master-class-fatherdaughters-con-boris-soler-y-termix\/#article","isPartOf":{"@id":"https:\/\/termix.net\/blog-int\/es\/master-class-fatherdaughters-con-boris-soler-y-termix\/"},"author":{"name":"TermixTeam","@id":"https:\/\/termix.net\/blog-int\/es\/#\/schema\/person\/9096c98bdf03c8ddf91ad7172f254f40"},"headline":"Master Class Fathers&#038;Daughters con Boris Soler y Termix","datePublished":"2015-03-13T11:35:43+00:00","dateModified":"2019-12-02T10:02:45+00:00","mainEntityOfPage":{"@id":"https:\/\/termix.net\/blog-int\/es\/master-class-fatherdaughters-con-boris-soler-y-termix\/"},"wordCount":207,"commentCount":0,"publisher":{"@id":"https:\/\/termix.net\/blog-int\/es\/#organization"},"articleSection":["NOTICIAS"],"inLanguage":"es","potentialAction":[{"@type":"CommentAction","name":"Comment","target":["https:\/\/termix.net\/blog-int\/es\/master-class-fatherdaughters-con-boris-soler-y-termix\/#respond"]}]},{"@type":"WebPage","@id":"https:\/\/termix.net\/blog-int\/es\/master-class-fatherdaughters-con-boris-soler-y-termix\/","url":"https:\/\/termix.net\/blog-int\/es\/master-class-fatherdaughters-con-boris-soler-y-termix\/","name":"Master Class Fathers&Daughters con Boris Soler y Termix - Blog Termix Spain","isPartOf":{"@id":"https:\/\/termix.net\/blog-int\/es\/#website"},"datePublished":"2015-03-13T11:35:43+00:00","dateModified":"2019-12-02T10:02:45+00:00","description":"Blog Termix Spain Master Class Fathers&Daughters con Boris Soler y Termix -","breadcrumb":{"@id":"https:\/\/termix.net\/blog-int\/es\/master-class-fatherdaughters-con-boris-soler-y-termix\/#breadcrumb"},"inLanguage":"es","potentialAction":[{"@type":"ReadAction","target":["https:\/\/termix.net\/blog-int\/es\/master-class-fatherdaughters-con-boris-soler-y-termix\/"]}]},{"@type":"BreadcrumbList","@id":"https:\/\/termix.net\/blog-int\/es\/master-class-fatherdaughters-con-boris-soler-y-termix\/#breadcrumb","itemListElement":[{"@type":"ListItem","position":1,"name":"Home","item":"https:\/\/termix.net\/blog-int\/es\/"},{"@type":"ListItem","position":2,"name":"Master Class Fathers&#038;Daughters con Boris Soler y Termix"}]},{"@type":"WebSite","@id":"https:\/\/termix.net\/blog-int\/es\/#website","url":"https:\/\/termix.net\/blog-int\/es\/","name":"Blog Termix Spain","description":"Blog de tendencias y productos de peluquer\u00eda profesional.","publisher":{"@id":"https:\/\/termix.net\/blog-int\/es\/#organization"},"potentialAction":[{"@type":"SearchAction","target":{"@type":"EntryPoint","urlTemplate":"https:\/\/termix.net\/blog-int\/es\/?s={search_term_string}"},"query-input":"required name=search_term_string"}],"inLanguage":"es"},{"@type":"Organization","@id":"https:\/\/termix.net\/blog-int\/es\/#organization","name":"Dols Industrial de Peluquer\u00eda SA","url":"https:\/\/termix.net\/blog-int\/es\/","logo":{"@type":"ImageObject","inLanguage":"es","@id":"https:\/\/termix.net\/blog-int\/es\/#\/schema\/logo\/image\/","url":"https:\/\/termix.net\/blog-int\/wp-content\/uploads\/2020\/10\/OGbDAeng.jpeg","contentUrl":"https:\/\/termix.net\/blog-int\/wp-content\/uploads\/2020\/10\/OGbDAeng.jpeg","width":800,"height":800,"caption":"Dols Industrial de Peluquer\u00eda SA"},"image":{"@id":"https:\/\/termix.net\/blog-int\/es\/#\/schema\/logo\/image\/"}},{"@type":"Person","@id":"https:\/\/termix.net\/blog-int\/es\/#\/schema\/person\/9096c98bdf03c8ddf91ad7172f254f40","name":"TermixTeam","image":{"@type":"ImageObject","inLanguage":"es","@id":"https:\/\/termix.net\/blog-int\/es\/#\/schema\/person\/image\/","url":"https:\/\/secure.gravatar.com\/avatar\/d89f61f6bd1c29a4acb231736d1c74b3?s=96&d=mm&r=g","contentUrl":"https:\/\/secure.gravatar.com\/avatar\/d89f61f6bd1c29a4acb231736d1c74b3?s=96&d=mm&r=g","caption":"TermixTeam"},"url":"https:\/\/termix.net\/blog-int\/es\/author\/termixteam\/"}]}},"_links":{"self":[{"href":"https:\/\/termix.net\/blog-int\/es\/wp-json\/wp\/v2\/posts\/3761"}],"collection":[{"href":"https:\/\/termix.net\/blog-int\/es\/wp-json\/wp\/v2\/posts"}],"about":[{"href":"https:\/\/termix.net\/blog-int\/es\/wp-json\/wp\/v2\/types\/post"}],"author":[{"embeddable":true,"href":"https:\/\/termix.net\/blog-int\/es\/wp-json\/wp\/v2\/users\/2"}],"replies":[{"embeddable":true,"href":"https:\/\/termix.net\/blog-int\/es\/wp-json\/wp\/v2\/comments?post=3761"}],"version-history":[{"count":2,"href":"https:\/\/termix.net\/blog-int\/es\/wp-json\/wp\/v2\/posts\/3761\/revisions"}],"predecessor-version":[{"id":21681,"href":"https:\/\/termix.net\/blog-int\/es\/wp-json\/wp\/v2\/posts\/3761\/revisions\/21681"}],"wp:featuredmedia":[{"embeddable":true,"href":"https:\/\/termix.net\/blog-int\/es\/wp-json\/wp\/v2\/media\/21666"}],"wp:attachment":[{"href":"https:\/\/termix.net\/blog-int\/es\/wp-json\/wp\/v2\/media?parent=3761"}],"wp:term":[{"taxonomy":"category","embeddable":true,"href":"https:\/\/termix.net\/blog-int\/es\/wp-json\/wp\/v2\/categories?post=3761"},{"taxonomy":"post_tag","embeddable":true,"href":"https:\/\/termix.net\/blog-int\/es\/wp-json\/wp\/v2\/tags?post=3761"}],"curies":[{"name":"wp","href":"https:\/\/api.w.org\/{rel}","templated":true}]}}