{"id":3665,"date":"2015-03-18T11:59:11","date_gmt":"2015-03-18T11:59:11","guid":{"rendered":"http:\/\/termix.net\/?p=3665"},"modified":"2019-12-02T12:38:05","modified_gmt":"2019-12-02T11:38:05","slug":"arranca-la-feria-cosmoprof-2015-en-bolonia","status":"publish","type":"post","link":"https:\/\/termix.net\/blog-int\/es\/arranca-la-feria-cosmoprof-2015-en-bolonia\/","title":{"rendered":"Cuenta atr\u00e1s para la feria Cosmoprof Bolonia 2015"},"content":{"rendered":"<h1 style=\"text-align: center;\"><strong>Cuenta atr\u00e1s para la feria Cosmoprof Bolonia 2015<\/strong><\/h1>\n<p style=\"text-align: center;\">Del\u00a020\u00a0al 23\u00a0de marzo arranca el evento m\u00e1s importante del sector de la belleza y la cosm\u00e9tica. La feria<strong> Cosmoprof Worldwide Bolonia 2015<\/strong> abre sus puertas para mostrar las \u00faltimas tendencias\u00a0y convertirse en el punto de encuentro de\u00a0distribuidores y marcas de todo el mundo en un espacio \u00fanico.<\/p>\n<h3><\/h3>\n<h3 style=\"text-align: justify;\"><img decoding=\"async\" class=\"size-full wp-image-21660 aligncenter\" src=\"https:\/\/termixuri2.pre-testing.com\/blog-int\/wp-content\/uploads\/2015\/03\/bannerweb2_news800x400_cosmoprof.jpg\" alt=\"Termix en Cosmoprof Bolonia 2015\" width=\"800\" height=\"400\" srcset=\"https:\/\/termix.net\/blog-int\/wp-content\/uploads\/2015\/03\/bannerweb2_news800x400_cosmoprof-200x100.jpg 200w, https:\/\/termix.net\/blog-int\/wp-content\/uploads\/2015\/03\/bannerweb2_news800x400_cosmoprof-300x150.jpg 300w, https:\/\/termix.net\/blog-int\/wp-content\/uploads\/2015\/03\/bannerweb2_news800x400_cosmoprof-400x200.jpg 400w, https:\/\/termix.net\/blog-int\/wp-content\/uploads\/2015\/03\/bannerweb2_news800x400_cosmoprof-600x300.jpg 600w, https:\/\/termix.net\/blog-int\/wp-content\/uploads\/2015\/03\/bannerweb2_news800x400_cosmoprof-768x384.jpg 768w, https:\/\/termix.net\/blog-int\/wp-content\/uploads\/2015\/03\/bannerweb2_news800x400_cosmoprof.jpg 800w\" sizes=\"(max-width: 800px) 100vw, 800px\" \/><\/h3>\n<p>&nbsp;<\/p>\n<p style=\"text-align: justify;\">Una cita ineludible en el sector de la belleza y la cosm\u00e9tica que tendr\u00e1 lugar en el recinto ferial de Bolonia, y a la que <strong>Termix<\/strong>, fabricante l\u00edder de productos de<strong>\u00a0peluquer\u00eda profesional<\/strong>, se sumar\u00e1 un a\u00f1o m\u00e1s para <strong>estar m\u00e1s cerca de sus clientes internacionales.<\/strong><\/p>\n<p style=\"text-align: justify;\">Tras m\u00e1s de 45 a\u00f1os de existencia, la feria Cosmoprof Worldwide Bolonia llega a su 87\u00a0edici\u00f3n cargada de novedades. Sin duda, el mejor escaparate en el que Termix presentar\u00e1 sus nuevas creaciones\u00a0para\u00a0este 2015.<\/p>\n<p style=\"text-align: justify;\">La feria Cosmoprof acoge a m\u00e1s de <strong>2.000 marcas de todo el mundo<\/strong>\u00a0que se re\u00fanen durante esos d\u00edas para presentar sus ultimas novedades. Esta nueva edici\u00f3n viene cargada de <strong>talleres, conferencias, una zona de pasarela<\/strong> donde la elegancia, el color y el estilo ser\u00e1n el centro de atenci\u00f3n, y <strong>varios escenarios<\/strong> donde se presentar\u00e1n las tendencias actuales en cortes de cabello, belleza y cosm\u00e9tica dela mano de los mejores profesionales del sector. Y este a\u00f1o con sesiones dedicadas especialmente al mundo de las bodas, donde se presentar\u00e1n las nuevas ideas\u00a0en maquillaje y peinados nupciales.<\/p>\n<p style=\"text-align: justify;\">Para conocer todas nuestras novedades, os esperamos en\u00a0nuestro\u00a0<span style=\"color: #000000;\"><strong>Stand A23 del Pabell\u00f3n 33 del Recinto Ferial de Bolonia<\/strong>.<\/span><\/p>\n<p style=\"text-align: justify;\"><span style=\"color: #000000;\">\u00a1No os pod\u00e9is perder esta cita!<\/span><\/p>\n<p><span style=\"color: #000000;\">\u00a0<\/span><\/p>\n","protected":false},"excerpt":{"rendered":"<p>\t\t\t\tDel 20 al 23 de marzo, te esperamos en la feria de cosm\u00e9tica y belleza m\u00e1s importante de Europa, Cosmoprof Worldwide Bologna, que este a\u00f1o celebra su 87 edici\u00f3n con  todas las novedades en el sector de la peluquer\u00eda.\t\t<\/p>\n","protected":false},"author":2,"featured_media":21660,"comment_status":"open","ping_status":"open","sticky":false,"template":"","format":"standard","meta":[],"categories":[6],"tags":[],"yoast_head":"<!-- This site is optimized with the Yoast SEO plugin v20.0 - https:\/\/yoast.com\/wordpress\/plugins\/seo\/ -->\n<title>Cosmoprof 2015 con Termix-Termix<\/title>\n<meta name=\"description\" content=\"Del 20 al 23 de marzo arranca el evento m\u00e1s importante del sector de la belleza y la cosm\u00e9tica, Cosmoprof 2015, y Termix no podia faltar a la cita.\" \/>\n<meta name=\"robots\" content=\"noindex, follow\" \/>\n<meta property=\"og:locale\" content=\"es_ES\" \/>\n<meta property=\"og:type\" content=\"article\" \/>\n<meta property=\"og:title\" content=\"Cosmoprof 2015 con Termix-Termix\" \/>\n<meta property=\"og:description\" content=\"Del 20 al 23 de marzo arranca el evento m\u00e1s importante del sector de la belleza y la cosm\u00e9tica, Cosmoprof 2015, y Termix no podia faltar a la cita.\" \/>\n<meta property=\"og:url\" content=\"https:\/\/termix.net\/blog-int\/es\/arranca-la-feria-cosmoprof-2015-en-bolonia\/\" \/>\n<meta property=\"og:site_name\" content=\"Blog Termix Spain\" \/>\n<meta property=\"article:published_time\" content=\"2015-03-18T11:59:11+00:00\" \/>\n<meta property=\"article:modified_time\" content=\"2019-12-02T11:38:05+00:00\" \/>\n<meta property=\"og:image\" content=\"https:\/\/termix.net\/blog-int\/wp-content\/uploads\/2015\/03\/bannerweb2_news800x400_cosmoprof.jpg\" \/>\n\t<meta property=\"og:image:width\" content=\"800\" \/>\n\t<meta property=\"og:image:height\" content=\"400\" \/>\n\t<meta property=\"og:image:type\" content=\"image\/jpeg\" \/>\n<meta name=\"author\" content=\"TermixTeam\" \/>\n<meta name=\"twitter:card\" content=\"summary_large_image\" \/>\n<meta name=\"twitter:label1\" content=\"Escrito por\" \/>\n\t<meta name=\"twitter:data1\" content=\"TermixTeam\" \/>\n\t<meta name=\"twitter:label2\" content=\"Tiempo de lectura\" \/>\n\t<meta name=\"twitter:data2\" content=\"1 minuto\" \/>\n<script type=\"application\/ld+json\" class=\"yoast-schema-graph\">{\"@context\":\"https:\/\/schema.org\",\"@graph\":[{\"@type\":\"Article\",\"@id\":\"https:\/\/termix.net\/blog-int\/es\/arranca-la-feria-cosmoprof-2015-en-bolonia\/#article\",\"isPartOf\":{\"@id\":\"https:\/\/termix.net\/blog-int\/es\/arranca-la-feria-cosmoprof-2015-en-bolonia\/\"},\"author\":{\"name\":\"TermixTeam\",\"@id\":\"https:\/\/termix.net\/blog-int\/es\/#\/schema\/person\/9096c98bdf03c8ddf91ad7172f254f40\"},\"headline\":\"Cuenta atr\u00e1s para la feria Cosmoprof Bolonia 2015\",\"datePublished\":\"2015-03-18T11:59:11+00:00\",\"dateModified\":\"2019-12-02T11:38:05+00:00\",\"mainEntityOfPage\":{\"@id\":\"https:\/\/termix.net\/blog-int\/es\/arranca-la-feria-cosmoprof-2015-en-bolonia\/\"},\"wordCount\":287,\"commentCount\":0,\"publisher\":{\"@id\":\"https:\/\/termix.net\/blog-int\/es\/#organization\"},\"articleSection\":[\"NOTICIAS\"],\"inLanguage\":\"es\",\"potentialAction\":[{\"@type\":\"CommentAction\",\"name\":\"Comment\",\"target\":[\"https:\/\/termix.net\/blog-int\/es\/arranca-la-feria-cosmoprof-2015-en-bolonia\/#respond\"]}]},{\"@type\":\"WebPage\",\"@id\":\"https:\/\/termix.net\/blog-int\/es\/arranca-la-feria-cosmoprof-2015-en-bolonia\/\",\"url\":\"https:\/\/termix.net\/blog-int\/es\/arranca-la-feria-cosmoprof-2015-en-bolonia\/\",\"name\":\"Cosmoprof 2015 con Termix-Termix\",\"isPartOf\":{\"@id\":\"https:\/\/termix.net\/blog-int\/es\/#website\"},\"datePublished\":\"2015-03-18T11:59:11+00:00\",\"dateModified\":\"2019-12-02T11:38:05+00:00\",\"description\":\"Del 20 al 23 de marzo arranca el evento m\u00e1s importante del sector de la belleza y la cosm\u00e9tica, Cosmoprof 2015, y Termix no podia faltar a la cita.\",\"breadcrumb\":{\"@id\":\"https:\/\/termix.net\/blog-int\/es\/arranca-la-feria-cosmoprof-2015-en-bolonia\/#breadcrumb\"},\"inLanguage\":\"es\",\"potentialAction\":[{\"@type\":\"ReadAction\",\"target\":[\"https:\/\/termix.net\/blog-int\/es\/arranca-la-feria-cosmoprof-2015-en-bolonia\/\"]}]},{\"@type\":\"BreadcrumbList\",\"@id\":\"https:\/\/termix.net\/blog-int\/es\/arranca-la-feria-cosmoprof-2015-en-bolonia\/#breadcrumb\",\"itemListElement\":[{\"@type\":\"ListItem\",\"position\":1,\"name\":\"Home\",\"item\":\"https:\/\/termix.net\/blog-int\/es\/\"},{\"@type\":\"ListItem\",\"position\":2,\"name\":\"Cuenta atr\u00e1s para la feria Cosmoprof Bolonia 2015\"}]},{\"@type\":\"WebSite\",\"@id\":\"https:\/\/termix.net\/blog-int\/es\/#website\",\"url\":\"https:\/\/termix.net\/blog-int\/es\/\",\"name\":\"Blog Termix Spain\",\"description\":\"Blog de tendencias y productos de peluquer\u00eda profesional.\",\"publisher\":{\"@id\":\"https:\/\/termix.net\/blog-int\/es\/#organization\"},\"potentialAction\":[{\"@type\":\"SearchAction\",\"target\":{\"@type\":\"EntryPoint\",\"urlTemplate\":\"https:\/\/termix.net\/blog-int\/es\/?s={search_term_string}\"},\"query-input\":\"required name=search_term_string\"}],\"inLanguage\":\"es\"},{\"@type\":\"Organization\",\"@id\":\"https:\/\/termix.net\/blog-int\/es\/#organization\",\"name\":\"Dols Industrial de Peluquer\u00eda SA\",\"url\":\"https:\/\/termix.net\/blog-int\/es\/\",\"logo\":{\"@type\":\"ImageObject\",\"inLanguage\":\"es\",\"@id\":\"https:\/\/termix.net\/blog-int\/es\/#\/schema\/logo\/image\/\",\"url\":\"https:\/\/termix.net\/blog-int\/wp-content\/uploads\/2020\/10\/OGbDAeng.jpeg\",\"contentUrl\":\"https:\/\/termix.net\/blog-int\/wp-content\/uploads\/2020\/10\/OGbDAeng.jpeg\",\"width\":800,\"height\":800,\"caption\":\"Dols Industrial de Peluquer\u00eda SA\"},\"image\":{\"@id\":\"https:\/\/termix.net\/blog-int\/es\/#\/schema\/logo\/image\/\"}},{\"@type\":\"Person\",\"@id\":\"https:\/\/termix.net\/blog-int\/es\/#\/schema\/person\/9096c98bdf03c8ddf91ad7172f254f40\",\"name\":\"TermixTeam\",\"image\":{\"@type\":\"ImageObject\",\"inLanguage\":\"es\",\"@id\":\"https:\/\/termix.net\/blog-int\/es\/#\/schema\/person\/image\/\",\"url\":\"https:\/\/secure.gravatar.com\/avatar\/d89f61f6bd1c29a4acb231736d1c74b3?s=96&d=mm&r=g\",\"contentUrl\":\"https:\/\/secure.gravatar.com\/avatar\/d89f61f6bd1c29a4acb231736d1c74b3?s=96&d=mm&r=g\",\"caption\":\"TermixTeam\"},\"url\":\"https:\/\/termix.net\/blog-int\/es\/author\/termixteam\/\"}]}<\/script>\n<!-- \/ Yoast SEO plugin. -->","yoast_head_json":{"title":"Cosmoprof 2015 con Termix-Termix","description":"Del 20 al 23 de marzo arranca el evento m\u00e1s importante del sector de la belleza y la cosm\u00e9tica, Cosmoprof 2015, y Termix no podia faltar a la cita.","robots":{"index":"noindex","follow":"follow"},"og_locale":"es_ES","og_type":"article","og_title":"Cosmoprof 2015 con Termix-Termix","og_description":"Del 20 al 23 de marzo arranca el evento m\u00e1s importante del sector de la belleza y la cosm\u00e9tica, Cosmoprof 2015, y Termix no podia faltar a la cita.","og_url":"https:\/\/termix.net\/blog-int\/es\/arranca-la-feria-cosmoprof-2015-en-bolonia\/","og_site_name":"Blog Termix Spain","article_published_time":"2015-03-18T11:59:11+00:00","article_modified_time":"2019-12-02T11:38:05+00:00","og_image":[{"width":800,"height":400,"url":"https:\/\/termix.net\/blog-int\/wp-content\/uploads\/2015\/03\/bannerweb2_news800x400_cosmoprof.jpg","type":"image\/jpeg"}],"author":"TermixTeam","twitter_card":"summary_large_image","twitter_misc":{"Escrito por":"TermixTeam","Tiempo de lectura":"1 minuto"},"schema":{"@context":"https:\/\/schema.org","@graph":[{"@type":"Article","@id":"https:\/\/termix.net\/blog-int\/es\/arranca-la-feria-cosmoprof-2015-en-bolonia\/#article","isPartOf":{"@id":"https:\/\/termix.net\/blog-int\/es\/arranca-la-feria-cosmoprof-2015-en-bolonia\/"},"author":{"name":"TermixTeam","@id":"https:\/\/termix.net\/blog-int\/es\/#\/schema\/person\/9096c98bdf03c8ddf91ad7172f254f40"},"headline":"Cuenta atr\u00e1s para la feria Cosmoprof Bolonia 2015","datePublished":"2015-03-18T11:59:11+00:00","dateModified":"2019-12-02T11:38:05+00:00","mainEntityOfPage":{"@id":"https:\/\/termix.net\/blog-int\/es\/arranca-la-feria-cosmoprof-2015-en-bolonia\/"},"wordCount":287,"commentCount":0,"publisher":{"@id":"https:\/\/termix.net\/blog-int\/es\/#organization"},"articleSection":["NOTICIAS"],"inLanguage":"es","potentialAction":[{"@type":"CommentAction","name":"Comment","target":["https:\/\/termix.net\/blog-int\/es\/arranca-la-feria-cosmoprof-2015-en-bolonia\/#respond"]}]},{"@type":"WebPage","@id":"https:\/\/termix.net\/blog-int\/es\/arranca-la-feria-cosmoprof-2015-en-bolonia\/","url":"https:\/\/termix.net\/blog-int\/es\/arranca-la-feria-cosmoprof-2015-en-bolonia\/","name":"Cosmoprof 2015 con Termix-Termix","isPartOf":{"@id":"https:\/\/termix.net\/blog-int\/es\/#website"},"datePublished":"2015-03-18T11:59:11+00:00","dateModified":"2019-12-02T11:38:05+00:00","description":"Del 20 al 23 de marzo arranca el evento m\u00e1s importante del sector de la belleza y la cosm\u00e9tica, Cosmoprof 2015, y Termix no podia faltar a la cita.","breadcrumb":{"@id":"https:\/\/termix.net\/blog-int\/es\/arranca-la-feria-cosmoprof-2015-en-bolonia\/#breadcrumb"},"inLanguage":"es","potentialAction":[{"@type":"ReadAction","target":["https:\/\/termix.net\/blog-int\/es\/arranca-la-feria-cosmoprof-2015-en-bolonia\/"]}]},{"@type":"BreadcrumbList","@id":"https:\/\/termix.net\/blog-int\/es\/arranca-la-feria-cosmoprof-2015-en-bolonia\/#breadcrumb","itemListElement":[{"@type":"ListItem","position":1,"name":"Home","item":"https:\/\/termix.net\/blog-int\/es\/"},{"@type":"ListItem","position":2,"name":"Cuenta atr\u00e1s para la feria Cosmoprof Bolonia 2015"}]},{"@type":"WebSite","@id":"https:\/\/termix.net\/blog-int\/es\/#website","url":"https:\/\/termix.net\/blog-int\/es\/","name":"Blog Termix Spain","description":"Blog de tendencias y productos de peluquer\u00eda profesional.","publisher":{"@id":"https:\/\/termix.net\/blog-int\/es\/#organization"},"potentialAction":[{"@type":"SearchAction","target":{"@type":"EntryPoint","urlTemplate":"https:\/\/termix.net\/blog-int\/es\/?s={search_term_string}"},"query-input":"required name=search_term_string"}],"inLanguage":"es"},{"@type":"Organization","@id":"https:\/\/termix.net\/blog-int\/es\/#organization","name":"Dols Industrial de Peluquer\u00eda SA","url":"https:\/\/termix.net\/blog-int\/es\/","logo":{"@type":"ImageObject","inLanguage":"es","@id":"https:\/\/termix.net\/blog-int\/es\/#\/schema\/logo\/image\/","url":"https:\/\/termix.net\/blog-int\/wp-content\/uploads\/2020\/10\/OGbDAeng.jpeg","contentUrl":"https:\/\/termix.net\/blog-int\/wp-content\/uploads\/2020\/10\/OGbDAeng.jpeg","width":800,"height":800,"caption":"Dols Industrial de Peluquer\u00eda SA"},"image":{"@id":"https:\/\/termix.net\/blog-int\/es\/#\/schema\/logo\/image\/"}},{"@type":"Person","@id":"https:\/\/termix.net\/blog-int\/es\/#\/schema\/person\/9096c98bdf03c8ddf91ad7172f254f40","name":"TermixTeam","image":{"@type":"ImageObject","inLanguage":"es","@id":"https:\/\/termix.net\/blog-int\/es\/#\/schema\/person\/image\/","url":"https:\/\/secure.gravatar.com\/avatar\/d89f61f6bd1c29a4acb231736d1c74b3?s=96&d=mm&r=g","contentUrl":"https:\/\/secure.gravatar.com\/avatar\/d89f61f6bd1c29a4acb231736d1c74b3?s=96&d=mm&r=g","caption":"TermixTeam"},"url":"https:\/\/termix.net\/blog-int\/es\/author\/termixteam\/"}]}},"_links":{"self":[{"href":"https:\/\/termix.net\/blog-int\/es\/wp-json\/wp\/v2\/posts\/3665"}],"collection":[{"href":"https:\/\/termix.net\/blog-int\/es\/wp-json\/wp\/v2\/posts"}],"about":[{"href":"https:\/\/termix.net\/blog-int\/es\/wp-json\/wp\/v2\/types\/post"}],"author":[{"embeddable":true,"href":"https:\/\/termix.net\/blog-int\/es\/wp-json\/wp\/v2\/users\/2"}],"replies":[{"embeddable":true,"href":"https:\/\/termix.net\/blog-int\/es\/wp-json\/wp\/v2\/comments?post=3665"}],"version-history":[{"count":2,"href":"https:\/\/termix.net\/blog-int\/es\/wp-json\/wp\/v2\/posts\/3665\/revisions"}],"predecessor-version":[{"id":21721,"href":"https:\/\/termix.net\/blog-int\/es\/wp-json\/wp\/v2\/posts\/3665\/revisions\/21721"}],"wp:featuredmedia":[{"embeddable":true,"href":"https:\/\/termix.net\/blog-int\/es\/wp-json\/wp\/v2\/media\/21660"}],"wp:attachment":[{"href":"https:\/\/termix.net\/blog-int\/es\/wp-json\/wp\/v2\/media?parent=3665"}],"wp:term":[{"taxonomy":"category","embeddable":true,"href":"https:\/\/termix.net\/blog-int\/es\/wp-json\/wp\/v2\/categories?post=3665"},{"taxonomy":"post_tag","embeddable":true,"href":"https:\/\/termix.net\/blog-int\/es\/wp-json\/wp\/v2\/tags?post=3665"}],"curies":[{"name":"wp","href":"https:\/\/api.w.org\/{rel}","templated":true}]}}