{"id":3387,"date":"2015-02-09T08:46:46","date_gmt":"2015-02-09T08:46:46","guid":{"rendered":"http:\/\/termix.net\/?p=3387"},"modified":"2019-11-29T09:36:04","modified_gmt":"2019-11-29T08:36:04","slug":"rec4-apocalipsis-premio-gaudi-al-mejor-maquillaje-y-peluqueria-con-termix","status":"publish","type":"post","link":"https:\/\/termix.net\/blog-int\/es\/rec4-apocalipsis-premio-gaudi-al-mejor-maquillaje-y-peluqueria-con-termix\/","title":{"rendered":"&#8216;REC4 Apocalipsis&#8217; premio Gaud\u00ed al mejor maquillaje y peluquer\u00eda"},"content":{"rendered":"<h1>&#8216;REC4 Apocalipsis&#8217; premio Gaud\u00ed al mejor maquillaje y peluquer\u00eda<\/h1>\n<h3 style=\"text-align: justify;\"><em>La pel\u00edcula de terror dirigida por Jaume Balaguer\u00f3 <span style=\"color: #000000;\"><strong>\u201cREC4 Apocalipsis\u201d <\/strong><\/span>se ha llevado este a\u00f1o el premio Gaud\u00ed al mejor maquillaje y peluquer\u00eda, en reconocimiento al trabajo llevado a cabo por el equipo de estilistas que dirige Alma Casal.<\/em><\/h3>\n<p style=\"text-align: justify;\">Alma volvi\u00f3 a confiar en las herramientas <strong>Termix<\/strong> para caracterizar a los actores que, con su imagen, han puesto los \u201cpelos de punta\u201d\u00a0 a los espectadores. Y es que REC es la saga europea de terror m\u00e1s famosa de todos los tiempos. Dirigida por <strong>Jaume Balaguer\u00f3 &#8211;<\/strong>quien se ha visto desbordado por el \u00e9xito de un proyecto- REC 4 cierra\u00a0 la franquicia que la ha convertido ya en serie de culto.<\/p>\n<p style=\"text-align: justify;\"><strong>Manuela Velasco<\/strong> ha vuelto a encarnar a \u00c1ngela Vidal, la protagonista, que logra mantener sin aliento al espectador durante toda la pel\u00edcula en los dos escenarios en los que se desarrolla: un edificio den ensanche barcelon\u00e9s y un claustrof\u00f3bico barco en alta mar\u2026<\/p>\n","protected":false},"excerpt":{"rendered":"<p>\t\t\t\t\u201cREC4 Apocalipsis\u201d se ha llevado este a\u00f1o el premio al mejor maquillaje y peluquer\u00eda. Alma volvi\u00f3 a confiar en las herramientas Termix para caracterizar a los actores que, con su imagen, han puesto los \u201cpelos de punta\u201d  a los espectadores.\t\t<\/p>\n","protected":false},"author":2,"featured_media":20061,"comment_status":"open","ping_status":"open","sticky":false,"template":"","format":"standard","meta":[],"categories":[6],"tags":[],"yoast_head":"<!-- This site is optimized with the Yoast SEO plugin v20.0 - https:\/\/yoast.com\/wordpress\/plugins\/seo\/ -->\n<title>&#039;REC4 Apocalipsis&#039; premio Gaud\u00ed de peluqueria-Termix<\/title>\n<meta name=\"description\" content=\"Alma volvi\u00f3 a confiar en los productos Termix para caracterizar a los personajes de la pel\u00edcula ganando el premio Gaud\u00ed al mejor maquillaje y peluqueria.\" \/>\n<meta name=\"robots\" content=\"noindex, follow\" \/>\n<meta property=\"og:locale\" content=\"es_ES\" \/>\n<meta property=\"og:type\" content=\"article\" \/>\n<meta property=\"og:title\" content=\"&#039;REC4 Apocalipsis&#039; premio Gaud\u00ed de peluqueria-Termix\" \/>\n<meta property=\"og:description\" content=\"Alma volvi\u00f3 a confiar en los productos Termix para caracterizar a los personajes de la pel\u00edcula ganando el premio Gaud\u00ed al mejor maquillaje y peluqueria.\" \/>\n<meta property=\"og:url\" content=\"https:\/\/termix.net\/blog-int\/es\/rec4-apocalipsis-premio-gaudi-al-mejor-maquillaje-y-peluqueria-con-termix\/\" \/>\n<meta property=\"og:site_name\" content=\"Blog Termix Spain\" \/>\n<meta property=\"article:published_time\" content=\"2015-02-09T08:46:46+00:00\" \/>\n<meta property=\"article:modified_time\" content=\"2019-11-29T08:36:04+00:00\" \/>\n<meta property=\"og:image\" content=\"https:\/\/termix.net\/blog-int\/wp-content\/uploads\/2019\/11\/bannerweb_news_festivalcineeuropeo3-800x400.jpg\" \/>\n\t<meta property=\"og:image:width\" content=\"800\" \/>\n\t<meta property=\"og:image:height\" content=\"400\" \/>\n\t<meta property=\"og:image:type\" content=\"image\/jpeg\" \/>\n<meta name=\"author\" content=\"TermixTeam\" \/>\n<meta name=\"twitter:card\" content=\"summary_large_image\" \/>\n<meta name=\"twitter:label1\" content=\"Escrito por\" \/>\n\t<meta name=\"twitter:data1\" content=\"TermixTeam\" \/>\n\t<meta name=\"twitter:label2\" content=\"Tiempo de lectura\" \/>\n\t<meta name=\"twitter:data2\" content=\"1 minuto\" \/>\n<script type=\"application\/ld+json\" class=\"yoast-schema-graph\">{\"@context\":\"https:\/\/schema.org\",\"@graph\":[{\"@type\":\"Article\",\"@id\":\"https:\/\/termix.net\/blog-int\/es\/rec4-apocalipsis-premio-gaudi-al-mejor-maquillaje-y-peluqueria-con-termix\/#article\",\"isPartOf\":{\"@id\":\"https:\/\/termix.net\/blog-int\/es\/rec4-apocalipsis-premio-gaudi-al-mejor-maquillaje-y-peluqueria-con-termix\/\"},\"author\":{\"name\":\"TermixTeam\",\"@id\":\"https:\/\/termix.net\/blog-int\/es\/#\/schema\/person\/9096c98bdf03c8ddf91ad7172f254f40\"},\"headline\":\"&#8216;REC4 Apocalipsis&#8217; premio Gaud\u00ed al mejor maquillaje y peluquer\u00eda\",\"datePublished\":\"2015-02-09T08:46:46+00:00\",\"dateModified\":\"2019-11-29T08:36:04+00:00\",\"mainEntityOfPage\":{\"@id\":\"https:\/\/termix.net\/blog-int\/es\/rec4-apocalipsis-premio-gaudi-al-mejor-maquillaje-y-peluqueria-con-termix\/\"},\"wordCount\":179,\"commentCount\":0,\"publisher\":{\"@id\":\"https:\/\/termix.net\/blog-int\/es\/#organization\"},\"articleSection\":[\"NOTICIAS\"],\"inLanguage\":\"es\",\"potentialAction\":[{\"@type\":\"CommentAction\",\"name\":\"Comment\",\"target\":[\"https:\/\/termix.net\/blog-int\/es\/rec4-apocalipsis-premio-gaudi-al-mejor-maquillaje-y-peluqueria-con-termix\/#respond\"]}]},{\"@type\":\"WebPage\",\"@id\":\"https:\/\/termix.net\/blog-int\/es\/rec4-apocalipsis-premio-gaudi-al-mejor-maquillaje-y-peluqueria-con-termix\/\",\"url\":\"https:\/\/termix.net\/blog-int\/es\/rec4-apocalipsis-premio-gaudi-al-mejor-maquillaje-y-peluqueria-con-termix\/\",\"name\":\"'REC4 Apocalipsis' premio Gaud\u00ed de peluqueria-Termix\",\"isPartOf\":{\"@id\":\"https:\/\/termix.net\/blog-int\/es\/#website\"},\"datePublished\":\"2015-02-09T08:46:46+00:00\",\"dateModified\":\"2019-11-29T08:36:04+00:00\",\"description\":\"Alma volvi\u00f3 a confiar en los productos Termix para caracterizar a los personajes de la pel\u00edcula ganando el premio Gaud\u00ed al mejor maquillaje y peluqueria.\",\"breadcrumb\":{\"@id\":\"https:\/\/termix.net\/blog-int\/es\/rec4-apocalipsis-premio-gaudi-al-mejor-maquillaje-y-peluqueria-con-termix\/#breadcrumb\"},\"inLanguage\":\"es\",\"potentialAction\":[{\"@type\":\"ReadAction\",\"target\":[\"https:\/\/termix.net\/blog-int\/es\/rec4-apocalipsis-premio-gaudi-al-mejor-maquillaje-y-peluqueria-con-termix\/\"]}]},{\"@type\":\"BreadcrumbList\",\"@id\":\"https:\/\/termix.net\/blog-int\/es\/rec4-apocalipsis-premio-gaudi-al-mejor-maquillaje-y-peluqueria-con-termix\/#breadcrumb\",\"itemListElement\":[{\"@type\":\"ListItem\",\"position\":1,\"name\":\"Home\",\"item\":\"https:\/\/termix.net\/blog-int\/es\/\"},{\"@type\":\"ListItem\",\"position\":2,\"name\":\"&#8216;REC4 Apocalipsis&#8217; premio Gaud\u00ed al mejor maquillaje y peluquer\u00eda\"}]},{\"@type\":\"WebSite\",\"@id\":\"https:\/\/termix.net\/blog-int\/es\/#website\",\"url\":\"https:\/\/termix.net\/blog-int\/es\/\",\"name\":\"Blog Termix Spain\",\"description\":\"Blog de tendencias y productos de peluquer\u00eda profesional.\",\"publisher\":{\"@id\":\"https:\/\/termix.net\/blog-int\/es\/#organization\"},\"potentialAction\":[{\"@type\":\"SearchAction\",\"target\":{\"@type\":\"EntryPoint\",\"urlTemplate\":\"https:\/\/termix.net\/blog-int\/es\/?s={search_term_string}\"},\"query-input\":\"required name=search_term_string\"}],\"inLanguage\":\"es\"},{\"@type\":\"Organization\",\"@id\":\"https:\/\/termix.net\/blog-int\/es\/#organization\",\"name\":\"Dols Industrial de Peluquer\u00eda SA\",\"url\":\"https:\/\/termix.net\/blog-int\/es\/\",\"logo\":{\"@type\":\"ImageObject\",\"inLanguage\":\"es\",\"@id\":\"https:\/\/termix.net\/blog-int\/es\/#\/schema\/logo\/image\/\",\"url\":\"https:\/\/termix.net\/blog-int\/wp-content\/uploads\/2020\/10\/OGbDAeng.jpeg\",\"contentUrl\":\"https:\/\/termix.net\/blog-int\/wp-content\/uploads\/2020\/10\/OGbDAeng.jpeg\",\"width\":800,\"height\":800,\"caption\":\"Dols Industrial de Peluquer\u00eda SA\"},\"image\":{\"@id\":\"https:\/\/termix.net\/blog-int\/es\/#\/schema\/logo\/image\/\"}},{\"@type\":\"Person\",\"@id\":\"https:\/\/termix.net\/blog-int\/es\/#\/schema\/person\/9096c98bdf03c8ddf91ad7172f254f40\",\"name\":\"TermixTeam\",\"image\":{\"@type\":\"ImageObject\",\"inLanguage\":\"es\",\"@id\":\"https:\/\/termix.net\/blog-int\/es\/#\/schema\/person\/image\/\",\"url\":\"https:\/\/secure.gravatar.com\/avatar\/d89f61f6bd1c29a4acb231736d1c74b3?s=96&d=mm&r=g\",\"contentUrl\":\"https:\/\/secure.gravatar.com\/avatar\/d89f61f6bd1c29a4acb231736d1c74b3?s=96&d=mm&r=g\",\"caption\":\"TermixTeam\"},\"url\":\"https:\/\/termix.net\/blog-int\/es\/author\/termixteam\/\"}]}<\/script>\n<!-- \/ Yoast SEO plugin. -->","yoast_head_json":{"title":"'REC4 Apocalipsis' premio Gaud\u00ed de peluqueria-Termix","description":"Alma volvi\u00f3 a confiar en los productos Termix para caracterizar a los personajes de la pel\u00edcula ganando el premio Gaud\u00ed al mejor maquillaje y peluqueria.","robots":{"index":"noindex","follow":"follow"},"og_locale":"es_ES","og_type":"article","og_title":"'REC4 Apocalipsis' premio Gaud\u00ed de peluqueria-Termix","og_description":"Alma volvi\u00f3 a confiar en los productos Termix para caracterizar a los personajes de la pel\u00edcula ganando el premio Gaud\u00ed al mejor maquillaje y peluqueria.","og_url":"https:\/\/termix.net\/blog-int\/es\/rec4-apocalipsis-premio-gaudi-al-mejor-maquillaje-y-peluqueria-con-termix\/","og_site_name":"Blog Termix Spain","article_published_time":"2015-02-09T08:46:46+00:00","article_modified_time":"2019-11-29T08:36:04+00:00","og_image":[{"width":800,"height":400,"url":"https:\/\/termix.net\/blog-int\/wp-content\/uploads\/2019\/11\/bannerweb_news_festivalcineeuropeo3-800x400.jpg","type":"image\/jpeg"}],"author":"TermixTeam","twitter_card":"summary_large_image","twitter_misc":{"Escrito por":"TermixTeam","Tiempo de lectura":"1 minuto"},"schema":{"@context":"https:\/\/schema.org","@graph":[{"@type":"Article","@id":"https:\/\/termix.net\/blog-int\/es\/rec4-apocalipsis-premio-gaudi-al-mejor-maquillaje-y-peluqueria-con-termix\/#article","isPartOf":{"@id":"https:\/\/termix.net\/blog-int\/es\/rec4-apocalipsis-premio-gaudi-al-mejor-maquillaje-y-peluqueria-con-termix\/"},"author":{"name":"TermixTeam","@id":"https:\/\/termix.net\/blog-int\/es\/#\/schema\/person\/9096c98bdf03c8ddf91ad7172f254f40"},"headline":"&#8216;REC4 Apocalipsis&#8217; premio Gaud\u00ed al mejor maquillaje y peluquer\u00eda","datePublished":"2015-02-09T08:46:46+00:00","dateModified":"2019-11-29T08:36:04+00:00","mainEntityOfPage":{"@id":"https:\/\/termix.net\/blog-int\/es\/rec4-apocalipsis-premio-gaudi-al-mejor-maquillaje-y-peluqueria-con-termix\/"},"wordCount":179,"commentCount":0,"publisher":{"@id":"https:\/\/termix.net\/blog-int\/es\/#organization"},"articleSection":["NOTICIAS"],"inLanguage":"es","potentialAction":[{"@type":"CommentAction","name":"Comment","target":["https:\/\/termix.net\/blog-int\/es\/rec4-apocalipsis-premio-gaudi-al-mejor-maquillaje-y-peluqueria-con-termix\/#respond"]}]},{"@type":"WebPage","@id":"https:\/\/termix.net\/blog-int\/es\/rec4-apocalipsis-premio-gaudi-al-mejor-maquillaje-y-peluqueria-con-termix\/","url":"https:\/\/termix.net\/blog-int\/es\/rec4-apocalipsis-premio-gaudi-al-mejor-maquillaje-y-peluqueria-con-termix\/","name":"'REC4 Apocalipsis' premio Gaud\u00ed de peluqueria-Termix","isPartOf":{"@id":"https:\/\/termix.net\/blog-int\/es\/#website"},"datePublished":"2015-02-09T08:46:46+00:00","dateModified":"2019-11-29T08:36:04+00:00","description":"Alma volvi\u00f3 a confiar en los productos Termix para caracterizar a los personajes de la pel\u00edcula ganando el premio Gaud\u00ed al mejor maquillaje y peluqueria.","breadcrumb":{"@id":"https:\/\/termix.net\/blog-int\/es\/rec4-apocalipsis-premio-gaudi-al-mejor-maquillaje-y-peluqueria-con-termix\/#breadcrumb"},"inLanguage":"es","potentialAction":[{"@type":"ReadAction","target":["https:\/\/termix.net\/blog-int\/es\/rec4-apocalipsis-premio-gaudi-al-mejor-maquillaje-y-peluqueria-con-termix\/"]}]},{"@type":"BreadcrumbList","@id":"https:\/\/termix.net\/blog-int\/es\/rec4-apocalipsis-premio-gaudi-al-mejor-maquillaje-y-peluqueria-con-termix\/#breadcrumb","itemListElement":[{"@type":"ListItem","position":1,"name":"Home","item":"https:\/\/termix.net\/blog-int\/es\/"},{"@type":"ListItem","position":2,"name":"&#8216;REC4 Apocalipsis&#8217; premio Gaud\u00ed al mejor maquillaje y peluquer\u00eda"}]},{"@type":"WebSite","@id":"https:\/\/termix.net\/blog-int\/es\/#website","url":"https:\/\/termix.net\/blog-int\/es\/","name":"Blog Termix Spain","description":"Blog de tendencias y productos de peluquer\u00eda profesional.","publisher":{"@id":"https:\/\/termix.net\/blog-int\/es\/#organization"},"potentialAction":[{"@type":"SearchAction","target":{"@type":"EntryPoint","urlTemplate":"https:\/\/termix.net\/blog-int\/es\/?s={search_term_string}"},"query-input":"required name=search_term_string"}],"inLanguage":"es"},{"@type":"Organization","@id":"https:\/\/termix.net\/blog-int\/es\/#organization","name":"Dols Industrial de Peluquer\u00eda SA","url":"https:\/\/termix.net\/blog-int\/es\/","logo":{"@type":"ImageObject","inLanguage":"es","@id":"https:\/\/termix.net\/blog-int\/es\/#\/schema\/logo\/image\/","url":"https:\/\/termix.net\/blog-int\/wp-content\/uploads\/2020\/10\/OGbDAeng.jpeg","contentUrl":"https:\/\/termix.net\/blog-int\/wp-content\/uploads\/2020\/10\/OGbDAeng.jpeg","width":800,"height":800,"caption":"Dols Industrial de Peluquer\u00eda SA"},"image":{"@id":"https:\/\/termix.net\/blog-int\/es\/#\/schema\/logo\/image\/"}},{"@type":"Person","@id":"https:\/\/termix.net\/blog-int\/es\/#\/schema\/person\/9096c98bdf03c8ddf91ad7172f254f40","name":"TermixTeam","image":{"@type":"ImageObject","inLanguage":"es","@id":"https:\/\/termix.net\/blog-int\/es\/#\/schema\/person\/image\/","url":"https:\/\/secure.gravatar.com\/avatar\/d89f61f6bd1c29a4acb231736d1c74b3?s=96&d=mm&r=g","contentUrl":"https:\/\/secure.gravatar.com\/avatar\/d89f61f6bd1c29a4acb231736d1c74b3?s=96&d=mm&r=g","caption":"TermixTeam"},"url":"https:\/\/termix.net\/blog-int\/es\/author\/termixteam\/"}]}},"_links":{"self":[{"href":"https:\/\/termix.net\/blog-int\/es\/wp-json\/wp\/v2\/posts\/3387"}],"collection":[{"href":"https:\/\/termix.net\/blog-int\/es\/wp-json\/wp\/v2\/posts"}],"about":[{"href":"https:\/\/termix.net\/blog-int\/es\/wp-json\/wp\/v2\/types\/post"}],"author":[{"embeddable":true,"href":"https:\/\/termix.net\/blog-int\/es\/wp-json\/wp\/v2\/users\/2"}],"replies":[{"embeddable":true,"href":"https:\/\/termix.net\/blog-int\/es\/wp-json\/wp\/v2\/comments?post=3387"}],"version-history":[{"count":2,"href":"https:\/\/termix.net\/blog-int\/es\/wp-json\/wp\/v2\/posts\/3387\/revisions"}],"predecessor-version":[{"id":21608,"href":"https:\/\/termix.net\/blog-int\/es\/wp-json\/wp\/v2\/posts\/3387\/revisions\/21608"}],"wp:featuredmedia":[{"embeddable":true,"href":"https:\/\/termix.net\/blog-int\/es\/wp-json\/wp\/v2\/media\/20061"}],"wp:attachment":[{"href":"https:\/\/termix.net\/blog-int\/es\/wp-json\/wp\/v2\/media?parent=3387"}],"wp:term":[{"taxonomy":"category","embeddable":true,"href":"https:\/\/termix.net\/blog-int\/es\/wp-json\/wp\/v2\/categories?post=3387"},{"taxonomy":"post_tag","embeddable":true,"href":"https:\/\/termix.net\/blog-int\/es\/wp-json\/wp\/v2\/tags?post=3387"}],"curies":[{"name":"wp","href":"https:\/\/api.w.org\/{rel}","templated":true}]}}