{"id":3307,"date":"2015-02-06T14:39:48","date_gmt":"2015-02-06T14:39:48","guid":{"rendered":"http:\/\/termix.net\/?p=3307"},"modified":"2019-11-29T09:31:11","modified_gmt":"2019-11-29T08:31:11","slug":"te-invitamos-la-feria-sts-beauty-barcelona","status":"publish","type":"post","link":"https:\/\/termix.net\/blog-int\/es\/te-invitamos-la-feria-sts-beauty-barcelona\/","title":{"rendered":"Termix en la feria STS Beauty Barcelona"},"content":{"rendered":"<h1 style=\"text-align: center;\"><strong>Termix en la feria STS Beauty Barcelona<\/strong><\/h1>\n<p style=\"text-align: center;\">En febrero, tienes una cita que no te puedes perder. Barcelona se convierte un a\u00f1o m\u00e1s en el centro de la belleza, al acoger la tercera edici\u00f3n de la Feria STS Beauty Barcelona, el evento de Peluquer\u00eda y Est\u00e9tica Profesional en el que participan numerosos profesionales reconocidos del sector, entre los que no pod\u00eda faltar Termix como marca l\u00edder en utensilios de peluquer\u00eda.<\/p>\n<p><img decoding=\"async\" class=\"size-full wp-image-21598 aligncenter\" src=\"https:\/\/termixuri2.pre-testing.com\/blog-int\/wp-content\/uploads\/2015\/02\/Termix-en-STS-Beauty-Barcelona.jpg\" alt=\"Termix en la STS Beauty Barcelona\" width=\"800\" height=\"400\" srcset=\"https:\/\/termix.net\/blog-int\/wp-content\/uploads\/2015\/02\/Termix-en-STS-Beauty-Barcelona-200x100.jpg 200w, https:\/\/termix.net\/blog-int\/wp-content\/uploads\/2015\/02\/Termix-en-STS-Beauty-Barcelona-300x150.jpg 300w, https:\/\/termix.net\/blog-int\/wp-content\/uploads\/2015\/02\/Termix-en-STS-Beauty-Barcelona-400x200.jpg 400w, https:\/\/termix.net\/blog-int\/wp-content\/uploads\/2015\/02\/Termix-en-STS-Beauty-Barcelona-600x300.jpg 600w, https:\/\/termix.net\/blog-int\/wp-content\/uploads\/2015\/02\/Termix-en-STS-Beauty-Barcelona-768x384.jpg 768w, https:\/\/termix.net\/blog-int\/wp-content\/uploads\/2015\/02\/Termix-en-STS-Beauty-Barcelona.jpg 800w\" sizes=\"(max-width: 800px) 100vw, 800px\" \/><\/p>\n<p>&nbsp;<\/p>\n<p>&nbsp;<\/p>\n<p style=\"text-align: justify;\">Un a\u00f1o m\u00e1s, Termix participa en la Feria Profesional de Imagen Personal, Belleza y Calidad de Vida, <strong>STS Beauty Barcelona,<\/strong> que este a\u00f1o llega a su tercera edici\u00f3n y se celebrar\u00e1 del <strong>7 al 9 de febrero en el Centro de Convenciones Internacional de Barcelona CCIB-FORUM<\/strong>.<\/p>\n<p style=\"text-align: justify;\">Termix vuelve a confiar en esta alternativa y encuentro profesional para acercase a sus clientes y presentar\u00a0sus \u00faltimas\u00a0novedades y<strong> productos de peluquer\u00eda<\/strong>. En nuestro <span style=\"color: #000000;\"><strong>stand 1B31,<\/strong><\/span> nuestro\u00a0responsable t\u00e9cnico tambi\u00e9n dar\u00e1 apoyo con demostraciones de producto y asesoramiento. Adem\u00e1s, habr\u00e1 un <strong>espacio para el photocall<\/strong>, donde la diversi\u00f3n, los regalos y los sorteos est\u00e1n asegurados.<\/p>\n<p><img decoding=\"async\" class=\"alignnone size-full wp-image-21604\" src=\"https:\/\/termixuri2.pre-testing.com\/blog-int\/wp-content\/uploads\/2015\/02\/STS-Beauty-Barcelona.jpg\" alt=\"\" width=\"800\" height=\"400\" srcset=\"https:\/\/termix.net\/blog-int\/wp-content\/uploads\/2015\/02\/STS-Beauty-Barcelona-200x100.jpg 200w, https:\/\/termix.net\/blog-int\/wp-content\/uploads\/2015\/02\/STS-Beauty-Barcelona-300x150.jpg 300w, https:\/\/termix.net\/blog-int\/wp-content\/uploads\/2015\/02\/STS-Beauty-Barcelona-400x200.jpg 400w, https:\/\/termix.net\/blog-int\/wp-content\/uploads\/2015\/02\/STS-Beauty-Barcelona-600x300.jpg 600w, https:\/\/termix.net\/blog-int\/wp-content\/uploads\/2015\/02\/STS-Beauty-Barcelona-768x384.jpg 768w, https:\/\/termix.net\/blog-int\/wp-content\/uploads\/2015\/02\/STS-Beauty-Barcelona.jpg 800w\" sizes=\"(max-width: 800px) 100vw, 800px\" \/><\/p>\n<p>&nbsp;<\/p>\n<p style=\"text-align: justify;\">Aunque <strong>la verdadera sorpresa llegar\u00e1 de la mano de la marca en un color: el ROJO, <\/strong>que sin duda, acaparar\u00e1 todas las miradas y dar\u00e1 mucho de qu\u00e9 hablar este pr\u00f3ximo 2015\u2026<\/p>\n<h2 style=\"text-align: justify;\"><span style=\"color: #000000;\">Las novedades de esta edici\u00f3n<\/span><\/h2>\n<p style=\"text-align: justify;\">STS Beauty Barcelona\u00a0llega a su tercera edici\u00f3n cargada de un programa completo:\u00a018 actuaciones en la Pasarela Beauty BCN, las Jornadas Llongueras que nuevamente coinciden en fecha, 14 ponencias entre el Congreso y los Talleres de Est\u00e9tica, Clases Magistrales, el II Campeonato Internacional de U\u00f1as, un P\u00f3dium para presentaciones de novedades, pases de Maquillaje Corporal, participaci\u00f3n de Nuevas Generaciones y la entrega de los galardones STS BEAUTY BCN.<\/p>\n<p style=\"text-align: justify;\">Destaca\u00a0<strong>Legends &amp; Talents<\/strong>, un evento solidario sin precedentes, donde \u201cLeyendas\u201d de la peluquer\u00eda y reconocidos \u201cTalentos\u201d trabajan juntos a favor de los ni\u00f1os del Hospital Sant Joan de D\u00e9u de Barcelona.<\/p>\n<h3 style=\"text-align: justify;\"><img decoding=\"async\" class=\"alignnone size-full wp-image-21600\" src=\"https:\/\/termixuri2.pre-testing.com\/blog-int\/wp-content\/uploads\/2015\/02\/Shows-en-STS-Beauty-Barcelona.jpg\" alt=\"\" width=\"800\" height=\"400\" srcset=\"https:\/\/termix.net\/blog-int\/wp-content\/uploads\/2015\/02\/Shows-en-STS-Beauty-Barcelona-200x100.jpg 200w, https:\/\/termix.net\/blog-int\/wp-content\/uploads\/2015\/02\/Shows-en-STS-Beauty-Barcelona-300x150.jpg 300w, https:\/\/termix.net\/blog-int\/wp-content\/uploads\/2015\/02\/Shows-en-STS-Beauty-Barcelona-400x200.jpg 400w, https:\/\/termix.net\/blog-int\/wp-content\/uploads\/2015\/02\/Shows-en-STS-Beauty-Barcelona-600x300.jpg 600w, https:\/\/termix.net\/blog-int\/wp-content\/uploads\/2015\/02\/Shows-en-STS-Beauty-Barcelona-768x384.jpg 768w, https:\/\/termix.net\/blog-int\/wp-content\/uploads\/2015\/02\/Shows-en-STS-Beauty-Barcelona.jpg 800w\" sizes=\"(max-width: 800px) 100vw, 800px\" \/><\/h3>\n<h3 style=\"text-align: left;\">Y para que no te lo pierdas, ahora con tu compra en nuestra tienda online,<\/h3>\n<h3 style=\"text-align: left;\">\u00a1te llevas GRATIS 4 ENTRADAS*!<\/h3>\n<h3 style=\"text-align: left;\">\n*Solo para pedidos realizados antes del mi\u00e9rcoles 4 de febero.<\/h3>\n","protected":false},"excerpt":{"rendered":"<p>\t\t\t\tFebrero llega cargado de muchas novedades y lanzamientos en el sector de la peluquer\u00eda. No te pierdas la feria STS Beauty Barcelona, donde Termix participa con un stand lleno de sorpresas. \u00a1Vis\u00edtanos y desc\u00fabrelo!<\/p>\n","protected":false},"author":2,"featured_media":21598,"comment_status":"open","ping_status":"open","sticky":false,"template":"","format":"standard","meta":[],"categories":[6],"tags":[],"yoast_head":"<!-- This site is optimized with the Yoast SEO plugin v20.0 - https:\/\/yoast.com\/wordpress\/plugins\/seo\/ -->\n<title>Termix, productos de peluquer\u00eda en el STS Beauty Barcelona-Termix<\/title>\n<meta name=\"description\" content=\"Barcelona acoge la tercera edici\u00f3n de la Feria STS Beauty Barcelona, en la que Termix tiene un stand lleno de sorpresas con sus productos de peluquer\u00eda. \u00a1Visitanos y descubrelo!\" \/>\n<meta name=\"robots\" content=\"index, follow, max-snippet:-1, max-image-preview:large, max-video-preview:-1\" \/>\n<link rel=\"canonical\" href=\"https:\/\/termix.net\/blog-int\/es\/te-invitamos-la-feria-sts-beauty-barcelona\/\" \/>\n<meta property=\"og:locale\" content=\"es_ES\" \/>\n<meta property=\"og:type\" content=\"article\" \/>\n<meta property=\"og:title\" content=\"Termix, productos de peluquer\u00eda en el STS Beauty Barcelona-Termix\" \/>\n<meta property=\"og:description\" content=\"Barcelona acoge la tercera edici\u00f3n de la Feria STS Beauty Barcelona, en la que Termix tiene un stand lleno de sorpresas con sus productos de peluquer\u00eda. \u00a1Visitanos y descubrelo!\" \/>\n<meta property=\"og:url\" content=\"https:\/\/termix.net\/blog-int\/es\/te-invitamos-la-feria-sts-beauty-barcelona\/\" \/>\n<meta property=\"og:site_name\" content=\"Blog Termix Spain\" \/>\n<meta property=\"article:published_time\" content=\"2015-02-06T14:39:48+00:00\" \/>\n<meta property=\"article:modified_time\" content=\"2019-11-29T08:31:11+00:00\" \/>\n<meta property=\"og:image\" content=\"https:\/\/termix.net\/blog-int\/wp-content\/uploads\/2015\/02\/Termix-en-STS-Beauty-Barcelona.jpg\" \/>\n\t<meta property=\"og:image:width\" content=\"800\" \/>\n\t<meta property=\"og:image:height\" content=\"400\" \/>\n\t<meta property=\"og:image:type\" content=\"image\/jpeg\" \/>\n<meta name=\"author\" content=\"TermixTeam\" \/>\n<meta name=\"twitter:card\" content=\"summary_large_image\" \/>\n<meta name=\"twitter:label1\" content=\"Escrito por\" \/>\n\t<meta name=\"twitter:data1\" content=\"TermixTeam\" \/>\n\t<meta name=\"twitter:label2\" content=\"Tiempo de lectura\" \/>\n\t<meta name=\"twitter:data2\" content=\"2 minutos\" \/>\n<script type=\"application\/ld+json\" class=\"yoast-schema-graph\">{\"@context\":\"https:\/\/schema.org\",\"@graph\":[{\"@type\":\"Article\",\"@id\":\"https:\/\/termix.net\/blog-int\/es\/te-invitamos-la-feria-sts-beauty-barcelona\/#article\",\"isPartOf\":{\"@id\":\"https:\/\/termix.net\/blog-int\/es\/te-invitamos-la-feria-sts-beauty-barcelona\/\"},\"author\":{\"name\":\"TermixTeam\",\"@id\":\"https:\/\/termix.net\/blog-int\/es\/#\/schema\/person\/9096c98bdf03c8ddf91ad7172f254f40\"},\"headline\":\"Termix en la feria STS Beauty Barcelona\",\"datePublished\":\"2015-02-06T14:39:48+00:00\",\"dateModified\":\"2019-11-29T08:31:11+00:00\",\"mainEntityOfPage\":{\"@id\":\"https:\/\/termix.net\/blog-int\/es\/te-invitamos-la-feria-sts-beauty-barcelona\/\"},\"wordCount\":373,\"commentCount\":3,\"publisher\":{\"@id\":\"https:\/\/termix.net\/blog-int\/es\/#organization\"},\"articleSection\":[\"NOTICIAS\"],\"inLanguage\":\"es\",\"potentialAction\":[{\"@type\":\"CommentAction\",\"name\":\"Comment\",\"target\":[\"https:\/\/termix.net\/blog-int\/es\/te-invitamos-la-feria-sts-beauty-barcelona\/#respond\"]}]},{\"@type\":\"WebPage\",\"@id\":\"https:\/\/termix.net\/blog-int\/es\/te-invitamos-la-feria-sts-beauty-barcelona\/\",\"url\":\"https:\/\/termix.net\/blog-int\/es\/te-invitamos-la-feria-sts-beauty-barcelona\/\",\"name\":\"Termix, productos de peluquer\u00eda en el STS Beauty Barcelona-Termix\",\"isPartOf\":{\"@id\":\"https:\/\/termix.net\/blog-int\/es\/#website\"},\"datePublished\":\"2015-02-06T14:39:48+00:00\",\"dateModified\":\"2019-11-29T08:31:11+00:00\",\"description\":\"Barcelona acoge la tercera edici\u00f3n de la Feria STS Beauty Barcelona, en la que Termix tiene un stand lleno de sorpresas con sus productos de peluquer\u00eda. \u00a1Visitanos y descubrelo!\",\"breadcrumb\":{\"@id\":\"https:\/\/termix.net\/blog-int\/es\/te-invitamos-la-feria-sts-beauty-barcelona\/#breadcrumb\"},\"inLanguage\":\"es\",\"potentialAction\":[{\"@type\":\"ReadAction\",\"target\":[\"https:\/\/termix.net\/blog-int\/es\/te-invitamos-la-feria-sts-beauty-barcelona\/\"]}]},{\"@type\":\"BreadcrumbList\",\"@id\":\"https:\/\/termix.net\/blog-int\/es\/te-invitamos-la-feria-sts-beauty-barcelona\/#breadcrumb\",\"itemListElement\":[{\"@type\":\"ListItem\",\"position\":1,\"name\":\"Home\",\"item\":\"https:\/\/termix.net\/blog-int\/es\/\"},{\"@type\":\"ListItem\",\"position\":2,\"name\":\"Termix en la feria STS Beauty Barcelona\"}]},{\"@type\":\"WebSite\",\"@id\":\"https:\/\/termix.net\/blog-int\/es\/#website\",\"url\":\"https:\/\/termix.net\/blog-int\/es\/\",\"name\":\"Blog Termix Spain\",\"description\":\"Blog de tendencias y productos de peluquer\u00eda profesional.\",\"publisher\":{\"@id\":\"https:\/\/termix.net\/blog-int\/es\/#organization\"},\"potentialAction\":[{\"@type\":\"SearchAction\",\"target\":{\"@type\":\"EntryPoint\",\"urlTemplate\":\"https:\/\/termix.net\/blog-int\/es\/?s={search_term_string}\"},\"query-input\":\"required name=search_term_string\"}],\"inLanguage\":\"es\"},{\"@type\":\"Organization\",\"@id\":\"https:\/\/termix.net\/blog-int\/es\/#organization\",\"name\":\"Dols Industrial de Peluquer\u00eda SA\",\"url\":\"https:\/\/termix.net\/blog-int\/es\/\",\"logo\":{\"@type\":\"ImageObject\",\"inLanguage\":\"es\",\"@id\":\"https:\/\/termix.net\/blog-int\/es\/#\/schema\/logo\/image\/\",\"url\":\"https:\/\/termix.net\/blog-int\/wp-content\/uploads\/2020\/10\/OGbDAeng.jpeg\",\"contentUrl\":\"https:\/\/termix.net\/blog-int\/wp-content\/uploads\/2020\/10\/OGbDAeng.jpeg\",\"width\":800,\"height\":800,\"caption\":\"Dols Industrial de Peluquer\u00eda SA\"},\"image\":{\"@id\":\"https:\/\/termix.net\/blog-int\/es\/#\/schema\/logo\/image\/\"}},{\"@type\":\"Person\",\"@id\":\"https:\/\/termix.net\/blog-int\/es\/#\/schema\/person\/9096c98bdf03c8ddf91ad7172f254f40\",\"name\":\"TermixTeam\",\"image\":{\"@type\":\"ImageObject\",\"inLanguage\":\"es\",\"@id\":\"https:\/\/termix.net\/blog-int\/es\/#\/schema\/person\/image\/\",\"url\":\"https:\/\/secure.gravatar.com\/avatar\/d89f61f6bd1c29a4acb231736d1c74b3?s=96&d=mm&r=g\",\"contentUrl\":\"https:\/\/secure.gravatar.com\/avatar\/d89f61f6bd1c29a4acb231736d1c74b3?s=96&d=mm&r=g\",\"caption\":\"TermixTeam\"},\"url\":\"https:\/\/termix.net\/blog-int\/es\/author\/termixteam\/\"}]}<\/script>\n<!-- \/ Yoast SEO plugin. -->","yoast_head_json":{"title":"Termix, productos de peluquer\u00eda en el STS Beauty Barcelona-Termix","description":"Barcelona acoge la tercera edici\u00f3n de la Feria STS Beauty Barcelona, en la que Termix tiene un stand lleno de sorpresas con sus productos de peluquer\u00eda. \u00a1Visitanos y descubrelo!","robots":{"index":"index","follow":"follow","max-snippet":"max-snippet:-1","max-image-preview":"max-image-preview:large","max-video-preview":"max-video-preview:-1"},"canonical":"https:\/\/termix.net\/blog-int\/es\/te-invitamos-la-feria-sts-beauty-barcelona\/","og_locale":"es_ES","og_type":"article","og_title":"Termix, productos de peluquer\u00eda en el STS Beauty Barcelona-Termix","og_description":"Barcelona acoge la tercera edici\u00f3n de la Feria STS Beauty Barcelona, en la que Termix tiene un stand lleno de sorpresas con sus productos de peluquer\u00eda. \u00a1Visitanos y descubrelo!","og_url":"https:\/\/termix.net\/blog-int\/es\/te-invitamos-la-feria-sts-beauty-barcelona\/","og_site_name":"Blog Termix Spain","article_published_time":"2015-02-06T14:39:48+00:00","article_modified_time":"2019-11-29T08:31:11+00:00","og_image":[{"width":800,"height":400,"url":"https:\/\/termix.net\/blog-int\/wp-content\/uploads\/2015\/02\/Termix-en-STS-Beauty-Barcelona.jpg","type":"image\/jpeg"}],"author":"TermixTeam","twitter_card":"summary_large_image","twitter_misc":{"Escrito por":"TermixTeam","Tiempo de lectura":"2 minutos"},"schema":{"@context":"https:\/\/schema.org","@graph":[{"@type":"Article","@id":"https:\/\/termix.net\/blog-int\/es\/te-invitamos-la-feria-sts-beauty-barcelona\/#article","isPartOf":{"@id":"https:\/\/termix.net\/blog-int\/es\/te-invitamos-la-feria-sts-beauty-barcelona\/"},"author":{"name":"TermixTeam","@id":"https:\/\/termix.net\/blog-int\/es\/#\/schema\/person\/9096c98bdf03c8ddf91ad7172f254f40"},"headline":"Termix en la feria STS Beauty Barcelona","datePublished":"2015-02-06T14:39:48+00:00","dateModified":"2019-11-29T08:31:11+00:00","mainEntityOfPage":{"@id":"https:\/\/termix.net\/blog-int\/es\/te-invitamos-la-feria-sts-beauty-barcelona\/"},"wordCount":373,"commentCount":3,"publisher":{"@id":"https:\/\/termix.net\/blog-int\/es\/#organization"},"articleSection":["NOTICIAS"],"inLanguage":"es","potentialAction":[{"@type":"CommentAction","name":"Comment","target":["https:\/\/termix.net\/blog-int\/es\/te-invitamos-la-feria-sts-beauty-barcelona\/#respond"]}]},{"@type":"WebPage","@id":"https:\/\/termix.net\/blog-int\/es\/te-invitamos-la-feria-sts-beauty-barcelona\/","url":"https:\/\/termix.net\/blog-int\/es\/te-invitamos-la-feria-sts-beauty-barcelona\/","name":"Termix, productos de peluquer\u00eda en el STS Beauty Barcelona-Termix","isPartOf":{"@id":"https:\/\/termix.net\/blog-int\/es\/#website"},"datePublished":"2015-02-06T14:39:48+00:00","dateModified":"2019-11-29T08:31:11+00:00","description":"Barcelona acoge la tercera edici\u00f3n de la Feria STS Beauty Barcelona, en la que Termix tiene un stand lleno de sorpresas con sus productos de peluquer\u00eda. \u00a1Visitanos y descubrelo!","breadcrumb":{"@id":"https:\/\/termix.net\/blog-int\/es\/te-invitamos-la-feria-sts-beauty-barcelona\/#breadcrumb"},"inLanguage":"es","potentialAction":[{"@type":"ReadAction","target":["https:\/\/termix.net\/blog-int\/es\/te-invitamos-la-feria-sts-beauty-barcelona\/"]}]},{"@type":"BreadcrumbList","@id":"https:\/\/termix.net\/blog-int\/es\/te-invitamos-la-feria-sts-beauty-barcelona\/#breadcrumb","itemListElement":[{"@type":"ListItem","position":1,"name":"Home","item":"https:\/\/termix.net\/blog-int\/es\/"},{"@type":"ListItem","position":2,"name":"Termix en la feria STS Beauty Barcelona"}]},{"@type":"WebSite","@id":"https:\/\/termix.net\/blog-int\/es\/#website","url":"https:\/\/termix.net\/blog-int\/es\/","name":"Blog Termix Spain","description":"Blog de tendencias y productos de peluquer\u00eda profesional.","publisher":{"@id":"https:\/\/termix.net\/blog-int\/es\/#organization"},"potentialAction":[{"@type":"SearchAction","target":{"@type":"EntryPoint","urlTemplate":"https:\/\/termix.net\/blog-int\/es\/?s={search_term_string}"},"query-input":"required name=search_term_string"}],"inLanguage":"es"},{"@type":"Organization","@id":"https:\/\/termix.net\/blog-int\/es\/#organization","name":"Dols Industrial de Peluquer\u00eda SA","url":"https:\/\/termix.net\/blog-int\/es\/","logo":{"@type":"ImageObject","inLanguage":"es","@id":"https:\/\/termix.net\/blog-int\/es\/#\/schema\/logo\/image\/","url":"https:\/\/termix.net\/blog-int\/wp-content\/uploads\/2020\/10\/OGbDAeng.jpeg","contentUrl":"https:\/\/termix.net\/blog-int\/wp-content\/uploads\/2020\/10\/OGbDAeng.jpeg","width":800,"height":800,"caption":"Dols Industrial de Peluquer\u00eda SA"},"image":{"@id":"https:\/\/termix.net\/blog-int\/es\/#\/schema\/logo\/image\/"}},{"@type":"Person","@id":"https:\/\/termix.net\/blog-int\/es\/#\/schema\/person\/9096c98bdf03c8ddf91ad7172f254f40","name":"TermixTeam","image":{"@type":"ImageObject","inLanguage":"es","@id":"https:\/\/termix.net\/blog-int\/es\/#\/schema\/person\/image\/","url":"https:\/\/secure.gravatar.com\/avatar\/d89f61f6bd1c29a4acb231736d1c74b3?s=96&d=mm&r=g","contentUrl":"https:\/\/secure.gravatar.com\/avatar\/d89f61f6bd1c29a4acb231736d1c74b3?s=96&d=mm&r=g","caption":"TermixTeam"},"url":"https:\/\/termix.net\/blog-int\/es\/author\/termixteam\/"}]}},"_links":{"self":[{"href":"https:\/\/termix.net\/blog-int\/es\/wp-json\/wp\/v2\/posts\/3307"}],"collection":[{"href":"https:\/\/termix.net\/blog-int\/es\/wp-json\/wp\/v2\/posts"}],"about":[{"href":"https:\/\/termix.net\/blog-int\/es\/wp-json\/wp\/v2\/types\/post"}],"author":[{"embeddable":true,"href":"https:\/\/termix.net\/blog-int\/es\/wp-json\/wp\/v2\/users\/2"}],"replies":[{"embeddable":true,"href":"https:\/\/termix.net\/blog-int\/es\/wp-json\/wp\/v2\/comments?post=3307"}],"version-history":[{"count":2,"href":"https:\/\/termix.net\/blog-int\/es\/wp-json\/wp\/v2\/posts\/3307\/revisions"}],"predecessor-version":[{"id":21606,"href":"https:\/\/termix.net\/blog-int\/es\/wp-json\/wp\/v2\/posts\/3307\/revisions\/21606"}],"wp:featuredmedia":[{"embeddable":true,"href":"https:\/\/termix.net\/blog-int\/es\/wp-json\/wp\/v2\/media\/21598"}],"wp:attachment":[{"href":"https:\/\/termix.net\/blog-int\/es\/wp-json\/wp\/v2\/media?parent=3307"}],"wp:term":[{"taxonomy":"category","embeddable":true,"href":"https:\/\/termix.net\/blog-int\/es\/wp-json\/wp\/v2\/categories?post=3307"},{"taxonomy":"post_tag","embeddable":true,"href":"https:\/\/termix.net\/blog-int\/es\/wp-json\/wp\/v2\/tags?post=3307"}],"curies":[{"name":"wp","href":"https:\/\/api.w.org\/{rel}","templated":true}]}}