{"id":2351,"date":"2014-12-05T10:18:52","date_gmt":"2014-12-05T10:18:52","guid":{"rendered":"http:\/\/termix.net\/?p=2351"},"modified":"2019-11-28T14:40:52","modified_gmt":"2019-11-28T13:40:52","slug":"jose-coronado-peinado-por-naomi-gayoso-con-termix","status":"publish","type":"post","link":"https:\/\/termix.net\/blog-int\/es\/jose-coronado-peinado-por-naomi-gayoso-con-termix\/","title":{"rendered":"Jos\u00e9 Coronado, peinado por Naomi Gayoso con Termix"},"content":{"rendered":"<h1 style=\"text-align: center;\">Jos\u00e9 Coronado, peinado por Naomi Gayoso con Termix<\/h1>\n<p style=\"text-align: center;\">Fue modelo antes que actor,<\/p>\n<p style=\"text-align: center;\">\u00abEsto explica que se mueva con soltura entre el fot\u00f3grafo, el estilista y la maquilladora\u00bb<\/p>\n<p>&nbsp;<\/p>\n<h3 style=\"text-align: justify;\"><img decoding=\"async\" class=\"size-full wp-image-21532 aligncenter\" src=\"https:\/\/termixuri2.pre-testing.com\/blog-int\/wp-content\/uploads\/2014\/12\/Jose-Coronado-peinado-por-Naomi-Gayoso-con-Termix.jpg\" alt=\"\" width=\"800\" height=\"400\" srcset=\"https:\/\/termix.net\/blog-int\/wp-content\/uploads\/2014\/12\/Jose-Coronado-peinado-por-Naomi-Gayoso-con-Termix-200x100.jpg 200w, https:\/\/termix.net\/blog-int\/wp-content\/uploads\/2014\/12\/Jose-Coronado-peinado-por-Naomi-Gayoso-con-Termix-300x150.jpg 300w, https:\/\/termix.net\/blog-int\/wp-content\/uploads\/2014\/12\/Jose-Coronado-peinado-por-Naomi-Gayoso-con-Termix-400x200.jpg 400w, https:\/\/termix.net\/blog-int\/wp-content\/uploads\/2014\/12\/Jose-Coronado-peinado-por-Naomi-Gayoso-con-Termix-600x300.jpg 600w, https:\/\/termix.net\/blog-int\/wp-content\/uploads\/2014\/12\/Jose-Coronado-peinado-por-Naomi-Gayoso-con-Termix-768x384.jpg 768w, https:\/\/termix.net\/blog-int\/wp-content\/uploads\/2014\/12\/Jose-Coronado-peinado-por-Naomi-Gayoso-con-Termix.jpg 800w\" sizes=\"(max-width: 800px) 100vw, 800px\" \/><\/h3>\n<p>&nbsp;<\/p>\n<p>Pasan los a\u00f1os y el actor Jos\u00e9 Coronado sigue sorprendiendo al espectador con su naturalidad, su porte y su sonrisa imborrable. As\u00ed lo ha demostrado en su \u00faltima entrevista para la revista Shangay Style, d\u00f3nde <strong>la estilista Naomi Gayoso<\/strong> se ha encargado del maquillaje y la peluquer\u00eda,<strong> confiando en los productos Termix.<\/strong><\/p>\n<p>&nbsp;<\/p>\n<h3 style=\"text-align: justify;\"><img decoding=\"async\" class=\"alignnone size-full wp-image-21526\" src=\"https:\/\/termixuri2.pre-testing.com\/blog-int\/wp-content\/uploads\/2014\/12\/Jose-Coronado-con-Termix.jpg\" alt=\"Termix herramientas de peluquer\u00eda peina a Jose coronado\" width=\"800\" height=\"400\" srcset=\"https:\/\/termix.net\/blog-int\/wp-content\/uploads\/2014\/12\/Jose-Coronado-con-Termix-200x100.jpg 200w, https:\/\/termix.net\/blog-int\/wp-content\/uploads\/2014\/12\/Jose-Coronado-con-Termix-300x150.jpg 300w, https:\/\/termix.net\/blog-int\/wp-content\/uploads\/2014\/12\/Jose-Coronado-con-Termix-400x200.jpg 400w, https:\/\/termix.net\/blog-int\/wp-content\/uploads\/2014\/12\/Jose-Coronado-con-Termix-600x300.jpg 600w, https:\/\/termix.net\/blog-int\/wp-content\/uploads\/2014\/12\/Jose-Coronado-con-Termix-768x384.jpg 768w, https:\/\/termix.net\/blog-int\/wp-content\/uploads\/2014\/12\/Jose-Coronado-con-Termix.jpg 800w\" sizes=\"(max-width: 800px) 100vw, 800px\" \/><\/h3>\n<p>Sin duda es uno de los actores que m\u00e1s variedades de polic\u00eda ha sido capaz de encarnar en la ficci\u00f3n espa\u00f1ola. Pese a ello, se define a s\u00ed mismo como un hombre al que le llevan los demonios cuando ve actores que act\u00faan como estrellas. Y entre otras cosas, desvela c\u00f3mo se cuida a sus 57 a\u00f1os para seguir estando en forma.<\/p>\n<p>Por exigencias del gui\u00f3n, de su melena se habl\u00f3 &#8211; y no para bien- cuando protagoniz\u00f3 El cuerpo (2012).\u00a0\u00a0Coprotagonizada por Bel\u00e9n Rueda y Hugo Silva. Su infame pelo cobr\u00f3 m\u00e1s protagonismo que su interpretaci\u00f3n. Algo para lo que el actor tiene respuesta: \u201cEstaba m\u00e1s que justificado. Interpretaba a una especie de cuervo; un t\u00edo que escond\u00eda mucho, otro muerto en vida de los que he interpretado, y me ven\u00eda muy bien esa imagen. <strong>Tuve que hacerme un tratamiento fort\u00edsimo de keratina para alisarme el pelo<\/strong>, y cada ma\u00f1ana de rodaje me pasaba 40 minutos bajo el secador\u201d, confiesa Coronado.<\/p>\n<p>&nbsp;<\/p>\n<h3 style=\"text-align: justify;\"><img decoding=\"async\" class=\"alignnone size-full wp-image-21528\" src=\"https:\/\/termixuri2.pre-testing.com\/blog-int\/wp-content\/uploads\/2014\/12\/Jose-Coronado-cuida-de-su-cabello-con-Termix.jpg\" alt=\"\" width=\"800\" height=\"400\" srcset=\"https:\/\/termix.net\/blog-int\/wp-content\/uploads\/2014\/12\/Jose-Coronado-cuida-de-su-cabello-con-Termix-200x100.jpg 200w, https:\/\/termix.net\/blog-int\/wp-content\/uploads\/2014\/12\/Jose-Coronado-cuida-de-su-cabello-con-Termix-300x150.jpg 300w, https:\/\/termix.net\/blog-int\/wp-content\/uploads\/2014\/12\/Jose-Coronado-cuida-de-su-cabello-con-Termix-400x200.jpg 400w, https:\/\/termix.net\/blog-int\/wp-content\/uploads\/2014\/12\/Jose-Coronado-cuida-de-su-cabello-con-Termix-600x300.jpg 600w, https:\/\/termix.net\/blog-int\/wp-content\/uploads\/2014\/12\/Jose-Coronado-cuida-de-su-cabello-con-Termix-768x384.jpg 768w, https:\/\/termix.net\/blog-int\/wp-content\/uploads\/2014\/12\/Jose-Coronado-cuida-de-su-cabello-con-Termix.jpg 800w\" sizes=\"(max-width: 800px) 100vw, 800px\" \/><\/h3>\n<p style=\"text-align: justify;\">\u00a0Ahora, el actor hace un descanso de la grabaci\u00f3n de la segunda temporada de la exitosa serie <em>El Pr\u00edncipe y se p<\/em>repara para su nuevo estreno cinematogr\u00e1fico, <em>Fuego<\/em>, donde interpreta a un hombre \u2013esta vez ex polic\u00eda \u2013 atormentado por su sed de venganza. Mientras, se puede disfrutar de \u00e9l en esta entrevista con exclusivas fotos realizadas por el fot\u00f3grafo <strong>Vicent Urbani<\/strong>.<\/p>\n","protected":false},"excerpt":{"rendered":"<p>\t\t\t\tFue modelo antes que actor, lo que seguramente justifica que se mueva con soltura entre el fot\u00f3grafo, la estilista&#8230; As\u00ed de apuesto posa Jos\u00e9 Coronado en un reportaje de la revista Shangay Style.\t\t<\/p>\n","protected":false},"author":2,"featured_media":21526,"comment_status":"open","ping_status":"open","sticky":false,"template":"","format":"standard","meta":[],"categories":[6],"tags":[],"yoast_head":"<!-- This site is optimized with the Yoast SEO plugin v20.0 - https:\/\/yoast.com\/wordpress\/plugins\/seo\/ -->\n<title>Jos\u00e9 Coronado, peinado por Naomi Gayoso - Termix<\/title>\n<meta name=\"description\" content=\"Naomi Gayoso conf\u00eda en los productos de peluquer\u00eda Termix para el peinado del actor Jos\u00e9 Coronado en su entrevista en Shangay Style.\" \/>\n<meta name=\"robots\" content=\"index, follow, max-snippet:-1, max-image-preview:large, max-video-preview:-1\" \/>\n<link rel=\"canonical\" href=\"https:\/\/termix.net\/blog-int\/es\/jose-coronado-peinado-por-naomi-gayoso-con-termix\/\" \/>\n<meta property=\"og:locale\" content=\"es_ES\" \/>\n<meta property=\"og:type\" content=\"article\" \/>\n<meta property=\"og:title\" content=\"Jos\u00e9 Coronado, peinado por Naomi Gayoso - Termix\" \/>\n<meta property=\"og:description\" content=\"Naomi Gayoso conf\u00eda en los productos de peluquer\u00eda Termix para el peinado del actor Jos\u00e9 Coronado en su entrevista en Shangay Style.\" \/>\n<meta property=\"og:url\" content=\"https:\/\/termix.net\/blog-int\/es\/jose-coronado-peinado-por-naomi-gayoso-con-termix\/\" \/>\n<meta property=\"og:site_name\" content=\"Blog Termix Spain\" \/>\n<meta property=\"article:published_time\" content=\"2014-12-05T10:18:52+00:00\" \/>\n<meta property=\"article:modified_time\" content=\"2019-11-28T13:40:52+00:00\" \/>\n<meta property=\"og:image\" content=\"https:\/\/termix.net\/blog-int\/wp-content\/uploads\/2014\/12\/Jose-Coronado-con-Termix.jpg\" \/>\n\t<meta property=\"og:image:width\" content=\"800\" \/>\n\t<meta property=\"og:image:height\" content=\"400\" \/>\n\t<meta property=\"og:image:type\" content=\"image\/jpeg\" \/>\n<meta name=\"author\" content=\"TermixTeam\" \/>\n<meta name=\"twitter:card\" content=\"summary_large_image\" \/>\n<meta name=\"twitter:label1\" content=\"Escrito por\" \/>\n\t<meta name=\"twitter:data1\" content=\"TermixTeam\" \/>\n\t<meta name=\"twitter:label2\" content=\"Tiempo de lectura\" \/>\n\t<meta name=\"twitter:data2\" content=\"2 minutos\" \/>\n<script type=\"application\/ld+json\" class=\"yoast-schema-graph\">{\"@context\":\"https:\/\/schema.org\",\"@graph\":[{\"@type\":\"Article\",\"@id\":\"https:\/\/termix.net\/blog-int\/es\/jose-coronado-peinado-por-naomi-gayoso-con-termix\/#article\",\"isPartOf\":{\"@id\":\"https:\/\/termix.net\/blog-int\/es\/jose-coronado-peinado-por-naomi-gayoso-con-termix\/\"},\"author\":{\"name\":\"TermixTeam\",\"@id\":\"https:\/\/termix.net\/blog-int\/es\/#\/schema\/person\/9096c98bdf03c8ddf91ad7172f254f40\"},\"headline\":\"Jos\u00e9 Coronado, peinado por Naomi Gayoso con Termix\",\"datePublished\":\"2014-12-05T10:18:52+00:00\",\"dateModified\":\"2019-11-28T13:40:52+00:00\",\"mainEntityOfPage\":{\"@id\":\"https:\/\/termix.net\/blog-int\/es\/jose-coronado-peinado-por-naomi-gayoso-con-termix\/\"},\"wordCount\":338,\"commentCount\":0,\"publisher\":{\"@id\":\"https:\/\/termix.net\/blog-int\/es\/#organization\"},\"articleSection\":[\"NOTICIAS\"],\"inLanguage\":\"es\",\"potentialAction\":[{\"@type\":\"CommentAction\",\"name\":\"Comment\",\"target\":[\"https:\/\/termix.net\/blog-int\/es\/jose-coronado-peinado-por-naomi-gayoso-con-termix\/#respond\"]}]},{\"@type\":\"WebPage\",\"@id\":\"https:\/\/termix.net\/blog-int\/es\/jose-coronado-peinado-por-naomi-gayoso-con-termix\/\",\"url\":\"https:\/\/termix.net\/blog-int\/es\/jose-coronado-peinado-por-naomi-gayoso-con-termix\/\",\"name\":\"Jos\u00e9 Coronado, peinado por Naomi Gayoso - Termix\",\"isPartOf\":{\"@id\":\"https:\/\/termix.net\/blog-int\/es\/#website\"},\"datePublished\":\"2014-12-05T10:18:52+00:00\",\"dateModified\":\"2019-11-28T13:40:52+00:00\",\"description\":\"Naomi Gayoso conf\u00eda en los productos de peluquer\u00eda Termix para el peinado del actor Jos\u00e9 Coronado en su entrevista en Shangay Style.\",\"breadcrumb\":{\"@id\":\"https:\/\/termix.net\/blog-int\/es\/jose-coronado-peinado-por-naomi-gayoso-con-termix\/#breadcrumb\"},\"inLanguage\":\"es\",\"potentialAction\":[{\"@type\":\"ReadAction\",\"target\":[\"https:\/\/termix.net\/blog-int\/es\/jose-coronado-peinado-por-naomi-gayoso-con-termix\/\"]}]},{\"@type\":\"BreadcrumbList\",\"@id\":\"https:\/\/termix.net\/blog-int\/es\/jose-coronado-peinado-por-naomi-gayoso-con-termix\/#breadcrumb\",\"itemListElement\":[{\"@type\":\"ListItem\",\"position\":1,\"name\":\"Home\",\"item\":\"https:\/\/termix.net\/blog-int\/es\/\"},{\"@type\":\"ListItem\",\"position\":2,\"name\":\"Jos\u00e9 Coronado, peinado por Naomi Gayoso con Termix\"}]},{\"@type\":\"WebSite\",\"@id\":\"https:\/\/termix.net\/blog-int\/es\/#website\",\"url\":\"https:\/\/termix.net\/blog-int\/es\/\",\"name\":\"Blog Termix Spain\",\"description\":\"Blog de tendencias y productos de peluquer\u00eda profesional.\",\"publisher\":{\"@id\":\"https:\/\/termix.net\/blog-int\/es\/#organization\"},\"potentialAction\":[{\"@type\":\"SearchAction\",\"target\":{\"@type\":\"EntryPoint\",\"urlTemplate\":\"https:\/\/termix.net\/blog-int\/es\/?s={search_term_string}\"},\"query-input\":\"required name=search_term_string\"}],\"inLanguage\":\"es\"},{\"@type\":\"Organization\",\"@id\":\"https:\/\/termix.net\/blog-int\/es\/#organization\",\"name\":\"Dols Industrial de Peluquer\u00eda SA\",\"url\":\"https:\/\/termix.net\/blog-int\/es\/\",\"logo\":{\"@type\":\"ImageObject\",\"inLanguage\":\"es\",\"@id\":\"https:\/\/termix.net\/blog-int\/es\/#\/schema\/logo\/image\/\",\"url\":\"https:\/\/termix.net\/blog-int\/wp-content\/uploads\/2020\/10\/OGbDAeng.jpeg\",\"contentUrl\":\"https:\/\/termix.net\/blog-int\/wp-content\/uploads\/2020\/10\/OGbDAeng.jpeg\",\"width\":800,\"height\":800,\"caption\":\"Dols Industrial de Peluquer\u00eda SA\"},\"image\":{\"@id\":\"https:\/\/termix.net\/blog-int\/es\/#\/schema\/logo\/image\/\"}},{\"@type\":\"Person\",\"@id\":\"https:\/\/termix.net\/blog-int\/es\/#\/schema\/person\/9096c98bdf03c8ddf91ad7172f254f40\",\"name\":\"TermixTeam\",\"image\":{\"@type\":\"ImageObject\",\"inLanguage\":\"es\",\"@id\":\"https:\/\/termix.net\/blog-int\/es\/#\/schema\/person\/image\/\",\"url\":\"https:\/\/secure.gravatar.com\/avatar\/d89f61f6bd1c29a4acb231736d1c74b3?s=96&d=mm&r=g\",\"contentUrl\":\"https:\/\/secure.gravatar.com\/avatar\/d89f61f6bd1c29a4acb231736d1c74b3?s=96&d=mm&r=g\",\"caption\":\"TermixTeam\"},\"url\":\"https:\/\/termix.net\/blog-int\/es\/author\/termixteam\/\"}]}<\/script>\n<!-- \/ Yoast SEO plugin. -->","yoast_head_json":{"title":"Jos\u00e9 Coronado, peinado por Naomi Gayoso - Termix","description":"Naomi Gayoso conf\u00eda en los productos de peluquer\u00eda Termix para el peinado del actor Jos\u00e9 Coronado en su entrevista en Shangay Style.","robots":{"index":"index","follow":"follow","max-snippet":"max-snippet:-1","max-image-preview":"max-image-preview:large","max-video-preview":"max-video-preview:-1"},"canonical":"https:\/\/termix.net\/blog-int\/es\/jose-coronado-peinado-por-naomi-gayoso-con-termix\/","og_locale":"es_ES","og_type":"article","og_title":"Jos\u00e9 Coronado, peinado por Naomi Gayoso - Termix","og_description":"Naomi Gayoso conf\u00eda en los productos de peluquer\u00eda Termix para el peinado del actor Jos\u00e9 Coronado en su entrevista en Shangay Style.","og_url":"https:\/\/termix.net\/blog-int\/es\/jose-coronado-peinado-por-naomi-gayoso-con-termix\/","og_site_name":"Blog Termix Spain","article_published_time":"2014-12-05T10:18:52+00:00","article_modified_time":"2019-11-28T13:40:52+00:00","og_image":[{"width":800,"height":400,"url":"https:\/\/termix.net\/blog-int\/wp-content\/uploads\/2014\/12\/Jose-Coronado-con-Termix.jpg","type":"image\/jpeg"}],"author":"TermixTeam","twitter_card":"summary_large_image","twitter_misc":{"Escrito por":"TermixTeam","Tiempo de lectura":"2 minutos"},"schema":{"@context":"https:\/\/schema.org","@graph":[{"@type":"Article","@id":"https:\/\/termix.net\/blog-int\/es\/jose-coronado-peinado-por-naomi-gayoso-con-termix\/#article","isPartOf":{"@id":"https:\/\/termix.net\/blog-int\/es\/jose-coronado-peinado-por-naomi-gayoso-con-termix\/"},"author":{"name":"TermixTeam","@id":"https:\/\/termix.net\/blog-int\/es\/#\/schema\/person\/9096c98bdf03c8ddf91ad7172f254f40"},"headline":"Jos\u00e9 Coronado, peinado por Naomi Gayoso con Termix","datePublished":"2014-12-05T10:18:52+00:00","dateModified":"2019-11-28T13:40:52+00:00","mainEntityOfPage":{"@id":"https:\/\/termix.net\/blog-int\/es\/jose-coronado-peinado-por-naomi-gayoso-con-termix\/"},"wordCount":338,"commentCount":0,"publisher":{"@id":"https:\/\/termix.net\/blog-int\/es\/#organization"},"articleSection":["NOTICIAS"],"inLanguage":"es","potentialAction":[{"@type":"CommentAction","name":"Comment","target":["https:\/\/termix.net\/blog-int\/es\/jose-coronado-peinado-por-naomi-gayoso-con-termix\/#respond"]}]},{"@type":"WebPage","@id":"https:\/\/termix.net\/blog-int\/es\/jose-coronado-peinado-por-naomi-gayoso-con-termix\/","url":"https:\/\/termix.net\/blog-int\/es\/jose-coronado-peinado-por-naomi-gayoso-con-termix\/","name":"Jos\u00e9 Coronado, peinado por Naomi Gayoso - Termix","isPartOf":{"@id":"https:\/\/termix.net\/blog-int\/es\/#website"},"datePublished":"2014-12-05T10:18:52+00:00","dateModified":"2019-11-28T13:40:52+00:00","description":"Naomi Gayoso conf\u00eda en los productos de peluquer\u00eda Termix para el peinado del actor Jos\u00e9 Coronado en su entrevista en Shangay Style.","breadcrumb":{"@id":"https:\/\/termix.net\/blog-int\/es\/jose-coronado-peinado-por-naomi-gayoso-con-termix\/#breadcrumb"},"inLanguage":"es","potentialAction":[{"@type":"ReadAction","target":["https:\/\/termix.net\/blog-int\/es\/jose-coronado-peinado-por-naomi-gayoso-con-termix\/"]}]},{"@type":"BreadcrumbList","@id":"https:\/\/termix.net\/blog-int\/es\/jose-coronado-peinado-por-naomi-gayoso-con-termix\/#breadcrumb","itemListElement":[{"@type":"ListItem","position":1,"name":"Home","item":"https:\/\/termix.net\/blog-int\/es\/"},{"@type":"ListItem","position":2,"name":"Jos\u00e9 Coronado, peinado por Naomi Gayoso con Termix"}]},{"@type":"WebSite","@id":"https:\/\/termix.net\/blog-int\/es\/#website","url":"https:\/\/termix.net\/blog-int\/es\/","name":"Blog Termix Spain","description":"Blog de tendencias y productos de peluquer\u00eda profesional.","publisher":{"@id":"https:\/\/termix.net\/blog-int\/es\/#organization"},"potentialAction":[{"@type":"SearchAction","target":{"@type":"EntryPoint","urlTemplate":"https:\/\/termix.net\/blog-int\/es\/?s={search_term_string}"},"query-input":"required name=search_term_string"}],"inLanguage":"es"},{"@type":"Organization","@id":"https:\/\/termix.net\/blog-int\/es\/#organization","name":"Dols Industrial de Peluquer\u00eda SA","url":"https:\/\/termix.net\/blog-int\/es\/","logo":{"@type":"ImageObject","inLanguage":"es","@id":"https:\/\/termix.net\/blog-int\/es\/#\/schema\/logo\/image\/","url":"https:\/\/termix.net\/blog-int\/wp-content\/uploads\/2020\/10\/OGbDAeng.jpeg","contentUrl":"https:\/\/termix.net\/blog-int\/wp-content\/uploads\/2020\/10\/OGbDAeng.jpeg","width":800,"height":800,"caption":"Dols Industrial de Peluquer\u00eda SA"},"image":{"@id":"https:\/\/termix.net\/blog-int\/es\/#\/schema\/logo\/image\/"}},{"@type":"Person","@id":"https:\/\/termix.net\/blog-int\/es\/#\/schema\/person\/9096c98bdf03c8ddf91ad7172f254f40","name":"TermixTeam","image":{"@type":"ImageObject","inLanguage":"es","@id":"https:\/\/termix.net\/blog-int\/es\/#\/schema\/person\/image\/","url":"https:\/\/secure.gravatar.com\/avatar\/d89f61f6bd1c29a4acb231736d1c74b3?s=96&d=mm&r=g","contentUrl":"https:\/\/secure.gravatar.com\/avatar\/d89f61f6bd1c29a4acb231736d1c74b3?s=96&d=mm&r=g","caption":"TermixTeam"},"url":"https:\/\/termix.net\/blog-int\/es\/author\/termixteam\/"}]}},"_links":{"self":[{"href":"https:\/\/termix.net\/blog-int\/es\/wp-json\/wp\/v2\/posts\/2351"}],"collection":[{"href":"https:\/\/termix.net\/blog-int\/es\/wp-json\/wp\/v2\/posts"}],"about":[{"href":"https:\/\/termix.net\/blog-int\/es\/wp-json\/wp\/v2\/types\/post"}],"author":[{"embeddable":true,"href":"https:\/\/termix.net\/blog-int\/es\/wp-json\/wp\/v2\/users\/2"}],"replies":[{"embeddable":true,"href":"https:\/\/termix.net\/blog-int\/es\/wp-json\/wp\/v2\/comments?post=2351"}],"version-history":[{"count":2,"href":"https:\/\/termix.net\/blog-int\/es\/wp-json\/wp\/v2\/posts\/2351\/revisions"}],"predecessor-version":[{"id":21534,"href":"https:\/\/termix.net\/blog-int\/es\/wp-json\/wp\/v2\/posts\/2351\/revisions\/21534"}],"wp:featuredmedia":[{"embeddable":true,"href":"https:\/\/termix.net\/blog-int\/es\/wp-json\/wp\/v2\/media\/21526"}],"wp:attachment":[{"href":"https:\/\/termix.net\/blog-int\/es\/wp-json\/wp\/v2\/media?parent=2351"}],"wp:term":[{"taxonomy":"category","embeddable":true,"href":"https:\/\/termix.net\/blog-int\/es\/wp-json\/wp\/v2\/categories?post=2351"},{"taxonomy":"post_tag","embeddable":true,"href":"https:\/\/termix.net\/blog-int\/es\/wp-json\/wp\/v2\/tags?post=2351"}],"curies":[{"name":"wp","href":"https:\/\/api.w.org\/{rel}","templated":true}]}}