{"id":16364,"date":"2019-02-05T15:41:37","date_gmt":"2019-02-05T14:41:37","guid":{"rendered":"https:\/\/termix.net\/?p=16364"},"modified":"2019-12-17T16:39:53","modified_gmt":"2019-12-17T15:39:53","slug":"vesta-lugg-estilo-peinado-vina-del-mar-festival-chile-termix","status":"publish","type":"post","link":"https:\/\/termix.net\/blog-int\/es\/vesta-lugg-estilo-peinado-vina-del-mar-festival-chile-termix\/","title":{"rendered":"Vesta Lugg se prepara para Vi\u00f1a del Mar con Termix"},"content":{"rendered":"<p><div class=\"fusion-fullwidth fullwidth-box fusion-builder-row-1 faded-background fusion-parallax-none nonhundred-percent-fullwidth non-hundred-percent-height-scrolling fusion-no-small-visibility fusion-no-medium-visibility\" style=\"background-position: center center;background-repeat: no-repeat;padding-top:24%;padding-right:3%;padding-bottom:0px;padding-left:3%;margin-bottom: 0px;margin-top: 0px;border-width: 0px 0px 0px 0px;border-color:#eae9e9;border-style:solid;-webkit-background-size:cover;-moz-background-size:cover;-o-background-size:cover;background-size:cover;\" ><div class=\"fullwidth-faded\" style=\"background-color:#181818;background-image: url(https:\/\/termixuri2.pre-testing.com\/blog-int\/wp-content\/uploads\/2019\/02\/vesta-lugg_festival-vina-del-mar_termix2.jpg);background-position:center center;background-repeat:no-repeat;-webkit-background-size:cover;-moz-background-size:cover;-o-background-size:cover;background-size:cover;\" ><\/div><div class=\"fusion-builder-row fusion-row\"><div class=\"fusion-layout-column fusion_builder_column fusion-builder-column-0 fusion_builder_column_1_1 1_1 fusion-one-full fusion-column-first fusion-column-last\" style=\"margin-top:0px;margin-bottom:0px;\"><div class=\"fusion-column-wrapper fusion-flex-column-wrapper-legacy\" style=\"background-position:left top;background-repeat:no-repeat;-webkit-background-size:cover;-moz-background-size:cover;-o-background-size:cover;background-size:cover;background-color:rgba(255,255,255,0.7);padding: 6% 8% 6% 8%;\"><div class=\"fusion-text fusion-text-1 caption\"><p style=\"text-align: center;\">Termix Chile\u2014 3 min de lectura<\/p>\n<\/div><style type=\"text\/css\"><\/style><div class=\"fusion-title title fusion-title-1 fusion-sep-none fusion-title-center fusion-title-text fusion-title-size-two\" style=\"margin-top:30px;margin-right:0px;margin-bottom:20px;margin-left:0px;\"><h2 class=\"title-heading-center fusion-responsive-typography-calculated\" style=\"margin:0;--fontSize:50;line-height:1.28;\">Vesta Lugg se prepara para Vi\u00f1a del Mar con Termix<\/h2><\/div><div class=\"fusion-clearfix\"><\/div><\/div><\/div><\/div><\/div><div class=\"fusion-fullwidth fullwidth-box fusion-builder-row-2 fusion-parallax-none nonhundred-percent-fullwidth non-hundred-percent-height-scrolling fusion-no-large-visibility\" style=\"background-color: rgba(255,255,255,0);background-image: url(&quot;https:\/\/termixuri2.pre-testing.com\/blog-int\/wp-content\/uploads\/2019\/11\/con-el-secador-compacto-profesioanl-4300-de-termix-damos-volumen-al-cabello-1.jpg&quot;);background-position: center center;background-repeat: no-repeat;padding-top:0px;padding-right:0px;padding-bottom:0px;padding-left:0px;margin-bottom: 0px;margin-top: 0px;border-width: 0px 0px 0px 0px;border-color:#eae9e9;border-style:solid;-webkit-background-size:cover;-moz-background-size:cover;-o-background-size:cover;background-size:cover;\" ><div class=\"fusion-builder-row fusion-row\"><div class=\"fusion-layout-column fusion_builder_column fusion-builder-column-1 fusion_builder_column_1_1 1_1 fusion-one-full fusion-column-first fusion-column-last fusion-column-inner-bg-wrapper\" style=\"margin-top:20px;margin-bottom:20px;\"><div class=\"fusion-column-wrapper fusion-flex-column-wrapper-legacy\" style=\"padding: 10% 0px 10% 0px;\" data-bg-url=\"http:\/\/termixnew.pre-testing.com\/blog\/wp-content\/uploads\/2019\/03\/single-blog-post-feat.jpg\"><div class=\"fusion-sep-clear\"><\/div><div class=\"fusion-separator fusion-no-large-visibility fusion-full-width-sep\" style=\"margin-left: auto;margin-right: auto;margin-top:200px;width:100%;\"><\/div><div class=\"fusion-sep-clear\"><\/div><div class=\"fusion-clearfix\"><\/div><\/div><span class=\"fusion-column-inner-bg hover-type-zoomout\"><a class=\"fusion-column-anchor\"><span class=\"fusion-column-inner-bg-image\" style=\"background-image: url(&#039;http:\/\/termixnew.pre-testing.com\/blog\/wp-content\/uploads\/2019\/03\/single-blog-post-feat.jpg&#039;);background-position:center center;background-repeat:no-repeat;-webkit-background-size:cover;-moz-background-size:cover;-o-background-size:cover;background-size:cover;\"><\/span><\/a><\/span><\/div><div class=\"fusion-layout-column fusion_builder_column fusion-builder-column-2 fusion_builder_column_1_1 1_1 fusion-one-full fusion-column-first fusion-column-last\" style=\"margin-top:0px;margin-bottom:0px;\"><div class=\"fusion-column-wrapper fusion-flex-column-wrapper-legacy\" style=\"background-position:left top;background-repeat:no-repeat;-webkit-background-size:cover;-moz-background-size:cover;-o-background-size:cover;background-size:cover;background-color:#ffffff;padding: 6% 0px 0px 0px;\"><div class=\"fusion-text fusion-text-2 caption\"><p style=\"text-align: center;\">Termix Chile\u2014 3 min de lectura<\/p>\n<\/div><style type=\"text\/css\"><\/style><div class=\"fusion-title title fusion-title-2 fusion-sep-none fusion-title-center fusion-title-text fusion-title-size-two\" style=\"margin-top:30px;margin-right:0px;margin-bottom:20px;margin-left:0px;\"><h2 class=\"title-heading-center fusion-responsive-typography-calculated\" style=\"margin:0;--fontSize:50;line-height:1.28;\">Vesta Lugg se prepara para Vi\u00f1a del Mar con Termix<\/h2><\/div><div class=\"fusion-clearfix\"><\/div><\/div><\/div><\/div><\/div><div class=\"fusion-fullwidth fullwidth-box fusion-builder-row-3 nonhundred-percent-fullwidth non-hundred-percent-height-scrolling\" style=\"background-color: rgba(255,255,255,0);background-position: center center;background-repeat: no-repeat;padding-top:10px;padding-right:0px;padding-bottom:4%;padding-left:0px;margin-bottom: 0px;margin-top: 0px;border-width: 0px 0px 0px 0px;border-color:#eae9e9;border-style:solid;\" ><div class=\"fusion-builder-row fusion-row\"><div class=\"fusion-layout-column fusion_builder_column fusion-builder-column-3 fusion_builder_column_1_6 1_6 fusion-one-sixth fusion-column-first fusion-no-small-visibility fusion-no-medium-visibility\" style=\"width:16.666666666667%;width:calc(16.666666666667% - ( ( 0 ) * 0.16666666666667 ) );margin-right: 0px;margin-top:20px;margin-bottom:20px;\"><div class=\"fusion-column-wrapper fusion-flex-column-wrapper-legacy\" style=\"background-position:left top;background-repeat:no-repeat;-webkit-background-size:cover;-moz-background-size:cover;-o-background-size:cover;background-size:cover;padding: 0px 0px 0px 0px;\"><div class=\"fusion-clearfix\"><\/div><\/div><\/div><div class=\"fusion-layout-column fusion_builder_column fusion-builder-column-4 fusion_builder_column_2_3 2_3 fusion-two-third fusion-column-last\" style=\"width:66.666666666667%;width:calc(66.666666666667% - ( ( 0 ) * 0.66666666666667 ) );margin-top:20px;margin-bottom:20px;\"><div class=\"fusion-column-wrapper fusion-flex-column-wrapper-legacy\" style=\"background-position:left top;background-repeat:no-repeat;-webkit-background-size:cover;-moz-background-size:cover;-o-background-size:cover;background-size:cover;padding: 0px 0px 0px 0px;\"><div class=\"fusion-sep-clear\"><\/div><div class=\"fusion-separator fusion-full-width-sep\" style=\"margin-left: auto;margin-right: auto;margin-top:30px;width:100%;\"><\/div><div class=\"fusion-sep-clear\"><\/div><div class=\"fusion-text fusion-text-3\"><p style=\"text-align: center;\"><span style=\"font-size: 22px; line-height: 1.5em;\"> Hace tan solo cuatro d\u00edas que <strong>Chile<\/strong> se inundaba del esp\u00edritu de la m\u00fasica m\u00e1s actual.\u00a0<\/span><span style=\"font-size: 22px; line-height: 1.5em;\">La <strong>60\u00aa edici\u00f3n del Festival Vi\u00f1a del Mar<\/strong> se presentaba con m\u00e1s fuerza que nunca, con los artistas mejor valorados del panorama musical. Y un a\u00f1o m\u00e1s, Termix ha tenido el placer de colaborar junto al embajador de la firma en Chile, el estilista Gonzalo Leonidas. \u00bfC\u00f3mo? Pues, ni m\u00e1s ni menos que realiz\u00e1ndole el estilismo a la <strong>cantante y actriz Vesta Lugg. <\/strong><\/span><\/p>\n<p style=\"text-align: center;\"><strong><span style=\"font-size: 22px; line-height: 1.5em;\">\u00bfQuieres conocer m\u00e1s detalles?.<\/span><\/strong><\/p>\n<\/div><div class=\"fusion-sep-clear\"><\/div><div class=\"fusion-separator fusion-full-width-sep\" style=\"margin-left: auto;margin-right: auto;margin-top:30px;width:100%;\"><\/div><div class=\"fusion-sep-clear\"><\/div><div class=\"fusion-text fusion-text-4\"><p><iframe src=\"https:\/\/www.youtube.com\/embed\/HxddqjVLecY?autoplay=1&amp;rel=0\" width=\"100%\" height=\"480\" frameborder=\"0\" allowfullscreen=\"allowfullscreen\"><span data-mce-type=\"bookmark\" style=\"display: inline-block; width: 0px; overflow: hidden; line-height: 0;\" class=\"mce_SELRES_start\">\ufeff<\/span><span data-mce-type=\"bookmark\" style=\"display: inline-block; width: 0px; overflow: hidden; line-height: 0;\" class=\"mce_SELRES_start\">\ufeff<\/span><\/iframe><\/p>\n<p style=\"text-align: justify;\">Un backstage donde se respiraban las \u00faltimas tendencias y se celebraba un homenaje a <strong>Lady Gaga<\/strong>. De esta forma podemos resumir la experiencia entre bambalinas junto a una de las influencers m\u00e1s transgresoras del panorama chileno. Con un vestido confeccionado por <strong>Sensen Li<\/strong> (dise\u00f1ador que ha vestido a Lady Gaga) de m\u00e1s de tres metros de tela y a todo color, <strong>Vesta Lugg<\/strong> lo arriesg\u00f3 todo al triunfo durante la ceremonia de inauguraci\u00f3n del <strong>Festival Vi\u00f1a del Mar<\/strong>.<\/p>\n<h2>El estilo que llev\u00f3 Vesta Lugg fue rompedor: coleta alta y vestido de Sensen Li<\/h2>\n<p style=\"text-align: justify;\">Una alfombra roja que hablaba de diferenciaci\u00f3n y en la que la cantante brill\u00f3 como nunca. Y es que, no solo fue el vestido el centro de muchas miradas, sino que tambi\u00e9n lo fue el peinado elegido para la ocasi\u00f3n. Una vez m\u00e1s rompiendo esquemas, Vesta Lugg y el estilista <strong>Gonzalo Leonidas<\/strong> (bajo la atenta mirada de sus seguidores y fans) se decidieron por una coleta pulida. Un estilismo poco habitual en este evento, donde suelen destacar las ondas Hollywood.<\/p>\n<p><img decoding=\"async\" class=\"alignnone size-full wp-image-24540\" src=\"https:\/\/termixuri2.pre-testing.com\/blog-int\/wp-content\/uploads\/2019\/02\/vesta-lugg_vestido_vina-del-mar.jpg\" alt=\"vesta-lugg_vestido_vina-del-mar\" width=\"1160\" height=\"806\" srcset=\"https:\/\/termix.net\/blog-int\/wp-content\/uploads\/2019\/02\/vesta-lugg_vestido_vina-del-mar-200x139.jpg 200w, https:\/\/termix.net\/blog-int\/wp-content\/uploads\/2019\/02\/vesta-lugg_vestido_vina-del-mar-300x208.jpg 300w, https:\/\/termix.net\/blog-int\/wp-content\/uploads\/2019\/02\/vesta-lugg_vestido_vina-del-mar-400x278.jpg 400w, https:\/\/termix.net\/blog-int\/wp-content\/uploads\/2019\/02\/vesta-lugg_vestido_vina-del-mar-600x417.jpg 600w, https:\/\/termix.net\/blog-int\/wp-content\/uploads\/2019\/02\/vesta-lugg_vestido_vina-del-mar-768x534.jpg 768w, https:\/\/termix.net\/blog-int\/wp-content\/uploads\/2019\/02\/vesta-lugg_vestido_vina-del-mar-800x556.jpg 800w, https:\/\/termix.net\/blog-int\/wp-content\/uploads\/2019\/02\/vesta-lugg_vestido_vina-del-mar-1024x712.jpg 1024w, https:\/\/termix.net\/blog-int\/wp-content\/uploads\/2019\/02\/vesta-lugg_vestido_vina-del-mar.jpg 1160w\" sizes=\"(max-width: 1160px) 100vw, 1160px\" \/><\/p>\n<h2>\u00bfQu\u00e9 utiliz\u00f3 el estilista en el camerino de Vi\u00f1a del Mar?<\/h2>\n<p style=\"text-align: justify;\">Y Termix estuvo en este backstage, colaborando a destacar la mejor versi\u00f3n del cabello de Vesta, bajo supervisi\u00f3n de la gran experiencia del estilista Gonzalo Leonidas. Primero fue el turno de los cepillos <strong>Evolution Soft<\/strong>, elegidos espec\u00edficamente para la ocasi\u00f3n, puesto que son perfectos para moldear cabellos finos o quebradizos. Acto seguido, para potenciar el brillo del cabello de la cantante y sellar la cut\u00edcula, entr\u00f3 en acci\u00f3n la <strong>plancha de pelo 230\u00ba Black Edition<\/strong>. Finalmente,utilizando el cepillo especial recogidos y el peine de carbono que evita la electricidad est\u00e1tica, el estilista logr\u00f3 crear una<strong> perfecta ponytail<\/strong> para la alfombra roja.<\/p>\n<p><a href=\"https:\/\/termix.net\/producto-de-peluqueria\/cepillo-jabali\/\"> <img decoding=\"async\" class=\"alignnone size-full wp-image-24532\" src=\"https:\/\/termixuri2.pre-testing.com\/blog-int\/wp-content\/uploads\/2019\/02\/SOFT-37-150x150.jpg\" alt=\"\" width=\"150\" height=\"150\" srcset=\"https:\/\/termix.net\/blog-int\/wp-content\/uploads\/2019\/02\/SOFT-37-150x150-66x66.jpg 66w, https:\/\/termix.net\/blog-int\/wp-content\/uploads\/2019\/02\/SOFT-37-150x150.jpg 150w\" sizes=\"(max-width: 150px) 100vw, 150px\" \/> <\/a><a href=\"https:\/\/termix.net\/producto-de-peluqueria\/cepillo-jabali\/\"><img decoding=\"async\" class=\"alignnone wp-image-24536 size-thumbnail\" src=\"https:\/\/termixuri2.pre-testing.com\/blog-int\/wp-content\/uploads\/2019\/02\/cepillojabali-150x150.jpg\" alt=\"\" width=\"150\" height=\"150\" srcset=\"https:\/\/termix.net\/blog-int\/wp-content\/uploads\/2019\/02\/cepillojabali-66x66.jpg 66w, https:\/\/termix.net\/blog-int\/wp-content\/uploads\/2019\/02\/cepillojabali-150x150.jpg 150w, https:\/\/termix.net\/blog-int\/wp-content\/uploads\/2019\/02\/cepillojabali-200x200.jpg 200w, https:\/\/termix.net\/blog-int\/wp-content\/uploads\/2019\/02\/cepillojabali.jpg 300w\" sizes=\"(max-width: 150px) 100vw, 150px\" \/><\/a><a href=\"https:\/\/termix.net\/producto-de-peluqueria\/cepillo-jabali\/\"><img decoding=\"async\" class=\"alignnone wp-image-24538 size-thumbnail\" src=\"https:\/\/termixuri2.pre-testing.com\/blog-int\/wp-content\/uploads\/2019\/02\/Plancahas-de-pelo-Termix-1024x1024-150x150.jpg\" alt=\"\" width=\"150\" height=\"150\" srcset=\"https:\/\/termix.net\/blog-int\/wp-content\/uploads\/2019\/02\/Plancahas-de-pelo-Termix-1024x1024-66x66.jpg 66w, https:\/\/termix.net\/blog-int\/wp-content\/uploads\/2019\/02\/Plancahas-de-pelo-Termix-1024x1024-150x150.jpg 150w, https:\/\/termix.net\/blog-int\/wp-content\/uploads\/2019\/02\/Plancahas-de-pelo-Termix-1024x1024-200x200.jpg 200w, https:\/\/termix.net\/blog-int\/wp-content\/uploads\/2019\/02\/Plancahas-de-pelo-Termix-1024x1024-300x300.jpg 300w, https:\/\/termix.net\/blog-int\/wp-content\/uploads\/2019\/02\/Plancahas-de-pelo-Termix-1024x1024-400x400.jpg 400w, https:\/\/termix.net\/blog-int\/wp-content\/uploads\/2019\/02\/Plancahas-de-pelo-Termix-1024x1024-600x600.jpg 600w, https:\/\/termix.net\/blog-int\/wp-content\/uploads\/2019\/02\/Plancahas-de-pelo-Termix-1024x1024-768x768.jpg 768w, https:\/\/termix.net\/blog-int\/wp-content\/uploads\/2019\/02\/Plancahas-de-pelo-Termix-1024x1024-800x800.jpg 800w, https:\/\/termix.net\/blog-int\/wp-content\/uploads\/2019\/02\/Plancahas-de-pelo-Termix-1024x1024.jpg 1024w\" sizes=\"(max-width: 150px) 100vw, 150px\" \/><\/a><a href=\"https:\/\/termix.net\/producto-de-peluqueria\/cepillo-jabali\/\"><img decoding=\"async\" class=\"alignnone wp-image-24534 size-thumbnail\" src=\"https:\/\/termixuri2.pre-testing.com\/blog-int\/wp-content\/uploads\/2019\/02\/recogidos-especial-150x150.jpg\" alt=\"\" width=\"150\" height=\"150\" srcset=\"https:\/\/termix.net\/blog-int\/wp-content\/uploads\/2019\/02\/recogidos-especial-66x66.jpg 66w, https:\/\/termix.net\/blog-int\/wp-content\/uploads\/2019\/02\/recogidos-especial-150x150.jpg 150w, https:\/\/termix.net\/blog-int\/wp-content\/uploads\/2019\/02\/recogidos-especial-200x200.jpg 200w, https:\/\/termix.net\/blog-int\/wp-content\/uploads\/2019\/02\/recogidos-especial-300x300.jpg 300w, https:\/\/termix.net\/blog-int\/wp-content\/uploads\/2019\/02\/recogidos-especial-400x400.jpg 400w, https:\/\/termix.net\/blog-int\/wp-content\/uploads\/2019\/02\/recogidos-especial.jpg 600w\" sizes=\"(max-width: 150px) 100vw, 150px\" \/><\/a><a href=\"https:\/\/termix.net\/producto-de-peluqueria\/cepillo-profesional-especial-recogidos\/\"><img decoding=\"async\" class=\"alignnone wp-image-11010 size-thumbnail\" src=\"https:\/\/termixuri2.pre-testing.com\/blog-int\/wp-content\/uploads\/2017\/09\/recogidos-especial-150x150.jpg\" alt=\"\" width=\"150\" height=\"150\" \/><\/a><\/p>\n<h3 style=\"text-align: justify;\">Un estilismo repleto de color y nuevas tendencias que logr\u00f3 romper esquemas. \u00bfEres tan fan como nosotros de este look?<\/h3>\n<\/div><div class=\"fusion-clearfix\"><\/div><\/div><\/div><\/div><\/div><div class=\"fusion-fullwidth fullwidth-box fusion-builder-row-4 nonhundred-percent-fullwidth non-hundred-percent-height-scrolling\" style=\"background-color: rgba(255,255,255,0);background-position: center center;background-repeat: no-repeat;padding-top:0px;padding-right:0px;padding-bottom:0px;padding-left:0px;margin-bottom: 0px;margin-top: 0px;border-width: 0px 0px 0px 0px;border-color:#eae9e9;border-style:solid;\" ><\/div><\/p>\n","protected":false},"excerpt":{"rendered":"","protected":false},"author":2,"featured_media":21874,"comment_status":"open","ping_status":"open","sticky":false,"template":"","format":"standard","meta":[],"categories":[6],"tags":[46,40,48,36,37],"yoast_head":"<!-- This site is optimized with the Yoast SEO plugin v20.0 - https:\/\/yoast.com\/wordpress\/plugins\/seo\/ -->\n<title>Vesta Lugg presenta un estilo rompedor para Vi\u00f1a del Mar - Termix<\/title>\n<meta name=\"description\" content=\"La 60\u00aa edici\u00f3n del Festival Vi\u00f1a del Mar se presentaba con m\u00e1s fuerza que nunca, con los artistas mejor valorados del panorama musical. Y un a\u00f1o m\u00e1s, Termix ha tenido el placer de colaborar junto al embajador de la firma en Chile, el estilista Gonzalo Leonidas, realiz\u00e1ndole el estilismo a Vesta Lugg.\" \/>\n<meta name=\"robots\" content=\"index, follow, max-snippet:-1, max-image-preview:large, max-video-preview:-1\" \/>\n<link rel=\"canonical\" href=\"https:\/\/termix.net\/blog-int\/es\/vesta-lugg-estilo-peinado-vina-del-mar-festival-chile-termix\/\" \/>\n<meta property=\"og:locale\" content=\"es_ES\" \/>\n<meta property=\"og:type\" content=\"article\" \/>\n<meta property=\"og:title\" content=\"Vesta Lugg presenta un estilo rompedor para Vi\u00f1a del Mar - Termix\" \/>\n<meta property=\"og:description\" content=\"La 60\u00aa edici\u00f3n del Festival Vi\u00f1a del Mar se presentaba con m\u00e1s fuerza que nunca, con los artistas mejor valorados del panorama musical. Y un a\u00f1o m\u00e1s, Termix ha tenido el placer de colaborar junto al embajador de la firma en Chile, el estilista Gonzalo Leonidas, realiz\u00e1ndole el estilismo a Vesta Lugg.\" \/>\n<meta property=\"og:url\" content=\"https:\/\/termix.net\/blog-int\/es\/vesta-lugg-estilo-peinado-vina-del-mar-festival-chile-termix\/\" \/>\n<meta property=\"og:site_name\" content=\"Blog Termix Spain\" \/>\n<meta property=\"article:published_time\" content=\"2019-02-05T14:41:37+00:00\" \/>\n<meta property=\"article:modified_time\" content=\"2019-12-17T15:39:53+00:00\" \/>\n<meta property=\"og:image\" content=\"https:\/\/termix.net\/blog-int\/wp-content\/uploads\/2019\/02\/vesta-lugg_festival-vina-del-mar_termix2.jpg\" \/>\n\t<meta property=\"og:image:width\" content=\"1160\" \/>\n\t<meta property=\"og:image:height\" content=\"700\" \/>\n\t<meta property=\"og:image:type\" content=\"image\/jpeg\" \/>\n<meta name=\"author\" content=\"TermixTeam\" \/>\n<meta name=\"twitter:card\" content=\"summary_large_image\" \/>\n<meta name=\"twitter:label1\" content=\"Escrito por\" \/>\n\t<meta name=\"twitter:data1\" content=\"TermixTeam\" \/>\n\t<meta name=\"twitter:label2\" content=\"Tiempo de lectura\" \/>\n\t<meta name=\"twitter:data2\" content=\"8 minutos\" \/>\n<script type=\"application\/ld+json\" class=\"yoast-schema-graph\">{\"@context\":\"https:\/\/schema.org\",\"@graph\":[{\"@type\":\"Article\",\"@id\":\"https:\/\/termix.net\/blog-int\/es\/vesta-lugg-estilo-peinado-vina-del-mar-festival-chile-termix\/#article\",\"isPartOf\":{\"@id\":\"https:\/\/termix.net\/blog-int\/es\/vesta-lugg-estilo-peinado-vina-del-mar-festival-chile-termix\/\"},\"author\":{\"name\":\"TermixTeam\",\"@id\":\"https:\/\/termix.net\/blog-int\/es\/#\/schema\/person\/9096c98bdf03c8ddf91ad7172f254f40\"},\"headline\":\"Vesta Lugg se prepara para Vi\u00f1a del Mar con Termix\",\"datePublished\":\"2019-02-05T14:41:37+00:00\",\"dateModified\":\"2019-12-17T15:39:53+00:00\",\"mainEntityOfPage\":{\"@id\":\"https:\/\/termix.net\/blog-int\/es\/vesta-lugg-estilo-peinado-vina-del-mar-festival-chile-termix\/\"},\"wordCount\":1604,\"commentCount\":0,\"publisher\":{\"@id\":\"https:\/\/termix.net\/blog-int\/es\/#organization\"},\"keywords\":[\"brillo en el pelo\",\"cepillar el cabello\",\"salud del cabello\",\"tendencias\",\"tutorial peinados\"],\"articleSection\":[\"NOTICIAS\"],\"inLanguage\":\"es\",\"potentialAction\":[{\"@type\":\"CommentAction\",\"name\":\"Comment\",\"target\":[\"https:\/\/termix.net\/blog-int\/es\/vesta-lugg-estilo-peinado-vina-del-mar-festival-chile-termix\/#respond\"]}]},{\"@type\":\"WebPage\",\"@id\":\"https:\/\/termix.net\/blog-int\/es\/vesta-lugg-estilo-peinado-vina-del-mar-festival-chile-termix\/\",\"url\":\"https:\/\/termix.net\/blog-int\/es\/vesta-lugg-estilo-peinado-vina-del-mar-festival-chile-termix\/\",\"name\":\"Vesta Lugg presenta un estilo rompedor para Vi\u00f1a del Mar - Termix\",\"isPartOf\":{\"@id\":\"https:\/\/termix.net\/blog-int\/es\/#website\"},\"datePublished\":\"2019-02-05T14:41:37+00:00\",\"dateModified\":\"2019-12-17T15:39:53+00:00\",\"description\":\"La 60\u00aa edici\u00f3n del Festival Vi\u00f1a del Mar se presentaba con m\u00e1s fuerza que nunca, con los artistas mejor valorados del panorama musical. Y un a\u00f1o m\u00e1s, Termix ha tenido el placer de colaborar junto al embajador de la firma en Chile, el estilista Gonzalo Leonidas, realiz\u00e1ndole el estilismo a Vesta Lugg.\",\"breadcrumb\":{\"@id\":\"https:\/\/termix.net\/blog-int\/es\/vesta-lugg-estilo-peinado-vina-del-mar-festival-chile-termix\/#breadcrumb\"},\"inLanguage\":\"es\",\"potentialAction\":[{\"@type\":\"ReadAction\",\"target\":[\"https:\/\/termix.net\/blog-int\/es\/vesta-lugg-estilo-peinado-vina-del-mar-festival-chile-termix\/\"]}]},{\"@type\":\"BreadcrumbList\",\"@id\":\"https:\/\/termix.net\/blog-int\/es\/vesta-lugg-estilo-peinado-vina-del-mar-festival-chile-termix\/#breadcrumb\",\"itemListElement\":[{\"@type\":\"ListItem\",\"position\":1,\"name\":\"Home\",\"item\":\"https:\/\/termix.net\/blog-int\/es\/\"},{\"@type\":\"ListItem\",\"position\":2,\"name\":\"Vesta Lugg se prepara para Vi\u00f1a del Mar con Termix\"}]},{\"@type\":\"WebSite\",\"@id\":\"https:\/\/termix.net\/blog-int\/es\/#website\",\"url\":\"https:\/\/termix.net\/blog-int\/es\/\",\"name\":\"Blog Termix Spain\",\"description\":\"Blog de tendencias y productos de peluquer\u00eda profesional.\",\"publisher\":{\"@id\":\"https:\/\/termix.net\/blog-int\/es\/#organization\"},\"potentialAction\":[{\"@type\":\"SearchAction\",\"target\":{\"@type\":\"EntryPoint\",\"urlTemplate\":\"https:\/\/termix.net\/blog-int\/es\/?s={search_term_string}\"},\"query-input\":\"required name=search_term_string\"}],\"inLanguage\":\"es\"},{\"@type\":\"Organization\",\"@id\":\"https:\/\/termix.net\/blog-int\/es\/#organization\",\"name\":\"Dols Industrial de Peluquer\u00eda SA\",\"url\":\"https:\/\/termix.net\/blog-int\/es\/\",\"logo\":{\"@type\":\"ImageObject\",\"inLanguage\":\"es\",\"@id\":\"https:\/\/termix.net\/blog-int\/es\/#\/schema\/logo\/image\/\",\"url\":\"https:\/\/termix.net\/blog-int\/wp-content\/uploads\/2020\/10\/OGbDAeng.jpeg\",\"contentUrl\":\"https:\/\/termix.net\/blog-int\/wp-content\/uploads\/2020\/10\/OGbDAeng.jpeg\",\"width\":800,\"height\":800,\"caption\":\"Dols Industrial de Peluquer\u00eda SA\"},\"image\":{\"@id\":\"https:\/\/termix.net\/blog-int\/es\/#\/schema\/logo\/image\/\"}},{\"@type\":\"Person\",\"@id\":\"https:\/\/termix.net\/blog-int\/es\/#\/schema\/person\/9096c98bdf03c8ddf91ad7172f254f40\",\"name\":\"TermixTeam\",\"image\":{\"@type\":\"ImageObject\",\"inLanguage\":\"es\",\"@id\":\"https:\/\/termix.net\/blog-int\/es\/#\/schema\/person\/image\/\",\"url\":\"https:\/\/secure.gravatar.com\/avatar\/d89f61f6bd1c29a4acb231736d1c74b3?s=96&d=mm&r=g\",\"contentUrl\":\"https:\/\/secure.gravatar.com\/avatar\/d89f61f6bd1c29a4acb231736d1c74b3?s=96&d=mm&r=g\",\"caption\":\"TermixTeam\"},\"url\":\"https:\/\/termix.net\/blog-int\/es\/author\/termixteam\/\"}]}<\/script>\n<!-- \/ Yoast SEO plugin. -->","yoast_head_json":{"title":"Vesta Lugg presenta un estilo rompedor para Vi\u00f1a del Mar - Termix","description":"La 60\u00aa edici\u00f3n del Festival Vi\u00f1a del Mar se presentaba con m\u00e1s fuerza que nunca, con los artistas mejor valorados del panorama musical. Y un a\u00f1o m\u00e1s, Termix ha tenido el placer de colaborar junto al embajador de la firma en Chile, el estilista Gonzalo Leonidas, realiz\u00e1ndole el estilismo a Vesta Lugg.","robots":{"index":"index","follow":"follow","max-snippet":"max-snippet:-1","max-image-preview":"max-image-preview:large","max-video-preview":"max-video-preview:-1"},"canonical":"https:\/\/termix.net\/blog-int\/es\/vesta-lugg-estilo-peinado-vina-del-mar-festival-chile-termix\/","og_locale":"es_ES","og_type":"article","og_title":"Vesta Lugg presenta un estilo rompedor para Vi\u00f1a del Mar - Termix","og_description":"La 60\u00aa edici\u00f3n del Festival Vi\u00f1a del Mar se presentaba con m\u00e1s fuerza que nunca, con los artistas mejor valorados del panorama musical. Y un a\u00f1o m\u00e1s, Termix ha tenido el placer de colaborar junto al embajador de la firma en Chile, el estilista Gonzalo Leonidas, realiz\u00e1ndole el estilismo a Vesta Lugg.","og_url":"https:\/\/termix.net\/blog-int\/es\/vesta-lugg-estilo-peinado-vina-del-mar-festival-chile-termix\/","og_site_name":"Blog Termix Spain","article_published_time":"2019-02-05T14:41:37+00:00","article_modified_time":"2019-12-17T15:39:53+00:00","og_image":[{"width":1160,"height":700,"url":"https:\/\/termix.net\/blog-int\/wp-content\/uploads\/2019\/02\/vesta-lugg_festival-vina-del-mar_termix2.jpg","type":"image\/jpeg"}],"author":"TermixTeam","twitter_card":"summary_large_image","twitter_misc":{"Escrito por":"TermixTeam","Tiempo de lectura":"8 minutos"},"schema":{"@context":"https:\/\/schema.org","@graph":[{"@type":"Article","@id":"https:\/\/termix.net\/blog-int\/es\/vesta-lugg-estilo-peinado-vina-del-mar-festival-chile-termix\/#article","isPartOf":{"@id":"https:\/\/termix.net\/blog-int\/es\/vesta-lugg-estilo-peinado-vina-del-mar-festival-chile-termix\/"},"author":{"name":"TermixTeam","@id":"https:\/\/termix.net\/blog-int\/es\/#\/schema\/person\/9096c98bdf03c8ddf91ad7172f254f40"},"headline":"Vesta Lugg se prepara para Vi\u00f1a del Mar con Termix","datePublished":"2019-02-05T14:41:37+00:00","dateModified":"2019-12-17T15:39:53+00:00","mainEntityOfPage":{"@id":"https:\/\/termix.net\/blog-int\/es\/vesta-lugg-estilo-peinado-vina-del-mar-festival-chile-termix\/"},"wordCount":1604,"commentCount":0,"publisher":{"@id":"https:\/\/termix.net\/blog-int\/es\/#organization"},"keywords":["brillo en el pelo","cepillar el cabello","salud del cabello","tendencias","tutorial peinados"],"articleSection":["NOTICIAS"],"inLanguage":"es","potentialAction":[{"@type":"CommentAction","name":"Comment","target":["https:\/\/termix.net\/blog-int\/es\/vesta-lugg-estilo-peinado-vina-del-mar-festival-chile-termix\/#respond"]}]},{"@type":"WebPage","@id":"https:\/\/termix.net\/blog-int\/es\/vesta-lugg-estilo-peinado-vina-del-mar-festival-chile-termix\/","url":"https:\/\/termix.net\/blog-int\/es\/vesta-lugg-estilo-peinado-vina-del-mar-festival-chile-termix\/","name":"Vesta Lugg presenta un estilo rompedor para Vi\u00f1a del Mar - Termix","isPartOf":{"@id":"https:\/\/termix.net\/blog-int\/es\/#website"},"datePublished":"2019-02-05T14:41:37+00:00","dateModified":"2019-12-17T15:39:53+00:00","description":"La 60\u00aa edici\u00f3n del Festival Vi\u00f1a del Mar se presentaba con m\u00e1s fuerza que nunca, con los artistas mejor valorados del panorama musical. Y un a\u00f1o m\u00e1s, Termix ha tenido el placer de colaborar junto al embajador de la firma en Chile, el estilista Gonzalo Leonidas, realiz\u00e1ndole el estilismo a Vesta Lugg.","breadcrumb":{"@id":"https:\/\/termix.net\/blog-int\/es\/vesta-lugg-estilo-peinado-vina-del-mar-festival-chile-termix\/#breadcrumb"},"inLanguage":"es","potentialAction":[{"@type":"ReadAction","target":["https:\/\/termix.net\/blog-int\/es\/vesta-lugg-estilo-peinado-vina-del-mar-festival-chile-termix\/"]}]},{"@type":"BreadcrumbList","@id":"https:\/\/termix.net\/blog-int\/es\/vesta-lugg-estilo-peinado-vina-del-mar-festival-chile-termix\/#breadcrumb","itemListElement":[{"@type":"ListItem","position":1,"name":"Home","item":"https:\/\/termix.net\/blog-int\/es\/"},{"@type":"ListItem","position":2,"name":"Vesta Lugg se prepara para Vi\u00f1a del Mar con Termix"}]},{"@type":"WebSite","@id":"https:\/\/termix.net\/blog-int\/es\/#website","url":"https:\/\/termix.net\/blog-int\/es\/","name":"Blog Termix Spain","description":"Blog de tendencias y productos de peluquer\u00eda profesional.","publisher":{"@id":"https:\/\/termix.net\/blog-int\/es\/#organization"},"potentialAction":[{"@type":"SearchAction","target":{"@type":"EntryPoint","urlTemplate":"https:\/\/termix.net\/blog-int\/es\/?s={search_term_string}"},"query-input":"required name=search_term_string"}],"inLanguage":"es"},{"@type":"Organization","@id":"https:\/\/termix.net\/blog-int\/es\/#organization","name":"Dols Industrial de Peluquer\u00eda SA","url":"https:\/\/termix.net\/blog-int\/es\/","logo":{"@type":"ImageObject","inLanguage":"es","@id":"https:\/\/termix.net\/blog-int\/es\/#\/schema\/logo\/image\/","url":"https:\/\/termix.net\/blog-int\/wp-content\/uploads\/2020\/10\/OGbDAeng.jpeg","contentUrl":"https:\/\/termix.net\/blog-int\/wp-content\/uploads\/2020\/10\/OGbDAeng.jpeg","width":800,"height":800,"caption":"Dols Industrial de Peluquer\u00eda SA"},"image":{"@id":"https:\/\/termix.net\/blog-int\/es\/#\/schema\/logo\/image\/"}},{"@type":"Person","@id":"https:\/\/termix.net\/blog-int\/es\/#\/schema\/person\/9096c98bdf03c8ddf91ad7172f254f40","name":"TermixTeam","image":{"@type":"ImageObject","inLanguage":"es","@id":"https:\/\/termix.net\/blog-int\/es\/#\/schema\/person\/image\/","url":"https:\/\/secure.gravatar.com\/avatar\/d89f61f6bd1c29a4acb231736d1c74b3?s=96&d=mm&r=g","contentUrl":"https:\/\/secure.gravatar.com\/avatar\/d89f61f6bd1c29a4acb231736d1c74b3?s=96&d=mm&r=g","caption":"TermixTeam"},"url":"https:\/\/termix.net\/blog-int\/es\/author\/termixteam\/"}]}},"_links":{"self":[{"href":"https:\/\/termix.net\/blog-int\/es\/wp-json\/wp\/v2\/posts\/16364"}],"collection":[{"href":"https:\/\/termix.net\/blog-int\/es\/wp-json\/wp\/v2\/posts"}],"about":[{"href":"https:\/\/termix.net\/blog-int\/es\/wp-json\/wp\/v2\/types\/post"}],"author":[{"embeddable":true,"href":"https:\/\/termix.net\/blog-int\/es\/wp-json\/wp\/v2\/users\/2"}],"replies":[{"embeddable":true,"href":"https:\/\/termix.net\/blog-int\/es\/wp-json\/wp\/v2\/comments?post=16364"}],"version-history":[{"count":4,"href":"https:\/\/termix.net\/blog-int\/es\/wp-json\/wp\/v2\/posts\/16364\/revisions"}],"predecessor-version":[{"id":24553,"href":"https:\/\/termix.net\/blog-int\/es\/wp-json\/wp\/v2\/posts\/16364\/revisions\/24553"}],"wp:featuredmedia":[{"embeddable":true,"href":"https:\/\/termix.net\/blog-int\/es\/wp-json\/wp\/v2\/media\/21874"}],"wp:attachment":[{"href":"https:\/\/termix.net\/blog-int\/es\/wp-json\/wp\/v2\/media?parent=16364"}],"wp:term":[{"taxonomy":"category","embeddable":true,"href":"https:\/\/termix.net\/blog-int\/es\/wp-json\/wp\/v2\/categories?post=16364"},{"taxonomy":"post_tag","embeddable":true,"href":"https:\/\/termix.net\/blog-int\/es\/wp-json\/wp\/v2\/tags?post=16364"}],"curies":[{"name":"wp","href":"https:\/\/api.w.org\/{rel}","templated":true}]}}