{"id":13792,"date":"2018-03-22T14:03:59","date_gmt":"2018-03-22T14:03:59","guid":{"rendered":"https:\/\/termix.net\/?p=13792"},"modified":"2019-12-17T13:50:47","modified_gmt":"2019-12-17T12:50:47","slug":"consejos-dia-de-la-madre-especial-regalo-ideal","status":"publish","type":"post","link":"https:\/\/termix.net\/blog-int\/es\/consejos-dia-de-la-madre-especial-regalo-ideal\/","title":{"rendered":"Consejos de madre. Felic\u00edtala de una manera muy especial"},"content":{"rendered":"<p><div class=\"fusion-fullwidth fullwidth-box fusion-builder-row-1 faded-background fusion-parallax-none nonhundred-percent-fullwidth non-hundred-percent-height-scrolling fusion-no-small-visibility fusion-no-medium-visibility\" style=\"background-position: center center;background-repeat: no-repeat;padding-top:24%;padding-right:3%;padding-bottom:0px;padding-left:3%;margin-bottom: 0px;margin-top: 0px;border-width: 0px 0px 0px 0px;border-color:#eae9e9;border-style:solid;-webkit-background-size:cover;-moz-background-size:cover;-o-background-size:cover;background-size:cover;\" ><div class=\"fullwidth-faded\" style=\"background-color:#181818;background-image: url(https:\/\/termixuri2.pre-testing.com\/blog-int\/wp-content\/uploads\/2018\/03\/Felicita-a-tu-madre-como-se-merece-en-el-dia-de-la-madre.jpg);background-position:center center;background-repeat:no-repeat;-webkit-background-size:cover;-moz-background-size:cover;-o-background-size:cover;background-size:cover;\" ><\/div><div class=\"fusion-builder-row fusion-row\"><div class=\"fusion-layout-column fusion_builder_column fusion-builder-column-0 fusion_builder_column_1_1 1_1 fusion-one-full fusion-column-first fusion-column-last\" style=\"margin-top:0px;margin-bottom:0px;\"><div class=\"fusion-column-wrapper fusion-flex-column-wrapper-legacy\" style=\"background-position:left top;background-repeat:no-repeat;-webkit-background-size:cover;-moz-background-size:cover;-o-background-size:cover;background-size:cover;background-color:rgba(255,255,255,0.7);padding: 6% 8% 6% 8%;\"><div class=\"fusion-text fusion-text-1 caption\"><p style=\"text-align: center;\">Novedades \u2014 3 min de lectura<\/p>\n<\/div><style type=\"text\/css\"><\/style><div class=\"fusion-title title fusion-title-1 fusion-sep-none fusion-title-center fusion-title-text fusion-title-size-two\" style=\"margin-top:30px;margin-right:0px;margin-bottom:20px;margin-left:0px;\"><h2 class=\"title-heading-center fusion-responsive-typography-calculated\" style=\"margin:0;--fontSize:50;line-height:1.28;\">Consejos de madre. Felic\u00edtala de una manera muy especial<\/h2><\/div><div class=\"fusion-clearfix\"><\/div><\/div><\/div><\/div><\/div><div class=\"fusion-fullwidth fullwidth-box fusion-builder-row-2 fusion-parallax-none nonhundred-percent-fullwidth non-hundred-percent-height-scrolling fusion-no-large-visibility\" style=\"background-color: rgba(255,255,255,0);background-image: url(&quot;https:\/\/termixuri2.pre-testing.com\/blog-int\/wp-content\/uploads\/2019\/11\/con-el-secador-compacto-profesioanl-4300-de-termix-damos-volumen-al-cabello-1.jpg&quot;);background-position: center center;background-repeat: no-repeat;padding-top:0px;padding-right:0px;padding-bottom:0px;padding-left:0px;margin-bottom: 0px;margin-top: 0px;border-width: 0px 0px 0px 0px;border-color:#eae9e9;border-style:solid;-webkit-background-size:cover;-moz-background-size:cover;-o-background-size:cover;background-size:cover;\" ><div class=\"fusion-builder-row fusion-row\"><div class=\"fusion-layout-column fusion_builder_column fusion-builder-column-1 fusion_builder_column_1_1 1_1 fusion-one-full fusion-column-first fusion-column-last fusion-column-inner-bg-wrapper\" style=\"margin-top:20px;margin-bottom:20px;\"><div class=\"fusion-column-wrapper fusion-flex-column-wrapper-legacy\" style=\"padding: 10% 0px 10% 0px;\" data-bg-url=\"http:\/\/termixnew.pre-testing.com\/blog\/wp-content\/uploads\/2019\/03\/single-blog-post-feat.jpg\"><div class=\"fusion-sep-clear\"><\/div><div class=\"fusion-separator fusion-no-large-visibility fusion-full-width-sep\" style=\"margin-left: auto;margin-right: auto;margin-top:200px;width:100%;\"><\/div><div class=\"fusion-sep-clear\"><\/div><div class=\"fusion-clearfix\"><\/div><\/div><span class=\"fusion-column-inner-bg hover-type-zoomout\"><a class=\"fusion-column-anchor\"><span class=\"fusion-column-inner-bg-image\" style=\"background-image: url(&#039;http:\/\/termixnew.pre-testing.com\/blog\/wp-content\/uploads\/2019\/03\/single-blog-post-feat.jpg&#039;);background-position:center center;background-repeat:no-repeat;-webkit-background-size:cover;-moz-background-size:cover;-o-background-size:cover;background-size:cover;\"><\/span><\/a><\/span><\/div><div class=\"fusion-layout-column fusion_builder_column fusion-builder-column-2 fusion_builder_column_1_1 1_1 fusion-one-full fusion-column-first fusion-column-last\" style=\"margin-top:0px;margin-bottom:0px;\"><div class=\"fusion-column-wrapper fusion-flex-column-wrapper-legacy\" style=\"background-position:left top;background-repeat:no-repeat;-webkit-background-size:cover;-moz-background-size:cover;-o-background-size:cover;background-size:cover;background-color:#ffffff;padding: 6% 0px 0px 0px;\"><div class=\"fusion-text fusion-text-2 caption\"><p style=\"text-align: center;\">Novedades \u2014 3 min de lectura<\/p>\n<\/div><style type=\"text\/css\"><\/style><div class=\"fusion-title title fusion-title-2 fusion-sep-none fusion-title-center fusion-title-text fusion-title-size-two\" style=\"margin-top:30px;margin-right:0px;margin-bottom:20px;margin-left:0px;\"><h2 class=\"title-heading-center fusion-responsive-typography-calculated\" style=\"margin:0;--fontSize:50;line-height:1.28;\">Consejos de madre. Felic\u00edtala de una manera muy especial<\/h2><\/div><div class=\"fusion-clearfix\"><\/div><\/div><\/div><\/div><\/div><div class=\"fusion-fullwidth fullwidth-box fusion-builder-row-3 nonhundred-percent-fullwidth non-hundred-percent-height-scrolling\" style=\"background-color: rgba(255,255,255,0);background-position: center center;background-repeat: no-repeat;padding-top:10px;padding-right:0px;padding-bottom:4%;padding-left:0px;margin-bottom: 0px;margin-top: 0px;border-width: 0px 0px 0px 0px;border-color:#eae9e9;border-style:solid;\" ><div class=\"fusion-builder-row fusion-row\"><div class=\"fusion-layout-column fusion_builder_column fusion-builder-column-3 fusion_builder_column_1_6 1_6 fusion-one-sixth fusion-column-first fusion-no-small-visibility fusion-no-medium-visibility\" style=\"width:16.666666666667%;width:calc(16.666666666667% - ( ( 0 ) * 0.16666666666667 ) );margin-right: 0px;margin-top:20px;margin-bottom:20px;\"><div class=\"fusion-column-wrapper fusion-flex-column-wrapper-legacy\" style=\"background-position:left top;background-repeat:no-repeat;-webkit-background-size:cover;-moz-background-size:cover;-o-background-size:cover;background-size:cover;padding: 0px 0px 0px 0px;\"><div class=\"fusion-clearfix\"><\/div><\/div><\/div><div class=\"fusion-layout-column fusion_builder_column fusion-builder-column-4 fusion_builder_column_2_3 2_3 fusion-two-third fusion-column-last\" style=\"width:66.666666666667%;width:calc(66.666666666667% - ( ( 0 ) * 0.66666666666667 ) );margin-top:20px;margin-bottom:20px;\"><div class=\"fusion-column-wrapper fusion-flex-column-wrapper-legacy\" style=\"background-position:left top;background-repeat:no-repeat;-webkit-background-size:cover;-moz-background-size:cover;-o-background-size:cover;background-size:cover;padding: 0px 0px 0px 0px;\"><div class=\"fusion-sep-clear\"><\/div><div class=\"fusion-separator fusion-full-width-sep\" style=\"margin-left: auto;margin-right: auto;margin-top:30px;width:100%;\"><\/div><div class=\"fusion-sep-clear\"><\/div><div class=\"fusion-text fusion-text-3\"><p style=\"text-align: center;\"><strong><span style=\"font-size: 22px; line-height: 1.5em;\"> El D\u00eda de la Madre se acerca imparable\u2026 \u00bfya tienes su regalo? <\/span><\/strong><\/p>\n<p style=\"text-align: center;\"><span style=\"font-size: 22px; line-height: 1.5em;\">\u00a1Qu\u00e9 no cunda el p\u00e1nico! Porque te traemos una posible soluci\u00f3n que seguro que va a levantarle una sonrisa: ha llegado la<strong> edici\u00f3n limitada<\/strong> del cepillo C\u00b7Ramic Rose. Un cepillo con el que podr\u00e1s agradecerle todo lo que hace diariamente por su hjio\/a favorito\/a y recordarle que gracias a todos los consejos de madre que te dio, hoy eres qui\u00e9n eres. Por todas las madres \u00fanicas del mundo:<\/span><\/p>\n<p style=\"text-align: center;\"><strong><span style=\"font-size: 22px; line-height: 1.5em;\"> I love mam\u00e1.<\/span><\/strong><\/p>\n<\/div><div class=\"fusion-sep-clear\"><\/div><div class=\"fusion-separator fusion-full-width-sep\" style=\"margin-left: auto;margin-right: auto;margin-top:30px;width:100%;\"><\/div><div class=\"fusion-sep-clear\"><\/div><div class=\"fusion-text fusion-text-4\"><p align=\"justify\">Desde el angustioso <em>\u201crecoge tu cuarto\u201d<\/em> hasta el cari\u00f1oso <em>\u201ct\u00e1pate no pases fr\u00edo\u201d<\/em> en una calurosa tarde de agosto, lo cierto es que como una madre no nos va a querer nadie. Es por ello que nos hemos propuesto celebrar ese amor incondicional recopilando los <strong>consejos de madre<\/strong> m\u00e1s significativos y que seguro que reconocer\u00e1s en cuanto te los presentemos. Y como no pod\u00eda ser de otra manera, aplicamos toda esa sabidur\u00eda maternal al cabello para que consigas sacar a la luz todo el potencial que lleva dentro.<\/p>\n<p align=\"justify\"><img decoding=\"async\" class=\"alignnone size-full wp-image-23966\" src=\"https:\/\/termixuri2.pre-testing.com\/blog-int\/wp-content\/uploads\/2018\/03\/nitablacksmith.jpg\" alt=\"dia de la madre cepillo rose termix\" width=\"600\" height=\"600\" srcset=\"https:\/\/termix.net\/blog-int\/wp-content\/uploads\/2018\/03\/nitablacksmith-66x66.jpg 66w, https:\/\/termix.net\/blog-int\/wp-content\/uploads\/2018\/03\/nitablacksmith-150x150.jpg 150w, https:\/\/termix.net\/blog-int\/wp-content\/uploads\/2018\/03\/nitablacksmith-200x200.jpg 200w, https:\/\/termix.net\/blog-int\/wp-content\/uploads\/2018\/03\/nitablacksmith-300x300.jpg 300w, https:\/\/termix.net\/blog-int\/wp-content\/uploads\/2018\/03\/nitablacksmith-400x400.jpg 400w, https:\/\/termix.net\/blog-int\/wp-content\/uploads\/2018\/03\/nitablacksmith.jpg 600w\" sizes=\"(max-width: 600px) 100vw, 600px\" \/> .\u00a0 <img decoding=\"async\" class=\"alignnone size-full wp-image-23964\" src=\"https:\/\/termixuri2.pre-testing.com\/blog-int\/wp-content\/uploads\/2018\/03\/beatrizespejel.jpg\" alt=\"dia de la madre cepillo rose termix\" width=\"600\" height=\"600\" srcset=\"https:\/\/termix.net\/blog-int\/wp-content\/uploads\/2018\/03\/beatrizespejel-66x66.jpg 66w, https:\/\/termix.net\/blog-int\/wp-content\/uploads\/2018\/03\/beatrizespejel-150x150.jpg 150w, https:\/\/termix.net\/blog-int\/wp-content\/uploads\/2018\/03\/beatrizespejel-200x200.jpg 200w, https:\/\/termix.net\/blog-int\/wp-content\/uploads\/2018\/03\/beatrizespejel-300x300.jpg 300w, https:\/\/termix.net\/blog-int\/wp-content\/uploads\/2018\/03\/beatrizespejel-400x400.jpg 400w, https:\/\/termix.net\/blog-int\/wp-content\/uploads\/2018\/03\/beatrizespejel.jpg 600w\" sizes=\"(max-width: 600px) 100vw, 600px\" \/><\/p>\n<p align=\"justify\"><img decoding=\"async\" class=\"alignnone wp-image-13794 size-medium\" src=\"https:\/\/termixuri2.pre-testing.com\/blog-int\/wp-content\/uploads\/2018\/04\/blogmodabebe-300x300.jpg\" alt=\"\" width=\"300\" height=\"300\" \/><\/p>\n<p align=\"justify\">Y como \u201ccontra pereza diligencia\u201d, \u00a0ya han sido unos cuantos los que se han sumado a esta acci\u00f3n participando en una sorpresa del todo milennial. A trav\u00e9s de Instagram, <strong>@<span style=\"text-decoration: underline;\">nitablacksmith<\/span><\/strong>, <strong>@<span style=\"text-decoration: underline;\">xmartinezr<\/span><\/strong>, <span style=\"text-decoration: underline;\"><strong>@blogmodabebe<\/strong><\/span> y <span style=\"text-decoration: underline;\"><strong>@beatrizespejel<\/strong><\/span> nos han dedicado unos minutos a hablarnos de su infancia con un cierto punto nost\u00e1lgico. \u00bfQu\u00e9 consejos de madre habr\u00e1n destacado?\u00a0 Para que no te digan aquello de \u201c<em>deja el m\u00f3vil ya<\/em>\u201d te traemos el resultado. <strong>\u00a1Disfr\u00fatalo!<\/strong><\/p>\n<p align=\"justify\"><strong>Y t\u00fa, \u00bfCon qu\u00e9 consejo de madre te quedas? <\/strong><\/p>\n<p align=\"justify\">Para que salgas de dudas (porque sabemos que entre tantos, es dif\u00edcil decidirse por uno solo) te traemos algunos de regalo:<\/p>\n<p><iframe src=\"https:\/\/www.youtube.com\/embed\/HOlXiAQC95M\" width=\"100%\" height=\"480\" frameborder=\"0\" allowfullscreen=\"allowfullscreen\"><span data-mce-type=\"bookmark\" style=\"display: inline-block; width: 0px; overflow: hidden; line-height: 0;\" class=\"mce_SELRES_start\">\ufeff<\/span><\/iframe><\/p>\n<h2>\u00a0<\/h2>\n<h2>CONSEJO DE MADRE N\u00ba1<\/h2>\n<p><strong>\u201cB\u00e9bete el zumo antes de que se le vayan las vitaminas\u201d<\/strong><\/p>\n<p align=\"justify\">Cientos\u2026\u00a0 \u00bfun mill\u00f3n de veces, quiz\u00e1? Puede que esto lo escucharas cada ma\u00f1ana cuando te preparabas para ir al colegio, mientras te vest\u00edas en tu cuarto con la rapidez de un perezoso. Y pese a que te hayan contado en numerosas ocasiones que las vitaminas del zumo s\u00f3lo disminuyen si este se calienta a 120\u00baC, lo cierto es que continuas bebi\u00e9ndotelo a la velocidad del rayo. Pues bien, en lo que al cabello se refiere, haz caso a tu madre y come m\u00e1s fruta. Este es uno de los remedios naturales que m\u00e1s te van a ayudar a conseguir un cabello saludable y brillante, ya que, la <strong>Vitamina C<\/strong> tiene propiedades muy beneficiosas para solventar problemas como la ca\u00edda excesiva del pelo, su deshidrataci\u00f3n o su escaso crecimiento.<\/p>\n<p><img decoding=\"async\" class=\"aligncenter size-full wp-image-13801\" src=\"https:\/\/termixuri2.pre-testing.com\/blog-int\/wp-content\/uploads\/2018\/04\/las-planchas-de-pelo-siempre-hay-que-utlilizarlas-a-una-temperatura-adecuada.jpg\" alt=\"\" width=\"1160\" height=\"660\" \/><\/p>\n<h2><img decoding=\"async\" class=\"alignnone size-full wp-image-23962\" src=\"https:\/\/termixuri2.pre-testing.com\/blog-int\/wp-content\/uploads\/2018\/03\/las-planchas-de-pelo-siempre-hay-que-utlilizarlas-a-una-temperatura-adecuada.jpg\" alt=\"dia de la madre cepillo rose termix\" width=\"1160\" height=\"660\" srcset=\"https:\/\/termix.net\/blog-int\/wp-content\/uploads\/2018\/03\/las-planchas-de-pelo-siempre-hay-que-utlilizarlas-a-una-temperatura-adecuada-200x114.jpg 200w, https:\/\/termix.net\/blog-int\/wp-content\/uploads\/2018\/03\/las-planchas-de-pelo-siempre-hay-que-utlilizarlas-a-una-temperatura-adecuada-300x171.jpg 300w, https:\/\/termix.net\/blog-int\/wp-content\/uploads\/2018\/03\/las-planchas-de-pelo-siempre-hay-que-utlilizarlas-a-una-temperatura-adecuada-400x228.jpg 400w, https:\/\/termix.net\/blog-int\/wp-content\/uploads\/2018\/03\/las-planchas-de-pelo-siempre-hay-que-utlilizarlas-a-una-temperatura-adecuada-600x341.jpg 600w, https:\/\/termix.net\/blog-int\/wp-content\/uploads\/2018\/03\/las-planchas-de-pelo-siempre-hay-que-utlilizarlas-a-una-temperatura-adecuada-768x437.jpg 768w, https:\/\/termix.net\/blog-int\/wp-content\/uploads\/2018\/03\/las-planchas-de-pelo-siempre-hay-que-utlilizarlas-a-una-temperatura-adecuada-800x455.jpg 800w, https:\/\/termix.net\/blog-int\/wp-content\/uploads\/2018\/03\/las-planchas-de-pelo-siempre-hay-que-utlilizarlas-a-una-temperatura-adecuada-1024x583.jpg 1024w, https:\/\/termix.net\/blog-int\/wp-content\/uploads\/2018\/03\/las-planchas-de-pelo-siempre-hay-que-utlilizarlas-a-una-temperatura-adecuada.jpg 1160w\" sizes=\"(max-width: 1160px) 100vw, 1160px\" \/><\/h2>\n<h2>CONSEJO DE MADRE N\u00ba2<\/h2>\n<p><strong>\u201cEs de bien nacidos, ser agradecidos\u201d<\/strong><\/p>\n<p align=\"justify\">Porque un por favor y un gracias pueden solucionarte muchas cosas en la vida. As\u00ed que, trata con mimo y delicadeza a tu cabello y agrad\u00e9cele el buen aspecto que tiene hoy (a tu madre tambi\u00e9n, pero eso no hace falta que te lo contemos). Y el principal secreto para este buen aspecto es utilizar las herramientas de peluquer\u00eda profesional indicadas y de forma correcta. Por ejemplo, si tienes un cabello fino, te recomendamos que utilices la plancha de pelo a una temperatura de entre 150 y 180\u00baC, nunca mayor, puesto que podr\u00eda da\u00f1arlo. As\u00ed que\u2026 \u00a1a ser meticuloso toca!<\/p>\n<p>\u00a0<\/p>\n<p><img decoding=\"async\" class=\"alignnone size-full wp-image-23960\" src=\"https:\/\/termixuri2.pre-testing.com\/blog-int\/wp-content\/uploads\/2018\/03\/Es-importante-utilizar-la-plancha-de-pelo-siempre-a-una-temperatura-media-nunca-a-los-230-excepto-para-tratamientos.jpg\" alt=\"dia de la madre cepillo rose termix\" width=\"1160\" height=\"660\" srcset=\"https:\/\/termix.net\/blog-int\/wp-content\/uploads\/2018\/03\/Es-importante-utilizar-la-plancha-de-pelo-siempre-a-una-temperatura-media-nunca-a-los-230-excepto-para-tratamientos-200x114.jpg 200w, https:\/\/termix.net\/blog-int\/wp-content\/uploads\/2018\/03\/Es-importante-utilizar-la-plancha-de-pelo-siempre-a-una-temperatura-media-nunca-a-los-230-excepto-para-tratamientos-300x171.jpg 300w, https:\/\/termix.net\/blog-int\/wp-content\/uploads\/2018\/03\/Es-importante-utilizar-la-plancha-de-pelo-siempre-a-una-temperatura-media-nunca-a-los-230-excepto-para-tratamientos-400x228.jpg 400w, https:\/\/termix.net\/blog-int\/wp-content\/uploads\/2018\/03\/Es-importante-utilizar-la-plancha-de-pelo-siempre-a-una-temperatura-media-nunca-a-los-230-excepto-para-tratamientos-600x341.jpg 600w, https:\/\/termix.net\/blog-int\/wp-content\/uploads\/2018\/03\/Es-importante-utilizar-la-plancha-de-pelo-siempre-a-una-temperatura-media-nunca-a-los-230-excepto-para-tratamientos-768x437.jpg 768w, https:\/\/termix.net\/blog-int\/wp-content\/uploads\/2018\/03\/Es-importante-utilizar-la-plancha-de-pelo-siempre-a-una-temperatura-media-nunca-a-los-230-excepto-para-tratamientos-800x455.jpg 800w, https:\/\/termix.net\/blog-int\/wp-content\/uploads\/2018\/03\/Es-importante-utilizar-la-plancha-de-pelo-siempre-a-una-temperatura-media-nunca-a-los-230-excepto-para-tratamientos-1024x583.jpg 1024w, https:\/\/termix.net\/blog-int\/wp-content\/uploads\/2018\/03\/Es-importante-utilizar-la-plancha-de-pelo-siempre-a-una-temperatura-media-nunca-a-los-230-excepto-para-tratamientos.jpg 1160w\" sizes=\"(max-width: 1160px) 100vw, 1160px\" \/><\/p>\n<h2>CONSEJO DE MADRE N\u00ba3<\/h2>\n<p><strong>\u201cEl que algo quiere, algo le cuesta\u201d<\/strong><\/p>\n<p align=\"justify\">Acompa\u00f1ado de un \u201cestudia\u201d bien contundente. Esta oraci\u00f3n, que parec\u00eda que iba a abandonarte en cuanto acabaras la primaria, te acompa\u00f1\u00f3 en el instituto y te persigui\u00f3 en la universidad. Incluso ahora en el trabajo te saluda. Y es que, ya lo dec\u00edan las personas m\u00e1s sabias del planeta, el esfuerzo es la mejor v\u00eda para conseguir el \u00e9xito (aunque la que m\u00e1s se abandona). Nosotros te animamos a que prevalezcas y seas persistente, sobretodo en el cepillado del cabello. No hay nada mejor que un buen cepillo de cerdas de <strong>jabal\u00ed naturales<\/strong> para que tu cabello brille como el que m\u00e1s. Y para conseguir ese cabello digno de princesa de cuento, solo debes persistir. Lo recomendable es que realices entre 10 y 20 pasadas al cabello, dependiendo del grosor de tu cabello, antes de ir a dormir. Este cepillado consigue eliminar los restos de producto y activar el riego sangu\u00edneo del cuero cabelludo. Muchas ventajas para tan poco esfuerzo, \u00bfno?<\/p>\n<p align=\"justify\"><img decoding=\"async\" class=\"alignnone size-full wp-image-23958\" src=\"https:\/\/termixuri2.pre-testing.com\/blog-int\/wp-content\/uploads\/2018\/03\/cepillo-de-jabali-para-tener-un-cabello-muy-brillante-otro-de-los-consejos-de-madre-que-te-ofrecemos.jpg\" alt=\"dia de la madre cepillo rose termix\" width=\"1160\" height=\"462\" srcset=\"https:\/\/termix.net\/blog-int\/wp-content\/uploads\/2018\/03\/cepillo-de-jabali-para-tener-un-cabello-muy-brillante-otro-de-los-consejos-de-madre-que-te-ofrecemos-200x80.jpg 200w, https:\/\/termix.net\/blog-int\/wp-content\/uploads\/2018\/03\/cepillo-de-jabali-para-tener-un-cabello-muy-brillante-otro-de-los-consejos-de-madre-que-te-ofrecemos-300x119.jpg 300w, https:\/\/termix.net\/blog-int\/wp-content\/uploads\/2018\/03\/cepillo-de-jabali-para-tener-un-cabello-muy-brillante-otro-de-los-consejos-de-madre-que-te-ofrecemos-400x159.jpg 400w, https:\/\/termix.net\/blog-int\/wp-content\/uploads\/2018\/03\/cepillo-de-jabali-para-tener-un-cabello-muy-brillante-otro-de-los-consejos-de-madre-que-te-ofrecemos-600x239.jpg 600w, https:\/\/termix.net\/blog-int\/wp-content\/uploads\/2018\/03\/cepillo-de-jabali-para-tener-un-cabello-muy-brillante-otro-de-los-consejos-de-madre-que-te-ofrecemos-768x306.jpg 768w, https:\/\/termix.net\/blog-int\/wp-content\/uploads\/2018\/03\/cepillo-de-jabali-para-tener-un-cabello-muy-brillante-otro-de-los-consejos-de-madre-que-te-ofrecemos-800x319.jpg 800w, https:\/\/termix.net\/blog-int\/wp-content\/uploads\/2018\/03\/cepillo-de-jabali-para-tener-un-cabello-muy-brillante-otro-de-los-consejos-de-madre-que-te-ofrecemos-1024x408.jpg 1024w, https:\/\/termix.net\/blog-int\/wp-content\/uploads\/2018\/03\/cepillo-de-jabali-para-tener-un-cabello-muy-brillante-otro-de-los-consejos-de-madre-que-te-ofrecemos.jpg 1160w\" sizes=\"(max-width: 1160px) 100vw, 1160px\" \/><\/p>\n<p><img decoding=\"async\" class=\"aligncenter size-full wp-image-13802\" src=\"https:\/\/termixuri2.pre-testing.com\/blog-int\/wp-content\/uploads\/2018\/04\/cepillo-de-jabali-para-tener-un-cabello-muy-brillante-otro-de-los-consejos-de-madre-que-te-ofrecemos.jpg\" alt=\"\" width=\"1160\" height=\"462\" \/><\/p>\n<h2>\u00a0<\/h2>\n<h2>CONSEJO DE MADRE N\u00ba4<\/h2>\n<p><strong>\u00abS\u00e9cate bien el pelo antes de ir a dormir o te vas a resfriar\u00bb<\/strong><\/p>\n<p align=\"justify\">Otro consejo que, normalmente, acostumbra a cumplirse. Irse a dormir con el pelo mojado, adem\u00e1s de no ser aconsejable por tu salud, tampoco suele serlo para el cabello. Es aconsejable que te deshagas de la humedad superficial de tu melena antes de ir a dormir para que no adquiera formas extra\u00f1as y luzca apelmazado. Adem\u00e1s, para secarse el cabello, recuerda siempre retirar la humedad primero con un pa\u00f1o de algod\u00f3n o toalla de microfibra realizando unos suaves toques y, posteriormente, pasar el secador de pelo siempre a una temperatura media.<\/p>\n<p>\u00a0<\/p>\n<p><img decoding=\"async\" class=\"alignnone size-full wp-image-23956\" src=\"https:\/\/termixuri2.pre-testing.com\/blog-int\/wp-content\/uploads\/2018\/03\/El-secador-profesional-4300-es-perfecto-para-todo-tipo-de-cabellos-porque-incluye-dos-reguladores-de-temperatura-y-un-boton-de-aire-frio.jpg\" alt=\"dia de la madre cepillo rose termix\" width=\"1160\" height=\"660\" srcset=\"https:\/\/termix.net\/blog-int\/wp-content\/uploads\/2018\/03\/El-secador-profesional-4300-es-perfecto-para-todo-tipo-de-cabellos-porque-incluye-dos-reguladores-de-temperatura-y-un-boton-de-aire-frio-200x114.jpg 200w, https:\/\/termix.net\/blog-int\/wp-content\/uploads\/2018\/03\/El-secador-profesional-4300-es-perfecto-para-todo-tipo-de-cabellos-porque-incluye-dos-reguladores-de-temperatura-y-un-boton-de-aire-frio-300x171.jpg 300w, https:\/\/termix.net\/blog-int\/wp-content\/uploads\/2018\/03\/El-secador-profesional-4300-es-perfecto-para-todo-tipo-de-cabellos-porque-incluye-dos-reguladores-de-temperatura-y-un-boton-de-aire-frio-400x228.jpg 400w, https:\/\/termix.net\/blog-int\/wp-content\/uploads\/2018\/03\/El-secador-profesional-4300-es-perfecto-para-todo-tipo-de-cabellos-porque-incluye-dos-reguladores-de-temperatura-y-un-boton-de-aire-frio-600x341.jpg 600w, https:\/\/termix.net\/blog-int\/wp-content\/uploads\/2018\/03\/El-secador-profesional-4300-es-perfecto-para-todo-tipo-de-cabellos-porque-incluye-dos-reguladores-de-temperatura-y-un-boton-de-aire-frio-768x437.jpg 768w, https:\/\/termix.net\/blog-int\/wp-content\/uploads\/2018\/03\/El-secador-profesional-4300-es-perfecto-para-todo-tipo-de-cabellos-porque-incluye-dos-reguladores-de-temperatura-y-un-boton-de-aire-frio-800x455.jpg 800w, https:\/\/termix.net\/blog-int\/wp-content\/uploads\/2018\/03\/El-secador-profesional-4300-es-perfecto-para-todo-tipo-de-cabellos-porque-incluye-dos-reguladores-de-temperatura-y-un-boton-de-aire-frio-1024x583.jpg 1024w, https:\/\/termix.net\/blog-int\/wp-content\/uploads\/2018\/03\/El-secador-profesional-4300-es-perfecto-para-todo-tipo-de-cabellos-porque-incluye-dos-reguladores-de-temperatura-y-un-boton-de-aire-frio.jpg 1160w\" sizes=\"(max-width: 1160px) 100vw, 1160px\" \/><\/p>\n<h2>\u00a0<\/h2>\n<h2>CONSEJO DE MADRE N\u00ba5<\/h2>\n<p><strong>\u201cSi tu amigo se tira por un puente\u2026 \u00bft\u00fa tambi\u00e9n?\u201d<\/strong><\/p>\n<p align=\"justify\">Quieres ir a una fiesta. Sabes que tu madre no te va a dejar ir. Le dices que tu mejor amiga va\u2026. \u00bfte sabes esta historia, verdad? Pues ahora nos toca a nosotros hacer un poco de la madre de tu melena. Porque existen m\u00faltiples vicios que queremos que elimines (pese a que tu amigo\/a lo contin\u00fae haciendo). Por ejemplo, dormir con una coleta muy tensa, es mejor una trenza floja. O como decolorarse el cabello en casa, mucho mejor si lo hace un especialista. Y, por favor, utiliza un cepillo que se adapte a las condiciones y estructura de tu cabello.<\/p>\n<p>\u00a0<\/p>\n<p><img decoding=\"async\" class=\"alignnone size-full wp-image-23954\" src=\"https:\/\/termixuri2.pre-testing.com\/blog-int\/wp-content\/uploads\/2018\/03\/cepillo-cramic-rose-i-lova-mama-.jpg\" alt=\"dia de la madre cepillo rose termix\" width=\"1160\" height=\"328\" srcset=\"https:\/\/termix.net\/blog-int\/wp-content\/uploads\/2018\/03\/cepillo-cramic-rose-i-lova-mama--200x57.jpg 200w, https:\/\/termix.net\/blog-int\/wp-content\/uploads\/2018\/03\/cepillo-cramic-rose-i-lova-mama--300x85.jpg 300w, https:\/\/termix.net\/blog-int\/wp-content\/uploads\/2018\/03\/cepillo-cramic-rose-i-lova-mama--400x113.jpg 400w, https:\/\/termix.net\/blog-int\/wp-content\/uploads\/2018\/03\/cepillo-cramic-rose-i-lova-mama--600x170.jpg 600w, https:\/\/termix.net\/blog-int\/wp-content\/uploads\/2018\/03\/cepillo-cramic-rose-i-lova-mama--768x217.jpg 768w, https:\/\/termix.net\/blog-int\/wp-content\/uploads\/2018\/03\/cepillo-cramic-rose-i-lova-mama--800x226.jpg 800w, https:\/\/termix.net\/blog-int\/wp-content\/uploads\/2018\/03\/cepillo-cramic-rose-i-lova-mama--1024x290.jpg 1024w, https:\/\/termix.net\/blog-int\/wp-content\/uploads\/2018\/03\/cepillo-cramic-rose-i-lova-mama-.jpg 1160w\" sizes=\"(max-width: 1160px) 100vw, 1160px\" \/><\/p>\n<h2 align=\"justify\">Pero\u2026 \u00a1Todav\u00eda no tengo el regalo ideal para el d\u00eda de la Madre!<\/h2>\n<p align=\"justify\">Te presentamos, definitivamente el<span style=\"text-decoration: underline;\"><strong> cepillo Rose<\/strong> <\/span>m\u00e1s especial: <strong>I love Mam\u00e1<\/strong><\/p>\n<\/div><div class=\"fusion-clearfix\"><\/div><\/div><\/div><\/div><\/div><div class=\"fusion-fullwidth fullwidth-box fusion-builder-row-4 nonhundred-percent-fullwidth non-hundred-percent-height-scrolling\" style=\"background-color: rgba(255,255,255,0);background-position: center center;background-repeat: no-repeat;padding-top:0px;padding-right:0px;padding-bottom:0px;padding-left:0px;margin-bottom: 0px;margin-top: 0px;border-width: 0px 0px 0px 0px;border-color:#eae9e9;border-style:solid;\" ><\/div><\/p>\n","protected":false},"excerpt":{"rendered":"<p>\t\t\t\tEl D\u00eda de la Madre se acerca imparable\u2026 \u00bfya tienes su regalo? \u00a1Qu\u00e9 no cunda el p\u00e1nico! Porque te traemos una posible soluci\u00f3n que seguro que va a levantarle una sonrisa: ha llegado la edici\u00f3n limitada del cepillo C\u00b7Ramic Rose. Un cepillo con el que podr\u00e1s agradecerle todo lo que hace diariamente por su hjio\/a favorito\/a y recordarle que gracias a todos los consejos de madre que te dio, hoy eres qui\u00e9n eres. Por todas las madres \u00fanicas del mundo: I love mam\u00e1.\t\t<\/p>\n","protected":false},"author":2,"featured_media":22138,"comment_status":"open","ping_status":"open","sticky":false,"template":"","format":"standard","meta":[],"categories":[6],"tags":[],"yoast_head":"<!-- This site is optimized with the Yoast SEO plugin v20.0 - https:\/\/yoast.com\/wordpress\/plugins\/seo\/ -->\n<title>Especial D\u00eda de la Madre: Los consejos de peluquer\u00eda m\u00e1s originales-Termix<\/title>\n<meta name=\"description\" content=\"El D\u00eda de la Madre se acerca imparable\u2026 \u00bfya tienes su regalo? \u00a1Qu\u00e9 no cunda el p\u00e1nico! Porque te traemos una posible soluci\u00f3n que seguro que va a levantarle una sonrisa: ha llegado la edici\u00f3n limitada del cepillo C\u00b7Ramic Rose. Un cepillo con el que podr\u00e1s agradecerle todo lo que hace diariamente por ti. I Love Mam\u00e1\" \/>\n<meta name=\"robots\" content=\"index, follow, max-snippet:-1, max-image-preview:large, max-video-preview:-1\" \/>\n<link rel=\"canonical\" href=\"https:\/\/termix.net\/blog-int\/es\/consejos-dia-de-la-madre-especial-regalo-ideal\/\" \/>\n<meta property=\"og:locale\" content=\"es_ES\" \/>\n<meta property=\"og:type\" content=\"article\" \/>\n<meta property=\"og:title\" content=\"Especial D\u00eda de la Madre: Los consejos de peluquer\u00eda m\u00e1s originales-Termix\" \/>\n<meta property=\"og:description\" content=\"El D\u00eda de la Madre se acerca imparable\u2026 \u00bfya tienes su regalo? \u00a1Qu\u00e9 no cunda el p\u00e1nico! Porque te traemos una posible soluci\u00f3n que seguro que va a levantarle una sonrisa: ha llegado la edici\u00f3n limitada del cepillo C\u00b7Ramic Rose. Un cepillo con el que podr\u00e1s agradecerle todo lo que hace diariamente por ti. I Love Mam\u00e1\" \/>\n<meta property=\"og:url\" content=\"https:\/\/termix.net\/blog-int\/es\/consejos-dia-de-la-madre-especial-regalo-ideal\/\" \/>\n<meta property=\"og:site_name\" content=\"Blog Termix Spain\" \/>\n<meta property=\"article:published_time\" content=\"2018-03-22T14:03:59+00:00\" \/>\n<meta property=\"article:modified_time\" content=\"2019-12-17T12:50:47+00:00\" \/>\n<meta property=\"og:image\" content=\"https:\/\/termix.net\/blog-int\/wp-content\/uploads\/2018\/03\/Felicita-a-tu-madre-como-se-merece-en-el-dia-de-la-madre.jpg\" \/>\n\t<meta property=\"og:image:width\" content=\"1160\" \/>\n\t<meta property=\"og:image:height\" content=\"660\" \/>\n\t<meta property=\"og:image:type\" content=\"image\/jpeg\" \/>\n<meta name=\"author\" content=\"TermixTeam\" \/>\n<meta name=\"twitter:card\" content=\"summary_large_image\" \/>\n<meta name=\"twitter:label1\" content=\"Escrito por\" \/>\n\t<meta name=\"twitter:data1\" content=\"TermixTeam\" \/>\n\t<meta name=\"twitter:label2\" content=\"Tiempo de lectura\" \/>\n\t<meta name=\"twitter:data2\" content=\"11 minutos\" \/>\n<script type=\"application\/ld+json\" class=\"yoast-schema-graph\">{\"@context\":\"https:\/\/schema.org\",\"@graph\":[{\"@type\":\"Article\",\"@id\":\"https:\/\/termix.net\/blog-int\/es\/consejos-dia-de-la-madre-especial-regalo-ideal\/#article\",\"isPartOf\":{\"@id\":\"https:\/\/termix.net\/blog-int\/es\/consejos-dia-de-la-madre-especial-regalo-ideal\/\"},\"author\":{\"name\":\"TermixTeam\",\"@id\":\"https:\/\/termix.net\/blog-int\/es\/#\/schema\/person\/9096c98bdf03c8ddf91ad7172f254f40\"},\"headline\":\"Consejos de madre. Felic\u00edtala de una manera muy especial\",\"datePublished\":\"2018-03-22T14:03:59+00:00\",\"dateModified\":\"2019-12-17T12:50:47+00:00\",\"mainEntityOfPage\":{\"@id\":\"https:\/\/termix.net\/blog-int\/es\/consejos-dia-de-la-madre-especial-regalo-ideal\/\"},\"wordCount\":2182,\"commentCount\":0,\"publisher\":{\"@id\":\"https:\/\/termix.net\/blog-int\/es\/#organization\"},\"articleSection\":[\"NOTICIAS\"],\"inLanguage\":\"es\",\"potentialAction\":[{\"@type\":\"CommentAction\",\"name\":\"Comment\",\"target\":[\"https:\/\/termix.net\/blog-int\/es\/consejos-dia-de-la-madre-especial-regalo-ideal\/#respond\"]}]},{\"@type\":\"WebPage\",\"@id\":\"https:\/\/termix.net\/blog-int\/es\/consejos-dia-de-la-madre-especial-regalo-ideal\/\",\"url\":\"https:\/\/termix.net\/blog-int\/es\/consejos-dia-de-la-madre-especial-regalo-ideal\/\",\"name\":\"Especial D\u00eda de la Madre: Los consejos de peluquer\u00eda m\u00e1s originales-Termix\",\"isPartOf\":{\"@id\":\"https:\/\/termix.net\/blog-int\/es\/#website\"},\"datePublished\":\"2018-03-22T14:03:59+00:00\",\"dateModified\":\"2019-12-17T12:50:47+00:00\",\"description\":\"El D\u00eda de la Madre se acerca imparable\u2026 \u00bfya tienes su regalo? \u00a1Qu\u00e9 no cunda el p\u00e1nico! Porque te traemos una posible soluci\u00f3n que seguro que va a levantarle una sonrisa: ha llegado la edici\u00f3n limitada del cepillo C\u00b7Ramic Rose. Un cepillo con el que podr\u00e1s agradecerle todo lo que hace diariamente por ti. I Love Mam\u00e1\",\"breadcrumb\":{\"@id\":\"https:\/\/termix.net\/blog-int\/es\/consejos-dia-de-la-madre-especial-regalo-ideal\/#breadcrumb\"},\"inLanguage\":\"es\",\"potentialAction\":[{\"@type\":\"ReadAction\",\"target\":[\"https:\/\/termix.net\/blog-int\/es\/consejos-dia-de-la-madre-especial-regalo-ideal\/\"]}]},{\"@type\":\"BreadcrumbList\",\"@id\":\"https:\/\/termix.net\/blog-int\/es\/consejos-dia-de-la-madre-especial-regalo-ideal\/#breadcrumb\",\"itemListElement\":[{\"@type\":\"ListItem\",\"position\":1,\"name\":\"Home\",\"item\":\"https:\/\/termix.net\/blog-int\/es\/\"},{\"@type\":\"ListItem\",\"position\":2,\"name\":\"Consejos de madre. Felic\u00edtala de una manera muy especial\"}]},{\"@type\":\"WebSite\",\"@id\":\"https:\/\/termix.net\/blog-int\/es\/#website\",\"url\":\"https:\/\/termix.net\/blog-int\/es\/\",\"name\":\"Blog Termix Spain\",\"description\":\"Blog de tendencias y productos de peluquer\u00eda profesional.\",\"publisher\":{\"@id\":\"https:\/\/termix.net\/blog-int\/es\/#organization\"},\"potentialAction\":[{\"@type\":\"SearchAction\",\"target\":{\"@type\":\"EntryPoint\",\"urlTemplate\":\"https:\/\/termix.net\/blog-int\/es\/?s={search_term_string}\"},\"query-input\":\"required name=search_term_string\"}],\"inLanguage\":\"es\"},{\"@type\":\"Organization\",\"@id\":\"https:\/\/termix.net\/blog-int\/es\/#organization\",\"name\":\"Dols Industrial de Peluquer\u00eda SA\",\"url\":\"https:\/\/termix.net\/blog-int\/es\/\",\"logo\":{\"@type\":\"ImageObject\",\"inLanguage\":\"es\",\"@id\":\"https:\/\/termix.net\/blog-int\/es\/#\/schema\/logo\/image\/\",\"url\":\"https:\/\/termix.net\/blog-int\/wp-content\/uploads\/2020\/10\/OGbDAeng.jpeg\",\"contentUrl\":\"https:\/\/termix.net\/blog-int\/wp-content\/uploads\/2020\/10\/OGbDAeng.jpeg\",\"width\":800,\"height\":800,\"caption\":\"Dols Industrial de Peluquer\u00eda SA\"},\"image\":{\"@id\":\"https:\/\/termix.net\/blog-int\/es\/#\/schema\/logo\/image\/\"}},{\"@type\":\"Person\",\"@id\":\"https:\/\/termix.net\/blog-int\/es\/#\/schema\/person\/9096c98bdf03c8ddf91ad7172f254f40\",\"name\":\"TermixTeam\",\"image\":{\"@type\":\"ImageObject\",\"inLanguage\":\"es\",\"@id\":\"https:\/\/termix.net\/blog-int\/es\/#\/schema\/person\/image\/\",\"url\":\"https:\/\/secure.gravatar.com\/avatar\/d89f61f6bd1c29a4acb231736d1c74b3?s=96&d=mm&r=g\",\"contentUrl\":\"https:\/\/secure.gravatar.com\/avatar\/d89f61f6bd1c29a4acb231736d1c74b3?s=96&d=mm&r=g\",\"caption\":\"TermixTeam\"},\"url\":\"https:\/\/termix.net\/blog-int\/es\/author\/termixteam\/\"}]}<\/script>\n<!-- \/ Yoast SEO plugin. -->","yoast_head_json":{"title":"Especial D\u00eda de la Madre: Los consejos de peluquer\u00eda m\u00e1s originales-Termix","description":"El D\u00eda de la Madre se acerca imparable\u2026 \u00bfya tienes su regalo? \u00a1Qu\u00e9 no cunda el p\u00e1nico! Porque te traemos una posible soluci\u00f3n que seguro que va a levantarle una sonrisa: ha llegado la edici\u00f3n limitada del cepillo C\u00b7Ramic Rose. Un cepillo con el que podr\u00e1s agradecerle todo lo que hace diariamente por ti. I Love Mam\u00e1","robots":{"index":"index","follow":"follow","max-snippet":"max-snippet:-1","max-image-preview":"max-image-preview:large","max-video-preview":"max-video-preview:-1"},"canonical":"https:\/\/termix.net\/blog-int\/es\/consejos-dia-de-la-madre-especial-regalo-ideal\/","og_locale":"es_ES","og_type":"article","og_title":"Especial D\u00eda de la Madre: Los consejos de peluquer\u00eda m\u00e1s originales-Termix","og_description":"El D\u00eda de la Madre se acerca imparable\u2026 \u00bfya tienes su regalo? \u00a1Qu\u00e9 no cunda el p\u00e1nico! Porque te traemos una posible soluci\u00f3n que seguro que va a levantarle una sonrisa: ha llegado la edici\u00f3n limitada del cepillo C\u00b7Ramic Rose. Un cepillo con el que podr\u00e1s agradecerle todo lo que hace diariamente por ti. I Love Mam\u00e1","og_url":"https:\/\/termix.net\/blog-int\/es\/consejos-dia-de-la-madre-especial-regalo-ideal\/","og_site_name":"Blog Termix Spain","article_published_time":"2018-03-22T14:03:59+00:00","article_modified_time":"2019-12-17T12:50:47+00:00","og_image":[{"width":1160,"height":660,"url":"https:\/\/termix.net\/blog-int\/wp-content\/uploads\/2018\/03\/Felicita-a-tu-madre-como-se-merece-en-el-dia-de-la-madre.jpg","type":"image\/jpeg"}],"author":"TermixTeam","twitter_card":"summary_large_image","twitter_misc":{"Escrito por":"TermixTeam","Tiempo de lectura":"11 minutos"},"schema":{"@context":"https:\/\/schema.org","@graph":[{"@type":"Article","@id":"https:\/\/termix.net\/blog-int\/es\/consejos-dia-de-la-madre-especial-regalo-ideal\/#article","isPartOf":{"@id":"https:\/\/termix.net\/blog-int\/es\/consejos-dia-de-la-madre-especial-regalo-ideal\/"},"author":{"name":"TermixTeam","@id":"https:\/\/termix.net\/blog-int\/es\/#\/schema\/person\/9096c98bdf03c8ddf91ad7172f254f40"},"headline":"Consejos de madre. Felic\u00edtala de una manera muy especial","datePublished":"2018-03-22T14:03:59+00:00","dateModified":"2019-12-17T12:50:47+00:00","mainEntityOfPage":{"@id":"https:\/\/termix.net\/blog-int\/es\/consejos-dia-de-la-madre-especial-regalo-ideal\/"},"wordCount":2182,"commentCount":0,"publisher":{"@id":"https:\/\/termix.net\/blog-int\/es\/#organization"},"articleSection":["NOTICIAS"],"inLanguage":"es","potentialAction":[{"@type":"CommentAction","name":"Comment","target":["https:\/\/termix.net\/blog-int\/es\/consejos-dia-de-la-madre-especial-regalo-ideal\/#respond"]}]},{"@type":"WebPage","@id":"https:\/\/termix.net\/blog-int\/es\/consejos-dia-de-la-madre-especial-regalo-ideal\/","url":"https:\/\/termix.net\/blog-int\/es\/consejos-dia-de-la-madre-especial-regalo-ideal\/","name":"Especial D\u00eda de la Madre: Los consejos de peluquer\u00eda m\u00e1s originales-Termix","isPartOf":{"@id":"https:\/\/termix.net\/blog-int\/es\/#website"},"datePublished":"2018-03-22T14:03:59+00:00","dateModified":"2019-12-17T12:50:47+00:00","description":"El D\u00eda de la Madre se acerca imparable\u2026 \u00bfya tienes su regalo? \u00a1Qu\u00e9 no cunda el p\u00e1nico! Porque te traemos una posible soluci\u00f3n que seguro que va a levantarle una sonrisa: ha llegado la edici\u00f3n limitada del cepillo C\u00b7Ramic Rose. Un cepillo con el que podr\u00e1s agradecerle todo lo que hace diariamente por ti. I Love Mam\u00e1","breadcrumb":{"@id":"https:\/\/termix.net\/blog-int\/es\/consejos-dia-de-la-madre-especial-regalo-ideal\/#breadcrumb"},"inLanguage":"es","potentialAction":[{"@type":"ReadAction","target":["https:\/\/termix.net\/blog-int\/es\/consejos-dia-de-la-madre-especial-regalo-ideal\/"]}]},{"@type":"BreadcrumbList","@id":"https:\/\/termix.net\/blog-int\/es\/consejos-dia-de-la-madre-especial-regalo-ideal\/#breadcrumb","itemListElement":[{"@type":"ListItem","position":1,"name":"Home","item":"https:\/\/termix.net\/blog-int\/es\/"},{"@type":"ListItem","position":2,"name":"Consejos de madre. Felic\u00edtala de una manera muy especial"}]},{"@type":"WebSite","@id":"https:\/\/termix.net\/blog-int\/es\/#website","url":"https:\/\/termix.net\/blog-int\/es\/","name":"Blog Termix Spain","description":"Blog de tendencias y productos de peluquer\u00eda profesional.","publisher":{"@id":"https:\/\/termix.net\/blog-int\/es\/#organization"},"potentialAction":[{"@type":"SearchAction","target":{"@type":"EntryPoint","urlTemplate":"https:\/\/termix.net\/blog-int\/es\/?s={search_term_string}"},"query-input":"required name=search_term_string"}],"inLanguage":"es"},{"@type":"Organization","@id":"https:\/\/termix.net\/blog-int\/es\/#organization","name":"Dols Industrial de Peluquer\u00eda SA","url":"https:\/\/termix.net\/blog-int\/es\/","logo":{"@type":"ImageObject","inLanguage":"es","@id":"https:\/\/termix.net\/blog-int\/es\/#\/schema\/logo\/image\/","url":"https:\/\/termix.net\/blog-int\/wp-content\/uploads\/2020\/10\/OGbDAeng.jpeg","contentUrl":"https:\/\/termix.net\/blog-int\/wp-content\/uploads\/2020\/10\/OGbDAeng.jpeg","width":800,"height":800,"caption":"Dols Industrial de Peluquer\u00eda SA"},"image":{"@id":"https:\/\/termix.net\/blog-int\/es\/#\/schema\/logo\/image\/"}},{"@type":"Person","@id":"https:\/\/termix.net\/blog-int\/es\/#\/schema\/person\/9096c98bdf03c8ddf91ad7172f254f40","name":"TermixTeam","image":{"@type":"ImageObject","inLanguage":"es","@id":"https:\/\/termix.net\/blog-int\/es\/#\/schema\/person\/image\/","url":"https:\/\/secure.gravatar.com\/avatar\/d89f61f6bd1c29a4acb231736d1c74b3?s=96&d=mm&r=g","contentUrl":"https:\/\/secure.gravatar.com\/avatar\/d89f61f6bd1c29a4acb231736d1c74b3?s=96&d=mm&r=g","caption":"TermixTeam"},"url":"https:\/\/termix.net\/blog-int\/es\/author\/termixteam\/"}]}},"_links":{"self":[{"href":"https:\/\/termix.net\/blog-int\/es\/wp-json\/wp\/v2\/posts\/13792"}],"collection":[{"href":"https:\/\/termix.net\/blog-int\/es\/wp-json\/wp\/v2\/posts"}],"about":[{"href":"https:\/\/termix.net\/blog-int\/es\/wp-json\/wp\/v2\/types\/post"}],"author":[{"embeddable":true,"href":"https:\/\/termix.net\/blog-int\/es\/wp-json\/wp\/v2\/users\/2"}],"replies":[{"embeddable":true,"href":"https:\/\/termix.net\/blog-int\/es\/wp-json\/wp\/v2\/comments?post=13792"}],"version-history":[{"count":3,"href":"https:\/\/termix.net\/blog-int\/es\/wp-json\/wp\/v2\/posts\/13792\/revisions"}],"predecessor-version":[{"id":23970,"href":"https:\/\/termix.net\/blog-int\/es\/wp-json\/wp\/v2\/posts\/13792\/revisions\/23970"}],"wp:featuredmedia":[{"embeddable":true,"href":"https:\/\/termix.net\/blog-int\/es\/wp-json\/wp\/v2\/media\/22138"}],"wp:attachment":[{"href":"https:\/\/termix.net\/blog-int\/es\/wp-json\/wp\/v2\/media?parent=13792"}],"wp:term":[{"taxonomy":"category","embeddable":true,"href":"https:\/\/termix.net\/blog-int\/es\/wp-json\/wp\/v2\/categories?post=13792"},{"taxonomy":"post_tag","embeddable":true,"href":"https:\/\/termix.net\/blog-int\/es\/wp-json\/wp\/v2\/tags?post=13792"}],"curies":[{"name":"wp","href":"https:\/\/api.w.org\/{rel}","templated":true}]}}