{"id":13192,"date":"2018-03-05T16:42:40","date_gmt":"2018-03-05T16:42:40","guid":{"rendered":"https:\/\/termix.net\/?p=13192"},"modified":"2019-12-05T10:01:16","modified_gmt":"2019-12-05T09:01:16","slug":"oscars-2018-peinados-termix","status":"publish","type":"post","link":"https:\/\/termix.net\/blog-int\/es\/oscars-2018-peinados-termix\/","title":{"rendered":"Los looks de los \u00d3scars 2018: a debate"},"content":{"rendered":"<p><div class=\"fusion-fullwidth fullwidth-box fusion-builder-row-1 faded-background fusion-parallax-none nonhundred-percent-fullwidth non-hundred-percent-height-scrolling fusion-no-small-visibility fusion-no-medium-visibility\" style=\"background-position: center center;background-repeat: no-repeat;padding-top:24%;padding-right:3%;padding-bottom:0px;padding-left:3%;margin-bottom: 0px;margin-top: 0px;border-width: 0px 0px 0px 0px;border-color:#eae9e9;border-style:solid;-webkit-background-size:cover;-moz-background-size:cover;-o-background-size:cover;background-size:cover;\" ><div class=\"fullwidth-faded\" style=\"background-color:#181818;background-image: url(https:\/\/termixuri2.pre-testing.com\/blog-int\/wp-content\/uploads\/2018\/03\/jenniferlawrenceweb1.jpg);background-position:center center;background-repeat:no-repeat;-webkit-background-size:cover;-moz-background-size:cover;-o-background-size:cover;background-size:cover;\" ><\/div><div class=\"fusion-builder-row fusion-row\"><div class=\"fusion-layout-column fusion_builder_column fusion-builder-column-0 fusion_builder_column_1_1 1_1 fusion-one-full fusion-column-first fusion-column-last\" style=\"margin-top:0px;margin-bottom:0px;\"><div class=\"fusion-column-wrapper fusion-flex-column-wrapper-legacy\" style=\"background-position:left top;background-repeat:no-repeat;-webkit-background-size:cover;-moz-background-size:cover;-o-background-size:cover;background-size:cover;background-color:rgba(255,255,255,0.7);padding: 6% 8% 6% 8%;\"><style type=\"text\/css\"><\/style><div class=\"fusion-title title fusion-title-1 fusion-sep-none fusion-title-center fusion-title-text fusion-title-size-two\" style=\"margin-top:30px;margin-right:0px;margin-bottom:20px;margin-left:0px;\"><h2 class=\"title-heading-center fusion-responsive-typography-calculated\" style=\"margin:0;--fontSize:50;line-height:1.28;\">Los looks de los \u00d3scars 2018: a debate<\/h2><\/div><div class=\"fusion-clearfix\"><\/div><\/div><\/div><\/div><\/div><div class=\"fusion-fullwidth fullwidth-box fusion-builder-row-2 fusion-parallax-none nonhundred-percent-fullwidth non-hundred-percent-height-scrolling fusion-no-large-visibility\" style=\"background-color: rgba(255,255,255,0);background-image: url(&quot;https:\/\/termixuri2.pre-testing.com\/blog-int\/wp-content\/uploads\/2019\/11\/con-el-secador-compacto-profesioanl-4300-de-termix-damos-volumen-al-cabello-1.jpg&quot;);background-position: center center;background-repeat: no-repeat;padding-top:0px;padding-right:0px;padding-bottom:0px;padding-left:0px;margin-bottom: 0px;margin-top: 0px;border-width: 0px 0px 0px 0px;border-color:#eae9e9;border-style:solid;-webkit-background-size:cover;-moz-background-size:cover;-o-background-size:cover;background-size:cover;\" ><div class=\"fusion-builder-row fusion-row\"><div class=\"fusion-layout-column fusion_builder_column fusion-builder-column-1 fusion_builder_column_1_1 1_1 fusion-one-full fusion-column-first fusion-column-last fusion-column-inner-bg-wrapper\" style=\"margin-top:20px;margin-bottom:20px;\"><div class=\"fusion-column-wrapper fusion-flex-column-wrapper-legacy\" style=\"padding: 10% 0px 10% 0px;\" data-bg-url=\"http:\/\/termixnew.pre-testing.com\/blog\/wp-content\/uploads\/2019\/03\/single-blog-post-feat.jpg\"><div class=\"fusion-sep-clear\"><\/div><div class=\"fusion-separator fusion-no-large-visibility fusion-full-width-sep\" style=\"margin-left: auto;margin-right: auto;margin-top:200px;width:100%;\"><\/div><div class=\"fusion-sep-clear\"><\/div><div class=\"fusion-clearfix\"><\/div><\/div><span class=\"fusion-column-inner-bg hover-type-zoomout\"><a class=\"fusion-column-anchor\"><span class=\"fusion-column-inner-bg-image\" style=\"background-image: url(&#039;http:\/\/termixnew.pre-testing.com\/blog\/wp-content\/uploads\/2019\/03\/single-blog-post-feat.jpg&#039;);background-position:center center;background-repeat:no-repeat;-webkit-background-size:cover;-moz-background-size:cover;-o-background-size:cover;background-size:cover;\"><\/span><\/a><\/span><\/div><div class=\"fusion-layout-column fusion_builder_column fusion-builder-column-2 fusion_builder_column_1_1 1_1 fusion-one-full fusion-column-first fusion-column-last\" style=\"margin-top:0px;margin-bottom:0px;\"><div class=\"fusion-column-wrapper fusion-flex-column-wrapper-legacy\" style=\"background-position:left top;background-repeat:no-repeat;-webkit-background-size:cover;-moz-background-size:cover;-o-background-size:cover;background-size:cover;background-color:#ffffff;padding: 6% 0px 0px 0px;\"><style type=\"text\/css\"><\/style><div class=\"fusion-title title fusion-title-2 fusion-sep-none fusion-title-center fusion-title-text fusion-title-size-two\" style=\"margin-top:30px;margin-right:0px;margin-bottom:20px;margin-left:0px;\"><h2 class=\"title-heading-center fusion-responsive-typography-calculated\" style=\"margin:0;--fontSize:50;line-height:1.28;\">Los looks de los \u00d3scars 2018: a debate<\/h2><\/div><div class=\"fusion-clearfix\"><\/div><\/div><\/div><\/div><\/div><div class=\"fusion-fullwidth fullwidth-box fusion-builder-row-3 nonhundred-percent-fullwidth non-hundred-percent-height-scrolling\" style=\"background-color: rgba(255,255,255,0);background-position: center center;background-repeat: no-repeat;padding-top:10px;padding-right:0px;padding-bottom:4%;padding-left:0px;margin-bottom: 0px;margin-top: 0px;border-width: 0px 0px 0px 0px;border-color:#eae9e9;border-style:solid;\" ><div class=\"fusion-builder-row fusion-row\"><div class=\"fusion-layout-column fusion_builder_column fusion-builder-column-3 fusion_builder_column_1_6 1_6 fusion-one-sixth fusion-column-first fusion-no-small-visibility fusion-no-medium-visibility\" style=\"width:16.666666666667%;width:calc(16.666666666667% - ( ( 0 ) * 0.16666666666667 ) );margin-right: 0px;margin-top:20px;margin-bottom:20px;\"><div class=\"fusion-column-wrapper fusion-flex-column-wrapper-legacy\" style=\"background-position:left top;background-repeat:no-repeat;-webkit-background-size:cover;-moz-background-size:cover;-o-background-size:cover;background-size:cover;padding: 0px 0px 0px 0px;\"><div class=\"fusion-clearfix\"><\/div><\/div><\/div><div class=\"fusion-layout-column fusion_builder_column fusion-builder-column-4 fusion_builder_column_2_3 2_3 fusion-two-third fusion-column-last\" style=\"width:66.666666666667%;width:calc(66.666666666667% - ( ( 0 ) * 0.66666666666667 ) );margin-top:20px;margin-bottom:20px;\"><div class=\"fusion-column-wrapper fusion-flex-column-wrapper-legacy\" style=\"background-position:left top;background-repeat:no-repeat;-webkit-background-size:cover;-moz-background-size:cover;-o-background-size:cover;background-size:cover;padding: 0px 0px 0px 0px;\"><div class=\"fusion-sep-clear\"><\/div><div class=\"fusion-separator fusion-full-width-sep\" style=\"margin-left: auto;margin-right: auto;margin-top:30px;width:100%;\"><\/div><div class=\"fusion-sep-clear\"><\/div><div class=\"fusion-text fusion-text-1\"><p style=\"text-align: center;\"><span style=\"font-size: 22px; line-height: 1.5em;\"> Ya se han cumplido 90 ediciones de una de las entregas m\u00e1s significativas del mundo del cine. La tan siempre sorprendente Gala de los \u00d3scar de este a\u00f1o, celebrada la madrugada del 4 de marzo, <strong>se ha caracterizado por el esp\u00edritu reivindicativo del #MeToo,<\/strong> el despliegue de nuevos talentos y discursos llenos de carisma y pasi\u00f3n por la gran pantalla. Y como no pod\u00eda ser de otro modo, para suerte de los m\u00e1s aficionados a la moda, la alfombra roja se ha llenado de glamour con los <strong>estilismos m\u00e1s potentes<\/strong> \u2013y algunos menos afortunados- que, en muchos casos, guardaban un mensaje de igualdad.<\/span><\/p>\n<p style=\"text-align: center;\"><span style=\"font-size: 22px; line-height: 1.5em;\"> Hacemos un repaso de los mejores y peores looks de la gala de los \u00d3scar 2018 junto a los consejos de grandes estilistas. <\/span><\/p>\n<p style=\"text-align: center;\"><span style=\"font-size: 22px; line-height: 1.5em;\"><strong>Y t\u00fa, \u00bfqu\u00e9 opinas?<\/strong><\/span><\/p>\n<\/div><div class=\"fusion-sep-clear\"><\/div><div class=\"fusion-separator fusion-full-width-sep\" style=\"margin-left: auto;margin-right: auto;margin-top:30px;width:100%;\"><\/div><div class=\"fusion-sep-clear\"><\/div><div class=\"fusion-text fusion-text-2\"><p><iframe src=\"https:\/\/www.youtube.com\/embed\/FNRL1fTg_Mw?autoplay=1&amp;rel=0\" width=\"100%\" height=\"480\" frameborder=\"0\" allowfullscreen=\"allowfullscreen\"><\/iframe><\/p>\n<p align=\"justify\">\u00a0<\/p>\n<p class=\"p3\">Dentro de este contexto donde debemos <strong>situar los look<\/strong>s de nuestras actrices favoritas que, si bien no han resaltado por su espectacularidad, s\u00ed que lo hac\u00edan por su mensaje.<\/p>\n<h2 class=\"p3\">Y EL PREMIO AL MEJOR ESTILISMO ES PARA\u2026<\/h2>\n<p align=\"justify\">Negro, blanco y rojo. Estos han sido los tres colores protagonistas de los vestidos de la mayor parte de las actrices, un <strong>cromatismo simple<\/strong> pero cargado de referencias. Vestidos largos con l\u00edneas rectas y simples, <strong>pocos accesorios<\/strong> y brillos recatados, han sido las apuestas para esta alfombra roja. Y los <strong>peinados han ido a juego<\/strong> haciendo gala de una <strong>gran sencillez<\/strong> y sofisticaci\u00f3n. A continuaci\u00f3n, repasamos los mejores peinados y looks de nuestras actrices, junto a la opini\u00f3n de nuestros estilistas de referencia.<\/p>\n<p class=\"p3\"><strong>1.EDUARDO S\u00c1NCHEZ ELIGE LAS ONDAS DE LAURA DERN<\/strong><\/p>\n<p align=\"justify\">Como ya va siendo tradici\u00f3n, las <span style=\"text-decoration: underline;\"><strong>ondas Hollywood<\/strong><\/span> pisan fuerte en las red carpets. Un recurso estil\u00edstico, lleno de elegancia, inspirado en las grandes divas del cine, que se recupera para potenciar al m\u00e1ximo el glamour de un look sobrio. Y en estos \u00d3scar 2018 hemos visto a numerosas actrices luciendo el moldeado por definici\u00f3n del cine, <strong>Margot Robbie<\/strong> (Yo, Tonya), con una versi\u00f3n midi, <strong>Zoey Deutch<\/strong>, luciendo unas ondas mucho m\u00e1s naturales o <strong>Allison Williams<\/strong> (D\u00e9jame Salir) con un peinado muy definido.<\/p>\n<p align=\"justify\"><img decoding=\"async\" class=\"aligncenter size-full wp-image-13201\" src=\"https:\/\/termixuri2.pre-testing.com\/blog-int\/wp-content\/uploads\/2018\/03\/laura-dern-oscars.jpg\" alt=\"\" width=\"1160\" height=\"681\" \/><\/p>\n<p align=\"justify\">Pero, sin duda y seg\u00fan confirma el estilista <strong>Eduardo S\u00e1nchez<\/strong>, el cabello de <strong>Laura Dern<\/strong> triunf\u00f3 por goleada, atrayendo todas las miradas. Y ha sido esa apuesta por un semiflequillo lateral lo que ha elevado su estilismo como favorito para el estilista. Todo un acierto que n<strong>o comparti\u00f3 Sandra Bullock<\/strong>. La actriz, opt\u00f3 por una melena totalmente<strong> lisa con raya central<\/strong> que no favorec\u00eda sus rasgos. Otras actrices que optaron por una melena ultralisa han sido <strong>Saoirse Ronan<\/strong> (<em>Lady Bird<\/em>), con el acierto de una media melena o <strong>Nicole Kidman.<\/strong><\/p>\n<p align=\"justify\">\u00a0<\/p>\n<p class=\"p3\"><strong>2. MO\u00d1OS DESHECHOS O DE BAILARINA: SIEMPRE UN ACIERTO PARA ALEXIS CONTINENTE<\/strong><\/p>\n<p align=\"justify\"><strong>Gal Gadot<\/strong>, <strong>Zendaya<\/strong> o <strong>Allison Janney<\/strong> se apuntaron a los recogidos como elecci\u00f3n para adornar sus melenas en una noche tan especial. Hemos visto desde <strong>recogidos semideshechos<\/strong> a aquellos m\u00e1s pulidos y tirantes como el de Zendaya, convirti\u00e9ndose en una de las apuestas que mejor han reflejado la elegancia y sencillez que se izaban como <strong><em>leitomotiv<\/em> de la gala<\/strong>.<\/p>\n<p align=\"justify\"><img decoding=\"async\" class=\"aligncenter size-full wp-image-13202\" src=\"https:\/\/termixuri2.pre-testing.com\/blog-int\/wp-content\/uploads\/2018\/03\/emily-blunt-web.jpg\" alt=\"\" width=\"1160\" height=\"633\" \/><\/p>\n<p align=\"justify\">Tal y como nos comenta el estilista <span style=\"text-decoration: underline;\"><strong>Alexis Continente<\/strong><\/span>, la tendencia que viene ahora es la de apostar por melenas mucho m\u00e1s naturales y simples, como en el caso del recogido de su favorita, <strong>Emily Blunt<\/strong>.<\/p>\n<p class=\"p3\"><strong>3. LOS RIZOS SON TENDENCIA Y LA ELECCI\u00d3N DE GONZALO LEONIDAS<br \/><\/strong><\/p>\n<p><img decoding=\"async\" class=\"aligncenter wp-image-13193 size-full\" src=\"https:\/\/termixuri2.pre-testing.com\/blog-int\/wp-content\/uploads\/2018\/03\/jenniferlawrenceweb1.jpg\" alt=\"\" width=\"1160\" height=\"660\" \/><\/p>\n<p>\u00a0<\/p>\n<p align=\"justify\">En el otro lado del espectro, encontramos las <strong>melenas m\u00e1s salvajes<\/strong>. Y en este, el look m\u00e1s comentado de todos, protagonizado por <strong>Jennifer Lawrence<\/strong>. Con un vestido de <em>pailettes<\/em>, brillante pero discreto, la actriz logr\u00f3 potenciar un estilismo sencillo a su m\u00e1xima expresi\u00f3n, optando por unos <strong>rizos de infarto<\/strong>. Este es precisamente el look que elige el <strong>estilista Gonzalo Leonidas<\/strong> como su favorito de la gala de los \u00d3scar 2018. Y como contrapunto, demostr\u00e1ndonos que no siempre m\u00e1s es mejor, destaca a <strong>Salma Hayek<\/strong> como la peor vestida de la ceremonia, con un recogido se\u00f1orial que no le hac\u00eda ninguna justicia.<\/p>\n<p align=\"justify\"><strong><i>La forma del agua<\/i>, <i>Dunkerque <\/i>o <i>Tres anuncios en las afueras<\/i><\/strong>, han sido los t\u00edtulos m\u00e1s sonados de esta <strong>90\u00ba gala de los \u00d3scar<\/strong>. Una ceremonia caracterizada por la reivindicaci\u00f3n de la igualdad de g\u00e9nero y el movimiento <strong>#MeToo<\/strong> que reclama justicia en el proceso de gestaci\u00f3n de las grandes superproducciones. La diversidad \u00e9tnica y la valoraci\u00f3n equitativa del trabajo, han sido dos de las dimensiones tratadas en los tantos discursos de esta simb\u00f3lica noche: \u201c<i>Queremos asegurarnos de que los pr\u00f3ximos 90 a\u00f1os llegan con posibilidades ilimitadas de igualdad, diversidad e inclusi\u00f3n. Eso es lo que este a\u00f1o nos ha prometido<\/i>\u201d, recalcaba la actriz <strong>Ashley Judd<\/strong> durante la ceremonia.<\/p>\n<p align=\"justify\">No es extra\u00f1o, pues, que la seleccionada como <strong>Mejor Pel\u00edcula<\/strong> haya sido <strong><em>La Forma del Agua<\/em><\/strong>, una superproducci\u00f3n que lleva la firma de <strong>Guillermo del Toro<\/strong> y que retrata un amor sin igual por defender la diferencia. Por otro lado, ha<span class=\"Apple-converted-space\">\u00a0 <\/span>sido la<span class=\"Apple-converted-space\">\u00a0 <\/span>titulada <strong><em>Una mujer fant\u00e1stica<\/em><\/strong> el film galardonado con el premio a la <strong>Mejor Pel\u00edcula Extranjera<\/strong>, toda una declaraci\u00f3n de intenciones que ha llevado a designar la gala de este a\u00f1o como el punto de inflexi\u00f3n para un <strong>cambio cultural<\/strong> trascendental.<\/p>\n<p align=\"justify\">Y, a continuaci\u00f3n, descubrimos todos los premiados de esta gala dedicada al mundo del cine:<\/p>\n<p align=\"justify\">\u00a0<\/p>\n<h2 class=\"p1\"><b>LISTA DE LOS GALARDONADOS<\/b><\/h2>\n<p class=\"p1\"><em>La forma del agua<\/em> (Guillermo del Toro) \u2013 <strong>Mejor Pel\u00edcula y Mejor Direcci\u00f3n<\/strong><\/p>\n<p class=\"p1\">Frances McDormand, por <em>Tres anuncios en las Afueras<\/em> \u2013 <strong>Mejor Actriz<\/strong><\/p>\n<p class=\"p1\">Gary Oldman, <em>El instante m\u00e1s oscuro<\/em> \u2013 <strong>Mejor Actor<\/strong><\/p>\n<p class=\"p1\">Allison Janey, por <em>Yo, Tonya<\/em> \u2013 <strong>Mejor Actriz Secundaria<\/strong><\/p>\n<p class=\"p1\">Sam Rockwell, por <em>Tres Anuncios en las Afueras<\/em> \u2013 <strong>Mejor Actor Secundario<\/strong><\/p>\n<p class=\"p1\"><em>Call Me By Your Name<\/em> de James Ivory \u2013 <strong>Mejor Gui\u00f3n Adaptado<\/strong><\/p>\n<p class=\"p1\"><em>D\u00e9jame Salir<\/em> de Jordan Peele \u2013 <strong>Mejor Gui\u00f3n Original<\/strong><\/p>\n<p class=\"p1\"><em>Una mujer fant\u00e1stica<\/em> \u2013 <strong>Mejor Pel\u00edcula Extranjera<\/strong><\/p>\n<p class=\"p1\"><em>Coco<\/em> de Lee K.Unkrich y Darla K. Anderson \u2013 <strong>Mejor Pel\u00edcula Animada<\/strong><\/p>\n<p class=\"p1\"><em>Blade Runner 2049<\/em> de John Nelson, Paul Lambert, Richard R. Hoover y Gerd Nefzer \u2013 <strong>Mejores Efectos Especiales<\/strong><\/p>\n<p class=\"p1\"><em>El instante m\u00e1s Oscuro<\/em> de Kazuhiro Tsuji, David Malinowski y Lucy Sibbick \u2013 <strong>Mejor Maquillaje y Peluquer\u00eda<\/strong><\/p>\n<p class=\"p1\"><em>Dunkerque<\/em> de Mark Weingarten, Gregg Ladanker y Gary A. Rizzo \u2013 <strong>Mejor Mezcla de Sonido<\/strong><\/p>\n<p class=\"p1\"><em>La forma del agua<\/em>, Alexander Desplat \u2013 <strong>Mejor Banda Sonora<\/strong><\/p>\n<p class=\"p1\"><em>Remember Me<\/em>, en Coco, de Kristen Anderson-Lopez y Robert Lopez \u2013 <strong>Mejor Canci\u00f3n<\/strong><\/p>\n<p class=\"p1\"><em>Icarius<\/em> de Bryan Fogel y Dan Cogan \u2013 <strong>Mejor Documental<\/strong><\/p>\n<p class=\"p1\"><em>Heaven is a traffic jam on the 405<\/em> de Frank Stiefel \u2013 <strong>Mejor Cortrometraje Documental<\/strong><\/p>\n<p class=\"p1\"><em>The Silent Child<\/em> de Chris Overton y Rachel Shenton \u2013 <strong>Mejor Cortrometraje de Ficci\u00f3n<\/strong><\/p>\n<p class=\"p1\"><em>Dear Basketball<\/em> de Glen Keane y Kobe Bryant \u2013 <strong>Mejor Cortometraje Animado<\/strong><\/p>\n<p align=\"justify\">\u00a0<\/p>\n<p class=\"p1\">\u00a0<\/p>\n<\/div><div class=\"fusion-clearfix\"><\/div><\/div><\/div><\/div><\/div><div class=\"fusion-fullwidth fullwidth-box fusion-builder-row-4 nonhundred-percent-fullwidth non-hundred-percent-height-scrolling\" style=\"background-color: rgba(255,255,255,0);background-position: center center;background-repeat: no-repeat;padding-top:0px;padding-right:0px;padding-bottom:0px;padding-left:0px;margin-bottom: 0px;margin-top: 0px;border-width: 0px 0px 0px 0px;border-color:#eae9e9;border-style:solid;\" ><\/div><\/p>\n","protected":false},"excerpt":{"rendered":"<p>\t\t\t\tYa se han cumplido 90 ediciones de una de las entregas m\u00e1s significativas del mundo del cine. La tan siempre sorprendente Gala de los \u00d3scar de este a\u00f1o, celebrada la madrugada del 4 de marzo, se ha caracterizado por el esp\u00edritu reivindicativo del #MeToo, el despliegue de nuevos talentos y discursos llenos de carisma y pasi\u00f3n por la gran pantalla. Y como no pod\u00eda ser de otro modo, para suerte de los m\u00e1s aficionados a la moda, la alfombra roja se ha llenado de glamour con los estilismos m\u00e1s potentes \u2013y algunos menos afortunados- que, en muchos casos, guardaban un mensaje de igualdad. Hacemos un repaso de los mejores y peores looks de la gala de los \u00d3scar 2018 junto a los consejos de grandes estilistas. Y t\u00fa, \u00bfqu\u00e9 opinas?\t\t<\/p>\n","protected":false},"author":2,"featured_media":22161,"comment_status":"open","ping_status":"open","sticky":false,"template":"","format":"standard","meta":[],"categories":[6],"tags":[],"yoast_head":"<!-- This site is optimized with the Yoast SEO plugin v20.0 - https:\/\/yoast.com\/wordpress\/plugins\/seo\/ -->\n<title>Los looks de los \u00d3scars 2018: a debate - Blog Termix Spain<\/title>\n<meta name=\"description\" content=\"Blog Termix Spain Los looks de los \u00d3scars 2018: a debate -\" \/>\n<meta name=\"robots\" content=\"index, follow, max-snippet:-1, max-image-preview:large, max-video-preview:-1\" \/>\n<link rel=\"canonical\" href=\"https:\/\/termix.net\/blog-int\/es\/oscars-2018-peinados-termix\/\" \/>\n<meta property=\"og:locale\" content=\"es_ES\" \/>\n<meta property=\"og:type\" content=\"article\" \/>\n<meta property=\"og:title\" content=\"Los looks de los \u00d3scars 2018: a debate - Blog Termix Spain\" \/>\n<meta property=\"og:description\" content=\"Blog Termix Spain Los looks de los \u00d3scars 2018: a debate -\" \/>\n<meta property=\"og:url\" content=\"https:\/\/termix.net\/blog-int\/es\/oscars-2018-peinados-termix\/\" \/>\n<meta property=\"og:site_name\" content=\"Blog Termix Spain\" \/>\n<meta property=\"article:published_time\" content=\"2018-03-05T16:42:40+00:00\" \/>\n<meta property=\"article:modified_time\" content=\"2019-12-05T09:01:16+00:00\" \/>\n<meta property=\"og:image\" content=\"https:\/\/termix.net\/blog-int\/wp-content\/uploads\/2018\/03\/jenniferlawrenceweb1.jpg\" \/>\n\t<meta property=\"og:image:width\" content=\"1160\" \/>\n\t<meta property=\"og:image:height\" content=\"660\" \/>\n\t<meta property=\"og:image:type\" content=\"image\/jpeg\" \/>\n<meta name=\"author\" content=\"TermixTeam\" \/>\n<meta name=\"twitter:card\" content=\"summary_large_image\" \/>\n<meta name=\"twitter:label1\" content=\"Escrito por\" \/>\n\t<meta name=\"twitter:data1\" content=\"TermixTeam\" \/>\n\t<meta name=\"twitter:label2\" content=\"Tiempo de lectura\" \/>\n\t<meta name=\"twitter:data2\" content=\"11 minutos\" \/>\n<script type=\"application\/ld+json\" class=\"yoast-schema-graph\">{\"@context\":\"https:\/\/schema.org\",\"@graph\":[{\"@type\":\"Article\",\"@id\":\"https:\/\/termix.net\/blog-int\/es\/oscars-2018-peinados-termix\/#article\",\"isPartOf\":{\"@id\":\"https:\/\/termix.net\/blog-int\/es\/oscars-2018-peinados-termix\/\"},\"author\":{\"name\":\"TermixTeam\",\"@id\":\"https:\/\/termix.net\/blog-int\/es\/#\/schema\/person\/9096c98bdf03c8ddf91ad7172f254f40\"},\"headline\":\"Los looks de los \u00d3scars 2018: a debate\",\"datePublished\":\"2018-03-05T16:42:40+00:00\",\"dateModified\":\"2019-12-05T09:01:16+00:00\",\"mainEntityOfPage\":{\"@id\":\"https:\/\/termix.net\/blog-int\/es\/oscars-2018-peinados-termix\/\"},\"wordCount\":2232,\"commentCount\":0,\"publisher\":{\"@id\":\"https:\/\/termix.net\/blog-int\/es\/#organization\"},\"articleSection\":[\"NOTICIAS\"],\"inLanguage\":\"es\",\"potentialAction\":[{\"@type\":\"CommentAction\",\"name\":\"Comment\",\"target\":[\"https:\/\/termix.net\/blog-int\/es\/oscars-2018-peinados-termix\/#respond\"]}]},{\"@type\":\"WebPage\",\"@id\":\"https:\/\/termix.net\/blog-int\/es\/oscars-2018-peinados-termix\/\",\"url\":\"https:\/\/termix.net\/blog-int\/es\/oscars-2018-peinados-termix\/\",\"name\":\"Los looks de los \u00d3scars 2018: a debate - Blog Termix Spain\",\"isPartOf\":{\"@id\":\"https:\/\/termix.net\/blog-int\/es\/#website\"},\"datePublished\":\"2018-03-05T16:42:40+00:00\",\"dateModified\":\"2019-12-05T09:01:16+00:00\",\"description\":\"Blog Termix Spain Los looks de los \u00d3scars 2018: a debate -\",\"breadcrumb\":{\"@id\":\"https:\/\/termix.net\/blog-int\/es\/oscars-2018-peinados-termix\/#breadcrumb\"},\"inLanguage\":\"es\",\"potentialAction\":[{\"@type\":\"ReadAction\",\"target\":[\"https:\/\/termix.net\/blog-int\/es\/oscars-2018-peinados-termix\/\"]}]},{\"@type\":\"BreadcrumbList\",\"@id\":\"https:\/\/termix.net\/blog-int\/es\/oscars-2018-peinados-termix\/#breadcrumb\",\"itemListElement\":[{\"@type\":\"ListItem\",\"position\":1,\"name\":\"Home\",\"item\":\"https:\/\/termix.net\/blog-int\/es\/\"},{\"@type\":\"ListItem\",\"position\":2,\"name\":\"Los looks de los \u00d3scars 2018: a debate\"}]},{\"@type\":\"WebSite\",\"@id\":\"https:\/\/termix.net\/blog-int\/es\/#website\",\"url\":\"https:\/\/termix.net\/blog-int\/es\/\",\"name\":\"Blog Termix Spain\",\"description\":\"Blog de tendencias y productos de peluquer\u00eda profesional.\",\"publisher\":{\"@id\":\"https:\/\/termix.net\/blog-int\/es\/#organization\"},\"potentialAction\":[{\"@type\":\"SearchAction\",\"target\":{\"@type\":\"EntryPoint\",\"urlTemplate\":\"https:\/\/termix.net\/blog-int\/es\/?s={search_term_string}\"},\"query-input\":\"required name=search_term_string\"}],\"inLanguage\":\"es\"},{\"@type\":\"Organization\",\"@id\":\"https:\/\/termix.net\/blog-int\/es\/#organization\",\"name\":\"Dols Industrial de Peluquer\u00eda SA\",\"url\":\"https:\/\/termix.net\/blog-int\/es\/\",\"logo\":{\"@type\":\"ImageObject\",\"inLanguage\":\"es\",\"@id\":\"https:\/\/termix.net\/blog-int\/es\/#\/schema\/logo\/image\/\",\"url\":\"https:\/\/termix.net\/blog-int\/wp-content\/uploads\/2020\/10\/OGbDAeng.jpeg\",\"contentUrl\":\"https:\/\/termix.net\/blog-int\/wp-content\/uploads\/2020\/10\/OGbDAeng.jpeg\",\"width\":800,\"height\":800,\"caption\":\"Dols Industrial de Peluquer\u00eda SA\"},\"image\":{\"@id\":\"https:\/\/termix.net\/blog-int\/es\/#\/schema\/logo\/image\/\"}},{\"@type\":\"Person\",\"@id\":\"https:\/\/termix.net\/blog-int\/es\/#\/schema\/person\/9096c98bdf03c8ddf91ad7172f254f40\",\"name\":\"TermixTeam\",\"image\":{\"@type\":\"ImageObject\",\"inLanguage\":\"es\",\"@id\":\"https:\/\/termix.net\/blog-int\/es\/#\/schema\/person\/image\/\",\"url\":\"https:\/\/secure.gravatar.com\/avatar\/d89f61f6bd1c29a4acb231736d1c74b3?s=96&d=mm&r=g\",\"contentUrl\":\"https:\/\/secure.gravatar.com\/avatar\/d89f61f6bd1c29a4acb231736d1c74b3?s=96&d=mm&r=g\",\"caption\":\"TermixTeam\"},\"url\":\"https:\/\/termix.net\/blog-int\/es\/author\/termixteam\/\"}]}<\/script>\n<!-- \/ Yoast SEO plugin. -->","yoast_head_json":{"title":"Los looks de los \u00d3scars 2018: a debate - Blog Termix Spain","description":"Blog Termix Spain Los looks de los \u00d3scars 2018: a debate -","robots":{"index":"index","follow":"follow","max-snippet":"max-snippet:-1","max-image-preview":"max-image-preview:large","max-video-preview":"max-video-preview:-1"},"canonical":"https:\/\/termix.net\/blog-int\/es\/oscars-2018-peinados-termix\/","og_locale":"es_ES","og_type":"article","og_title":"Los looks de los \u00d3scars 2018: a debate - Blog Termix Spain","og_description":"Blog Termix Spain Los looks de los \u00d3scars 2018: a debate -","og_url":"https:\/\/termix.net\/blog-int\/es\/oscars-2018-peinados-termix\/","og_site_name":"Blog Termix Spain","article_published_time":"2018-03-05T16:42:40+00:00","article_modified_time":"2019-12-05T09:01:16+00:00","og_image":[{"width":1160,"height":660,"url":"https:\/\/termix.net\/blog-int\/wp-content\/uploads\/2018\/03\/jenniferlawrenceweb1.jpg","type":"image\/jpeg"}],"author":"TermixTeam","twitter_card":"summary_large_image","twitter_misc":{"Escrito por":"TermixTeam","Tiempo de lectura":"11 minutos"},"schema":{"@context":"https:\/\/schema.org","@graph":[{"@type":"Article","@id":"https:\/\/termix.net\/blog-int\/es\/oscars-2018-peinados-termix\/#article","isPartOf":{"@id":"https:\/\/termix.net\/blog-int\/es\/oscars-2018-peinados-termix\/"},"author":{"name":"TermixTeam","@id":"https:\/\/termix.net\/blog-int\/es\/#\/schema\/person\/9096c98bdf03c8ddf91ad7172f254f40"},"headline":"Los looks de los \u00d3scars 2018: a debate","datePublished":"2018-03-05T16:42:40+00:00","dateModified":"2019-12-05T09:01:16+00:00","mainEntityOfPage":{"@id":"https:\/\/termix.net\/blog-int\/es\/oscars-2018-peinados-termix\/"},"wordCount":2232,"commentCount":0,"publisher":{"@id":"https:\/\/termix.net\/blog-int\/es\/#organization"},"articleSection":["NOTICIAS"],"inLanguage":"es","potentialAction":[{"@type":"CommentAction","name":"Comment","target":["https:\/\/termix.net\/blog-int\/es\/oscars-2018-peinados-termix\/#respond"]}]},{"@type":"WebPage","@id":"https:\/\/termix.net\/blog-int\/es\/oscars-2018-peinados-termix\/","url":"https:\/\/termix.net\/blog-int\/es\/oscars-2018-peinados-termix\/","name":"Los looks de los \u00d3scars 2018: a debate - Blog Termix Spain","isPartOf":{"@id":"https:\/\/termix.net\/blog-int\/es\/#website"},"datePublished":"2018-03-05T16:42:40+00:00","dateModified":"2019-12-05T09:01:16+00:00","description":"Blog Termix Spain Los looks de los \u00d3scars 2018: a debate -","breadcrumb":{"@id":"https:\/\/termix.net\/blog-int\/es\/oscars-2018-peinados-termix\/#breadcrumb"},"inLanguage":"es","potentialAction":[{"@type":"ReadAction","target":["https:\/\/termix.net\/blog-int\/es\/oscars-2018-peinados-termix\/"]}]},{"@type":"BreadcrumbList","@id":"https:\/\/termix.net\/blog-int\/es\/oscars-2018-peinados-termix\/#breadcrumb","itemListElement":[{"@type":"ListItem","position":1,"name":"Home","item":"https:\/\/termix.net\/blog-int\/es\/"},{"@type":"ListItem","position":2,"name":"Los looks de los \u00d3scars 2018: a debate"}]},{"@type":"WebSite","@id":"https:\/\/termix.net\/blog-int\/es\/#website","url":"https:\/\/termix.net\/blog-int\/es\/","name":"Blog Termix Spain","description":"Blog de tendencias y productos de peluquer\u00eda profesional.","publisher":{"@id":"https:\/\/termix.net\/blog-int\/es\/#organization"},"potentialAction":[{"@type":"SearchAction","target":{"@type":"EntryPoint","urlTemplate":"https:\/\/termix.net\/blog-int\/es\/?s={search_term_string}"},"query-input":"required name=search_term_string"}],"inLanguage":"es"},{"@type":"Organization","@id":"https:\/\/termix.net\/blog-int\/es\/#organization","name":"Dols Industrial de Peluquer\u00eda SA","url":"https:\/\/termix.net\/blog-int\/es\/","logo":{"@type":"ImageObject","inLanguage":"es","@id":"https:\/\/termix.net\/blog-int\/es\/#\/schema\/logo\/image\/","url":"https:\/\/termix.net\/blog-int\/wp-content\/uploads\/2020\/10\/OGbDAeng.jpeg","contentUrl":"https:\/\/termix.net\/blog-int\/wp-content\/uploads\/2020\/10\/OGbDAeng.jpeg","width":800,"height":800,"caption":"Dols Industrial de Peluquer\u00eda SA"},"image":{"@id":"https:\/\/termix.net\/blog-int\/es\/#\/schema\/logo\/image\/"}},{"@type":"Person","@id":"https:\/\/termix.net\/blog-int\/es\/#\/schema\/person\/9096c98bdf03c8ddf91ad7172f254f40","name":"TermixTeam","image":{"@type":"ImageObject","inLanguage":"es","@id":"https:\/\/termix.net\/blog-int\/es\/#\/schema\/person\/image\/","url":"https:\/\/secure.gravatar.com\/avatar\/d89f61f6bd1c29a4acb231736d1c74b3?s=96&d=mm&r=g","contentUrl":"https:\/\/secure.gravatar.com\/avatar\/d89f61f6bd1c29a4acb231736d1c74b3?s=96&d=mm&r=g","caption":"TermixTeam"},"url":"https:\/\/termix.net\/blog-int\/es\/author\/termixteam\/"}]}},"_links":{"self":[{"href":"https:\/\/termix.net\/blog-int\/es\/wp-json\/wp\/v2\/posts\/13192"}],"collection":[{"href":"https:\/\/termix.net\/blog-int\/es\/wp-json\/wp\/v2\/posts"}],"about":[{"href":"https:\/\/termix.net\/blog-int\/es\/wp-json\/wp\/v2\/types\/post"}],"author":[{"embeddable":true,"href":"https:\/\/termix.net\/blog-int\/es\/wp-json\/wp\/v2\/users\/2"}],"replies":[{"embeddable":true,"href":"https:\/\/termix.net\/blog-int\/es\/wp-json\/wp\/v2\/comments?post=13192"}],"version-history":[{"count":2,"href":"https:\/\/termix.net\/blog-int\/es\/wp-json\/wp\/v2\/posts\/13192\/revisions"}],"predecessor-version":[{"id":22163,"href":"https:\/\/termix.net\/blog-int\/es\/wp-json\/wp\/v2\/posts\/13192\/revisions\/22163"}],"wp:featuredmedia":[{"embeddable":true,"href":"https:\/\/termix.net\/blog-int\/es\/wp-json\/wp\/v2\/media\/22161"}],"wp:attachment":[{"href":"https:\/\/termix.net\/blog-int\/es\/wp-json\/wp\/v2\/media?parent=13192"}],"wp:term":[{"taxonomy":"category","embeddable":true,"href":"https:\/\/termix.net\/blog-int\/es\/wp-json\/wp\/v2\/categories?post=13192"},{"taxonomy":"post_tag","embeddable":true,"href":"https:\/\/termix.net\/blog-int\/es\/wp-json\/wp\/v2\/tags?post=13192"}],"curies":[{"name":"wp","href":"https:\/\/api.w.org\/{rel}","templated":true}]}}