{"id":10725,"date":"2017-10-05T11:33:22","date_gmt":"2017-10-05T11:33:22","guid":{"rendered":"http:\/\/termix.net\/?p=10725"},"modified":"2019-12-10T10:04:41","modified_gmt":"2019-12-10T09:04:41","slug":"termix-presenta-el-nuevo-secador-4300-la-revolucion-del-brushing","status":"publish","type":"post","link":"https:\/\/termix.net\/blog-int\/es\/termix-presenta-el-nuevo-secador-4300-la-revolucion-del-brushing\/","title":{"rendered":"Termix presenta el nuevo Secador 4300: la revoluci\u00f3n del brushing"},"content":{"rendered":"<p><div class=\"fusion-fullwidth fullwidth-box fusion-builder-row-1 faded-background fusion-parallax-none nonhundred-percent-fullwidth non-hundred-percent-height-scrolling fusion-no-small-visibility fusion-no-medium-visibility\" style=\"background-position: center center;background-repeat: no-repeat;padding-top:24%;padding-right:3%;padding-bottom:0px;padding-left:3%;margin-bottom: 0px;margin-top: 0px;border-width: 0px 0px 0px 0px;border-color:#eae9e9;border-style:solid;-webkit-background-size:cover;-moz-background-size:cover;-o-background-size:cover;background-size:cover;\" ><div class=\"fullwidth-faded\" style=\"background-color:#181818;background-image: url(https:\/\/termixuri2.pre-testing.com\/blog-int\/wp-content\/uploads\/2017\/10\/SECADOR-PROFE.jpg);background-position:center center;background-repeat:no-repeat;-webkit-background-size:cover;-moz-background-size:cover;-o-background-size:cover;background-size:cover;\" ><\/div><div class=\"fusion-builder-row fusion-row\"><div class=\"fusion-layout-column fusion_builder_column fusion-builder-column-0 fusion_builder_column_1_1 1_1 fusion-one-full fusion-column-first fusion-column-last\" style=\"margin-top:0px;margin-bottom:0px;\"><div class=\"fusion-column-wrapper fusion-flex-column-wrapper-legacy\" style=\"background-position:left top;background-repeat:no-repeat;-webkit-background-size:cover;-moz-background-size:cover;-o-background-size:cover;background-size:cover;background-color:rgba(255,255,255,0.7);padding: 6% 8% 6% 8%;\"><div class=\"fusion-text fusion-text-1 caption\"><p style=\"text-align: center;\">Novedades \u2014 3 min de lectura<\/p>\n<\/div><style type=\"text\/css\"><\/style><div class=\"fusion-title title fusion-title-1 fusion-sep-none fusion-title-center fusion-title-text fusion-title-size-two\" style=\"margin-top:30px;margin-right:0px;margin-bottom:20px;margin-left:0px;\"><h2 class=\"title-heading-center fusion-responsive-typography-calculated\" style=\"margin:0;--fontSize:50;line-height:1.28;\">Termix presenta el nuevo Secador 4300: la revoluci\u00f3n del brushing<\/h2><\/div><div class=\"fusion-clearfix\"><\/div><\/div><\/div><\/div><\/div><div class=\"fusion-fullwidth fullwidth-box fusion-builder-row-2 fusion-parallax-none nonhundred-percent-fullwidth non-hundred-percent-height-scrolling fusion-no-large-visibility\" style=\"background-color: rgba(255,255,255,0);background-image: url(&quot;https:\/\/termixuri2.pre-testing.com\/blog-int\/wp-content\/uploads\/2019\/11\/con-el-secador-compacto-profesioanl-4300-de-termix-damos-volumen-al-cabello-1.jpg&quot;);background-position: center center;background-repeat: no-repeat;padding-top:0px;padding-right:0px;padding-bottom:0px;padding-left:0px;margin-bottom: 0px;margin-top: 0px;border-width: 0px 0px 0px 0px;border-color:#eae9e9;border-style:solid;-webkit-background-size:cover;-moz-background-size:cover;-o-background-size:cover;background-size:cover;\" ><div class=\"fusion-builder-row fusion-row\"><div class=\"fusion-layout-column fusion_builder_column fusion-builder-column-1 fusion_builder_column_1_1 1_1 fusion-one-full fusion-column-first fusion-column-last fusion-column-inner-bg-wrapper\" style=\"margin-top:20px;margin-bottom:20px;\"><div class=\"fusion-column-wrapper fusion-flex-column-wrapper-legacy\" style=\"padding: 10% 0px 10% 0px;\" data-bg-url=\"http:\/\/termixnew.pre-testing.com\/blog\/wp-content\/uploads\/2019\/03\/single-blog-post-feat.jpg\"><div class=\"fusion-sep-clear\"><\/div><div class=\"fusion-separator fusion-no-large-visibility fusion-full-width-sep\" style=\"margin-left: auto;margin-right: auto;margin-top:200px;width:100%;\"><\/div><div class=\"fusion-sep-clear\"><\/div><div class=\"fusion-clearfix\"><\/div><\/div><span class=\"fusion-column-inner-bg hover-type-zoomout\"><a class=\"fusion-column-anchor\"><span class=\"fusion-column-inner-bg-image\" style=\"background-image: url(&#039;http:\/\/termixnew.pre-testing.com\/blog\/wp-content\/uploads\/2019\/03\/single-blog-post-feat.jpg&#039;);background-position:center center;background-repeat:no-repeat;-webkit-background-size:cover;-moz-background-size:cover;-o-background-size:cover;background-size:cover;\"><\/span><\/a><\/span><\/div><div class=\"fusion-layout-column fusion_builder_column fusion-builder-column-2 fusion_builder_column_1_1 1_1 fusion-one-full fusion-column-first fusion-column-last\" style=\"margin-top:0px;margin-bottom:0px;\"><div class=\"fusion-column-wrapper fusion-flex-column-wrapper-legacy\" style=\"background-position:left top;background-repeat:no-repeat;-webkit-background-size:cover;-moz-background-size:cover;-o-background-size:cover;background-size:cover;background-color:#ffffff;padding: 6% 0px 0px 0px;\"><div class=\"fusion-text fusion-text-2 caption\"><p style=\"text-align: center;\">Novedades \u2014 3 min de lectura<\/p>\n<\/div><style type=\"text\/css\"><\/style><div class=\"fusion-title title fusion-title-2 fusion-sep-none fusion-title-center fusion-title-text fusion-title-size-two\" style=\"margin-top:30px;margin-right:0px;margin-bottom:20px;margin-left:0px;\"><h2 class=\"title-heading-center fusion-responsive-typography-calculated\" style=\"margin:0;--fontSize:50;line-height:1.28;\">Termix presenta el nuevo Secador 4300: la revoluci\u00f3n del brushing<\/h2><\/div><div class=\"fusion-clearfix\"><\/div><\/div><\/div><\/div><\/div><div class=\"fusion-fullwidth fullwidth-box fusion-builder-row-3 nonhundred-percent-fullwidth non-hundred-percent-height-scrolling\" style=\"background-color: rgba(255,255,255,0);background-position: center center;background-repeat: no-repeat;padding-top:10px;padding-right:0px;padding-bottom:4%;padding-left:0px;margin-bottom: 0px;margin-top: 0px;border-width: 0px 0px 0px 0px;border-color:#eae9e9;border-style:solid;\" ><div class=\"fusion-builder-row fusion-row\"><div class=\"fusion-layout-column fusion_builder_column fusion-builder-column-3 fusion_builder_column_1_6 1_6 fusion-one-sixth fusion-column-first fusion-no-small-visibility fusion-no-medium-visibility\" style=\"width:16.666666666667%;width:calc(16.666666666667% - ( ( 0 ) * 0.16666666666667 ) );margin-right: 0px;margin-top:20px;margin-bottom:20px;\"><div class=\"fusion-column-wrapper fusion-flex-column-wrapper-legacy\" style=\"background-position:left top;background-repeat:no-repeat;-webkit-background-size:cover;-moz-background-size:cover;-o-background-size:cover;background-size:cover;padding: 0px 0px 0px 0px;\"><div class=\"fusion-clearfix\"><\/div><\/div><\/div><div class=\"fusion-layout-column fusion_builder_column fusion-builder-column-4 fusion_builder_column_2_3 2_3 fusion-two-third fusion-column-last\" style=\"width:66.666666666667%;width:calc(66.666666666667% - ( ( 0 ) * 0.66666666666667 ) );margin-top:20px;margin-bottom:20px;\"><div class=\"fusion-column-wrapper fusion-flex-column-wrapper-legacy\" style=\"background-position:left top;background-repeat:no-repeat;-webkit-background-size:cover;-moz-background-size:cover;-o-background-size:cover;background-size:cover;padding: 0px 0px 0px 0px;\"><div class=\"fusion-sep-clear\"><\/div><div class=\"fusion-separator fusion-full-width-sep\" style=\"margin-left: auto;margin-right: auto;margin-top:30px;width:100%;\"><\/div><div class=\"fusion-sep-clear\"><\/div><div class=\"fusion-text fusion-text-3\"><p style=\"text-align: center;\"><span style=\"font-size: 22px; line-height: 1.5em;\">\u00bfQu\u00e9 elementos necesitas para realizar un perfecto \u2018brushing\u2019?<\/span><\/p>\n<p style=\"text-align: center;\"><span style=\"font-size: 22px; line-height: 1.5em;\"> A estas alturas, ya reconocer\u00e1s a tus dos compa\u00f1eros imprescindibles: un cepillo t\u00e9rmico profesional y un <strong>secador<\/strong> que proteja y cuide tu melena. Para facilitarte el trabajo, Termix presenta el nuevo secador compacto profesional 4300, un revolucionario lanzamiento que se convertir\u00e1 en tu aliado favorito para conseguir el perfecto \u2018<strong>brushing<\/strong>\u2019. <\/span><\/p>\n<p style=\"text-align: center;\"><strong><span style=\"font-size: 22px; line-height: 1.5em;\">Te lo presentamos.<\/span><\/strong><\/p>\n<\/div><div class=\"fusion-sep-clear\"><\/div><div class=\"fusion-separator fusion-full-width-sep\" style=\"margin-left: auto;margin-right: auto;margin-top:30px;width:100%;\"><\/div><div class=\"fusion-sep-clear\"><\/div><div class=\"fusion-text fusion-text-4\"><h3 style=\"text-align: justify;\"><\/h3>\n<p style=\"text-align: justify;\">El nuevo\u00a0<strong>secador compacto de Termix 4300<\/strong>\u00a0tiene una potencia \u00f3ptima para proteger la elasticidad del cabello, conservando la humedad natural del mismo y permitiendo obtener resultados muy pulidos. Por otro lado, su\u00a0<strong>motor profesional de alta calidad\u00a0<\/strong> no se calienta durante la utilizaci\u00f3n del secador, aumentando su efectividad y longevidad. Es\u00a0<strong>adaptable a todo tipo de cabello<\/strong>, ya que incorpora un\u00a0<strong>regulador de temperatura<\/strong>\u00a0con tres niveles, adem\u00e1s de dos velocidades y un bot\u00f3n de\u00a0<strong>aire fr\u00edo<\/strong>\u00a0que ayuda a conseguir una mayor fijaci\u00f3n\u00a0del peinado. La combinaci\u00f3n entre la\u00a0<strong>temperatura y el caudal<\/strong>\u00a0de aire es la perfecta para conseguir los moldeados deseados, en el menor tiempo posible y\u00a0<strong>respetando la salud y brillo<\/strong>\u00a0naturales del cabello.<\/p>\n<p style=\"text-align: justify;\"><img decoding=\"async\" class=\"aligncenter size-full wp-image-10727\" src=\"http:\/\/termix.net\/wp-content\/uploads\/2017\/09\/SECADOR-LADO-1.jpg\" alt=\"El secador compacto 4300 de Termix es ideal para realizar un brushing completo gracias a su potencia media que seca el cabello sin deshidratarlo\" width=\"1160\" height=\"660\" \/><\/p>\n<p style=\"text-align: justify;\">El <strong>secador 4300 de Termix<\/strong> es mucho m\u00e1s compacto y ligero facilitando su uso y evitando la fatiga muscular que suele aparecer durante largos procesos de secado de cabello. Un formato <strong>muy ergon\u00f3mico<\/strong> de tan solo <strong>850 gramos<\/strong> de peso, que lo convierte en una herramienta de peluquer\u00eda <strong>muy manejable<\/strong> y que facilita el trabajo de secado. Un secador compacto que integra la <strong>\u00faltima tecnolog\u00eda<\/strong> disponible en el mercado en un tama\u00f1o reducido, consiguiendo resultados \u00f3ptimos y de alta calidad.<\/p>\n<h1 style=\"text-align: justify;\">SECADOR 4300 DE TERMIX \u00bfQU\u00c9 DEBO SABER?<\/h1>\n<p style=\"text-align: justify;\"><img decoding=\"async\" class=\"aligncenter size-full wp-image-10919\" src=\"http:\/\/termix.net\/wp-content\/uploads\/2017\/10\/secador-profesional-carcateristicas.jpg\" alt=\"El secador profesional de Termix es compacto e incluye dos boquillas para moldeados\" width=\"1160\" height=\"660\" \/><\/p>\n<h2><\/h2>\n<p style=\"text-align: justify;\">Adem\u00e1s, el <strong>secador 4300<\/strong> permite realizar <strong>trabajos de precisi\u00f3n<\/strong> gracias a las dos boquillas que incorpora. Se trata de <strong>boquillas giratorias<\/strong> en dos tama\u00f1os que facilitan el <strong>secado en 360<\/strong><strong>\u00b0<\/strong>, es decir, permiten redireccionar la boquilla en la posici\u00f3n deseada con un simple gesto mientras se desarrolla el proceso de secado. La boquilla grande est\u00e1 especialmente dise\u00f1ada para aquellas melenas abundantes, que merezcan ser peinadas con el <strong>Evolution XL de Termix<\/strong>. Una combinaci\u00f3n perfecta para conseguir los mejores resultados y el m\u00e1ximo brillo en loas cabellos m\u00e1s largos.\u00a0La <strong>gran ergonom\u00eda<\/strong> y manejabilidad del nuevo secador profesional no acaba aqu\u00ed y es que incluye un cable de <strong>2,5m de largo<\/strong>, permitiendo una <strong>mayor libertad de movimiento<\/strong> mientras se realiza el proceso de secado.<\/p>\n<p style=\"text-align: justify;\"><img decoding=\"async\" class=\"aligncenter size-full wp-image-10728\" src=\"http:\/\/termix.net\/wp-content\/uploads\/2017\/09\/SECADOR-CON-BOQUILLAS.jpg\" alt=\"Las boquillas giratorias del nuevo secador 4300 de Termix ayudan a perfilar el secado, gracias a su precisi\u00f3n\" width=\"1160\" height=\"660\" \/><\/p>\n<p style=\"text-align: justify;\">El mantenimiento y limpieza tampoco supondr\u00e1 un problema y es que el secador incluye un <strong>filtro trasero extra\u00edble<\/strong> que permite retirar los cabellos adheridos a su superficie, f\u00e1cil y r\u00e1pidamente. Esta propiedad colabora al <strong>perfecto mantenimiento del secador<\/strong> y la prolongaci\u00f3n de su vida \u00fatil durante m\u00e1s tiempo.\u00a0\u00bfTodav\u00eda no estas convencido? Presta atenci\u00f3n, porque en Termix \u00a0todav\u00eda hay m\u00e1s novedades para que des alas a tu imaginaci\u00f3n y consigas crear los estilos y peinados m\u00e1s incre\u00edbles con un acabado profesional.<\/p>\n<h1 style=\"text-align: justify;\">COMPLEMENTA TU SECADOR 4300 CON LOS NUEVOS ACCESORIOS DE TERMIX<\/h1>\n<p style=\"text-align: justify;\">Como primer estreno, tenemos el <strong>Difusor con p\u00faas universal de Termix<\/strong>, un accesorio ideal para potenciar las ondas de tu melena. Se trata de un complemento <strong>100% adaptable<\/strong> que permite elegir la apertura del perforado seg\u00fan queramos aportar <strong>m\u00e1s o menos volumen<\/strong> al cabello. Esto es posible gracias a la <strong>incorporaci\u00f3n de un novedoso sistema<\/strong> consistente en <strong>dos filtros<\/strong> superpuestos con una <strong>base rotativa<\/strong> que, al girar, abre o cierra los huecos del difusor para dejar pasar un mayor o menor <strong>caudal de aire<\/strong> respectivamente. \u00a1De esta forma podr\u00e1s crear los <strong>moldeados m\u00e1s precisos<\/strong> y pulidos!<\/p>\n<p style=\"text-align: justify;\"><img decoding=\"async\" class=\"aligncenter size-full wp-image-10906\" src=\"http:\/\/termix.net\/wp-content\/uploads\/2017\/10\/difusor-puas-1.jpg\" alt=\"El nuevo difusor con p\u00fas adaptable de Termix es ideal para realizar las ondas deseadas con el volumen que prefiramos\" width=\"1160\" height=\"660\" \/><\/p>\n<p style=\"text-align: justify;\">Y como\u00a0 punto y final, tenemos el nuevo <strong>spray pulverizador de Termix<\/strong>. Un accesorio ideal para preparar el corte de pelo, que incluye la <strong>\u00faltima tecnolog\u00eda<\/strong> de pulverizaci\u00f3n. Un spray que es utilizable en cualquier direcci\u00f3n, controlando la <strong>cantidad precisa de producto<\/strong> que se dispersar\u00e1 en forma de <strong>bruma<\/strong>, consiguiendo humedecer el cabello en su justa medida. Adem\u00e1s, su sistema de <strong>pulsaci\u00f3n prolongada y de efecto retorno<\/strong> permite adaptar la pulverizaci\u00f3n a las necesidades del cabello sobre el que estemos trabajando, <strong>recarg\u00e1ndose autom\u00e1ticamente<\/strong>.<\/p>\n<p style=\"text-align: justify;\"><img decoding=\"async\" class=\"aligncenter size-full wp-image-10907\" src=\"http:\/\/termix.net\/wp-content\/uploads\/2017\/10\/tres-pulverizadores.jpg\" alt=\"Los tres pulverizadores efecto bruma son perfectos para preparar el cabello antes de la realizaci\u00f3n de un corte de tendencia\" width=\"1160\" height=\"660\" \/><\/p>\n<\/div><div class=\"fusion-clearfix\"><\/div><\/div><\/div><\/div><\/div><div class=\"fusion-fullwidth fullwidth-box fusion-builder-row-4 nonhundred-percent-fullwidth non-hundred-percent-height-scrolling\" style=\"background-color: rgba(255,255,255,0);background-position: center center;background-repeat: no-repeat;padding-top:0px;padding-right:0px;padding-bottom:0px;padding-left:0px;margin-bottom: 0px;margin-top: 0px;border-width: 0px 0px 0px 0px;border-color:#eae9e9;border-style:solid;\" ><\/div><\/p>\n","protected":false},"excerpt":{"rendered":"<p>\t\t\t\t\u00bfQu\u00e9 elementos necesitas para realizar un perfecto &#8216;brushing&#8217;? Termix presenta el secador compacto profesional 4300, un revolucionario lanzamiento que se convertir\u00e1 en tu aliado favorito para conseguir el perfecto &#8216;brushing&#8217;. \t\t<\/p>\n","protected":false},"author":2,"featured_media":22356,"comment_status":"open","ping_status":"open","sticky":false,"template":"","format":"standard","meta":[],"categories":[6],"tags":[],"yoast_head":"<!-- This site is optimized with the Yoast SEO plugin v20.0 - https:\/\/yoast.com\/wordpress\/plugins\/seo\/ -->\n<title>Termix presenta el nuevo secador compacto 4300: la revoluci\u00f3n del secado profesional<\/title>\n<meta name=\"description\" content=\"La herramienta profesional que se convertir\u00e1 en tu mejor aliado durante el brushing ya que consigue secar el cabello en menos tiempo sin deshidratarlo.\" \/>\n<meta name=\"robots\" content=\"index, follow, max-snippet:-1, max-image-preview:large, max-video-preview:-1\" \/>\n<link rel=\"canonical\" href=\"https:\/\/termix.net\/blog-int\/es\/termix-presenta-el-nuevo-secador-4300-la-revolucion-del-brushing\/\" \/>\n<meta property=\"og:locale\" content=\"es_ES\" \/>\n<meta property=\"og:type\" content=\"article\" \/>\n<meta property=\"og:title\" content=\"Termix presenta el nuevo secador compacto 4300: la revoluci\u00f3n del secado profesional\" \/>\n<meta property=\"og:description\" content=\"La herramienta profesional que se convertir\u00e1 en tu mejor aliado durante el brushing ya que consigue secar el cabello en menos tiempo sin deshidratarlo.\" \/>\n<meta property=\"og:url\" content=\"https:\/\/termix.net\/blog-int\/es\/termix-presenta-el-nuevo-secador-4300-la-revolucion-del-brushing\/\" \/>\n<meta property=\"og:site_name\" content=\"Blog Termix Spain\" \/>\n<meta property=\"article:published_time\" content=\"2017-10-05T11:33:22+00:00\" \/>\n<meta property=\"article:modified_time\" content=\"2019-12-10T09:04:41+00:00\" \/>\n<meta property=\"og:image\" content=\"https:\/\/termix.net\/blog-int\/wp-content\/uploads\/2017\/10\/SECADOR-PROFE.jpg\" \/>\n\t<meta property=\"og:image:width\" content=\"1160\" \/>\n\t<meta property=\"og:image:height\" content=\"660\" \/>\n\t<meta property=\"og:image:type\" content=\"image\/jpeg\" \/>\n<meta name=\"author\" content=\"TermixTeam\" \/>\n<meta name=\"twitter:card\" content=\"summary_large_image\" \/>\n<meta name=\"twitter:label1\" content=\"Escrito por\" \/>\n\t<meta name=\"twitter:data1\" content=\"TermixTeam\" \/>\n\t<meta name=\"twitter:label2\" content=\"Tiempo de lectura\" \/>\n\t<meta name=\"twitter:data2\" content=\"9 minutos\" \/>\n<script type=\"application\/ld+json\" class=\"yoast-schema-graph\">{\"@context\":\"https:\/\/schema.org\",\"@graph\":[{\"@type\":\"Article\",\"@id\":\"https:\/\/termix.net\/blog-int\/es\/termix-presenta-el-nuevo-secador-4300-la-revolucion-del-brushing\/#article\",\"isPartOf\":{\"@id\":\"https:\/\/termix.net\/blog-int\/es\/termix-presenta-el-nuevo-secador-4300-la-revolucion-del-brushing\/\"},\"author\":{\"name\":\"TermixTeam\",\"@id\":\"https:\/\/termix.net\/blog-int\/es\/#\/schema\/person\/9096c98bdf03c8ddf91ad7172f254f40\"},\"headline\":\"Termix presenta el nuevo Secador 4300: la revoluci\u00f3n del brushing\",\"datePublished\":\"2017-10-05T11:33:22+00:00\",\"dateModified\":\"2019-12-10T09:04:41+00:00\",\"mainEntityOfPage\":{\"@id\":\"https:\/\/termix.net\/blog-int\/es\/termix-presenta-el-nuevo-secador-4300-la-revolucion-del-brushing\/\"},\"wordCount\":1880,\"commentCount\":1,\"publisher\":{\"@id\":\"https:\/\/termix.net\/blog-int\/es\/#organization\"},\"articleSection\":[\"NOTICIAS\"],\"inLanguage\":\"es\",\"potentialAction\":[{\"@type\":\"CommentAction\",\"name\":\"Comment\",\"target\":[\"https:\/\/termix.net\/blog-int\/es\/termix-presenta-el-nuevo-secador-4300-la-revolucion-del-brushing\/#respond\"]}]},{\"@type\":\"WebPage\",\"@id\":\"https:\/\/termix.net\/blog-int\/es\/termix-presenta-el-nuevo-secador-4300-la-revolucion-del-brushing\/\",\"url\":\"https:\/\/termix.net\/blog-int\/es\/termix-presenta-el-nuevo-secador-4300-la-revolucion-del-brushing\/\",\"name\":\"Termix presenta el nuevo secador compacto 4300: la revoluci\u00f3n del secado profesional\",\"isPartOf\":{\"@id\":\"https:\/\/termix.net\/blog-int\/es\/#website\"},\"datePublished\":\"2017-10-05T11:33:22+00:00\",\"dateModified\":\"2019-12-10T09:04:41+00:00\",\"description\":\"La herramienta profesional que se convertir\u00e1 en tu mejor aliado durante el brushing ya que consigue secar el cabello en menos tiempo sin deshidratarlo.\",\"breadcrumb\":{\"@id\":\"https:\/\/termix.net\/blog-int\/es\/termix-presenta-el-nuevo-secador-4300-la-revolucion-del-brushing\/#breadcrumb\"},\"inLanguage\":\"es\",\"potentialAction\":[{\"@type\":\"ReadAction\",\"target\":[\"https:\/\/termix.net\/blog-int\/es\/termix-presenta-el-nuevo-secador-4300-la-revolucion-del-brushing\/\"]}]},{\"@type\":\"BreadcrumbList\",\"@id\":\"https:\/\/termix.net\/blog-int\/es\/termix-presenta-el-nuevo-secador-4300-la-revolucion-del-brushing\/#breadcrumb\",\"itemListElement\":[{\"@type\":\"ListItem\",\"position\":1,\"name\":\"Home\",\"item\":\"https:\/\/termix.net\/blog-int\/es\/\"},{\"@type\":\"ListItem\",\"position\":2,\"name\":\"Termix presenta el nuevo Secador 4300: la revoluci\u00f3n del brushing\"}]},{\"@type\":\"WebSite\",\"@id\":\"https:\/\/termix.net\/blog-int\/es\/#website\",\"url\":\"https:\/\/termix.net\/blog-int\/es\/\",\"name\":\"Blog Termix Spain\",\"description\":\"Blog de tendencias y productos de peluquer\u00eda profesional.\",\"publisher\":{\"@id\":\"https:\/\/termix.net\/blog-int\/es\/#organization\"},\"potentialAction\":[{\"@type\":\"SearchAction\",\"target\":{\"@type\":\"EntryPoint\",\"urlTemplate\":\"https:\/\/termix.net\/blog-int\/es\/?s={search_term_string}\"},\"query-input\":\"required name=search_term_string\"}],\"inLanguage\":\"es\"},{\"@type\":\"Organization\",\"@id\":\"https:\/\/termix.net\/blog-int\/es\/#organization\",\"name\":\"Dols Industrial de Peluquer\u00eda SA\",\"url\":\"https:\/\/termix.net\/blog-int\/es\/\",\"logo\":{\"@type\":\"ImageObject\",\"inLanguage\":\"es\",\"@id\":\"https:\/\/termix.net\/blog-int\/es\/#\/schema\/logo\/image\/\",\"url\":\"https:\/\/termix.net\/blog-int\/wp-content\/uploads\/2020\/10\/OGbDAeng.jpeg\",\"contentUrl\":\"https:\/\/termix.net\/blog-int\/wp-content\/uploads\/2020\/10\/OGbDAeng.jpeg\",\"width\":800,\"height\":800,\"caption\":\"Dols Industrial de Peluquer\u00eda SA\"},\"image\":{\"@id\":\"https:\/\/termix.net\/blog-int\/es\/#\/schema\/logo\/image\/\"}},{\"@type\":\"Person\",\"@id\":\"https:\/\/termix.net\/blog-int\/es\/#\/schema\/person\/9096c98bdf03c8ddf91ad7172f254f40\",\"name\":\"TermixTeam\",\"image\":{\"@type\":\"ImageObject\",\"inLanguage\":\"es\",\"@id\":\"https:\/\/termix.net\/blog-int\/es\/#\/schema\/person\/image\/\",\"url\":\"https:\/\/secure.gravatar.com\/avatar\/d89f61f6bd1c29a4acb231736d1c74b3?s=96&d=mm&r=g\",\"contentUrl\":\"https:\/\/secure.gravatar.com\/avatar\/d89f61f6bd1c29a4acb231736d1c74b3?s=96&d=mm&r=g\",\"caption\":\"TermixTeam\"},\"url\":\"https:\/\/termix.net\/blog-int\/es\/author\/termixteam\/\"}]}<\/script>\n<!-- \/ Yoast SEO plugin. -->","yoast_head_json":{"title":"Termix presenta el nuevo secador compacto 4300: la revoluci\u00f3n del secado profesional","description":"La herramienta profesional que se convertir\u00e1 en tu mejor aliado durante el brushing ya que consigue secar el cabello en menos tiempo sin deshidratarlo.","robots":{"index":"index","follow":"follow","max-snippet":"max-snippet:-1","max-image-preview":"max-image-preview:large","max-video-preview":"max-video-preview:-1"},"canonical":"https:\/\/termix.net\/blog-int\/es\/termix-presenta-el-nuevo-secador-4300-la-revolucion-del-brushing\/","og_locale":"es_ES","og_type":"article","og_title":"Termix presenta el nuevo secador compacto 4300: la revoluci\u00f3n del secado profesional","og_description":"La herramienta profesional que se convertir\u00e1 en tu mejor aliado durante el brushing ya que consigue secar el cabello en menos tiempo sin deshidratarlo.","og_url":"https:\/\/termix.net\/blog-int\/es\/termix-presenta-el-nuevo-secador-4300-la-revolucion-del-brushing\/","og_site_name":"Blog Termix Spain","article_published_time":"2017-10-05T11:33:22+00:00","article_modified_time":"2019-12-10T09:04:41+00:00","og_image":[{"width":1160,"height":660,"url":"https:\/\/termix.net\/blog-int\/wp-content\/uploads\/2017\/10\/SECADOR-PROFE.jpg","type":"image\/jpeg"}],"author":"TermixTeam","twitter_card":"summary_large_image","twitter_misc":{"Escrito por":"TermixTeam","Tiempo de lectura":"9 minutos"},"schema":{"@context":"https:\/\/schema.org","@graph":[{"@type":"Article","@id":"https:\/\/termix.net\/blog-int\/es\/termix-presenta-el-nuevo-secador-4300-la-revolucion-del-brushing\/#article","isPartOf":{"@id":"https:\/\/termix.net\/blog-int\/es\/termix-presenta-el-nuevo-secador-4300-la-revolucion-del-brushing\/"},"author":{"name":"TermixTeam","@id":"https:\/\/termix.net\/blog-int\/es\/#\/schema\/person\/9096c98bdf03c8ddf91ad7172f254f40"},"headline":"Termix presenta el nuevo Secador 4300: la revoluci\u00f3n del brushing","datePublished":"2017-10-05T11:33:22+00:00","dateModified":"2019-12-10T09:04:41+00:00","mainEntityOfPage":{"@id":"https:\/\/termix.net\/blog-int\/es\/termix-presenta-el-nuevo-secador-4300-la-revolucion-del-brushing\/"},"wordCount":1880,"commentCount":1,"publisher":{"@id":"https:\/\/termix.net\/blog-int\/es\/#organization"},"articleSection":["NOTICIAS"],"inLanguage":"es","potentialAction":[{"@type":"CommentAction","name":"Comment","target":["https:\/\/termix.net\/blog-int\/es\/termix-presenta-el-nuevo-secador-4300-la-revolucion-del-brushing\/#respond"]}]},{"@type":"WebPage","@id":"https:\/\/termix.net\/blog-int\/es\/termix-presenta-el-nuevo-secador-4300-la-revolucion-del-brushing\/","url":"https:\/\/termix.net\/blog-int\/es\/termix-presenta-el-nuevo-secador-4300-la-revolucion-del-brushing\/","name":"Termix presenta el nuevo secador compacto 4300: la revoluci\u00f3n del secado profesional","isPartOf":{"@id":"https:\/\/termix.net\/blog-int\/es\/#website"},"datePublished":"2017-10-05T11:33:22+00:00","dateModified":"2019-12-10T09:04:41+00:00","description":"La herramienta profesional que se convertir\u00e1 en tu mejor aliado durante el brushing ya que consigue secar el cabello en menos tiempo sin deshidratarlo.","breadcrumb":{"@id":"https:\/\/termix.net\/blog-int\/es\/termix-presenta-el-nuevo-secador-4300-la-revolucion-del-brushing\/#breadcrumb"},"inLanguage":"es","potentialAction":[{"@type":"ReadAction","target":["https:\/\/termix.net\/blog-int\/es\/termix-presenta-el-nuevo-secador-4300-la-revolucion-del-brushing\/"]}]},{"@type":"BreadcrumbList","@id":"https:\/\/termix.net\/blog-int\/es\/termix-presenta-el-nuevo-secador-4300-la-revolucion-del-brushing\/#breadcrumb","itemListElement":[{"@type":"ListItem","position":1,"name":"Home","item":"https:\/\/termix.net\/blog-int\/es\/"},{"@type":"ListItem","position":2,"name":"Termix presenta el nuevo Secador 4300: la revoluci\u00f3n del brushing"}]},{"@type":"WebSite","@id":"https:\/\/termix.net\/blog-int\/es\/#website","url":"https:\/\/termix.net\/blog-int\/es\/","name":"Blog Termix Spain","description":"Blog de tendencias y productos de peluquer\u00eda profesional.","publisher":{"@id":"https:\/\/termix.net\/blog-int\/es\/#organization"},"potentialAction":[{"@type":"SearchAction","target":{"@type":"EntryPoint","urlTemplate":"https:\/\/termix.net\/blog-int\/es\/?s={search_term_string}"},"query-input":"required name=search_term_string"}],"inLanguage":"es"},{"@type":"Organization","@id":"https:\/\/termix.net\/blog-int\/es\/#organization","name":"Dols Industrial de Peluquer\u00eda SA","url":"https:\/\/termix.net\/blog-int\/es\/","logo":{"@type":"ImageObject","inLanguage":"es","@id":"https:\/\/termix.net\/blog-int\/es\/#\/schema\/logo\/image\/","url":"https:\/\/termix.net\/blog-int\/wp-content\/uploads\/2020\/10\/OGbDAeng.jpeg","contentUrl":"https:\/\/termix.net\/blog-int\/wp-content\/uploads\/2020\/10\/OGbDAeng.jpeg","width":800,"height":800,"caption":"Dols Industrial de Peluquer\u00eda SA"},"image":{"@id":"https:\/\/termix.net\/blog-int\/es\/#\/schema\/logo\/image\/"}},{"@type":"Person","@id":"https:\/\/termix.net\/blog-int\/es\/#\/schema\/person\/9096c98bdf03c8ddf91ad7172f254f40","name":"TermixTeam","image":{"@type":"ImageObject","inLanguage":"es","@id":"https:\/\/termix.net\/blog-int\/es\/#\/schema\/person\/image\/","url":"https:\/\/secure.gravatar.com\/avatar\/d89f61f6bd1c29a4acb231736d1c74b3?s=96&d=mm&r=g","contentUrl":"https:\/\/secure.gravatar.com\/avatar\/d89f61f6bd1c29a4acb231736d1c74b3?s=96&d=mm&r=g","caption":"TermixTeam"},"url":"https:\/\/termix.net\/blog-int\/es\/author\/termixteam\/"}]}},"_links":{"self":[{"href":"https:\/\/termix.net\/blog-int\/es\/wp-json\/wp\/v2\/posts\/10725"}],"collection":[{"href":"https:\/\/termix.net\/blog-int\/es\/wp-json\/wp\/v2\/posts"}],"about":[{"href":"https:\/\/termix.net\/blog-int\/es\/wp-json\/wp\/v2\/types\/post"}],"author":[{"embeddable":true,"href":"https:\/\/termix.net\/blog-int\/es\/wp-json\/wp\/v2\/users\/2"}],"replies":[{"embeddable":true,"href":"https:\/\/termix.net\/blog-int\/es\/wp-json\/wp\/v2\/comments?post=10725"}],"version-history":[{"count":3,"href":"https:\/\/termix.net\/blog-int\/es\/wp-json\/wp\/v2\/posts\/10725\/revisions"}],"predecessor-version":[{"id":22359,"href":"https:\/\/termix.net\/blog-int\/es\/wp-json\/wp\/v2\/posts\/10725\/revisions\/22359"}],"wp:featuredmedia":[{"embeddable":true,"href":"https:\/\/termix.net\/blog-int\/es\/wp-json\/wp\/v2\/media\/22356"}],"wp:attachment":[{"href":"https:\/\/termix.net\/blog-int\/es\/wp-json\/wp\/v2\/media?parent=10725"}],"wp:term":[{"taxonomy":"category","embeddable":true,"href":"https:\/\/termix.net\/blog-int\/es\/wp-json\/wp\/v2\/categories?post=10725"},{"taxonomy":"post_tag","embeddable":true,"href":"https:\/\/termix.net\/blog-int\/es\/wp-json\/wp\/v2\/tags?post=10725"}],"curies":[{"name":"wp","href":"https:\/\/api.w.org\/{rel}","templated":true}]}}